{"id":5376,"date":"2023-02-20T19:41:44","date_gmt":"2023-02-20T18:41:44","guid":{"rendered":"https:\/\/hierostrasbourg.com\/index.php\/2023\/02\/20\/arte-recrute-un-charge-de-coordination-de-la-semaine-presse-f-h\/"},"modified":"2023-02-20T19:41:44","modified_gmt":"2023-02-20T18:41:44","slug":"arte-recrute-un-charge-de-coordination-de-la-semaine-presse-f-h","status":"publish","type":"post","link":"https:\/\/hierostrasbourg.com\/index.php\/2023\/02\/20\/arte-recrute-un-charge-de-coordination-de-la-semaine-presse-f-h\/","title":{"rendered":"ARTE recrute un charg\u00e9 de coordination de \u00a0\u00bb la semaine presse \u00a0\u00bb [F\/H]"},"content":{"rendered":"<div class=\"row\">\n<div class=\"col-12\">\n<div class=\"row\">\n<p>Le succ\u00e8s d\u2019ARTE r\u00e9sulte de l\u2019engagement de femmes et d\u2019hommes de m\u00e9tier. Europ\u00e9ens et Europ\u00e9ennes de conviction, ils\/elles partagent leur enthousiasme et leur d\u00e9cryptage du monde sur tous les \u00e9crans ARTE. Vous \u00eates curieux.se des innovations dans votre domaine et fort.e d\u2019une sensibilit\u00e9 franco-allemande ? Les \u00e9quipes de ARTE GEIE \u00e0 Strasbourg accueillent r\u00e9guli\u00e8rement de nouveaux collaborateurs et de nouvelles collaboratrices.<\/p>\n<\/div>\n<\/div>\n<\/div>\n<div class=\"row\">\n<div class=\"col-12\">\n<p>Tous les vendredis, le Service de presse et relations publiques d\u2019ARTE \u00e0 Strasbourg envoie \u00e0 pr\u00e8s de 400 m\u00e9dias allemands et europ\u00e9ens de r\u00e9f\u00e9rence ainsi qu\u2019\u00e0 certaines \u00e9quipes du groupe ARTE l\u2019ensemble des textes de presse d\u2019une semaine de diffusion ainsi que leurs m\u00e9tadonn\u00e9es (date de diffusion du programme concern\u00e9, format, dur\u00e9e, version linguistique, etc.).<br \/>\nLe\/la charg\u00e9.e de coordination de \u00ab la semaine presse \u00bb travaille en \u00e9troite collaboration avec la programmation, le service des \u00e9ditions num\u00e9riques et les unit\u00e9s de programmes du groupe ARTE.<\/p>\n<\/div>\n<\/div>\n<div class=\"row rownopadding\">\n<div class=\"col-12\">\n<h2>Vos missions<\/h2>\n<p>Se procurer en interne et en externe les informations programmes n\u00e9cessaires.<br \/>\nVeiller \u00e0 ce que ces informations programmes soient correctes, compl\u00e8tes et transmises dans les d\u00e9lais.<br \/>\nFournir en temps voulu des donn\u00e9es compl\u00e8tes aux diff\u00e9rents m\u00e9dias.<br \/>\nConcevoir et r\u00e9diger toutes les annonces de d\u00e9programmation.<br \/>\nParticiper \u00e0 la r\u00e9daction des cahiers de charges destin\u00e9s aux prestataires.<br \/>\nContribuer aux r\u00e9flexions sur les \u00e9volutions des activit\u00e9s de presse pour arte.tv et les m\u00e9dias sociaux.<br \/>\nProposer des pistes d\u2019am\u00e9lioration des processus de travail.\n<\/p><\/div>\n<div class=\"row rownopadding\">\n<div class=\"col-12\">\n<h2>Vos atouts<\/h2>\n<p>Vous avez une solide culture g\u00e9n\u00e9rale.<br \/>\nVous avez le sens de l\u2019organisation et faites preuve de rigueur.<br \/>\nVous avez d\u2019excellentes capacit\u00e9s de communication et un tr\u00e8s bon relationnel.<br \/>\nVotre r\u00e9activit\u00e9 est pr\u00e9cieuse en situation de fortes contraintes.\n<\/p><\/div>\n<\/div>\n<\/div>\n<div class=\"row rownopadding\">\n<div class=\"col-12\">\n<h2>Votre profil<\/h2>\n<p>Master en sciences humaines, communication, m\u00e9dias, journalisme ou \u00e9quivalent.<br \/>\nAu moins 2 ans d\u2019exp\u00e9rience professionnelle (p\u00e9riodes de stages incluses).<br \/>\nExcellente ma\u00eetrise de la langue allemande, tant \u00e0 l\u2019oral qu\u2019\u00e0 l\u2019\u00e9crit.<br \/>\nBonne connaissance du fran\u00e7ais ; connaissance de l\u2019anglais souhait\u00e9e.<br \/>\nExp\u00e9rience dans la r\u00e9daction de textes optimis\u00e9s pour le r\u00e9f\u00e9rencement (SEO).<br \/>\nMa\u00eetrise de MS-Office.\n<\/p><\/div>\n<\/div>\n<div class=\"row\">\n<div class=\"col-12 bordertop\">\n<h2>ARTE \u00e0 Strasbourg vous propose :<\/h2>\n<p>Un CDI \u00e0 taux plein au sein du Service presse et relations publiques.<\/p>\n<p>Ce poste peut faire l\u2019objet d\u2019un mix t\u00e9l\u00e9travail\/pr\u00e9sentiel.<\/p>\n<p>Vous \u00eates int\u00e9ress\u00e9.e ?<br \/>\nFaites-nous part de votre motivation d\u2019ici le 26\/02\/2023 inclus.<\/p>\n<\/div>\n<\/div>\n<div class=\"row\">\n<div class=\"col-12\">\n<div class=\"button submitbutton\"><a class=\"maxbutton-1 maxbutton maxbutton-inscription\" href=\"https:\/\/jobs.arte.tv\/Vacancies\/737\/Application\/CheckLogin\/3?lang=fre\"><span class=\"mb-text\">POSTULER<\/span><\/a><\/div>\n<\/div>\n<\/div>\n<p>L\u2019article <a href=\"https:\/\/popburo.fr\/arte-recrute-un-charge-de-coordination-de-la-semaine-presse-f-h\/\">ARTE recrute un charg\u00e9 de coordination de \u00a0\u00bb la semaine presse \u00a0\u00bb [F\/H]<\/a> est apparu en premier sur <a href=\"https:\/\/popburo.fr\/\">POP B\u00dcRO<\/a>.<\/p>\n","protected":false},"excerpt":{"rendered":"<p>Le succ\u00e8s d\u2019ARTE r\u00e9sulte de l\u2019engagement de femmes et d\u2019hommes de m\u00e9tier. Europ\u00e9ens et Europ\u00e9ennes de conviction, ils\/elles partagent leur enthousiasme et leur d\u00e9cryptage du monde sur tous les \u00e9crans ARTE. Vous \u00eates curieux.se des innovations dans votre domaine et fort.e d\u2019une sensibilit\u00e9 franco-allemande ? Les \u00e9quipes de ARTE GEIE \u00e0 Strasbourg accueillent r\u00e9guli\u00e8rement de nouveaux collaborateurs et de nouvelles collaboratrices. Tous les vendredis, le Service de presse et relations publiques d\u2019ARTE \u00e0 Strasbourg envoie \u00e0 pr\u00e8s de 400 m\u00e9dias [&hellip;]<\/p>\n","protected":false},"author":0,"featured_media":0,"comment_status":"closed","ping_status":"open","sticky":false,"template":"","format":"standard","meta":{"footnotes":""},"categories":[1],"tags":[],"class_list":["post-5376","post","type-post","status-publish","format-standard","hentry","category-non-classe"],"yoast_head":"<!-- This site is optimized with the Yoast SEO plugin v27.4 - https:\/\/yoast.com\/product\/yoast-seo-wordpress\/ -->\n<title>ARTE recrute un charg\u00e9 de coordination de &quot; la semaine presse &quot; [F\/H] - HIERO STRASBOURG<\/title>\n<meta name=\"robots\" content=\"index, follow, max-snippet:-1, max-image-preview:large, max-video-preview:-1\" \/>\n<link rel=\"canonical\" href=\"https:\/\/hierostrasbourg.com\/index.php\/2023\/02\/20\/arte-recrute-un-charge-de-coordination-de-la-semaine-presse-f-h\/\" \/>\n<meta property=\"og:locale\" content=\"fr_FR\" \/>\n<meta property=\"og:type\" content=\"article\" \/>\n<meta property=\"og:title\" content=\"ARTE recrute un charg\u00e9 de coordination de &quot; la semaine presse &quot; [F\/H] - HIERO STRASBOURG\" \/>\n<meta property=\"og:description\" content=\"Le succ\u00e8s d\u2019ARTE r\u00e9sulte de l\u2019engagement de femmes et d\u2019hommes de m\u00e9tier. Europ\u00e9ens et Europ\u00e9ennes de conviction, ils\/elles partagent leur enthousiasme et leur d\u00e9cryptage du monde sur tous les \u00e9crans ARTE. Vous \u00eates curieux.se des innovations dans votre domaine et fort.e d\u2019une sensibilit\u00e9 franco-allemande ? Les \u00e9quipes de ARTE GEIE \u00e0 Strasbourg accueillent r\u00e9guli\u00e8rement de nouveaux collaborateurs et de nouvelles collaboratrices. Tous les vendredis, le Service de presse et relations publiques d\u2019ARTE \u00e0 Strasbourg envoie \u00e0 pr\u00e8s de 400 m\u00e9dias [&hellip;]\" \/>\n<meta property=\"og:url\" content=\"https:\/\/hierostrasbourg.com\/index.php\/2023\/02\/20\/arte-recrute-un-charge-de-coordination-de-la-semaine-presse-f-h\/\" \/>\n<meta property=\"og:site_name\" content=\"HIERO STRASBOURG\" \/>\n<meta property=\"article:publisher\" content=\"https:\/\/www.facebook.com\/fedehierostrasbourg\" \/>\n<meta property=\"article:published_time\" content=\"2023-02-20T18:41:44+00:00\" \/>\n<meta name=\"twitter:card\" content=\"summary_large_image\" \/>\n<meta name=\"twitter:creator\" content=\"@hierostrasbourg\" \/>\n<meta name=\"twitter:site\" content=\"@hierostrasbourg\" \/>\n<meta name=\"twitter:label1\" content=\"Dur\u00e9e de lecture estim\u00e9e\" \/>\n\t<meta name=\"twitter:data1\" content=\"2 minutes\" \/>\n<script type=\"application\/ld+json\" class=\"yoast-schema-graph\">{\"@context\":\"https:\\\/\\\/schema.org\",\"@graph\":[{\"@type\":\"Article\",\"@id\":\"https:\\\/\\\/hierostrasbourg.com\\\/index.php\\\/2023\\\/02\\\/20\\\/arte-recrute-un-charge-de-coordination-de-la-semaine-presse-f-h\\\/#article\",\"isPartOf\":{\"@id\":\"https:\\\/\\\/hierostrasbourg.com\\\/index.php\\\/2023\\\/02\\\/20\\\/arte-recrute-un-charge-de-coordination-de-la-semaine-presse-f-h\\\/\"},\"author\":{\"name\":\"\",\"@id\":\"\"},\"headline\":\"ARTE recrute un charg\u00e9 de coordination de \u00a0\u00bb la semaine presse \u00a0\u00bb [F\\\/H]\",\"datePublished\":\"2023-02-20T18:41:44+00:00\",\"mainEntityOfPage\":{\"@id\":\"https:\\\/\\\/hierostrasbourg.com\\\/index.php\\\/2023\\\/02\\\/20\\\/arte-recrute-un-charge-de-coordination-de-la-semaine-presse-f-h\\\/\"},\"wordCount\":459,\"publisher\":{\"@id\":\"https:\\\/\\\/hierostrasbourg.com\\\/#organization\"},\"inLanguage\":\"fr-FR\"},{\"@type\":\"WebPage\",\"@id\":\"https:\\\/\\\/hierostrasbourg.com\\\/index.php\\\/2023\\\/02\\\/20\\\/arte-recrute-un-charge-de-coordination-de-la-semaine-presse-f-h\\\/\",\"url\":\"https:\\\/\\\/hierostrasbourg.com\\\/index.php\\\/2023\\\/02\\\/20\\\/arte-recrute-un-charge-de-coordination-de-la-semaine-presse-f-h\\\/\",\"name\":\"ARTE recrute un charg\u00e9 de coordination de \\\" la semaine presse \\\" [F\\\/H] - HIERO STRASBOURG\",\"isPartOf\":{\"@id\":\"https:\\\/\\\/hierostrasbourg.com\\\/#website\"},\"datePublished\":\"2023-02-20T18:41:44+00:00\",\"breadcrumb\":{\"@id\":\"https:\\\/\\\/hierostrasbourg.com\\\/index.php\\\/2023\\\/02\\\/20\\\/arte-recrute-un-charge-de-coordination-de-la-semaine-presse-f-h\\\/#breadcrumb\"},\"inLanguage\":\"fr-FR\",\"potentialAction\":[{\"@type\":\"ReadAction\",\"target\":[\"https:\\\/\\\/hierostrasbourg.com\\\/index.php\\\/2023\\\/02\\\/20\\\/arte-recrute-un-charge-de-coordination-de-la-semaine-presse-f-h\\\/\"]}]},{\"@type\":\"BreadcrumbList\",\"@id\":\"https:\\\/\\\/hierostrasbourg.com\\\/index.php\\\/2023\\\/02\\\/20\\\/arte-recrute-un-charge-de-coordination-de-la-semaine-presse-f-h\\\/#breadcrumb\",\"itemListElement\":[{\"@type\":\"ListItem\",\"position\":1,\"name\":\"Accueil\",\"item\":\"https:\\\/\\\/hierostrasbourg.com\\\/\"},{\"@type\":\"ListItem\",\"position\":2,\"name\":\"ARTE recrute un charg\u00e9 de coordination de &#8221; la semaine presse &#8221; [F\\\/H]\"}]},{\"@type\":\"WebSite\",\"@id\":\"https:\\\/\\\/hierostrasbourg.com\\\/#website\",\"url\":\"https:\\\/\\\/hierostrasbourg.com\\\/\",\"name\":\"HIERO STRASBOURG\",\"description\":\"Centre de Ressources Musiques Actuelles\",\"publisher\":{\"@id\":\"https:\\\/\\\/hierostrasbourg.com\\\/#organization\"},\"potentialAction\":[{\"@type\":\"SearchAction\",\"target\":{\"@type\":\"EntryPoint\",\"urlTemplate\":\"https:\\\/\\\/hierostrasbourg.com\\\/?s={search_term_string}\"},\"query-input\":{\"@type\":\"PropertyValueSpecification\",\"valueRequired\":true,\"valueName\":\"search_term_string\"}}],\"inLanguage\":\"fr-FR\"},{\"@type\":\"Organization\",\"@id\":\"https:\\\/\\\/hierostrasbourg.com\\\/#organization\",\"name\":\"F\u00e9d\u00e9ration Hi\u00e9ro Strasbourg\",\"url\":\"https:\\\/\\\/hierostrasbourg.com\\\/\",\"logo\":{\"@type\":\"ImageObject\",\"inLanguage\":\"fr-FR\",\"@id\":\"https:\\\/\\\/hierostrasbourg.com\\\/#\\\/schema\\\/logo\\\/image\\\/\",\"url\":\"https:\\\/\\\/hierostrasbourg.com\\\/wp-content\\\/uploads\\\/2026\\\/04\\\/logo-hiero-strasbourg.jpg\",\"contentUrl\":\"https:\\\/\\\/hierostrasbourg.com\\\/wp-content\\\/uploads\\\/2026\\\/04\\\/logo-hiero-strasbourg.jpg\",\"width\":204,\"height\":192,\"caption\":\"F\u00e9d\u00e9ration Hi\u00e9ro Strasbourg\"},\"image\":{\"@id\":\"https:\\\/\\\/hierostrasbourg.com\\\/#\\\/schema\\\/logo\\\/image\\\/\"},\"sameAs\":[\"https:\\\/\\\/www.facebook.com\\\/fedehierostrasbourg\",\"https:\\\/\\\/x.com\\\/hierostrasbourg\"]}]}<\/script>\n<!-- \/ Yoast SEO plugin. -->","yoast_head_json":{"title":"ARTE recrute un charg\u00e9 de coordination de \" la semaine presse \" [F\/H] - HIERO STRASBOURG","robots":{"index":"index","follow":"follow","max-snippet":"max-snippet:-1","max-image-preview":"max-image-preview:large","max-video-preview":"max-video-preview:-1"},"canonical":"https:\/\/hierostrasbourg.com\/index.php\/2023\/02\/20\/arte-recrute-un-charge-de-coordination-de-la-semaine-presse-f-h\/","og_locale":"fr_FR","og_type":"article","og_title":"ARTE recrute un charg\u00e9 de coordination de \" la semaine presse \" [F\/H] - HIERO STRASBOURG","og_description":"Le succ\u00e8s d\u2019ARTE r\u00e9sulte de l\u2019engagement de femmes et d\u2019hommes de m\u00e9tier. Europ\u00e9ens et Europ\u00e9ennes de conviction, ils\/elles partagent leur enthousiasme et leur d\u00e9cryptage du monde sur tous les \u00e9crans ARTE. Vous \u00eates curieux.se des innovations dans votre domaine et fort.e d\u2019une sensibilit\u00e9 franco-allemande ? Les \u00e9quipes de ARTE GEIE \u00e0 Strasbourg accueillent r\u00e9guli\u00e8rement de nouveaux collaborateurs et de nouvelles collaboratrices. Tous les vendredis, le Service de presse et relations publiques d\u2019ARTE \u00e0 Strasbourg envoie \u00e0 pr\u00e8s de 400 m\u00e9dias [&hellip;]","og_url":"https:\/\/hierostrasbourg.com\/index.php\/2023\/02\/20\/arte-recrute-un-charge-de-coordination-de-la-semaine-presse-f-h\/","og_site_name":"HIERO STRASBOURG","article_publisher":"https:\/\/www.facebook.com\/fedehierostrasbourg","article_published_time":"2023-02-20T18:41:44+00:00","twitter_card":"summary_large_image","twitter_creator":"@hierostrasbourg","twitter_site":"@hierostrasbourg","twitter_misc":{"Dur\u00e9e de lecture estim\u00e9e":"2 minutes"},"schema":{"@context":"https:\/\/schema.org","@graph":[{"@type":"Article","@id":"https:\/\/hierostrasbourg.com\/index.php\/2023\/02\/20\/arte-recrute-un-charge-de-coordination-de-la-semaine-presse-f-h\/#article","isPartOf":{"@id":"https:\/\/hierostrasbourg.com\/index.php\/2023\/02\/20\/arte-recrute-un-charge-de-coordination-de-la-semaine-presse-f-h\/"},"author":{"name":"","@id":""},"headline":"ARTE recrute un charg\u00e9 de coordination de \u00a0\u00bb la semaine presse \u00a0\u00bb [F\/H]","datePublished":"2023-02-20T18:41:44+00:00","mainEntityOfPage":{"@id":"https:\/\/hierostrasbourg.com\/index.php\/2023\/02\/20\/arte-recrute-un-charge-de-coordination-de-la-semaine-presse-f-h\/"},"wordCount":459,"publisher":{"@id":"https:\/\/hierostrasbourg.com\/#organization"},"inLanguage":"fr-FR"},{"@type":"WebPage","@id":"https:\/\/hierostrasbourg.com\/index.php\/2023\/02\/20\/arte-recrute-un-charge-de-coordination-de-la-semaine-presse-f-h\/","url":"https:\/\/hierostrasbourg.com\/index.php\/2023\/02\/20\/arte-recrute-un-charge-de-coordination-de-la-semaine-presse-f-h\/","name":"ARTE recrute un charg\u00e9 de coordination de \" la semaine presse \" [F\/H] - HIERO STRASBOURG","isPartOf":{"@id":"https:\/\/hierostrasbourg.com\/#website"},"datePublished":"2023-02-20T18:41:44+00:00","breadcrumb":{"@id":"https:\/\/hierostrasbourg.com\/index.php\/2023\/02\/20\/arte-recrute-un-charge-de-coordination-de-la-semaine-presse-f-h\/#breadcrumb"},"inLanguage":"fr-FR","potentialAction":[{"@type":"ReadAction","target":["https:\/\/hierostrasbourg.com\/index.php\/2023\/02\/20\/arte-recrute-un-charge-de-coordination-de-la-semaine-presse-f-h\/"]}]},{"@type":"BreadcrumbList","@id":"https:\/\/hierostrasbourg.com\/index.php\/2023\/02\/20\/arte-recrute-un-charge-de-coordination-de-la-semaine-presse-f-h\/#breadcrumb","itemListElement":[{"@type":"ListItem","position":1,"name":"Accueil","item":"https:\/\/hierostrasbourg.com\/"},{"@type":"ListItem","position":2,"name":"ARTE recrute un charg\u00e9 de coordination de &#8221; la semaine presse &#8221; [F\/H]"}]},{"@type":"WebSite","@id":"https:\/\/hierostrasbourg.com\/#website","url":"https:\/\/hierostrasbourg.com\/","name":"HIERO STRASBOURG","description":"Centre de Ressources Musiques Actuelles","publisher":{"@id":"https:\/\/hierostrasbourg.com\/#organization"},"potentialAction":[{"@type":"SearchAction","target":{"@type":"EntryPoint","urlTemplate":"https:\/\/hierostrasbourg.com\/?s={search_term_string}"},"query-input":{"@type":"PropertyValueSpecification","valueRequired":true,"valueName":"search_term_string"}}],"inLanguage":"fr-FR"},{"@type":"Organization","@id":"https:\/\/hierostrasbourg.com\/#organization","name":"F\u00e9d\u00e9ration Hi\u00e9ro Strasbourg","url":"https:\/\/hierostrasbourg.com\/","logo":{"@type":"ImageObject","inLanguage":"fr-FR","@id":"https:\/\/hierostrasbourg.com\/#\/schema\/logo\/image\/","url":"https:\/\/hierostrasbourg.com\/wp-content\/uploads\/2026\/04\/logo-hiero-strasbourg.jpg","contentUrl":"https:\/\/hierostrasbourg.com\/wp-content\/uploads\/2026\/04\/logo-hiero-strasbourg.jpg","width":204,"height":192,"caption":"F\u00e9d\u00e9ration Hi\u00e9ro Strasbourg"},"image":{"@id":"https:\/\/hierostrasbourg.com\/#\/schema\/logo\/image\/"},"sameAs":["https:\/\/www.facebook.com\/fedehierostrasbourg","https:\/\/x.com\/hierostrasbourg"]}]}},"_links":{"self":[{"href":"https:\/\/hierostrasbourg.com\/index.php\/wp-json\/wp\/v2\/posts\/5376","targetHints":{"allow":["GET"]}}],"collection":[{"href":"https:\/\/hierostrasbourg.com\/index.php\/wp-json\/wp\/v2\/posts"}],"about":[{"href":"https:\/\/hierostrasbourg.com\/index.php\/wp-json\/wp\/v2\/types\/post"}],"replies":[{"embeddable":true,"href":"https:\/\/hierostrasbourg.com\/index.php\/wp-json\/wp\/v2\/comments?post=5376"}],"version-history":[{"count":0,"href":"https:\/\/hierostrasbourg.com\/index.php\/wp-json\/wp\/v2\/posts\/5376\/revisions"}],"wp:attachment":[{"href":"https:\/\/hierostrasbourg.com\/index.php\/wp-json\/wp\/v2\/media?parent=5376"}],"wp:term":[{"taxonomy":"category","embeddable":true,"href":"https:\/\/hierostrasbourg.com\/index.php\/wp-json\/wp\/v2\/categories?post=5376"},{"taxonomy":"post_tag","embeddable":true,"href":"https:\/\/hierostrasbourg.com\/index.php\/wp-json\/wp\/v2\/tags?post=5376"}],"curies":[{"name":"wp","href":"https:\/\/api.w.org\/{rel}","templated":true}]}}