{"id":5375,"date":"2023-02-20T15:41:13","date_gmt":"2023-02-20T14:41:13","guid":{"rendered":"https:\/\/hierostrasbourg.com\/index.php\/2023\/02\/20\/rachel-cartier-combattante-de-la-parite-dans-lindustrie-musicale\/"},"modified":"2023-02-20T15:41:13","modified_gmt":"2023-02-20T14:41:13","slug":"rachel-cartier-combattante-de-la-parite-dans-lindustrie-musicale","status":"publish","type":"post","link":"https:\/\/hierostrasbourg.com\/index.php\/2023\/02\/20\/rachel-cartier-combattante-de-la-parite-dans-lindustrie-musicale\/","title":{"rendered":"Rachel Cartier, combattante de la parit\u00e9 dans l\u2019industrie musicale"},"content":{"rendered":"<p><a href=\"https:\/\/musiquesactuelles.alsace\/rachel-cartier-combattante-de-la-parite-dans-lindustrie-musicale\/\" title=\"Rachel Cartier, combattante de la parit\u00e9 dans l\u2019industrie musicale\"><\/a><\/p>\n<p><em>Pr\u00e9sidente du programme de mentorat Mewem, directrice musique de Deezer, la m\u00e9lomane de 36 ans m\u00e8ne la bataille pour rendre visibles les femmes dans un secteur encore trop masculin.<\/em><\/p>\n<p>Source \/ Lire la suite : <a href=\"https:\/\/www.lemonde.fr\/culture\/article\/2023\/02\/18\/rachel-cartier-combattante-de-la-parite-dans-l-industrie-musicale_6162400_3246.html\">Rachel Cartier, combattante de la parit\u00e9 dans l\u2019industrie musicale<\/a><\/p>\n<p>L\u2019article <a href=\"https:\/\/musiquesactuelles.alsace\/rachel-cartier-combattante-de-la-parite-dans-lindustrie-musicale\/\">Rachel Cartier, combattante de la parit\u00e9 dans l\u2019industrie musicale<\/a> est apparu en premier sur <a href=\"https:\/\/musiquesactuelles.alsace\/\">Musiques Actuelles en Alsace<\/a>.<\/p>\n<p>L\u2019article <a href=\"https:\/\/popburo.fr\/rachel-cartier-combattante-de-la-parite-dans-lindustrie-musicale\/\">Rachel Cartier, combattante de la parit\u00e9 dans l\u2019industrie musicale<\/a> est apparu en premier sur <a href=\"https:\/\/popburo.fr\/\">POP B\u00dcRO<\/a>.<\/p>\n","protected":false},"excerpt":{"rendered":"<p>Pr\u00e9sidente du programme de mentorat Mewem, directrice musique de Deezer, la m\u00e9lomane de 36 ans m\u00e8ne la bataille pour rendre visibles les femmes dans un secteur encore trop masculin. Source \/ Lire la suite : Rachel Cartier, combattante de la parit\u00e9 dans l\u2019industrie musicale L\u2019article Rachel Cartier, combattante de la parit\u00e9 dans l\u2019industrie musicale est apparu en premier sur Musiques Actuelles en Alsace. L\u2019article Rachel Cartier, combattante de la parit\u00e9 dans l\u2019industrie musicale est apparu en premier sur POP B\u00dcRO.<\/p>\n","protected":false},"author":0,"featured_media":0,"comment_status":"closed","ping_status":"open","sticky":false,"template":"","format":"standard","meta":{"footnotes":""},"categories":[1],"tags":[],"class_list":["post-5375","post","type-post","status-publish","format-standard","hentry","category-non-classe"],"yoast_head":"<!-- This site is optimized with the Yoast SEO plugin v27.4 - https:\/\/yoast.com\/product\/yoast-seo-wordpress\/ -->\n<title>Rachel Cartier, combattante de la parit\u00e9 dans l\u2019industrie musicale - HIERO STRASBOURG<\/title>\n<meta name=\"robots\" content=\"index, follow, max-snippet:-1, max-image-preview:large, max-video-preview:-1\" \/>\n<link rel=\"canonical\" href=\"https:\/\/hierostrasbourg.com\/index.php\/2023\/02\/20\/rachel-cartier-combattante-de-la-parite-dans-lindustrie-musicale\/\" \/>\n<meta property=\"og:locale\" content=\"fr_FR\" \/>\n<meta property=\"og:type\" content=\"article\" \/>\n<meta property=\"og:title\" content=\"Rachel Cartier, combattante de la parit\u00e9 dans l\u2019industrie musicale - HIERO STRASBOURG\" \/>\n<meta property=\"og:description\" content=\"Pr\u00e9sidente du programme de mentorat Mewem, directrice musique de Deezer, la m\u00e9lomane de 36 ans m\u00e8ne la bataille pour rendre visibles les femmes dans un secteur encore trop masculin. Source \/ Lire la suite : Rachel Cartier, combattante de la parit\u00e9 dans l\u2019industrie musicale L\u2019article Rachel Cartier, combattante de la parit\u00e9 dans l\u2019industrie musicale est apparu en premier sur Musiques Actuelles en Alsace. L\u2019article Rachel Cartier, combattante de la parit\u00e9 dans l\u2019industrie musicale est apparu en premier sur POP B\u00dcRO.\" \/>\n<meta property=\"og:url\" content=\"https:\/\/hierostrasbourg.com\/index.php\/2023\/02\/20\/rachel-cartier-combattante-de-la-parite-dans-lindustrie-musicale\/\" \/>\n<meta property=\"og:site_name\" content=\"HIERO STRASBOURG\" \/>\n<meta property=\"article:publisher\" content=\"https:\/\/www.facebook.com\/fedehierostrasbourg\" \/>\n<meta property=\"article:published_time\" content=\"2023-02-20T14:41:13+00:00\" \/>\n<meta name=\"twitter:card\" content=\"summary_large_image\" \/>\n<meta name=\"twitter:creator\" content=\"@hierostrasbourg\" \/>\n<meta name=\"twitter:site\" content=\"@hierostrasbourg\" \/>\n<script type=\"application\/ld+json\" class=\"yoast-schema-graph\">{\"@context\":\"https:\\\/\\\/schema.org\",\"@graph\":[{\"@type\":\"Article\",\"@id\":\"https:\\\/\\\/hierostrasbourg.com\\\/index.php\\\/2023\\\/02\\\/20\\\/rachel-cartier-combattante-de-la-parite-dans-lindustrie-musicale\\\/#article\",\"isPartOf\":{\"@id\":\"https:\\\/\\\/hierostrasbourg.com\\\/index.php\\\/2023\\\/02\\\/20\\\/rachel-cartier-combattante-de-la-parite-dans-lindustrie-musicale\\\/\"},\"author\":{\"name\":\"\",\"@id\":\"\"},\"headline\":\"Rachel Cartier, combattante de la parit\u00e9 dans l\u2019industrie musicale\",\"datePublished\":\"2023-02-20T14:41:13+00:00\",\"mainEntityOfPage\":{\"@id\":\"https:\\\/\\\/hierostrasbourg.com\\\/index.php\\\/2023\\\/02\\\/20\\\/rachel-cartier-combattante-de-la-parite-dans-lindustrie-musicale\\\/\"},\"wordCount\":96,\"publisher\":{\"@id\":\"https:\\\/\\\/hierostrasbourg.com\\\/#organization\"},\"inLanguage\":\"fr-FR\"},{\"@type\":\"WebPage\",\"@id\":\"https:\\\/\\\/hierostrasbourg.com\\\/index.php\\\/2023\\\/02\\\/20\\\/rachel-cartier-combattante-de-la-parite-dans-lindustrie-musicale\\\/\",\"url\":\"https:\\\/\\\/hierostrasbourg.com\\\/index.php\\\/2023\\\/02\\\/20\\\/rachel-cartier-combattante-de-la-parite-dans-lindustrie-musicale\\\/\",\"name\":\"Rachel Cartier, combattante de la parit\u00e9 dans l\u2019industrie musicale - HIERO STRASBOURG\",\"isPartOf\":{\"@id\":\"https:\\\/\\\/hierostrasbourg.com\\\/#website\"},\"datePublished\":\"2023-02-20T14:41:13+00:00\",\"breadcrumb\":{\"@id\":\"https:\\\/\\\/hierostrasbourg.com\\\/index.php\\\/2023\\\/02\\\/20\\\/rachel-cartier-combattante-de-la-parite-dans-lindustrie-musicale\\\/#breadcrumb\"},\"inLanguage\":\"fr-FR\",\"potentialAction\":[{\"@type\":\"ReadAction\",\"target\":[\"https:\\\/\\\/hierostrasbourg.com\\\/index.php\\\/2023\\\/02\\\/20\\\/rachel-cartier-combattante-de-la-parite-dans-lindustrie-musicale\\\/\"]}]},{\"@type\":\"BreadcrumbList\",\"@id\":\"https:\\\/\\\/hierostrasbourg.com\\\/index.php\\\/2023\\\/02\\\/20\\\/rachel-cartier-combattante-de-la-parite-dans-lindustrie-musicale\\\/#breadcrumb\",\"itemListElement\":[{\"@type\":\"ListItem\",\"position\":1,\"name\":\"Accueil\",\"item\":\"https:\\\/\\\/hierostrasbourg.com\\\/\"},{\"@type\":\"ListItem\",\"position\":2,\"name\":\"Rachel Cartier, combattante de la parit\u00e9 dans l\u2019industrie musicale\"}]},{\"@type\":\"WebSite\",\"@id\":\"https:\\\/\\\/hierostrasbourg.com\\\/#website\",\"url\":\"https:\\\/\\\/hierostrasbourg.com\\\/\",\"name\":\"HIERO STRASBOURG\",\"description\":\"Centre de Ressources Musiques Actuelles\",\"publisher\":{\"@id\":\"https:\\\/\\\/hierostrasbourg.com\\\/#organization\"},\"potentialAction\":[{\"@type\":\"SearchAction\",\"target\":{\"@type\":\"EntryPoint\",\"urlTemplate\":\"https:\\\/\\\/hierostrasbourg.com\\\/?s={search_term_string}\"},\"query-input\":{\"@type\":\"PropertyValueSpecification\",\"valueRequired\":true,\"valueName\":\"search_term_string\"}}],\"inLanguage\":\"fr-FR\"},{\"@type\":\"Organization\",\"@id\":\"https:\\\/\\\/hierostrasbourg.com\\\/#organization\",\"name\":\"F\u00e9d\u00e9ration Hi\u00e9ro Strasbourg\",\"url\":\"https:\\\/\\\/hierostrasbourg.com\\\/\",\"logo\":{\"@type\":\"ImageObject\",\"inLanguage\":\"fr-FR\",\"@id\":\"https:\\\/\\\/hierostrasbourg.com\\\/#\\\/schema\\\/logo\\\/image\\\/\",\"url\":\"https:\\\/\\\/hierostrasbourg.com\\\/wp-content\\\/uploads\\\/2026\\\/04\\\/logo-hiero-strasbourg.jpg\",\"contentUrl\":\"https:\\\/\\\/hierostrasbourg.com\\\/wp-content\\\/uploads\\\/2026\\\/04\\\/logo-hiero-strasbourg.jpg\",\"width\":204,\"height\":192,\"caption\":\"F\u00e9d\u00e9ration Hi\u00e9ro Strasbourg\"},\"image\":{\"@id\":\"https:\\\/\\\/hierostrasbourg.com\\\/#\\\/schema\\\/logo\\\/image\\\/\"},\"sameAs\":[\"https:\\\/\\\/www.facebook.com\\\/fedehierostrasbourg\",\"https:\\\/\\\/x.com\\\/hierostrasbourg\"]}]}<\/script>\n<!-- \/ Yoast SEO plugin. -->","yoast_head_json":{"title":"Rachel Cartier, combattante de la parit\u00e9 dans l\u2019industrie musicale - HIERO STRASBOURG","robots":{"index":"index","follow":"follow","max-snippet":"max-snippet:-1","max-image-preview":"max-image-preview:large","max-video-preview":"max-video-preview:-1"},"canonical":"https:\/\/hierostrasbourg.com\/index.php\/2023\/02\/20\/rachel-cartier-combattante-de-la-parite-dans-lindustrie-musicale\/","og_locale":"fr_FR","og_type":"article","og_title":"Rachel Cartier, combattante de la parit\u00e9 dans l\u2019industrie musicale - HIERO STRASBOURG","og_description":"Pr\u00e9sidente du programme de mentorat Mewem, directrice musique de Deezer, la m\u00e9lomane de 36 ans m\u00e8ne la bataille pour rendre visibles les femmes dans un secteur encore trop masculin. Source \/ Lire la suite : Rachel Cartier, combattante de la parit\u00e9 dans l\u2019industrie musicale L\u2019article Rachel Cartier, combattante de la parit\u00e9 dans l\u2019industrie musicale est apparu en premier sur Musiques Actuelles en Alsace. L\u2019article Rachel Cartier, combattante de la parit\u00e9 dans l\u2019industrie musicale est apparu en premier sur POP B\u00dcRO.","og_url":"https:\/\/hierostrasbourg.com\/index.php\/2023\/02\/20\/rachel-cartier-combattante-de-la-parite-dans-lindustrie-musicale\/","og_site_name":"HIERO STRASBOURG","article_publisher":"https:\/\/www.facebook.com\/fedehierostrasbourg","article_published_time":"2023-02-20T14:41:13+00:00","twitter_card":"summary_large_image","twitter_creator":"@hierostrasbourg","twitter_site":"@hierostrasbourg","schema":{"@context":"https:\/\/schema.org","@graph":[{"@type":"Article","@id":"https:\/\/hierostrasbourg.com\/index.php\/2023\/02\/20\/rachel-cartier-combattante-de-la-parite-dans-lindustrie-musicale\/#article","isPartOf":{"@id":"https:\/\/hierostrasbourg.com\/index.php\/2023\/02\/20\/rachel-cartier-combattante-de-la-parite-dans-lindustrie-musicale\/"},"author":{"name":"","@id":""},"headline":"Rachel Cartier, combattante de la parit\u00e9 dans l\u2019industrie musicale","datePublished":"2023-02-20T14:41:13+00:00","mainEntityOfPage":{"@id":"https:\/\/hierostrasbourg.com\/index.php\/2023\/02\/20\/rachel-cartier-combattante-de-la-parite-dans-lindustrie-musicale\/"},"wordCount":96,"publisher":{"@id":"https:\/\/hierostrasbourg.com\/#organization"},"inLanguage":"fr-FR"},{"@type":"WebPage","@id":"https:\/\/hierostrasbourg.com\/index.php\/2023\/02\/20\/rachel-cartier-combattante-de-la-parite-dans-lindustrie-musicale\/","url":"https:\/\/hierostrasbourg.com\/index.php\/2023\/02\/20\/rachel-cartier-combattante-de-la-parite-dans-lindustrie-musicale\/","name":"Rachel Cartier, combattante de la parit\u00e9 dans l\u2019industrie musicale - HIERO STRASBOURG","isPartOf":{"@id":"https:\/\/hierostrasbourg.com\/#website"},"datePublished":"2023-02-20T14:41:13+00:00","breadcrumb":{"@id":"https:\/\/hierostrasbourg.com\/index.php\/2023\/02\/20\/rachel-cartier-combattante-de-la-parite-dans-lindustrie-musicale\/#breadcrumb"},"inLanguage":"fr-FR","potentialAction":[{"@type":"ReadAction","target":["https:\/\/hierostrasbourg.com\/index.php\/2023\/02\/20\/rachel-cartier-combattante-de-la-parite-dans-lindustrie-musicale\/"]}]},{"@type":"BreadcrumbList","@id":"https:\/\/hierostrasbourg.com\/index.php\/2023\/02\/20\/rachel-cartier-combattante-de-la-parite-dans-lindustrie-musicale\/#breadcrumb","itemListElement":[{"@type":"ListItem","position":1,"name":"Accueil","item":"https:\/\/hierostrasbourg.com\/"},{"@type":"ListItem","position":2,"name":"Rachel Cartier, combattante de la parit\u00e9 dans l\u2019industrie musicale"}]},{"@type":"WebSite","@id":"https:\/\/hierostrasbourg.com\/#website","url":"https:\/\/hierostrasbourg.com\/","name":"HIERO STRASBOURG","description":"Centre de Ressources Musiques Actuelles","publisher":{"@id":"https:\/\/hierostrasbourg.com\/#organization"},"potentialAction":[{"@type":"SearchAction","target":{"@type":"EntryPoint","urlTemplate":"https:\/\/hierostrasbourg.com\/?s={search_term_string}"},"query-input":{"@type":"PropertyValueSpecification","valueRequired":true,"valueName":"search_term_string"}}],"inLanguage":"fr-FR"},{"@type":"Organization","@id":"https:\/\/hierostrasbourg.com\/#organization","name":"F\u00e9d\u00e9ration Hi\u00e9ro Strasbourg","url":"https:\/\/hierostrasbourg.com\/","logo":{"@type":"ImageObject","inLanguage":"fr-FR","@id":"https:\/\/hierostrasbourg.com\/#\/schema\/logo\/image\/","url":"https:\/\/hierostrasbourg.com\/wp-content\/uploads\/2026\/04\/logo-hiero-strasbourg.jpg","contentUrl":"https:\/\/hierostrasbourg.com\/wp-content\/uploads\/2026\/04\/logo-hiero-strasbourg.jpg","width":204,"height":192,"caption":"F\u00e9d\u00e9ration Hi\u00e9ro Strasbourg"},"image":{"@id":"https:\/\/hierostrasbourg.com\/#\/schema\/logo\/image\/"},"sameAs":["https:\/\/www.facebook.com\/fedehierostrasbourg","https:\/\/x.com\/hierostrasbourg"]}]}},"_links":{"self":[{"href":"https:\/\/hierostrasbourg.com\/index.php\/wp-json\/wp\/v2\/posts\/5375","targetHints":{"allow":["GET"]}}],"collection":[{"href":"https:\/\/hierostrasbourg.com\/index.php\/wp-json\/wp\/v2\/posts"}],"about":[{"href":"https:\/\/hierostrasbourg.com\/index.php\/wp-json\/wp\/v2\/types\/post"}],"replies":[{"embeddable":true,"href":"https:\/\/hierostrasbourg.com\/index.php\/wp-json\/wp\/v2\/comments?post=5375"}],"version-history":[{"count":0,"href":"https:\/\/hierostrasbourg.com\/index.php\/wp-json\/wp\/v2\/posts\/5375\/revisions"}],"wp:attachment":[{"href":"https:\/\/hierostrasbourg.com\/index.php\/wp-json\/wp\/v2\/media?parent=5375"}],"wp:term":[{"taxonomy":"category","embeddable":true,"href":"https:\/\/hierostrasbourg.com\/index.php\/wp-json\/wp\/v2\/categories?post=5375"},{"taxonomy":"post_tag","embeddable":true,"href":"https:\/\/hierostrasbourg.com\/index.php\/wp-json\/wp\/v2\/tags?post=5375"}],"curies":[{"name":"wp","href":"https:\/\/api.w.org\/{rel}","templated":true}]}}