{"id":5374,"date":"2023-02-20T11:40:32","date_gmt":"2023-02-20T10:40:32","guid":{"rendered":"https:\/\/hierostrasbourg.com\/index.php\/2023\/02\/20\/la-com-com-sundgau-recrute-un-charge-de-developpement-culturel-f-h-2\/"},"modified":"2023-02-20T11:40:32","modified_gmt":"2023-02-20T10:40:32","slug":"la-com-com-sundgau-recrute-un-charge-de-developpement-culturel-f-h-2","status":"publish","type":"post","link":"https:\/\/hierostrasbourg.com\/index.php\/2023\/02\/20\/la-com-com-sundgau-recrute-un-charge-de-developpement-culturel-f-h-2\/","title":{"rendered":"La COM. COM. SUNDGAU recrute un charg\u00e9 de d\u00e9veloppement culturel [F\/H]"},"content":{"rendered":"<p><a href=\"https:\/\/musiquesactuelles.alsace\/la-com-com-sundgau-recrute-un-charge-de-developpement-culturel-f-h\/\" title=\"La COM. COM. SUNDGAU recrute un charg\u00e9 de d\u00e9veloppement culturel [F\/H]\"><\/a><\/p>\n<p>La Communaut\u00e9 de communes Sundgau recherche, pour son P\u00f4le Attractivit\u00e9, un charg\u00e9 de d\u00e9veloppement culturel.<\/p>\n<h2>Missions<\/h2>\n<p><strong>\u00c9laboration, organisation et mise en \u0153uvre de la politique culturelle de la collectivit\u00e9 :<\/strong><\/p>\n<p>\u00c9LABORATION DU PROJET CULTUREL<br \/>\nr\u00e9alisation d\u2019un \u00e9tat des lieux (qui fait quoi, quand, o\u00f9, quels besoins culturels)<br \/>\nanimation de la concertation (commissions, r\u00e9unions avec les partenaires, \u2026)<br \/>\npropositions d\u2019actions en coh\u00e9rence avec les orientations politiques<br \/>\nr\u00e9daction du projet culturel \/ recherche de financements (d\u00e9j\u00e0 r\u00e9alis\u00e9 \u2013 pour r\u00e9actualisation si n\u00e9cessaire)<\/p>\n<p>ORGANISATION<br \/>\nrecherche de partenariats techniques, financiers, organisationnels<br \/>\nplanification et programmation d\u2019\u00e9v\u00e9nements en coh\u00e9rence avec les \u00e9v\u00e9nements existants<\/p>\n<p>MISE EN \u0152UVRE<br \/>\nmise en \u0153uvre technique et organisationnelle des actions culturelles (accueil des artistes, suivi du r\u00e9gisseur, relations avec les propri\u00e9taires de salles, organisation technique \u2026)<br \/>\nmise en \u0153uvre administrative (demandes de subventions, gestion des contrats, suivi budg\u00e9taire\u2026)<br \/>\ncommunication autour des \u00e9v\u00e9nements (conception : supports visuels et num\u00e9rique<br \/>\nrelationnel : presse, r\u00e9seaux sociaux, \u00e9ditions, \u2026)<br \/>\n\u00e9valuation (r\u00e9alisation de bilans technico financiers, quantitatifs et qualitatifs)\u201d<\/p>\n<p><strong>Mise en \u0153uvre d\u2019un programme d\u2019animations culturelles sur le territoire en coh\u00e9rence avec le projet culturel communautaire\u00a0<\/strong><\/p>\n<p>\u00e9laboration d\u2019un programme culturel estival sur l\u2019ensemble du territoire (animations mensuelles arts de la rue)<br \/>\n\u00e9laboration, organisation et mise en \u0153uvre d\u2019une programmation culturelle scolaire (avec accueil des enfants et actions de m\u00e9diation.<\/p>\n<p><strong>Mise en place, coordination et animation d\u2019un r\u00e9seau d\u2019acteurs culturels : <\/strong><\/p>\n<p>r\u00e9aliser un \u00e9tat des lieux des actions culturelles et identification des acteurs culturels<br \/>\nmise en relation des acteurs culturels (organisation et animation)<br \/>\norganisation d\u2019un \u00e9v\u00e8nement annuel de rencontre des acteurs culturels.<\/p>\n<p><strong>Mener des actions culturelles en transversalit\u00e9 avec le service enfance \u2013 petite enfance \u2013 jeunesse.<\/strong><\/p>\n<p><strong>Suivi des partenariats (exemple PETR-CADENCE\u2026)<\/strong><\/p>\n<p>R\u00e9diger des actes administratifs du service (courriers, notes, d\u00e9lib\u00e9rations\u2026) et de compte-rendus.<br \/>\nParticiper et animer des commissions th\u00e9matiques, \u00e9laborer le budget du service et proc\u00e9der \u00e0 son suivi.<\/p>\n<h2>Profils recherch\u00e9s<\/h2>\n<p>Connaissance du contexte r\u00e9glementaire des politiques publiques du spectacle vivant, des dispositifs de financement<br \/>\nMa\u00eetriser la m\u00e9thodologie de projet (DIAG- PLAN ACTIONS \u2013 EVALUATION \u2013 CONCERTATION).<br \/>\nMaitrise des outils informatiques de bureautique et les techniques de communication et d\u2019animation de r\u00e9unions.Rigueur, m\u00e9thode, anticipation et organisation<br \/>\nAutonome, \u00e0 l\u2019\u00e9coute, \u00e0 l\u2019aise \u00e0 l\u2019\u00e9crit et \u00e0 l\u2019oral, capacit\u00e9 d\u2019adaptation, discr\u00e9tion<br \/>\nCapacit\u00e9 \u00e0 rendre compte<br \/>\nCapacit\u00e9 \u00e0 inscrire son action de mani\u00e8re transversale dans la politique de la collectivit\u00e9<\/p>\n<p>Travail en bureau et sur le terrain, d\u00e9placements fr\u00e9quents.<br \/>\nHoraires irr\u00e9guliers avec pics d\u2019activit\u00e9s \/ r\u00e9unions en soir\u00e9e \/ \u00e9v\u00e8nements culturels en soir\u00e9e et le samedi-dimanche<br \/>\nR\u00e9union avec des \u00e9lus<\/p>\n<p>Action sociale en interne + CNAS<br \/>\nPoste \u00e0 pourvoir dD\u00e8s que possible<br \/>\nDate limite de candidature 21\/05\/2023<br \/>\nfonctionnaire ou contractuel<\/p>\n<p>Merci d\u2019adresser vos candidatures \u00e0 l\u2019attention de Monsieur le Pr\u00e9sident \u00e0 l\u2019adresse suivante : rh@cc-sundgau.fr\n<\/p>\n<p>COM. COM. SUNDGAU<br \/>\nQuartier Plessier \u2013 Avenue du 8\u00e8me R\u00e9giment des Hussards \u2013 BP 19<br \/>\n68131 ALTKIRCH<\/p>\n<p>L\u2019article <a href=\"https:\/\/musiquesactuelles.alsace\/la-com-com-sundgau-recrute-un-charge-de-developpement-culturel-f-h\/\">La COM. COM. SUNDGAU recrute un charg\u00e9 de d\u00e9veloppement culturel [F\/H]<\/a> est apparu en premier sur <a href=\"https:\/\/musiquesactuelles.alsace\/\">Musiques Actuelles en Alsace<\/a>.<\/p>\n<p>L\u2019article <a href=\"https:\/\/popburo.fr\/la-com-com-sundgau-recrute-un-charge-de-developpement-culturel-f-h-2\/\">La COM. COM. SUNDGAU recrute un charg\u00e9 de d\u00e9veloppement culturel [F\/H]<\/a> est apparu en premier sur <a href=\"https:\/\/popburo.fr\/\">POP B\u00dcRO<\/a>.<\/p>\n","protected":false},"excerpt":{"rendered":"<p>La Communaut\u00e9 de communes Sundgau recherche, pour son P\u00f4le Attractivit\u00e9, un charg\u00e9 de d\u00e9veloppement culturel. Missions \u00c9laboration, organisation et mise en \u0153uvre de la politique culturelle de la collectivit\u00e9 : \u00c9LABORATION DU PROJET CULTUREL r\u00e9alisation d\u2019un \u00e9tat des lieux (qui fait quoi, quand, o\u00f9, quels besoins culturels) animation de la concertation (commissions, r\u00e9unions avec les partenaires, \u2026) propositions d\u2019actions en coh\u00e9rence avec les orientations politiques r\u00e9daction du projet culturel \/ recherche de financements (d\u00e9j\u00e0 r\u00e9alis\u00e9 \u2013 pour r\u00e9actualisation si n\u00e9cessaire) [&hellip;]<\/p>\n","protected":false},"author":0,"featured_media":0,"comment_status":"closed","ping_status":"open","sticky":false,"template":"","format":"standard","meta":{"footnotes":""},"categories":[1],"tags":[],"class_list":["post-5374","post","type-post","status-publish","format-standard","hentry","category-non-classe"],"yoast_head":"<!-- This site is optimized with the Yoast SEO plugin v27.4 - https:\/\/yoast.com\/product\/yoast-seo-wordpress\/ -->\n<title>La COM. COM. SUNDGAU recrute un charg\u00e9 de d\u00e9veloppement culturel [F\/H] - HIERO STRASBOURG<\/title>\n<meta name=\"robots\" content=\"index, follow, max-snippet:-1, max-image-preview:large, max-video-preview:-1\" \/>\n<link rel=\"canonical\" href=\"https:\/\/hierostrasbourg.com\/index.php\/2023\/02\/20\/la-com-com-sundgau-recrute-un-charge-de-developpement-culturel-f-h-2\/\" \/>\n<meta property=\"og:locale\" content=\"fr_FR\" \/>\n<meta property=\"og:type\" content=\"article\" \/>\n<meta property=\"og:title\" content=\"La COM. COM. SUNDGAU recrute un charg\u00e9 de d\u00e9veloppement culturel [F\/H] - HIERO STRASBOURG\" \/>\n<meta property=\"og:description\" content=\"La Communaut\u00e9 de communes Sundgau recherche, pour son P\u00f4le Attractivit\u00e9, un charg\u00e9 de d\u00e9veloppement culturel. Missions \u00c9laboration, organisation et mise en \u0153uvre de la politique culturelle de la collectivit\u00e9 : \u00c9LABORATION DU PROJET CULTUREL r\u00e9alisation d\u2019un \u00e9tat des lieux (qui fait quoi, quand, o\u00f9, quels besoins culturels) animation de la concertation (commissions, r\u00e9unions avec les partenaires, \u2026) propositions d\u2019actions en coh\u00e9rence avec les orientations politiques r\u00e9daction du projet culturel \/ recherche de financements (d\u00e9j\u00e0 r\u00e9alis\u00e9 \u2013 pour r\u00e9actualisation si n\u00e9cessaire) [&hellip;]\" \/>\n<meta property=\"og:url\" content=\"https:\/\/hierostrasbourg.com\/index.php\/2023\/02\/20\/la-com-com-sundgau-recrute-un-charge-de-developpement-culturel-f-h-2\/\" \/>\n<meta property=\"og:site_name\" content=\"HIERO STRASBOURG\" \/>\n<meta property=\"article:publisher\" content=\"https:\/\/www.facebook.com\/fedehierostrasbourg\" \/>\n<meta property=\"article:published_time\" content=\"2023-02-20T10:40:32+00:00\" \/>\n<meta name=\"twitter:card\" content=\"summary_large_image\" \/>\n<meta name=\"twitter:creator\" content=\"@hierostrasbourg\" \/>\n<meta name=\"twitter:site\" content=\"@hierostrasbourg\" \/>\n<meta name=\"twitter:label1\" content=\"Dur\u00e9e de lecture estim\u00e9e\" \/>\n\t<meta name=\"twitter:data1\" content=\"3 minutes\" \/>\n<script type=\"application\/ld+json\" class=\"yoast-schema-graph\">{\"@context\":\"https:\\\/\\\/schema.org\",\"@graph\":[{\"@type\":\"Article\",\"@id\":\"https:\\\/\\\/hierostrasbourg.com\\\/index.php\\\/2023\\\/02\\\/20\\\/la-com-com-sundgau-recrute-un-charge-de-developpement-culturel-f-h-2\\\/#article\",\"isPartOf\":{\"@id\":\"https:\\\/\\\/hierostrasbourg.com\\\/index.php\\\/2023\\\/02\\\/20\\\/la-com-com-sundgau-recrute-un-charge-de-developpement-culturel-f-h-2\\\/\"},\"author\":{\"name\":\"\",\"@id\":\"\"},\"headline\":\"La COM. COM. SUNDGAU recrute un charg\u00e9 de d\u00e9veloppement culturel [F\\\/H]\",\"datePublished\":\"2023-02-20T10:40:32+00:00\",\"mainEntityOfPage\":{\"@id\":\"https:\\\/\\\/hierostrasbourg.com\\\/index.php\\\/2023\\\/02\\\/20\\\/la-com-com-sundgau-recrute-un-charge-de-developpement-culturel-f-h-2\\\/\"},\"wordCount\":564,\"publisher\":{\"@id\":\"https:\\\/\\\/hierostrasbourg.com\\\/#organization\"},\"inLanguage\":\"fr-FR\"},{\"@type\":\"WebPage\",\"@id\":\"https:\\\/\\\/hierostrasbourg.com\\\/index.php\\\/2023\\\/02\\\/20\\\/la-com-com-sundgau-recrute-un-charge-de-developpement-culturel-f-h-2\\\/\",\"url\":\"https:\\\/\\\/hierostrasbourg.com\\\/index.php\\\/2023\\\/02\\\/20\\\/la-com-com-sundgau-recrute-un-charge-de-developpement-culturel-f-h-2\\\/\",\"name\":\"La COM. COM. SUNDGAU recrute un charg\u00e9 de d\u00e9veloppement culturel [F\\\/H] - HIERO STRASBOURG\",\"isPartOf\":{\"@id\":\"https:\\\/\\\/hierostrasbourg.com\\\/#website\"},\"datePublished\":\"2023-02-20T10:40:32+00:00\",\"breadcrumb\":{\"@id\":\"https:\\\/\\\/hierostrasbourg.com\\\/index.php\\\/2023\\\/02\\\/20\\\/la-com-com-sundgau-recrute-un-charge-de-developpement-culturel-f-h-2\\\/#breadcrumb\"},\"inLanguage\":\"fr-FR\",\"potentialAction\":[{\"@type\":\"ReadAction\",\"target\":[\"https:\\\/\\\/hierostrasbourg.com\\\/index.php\\\/2023\\\/02\\\/20\\\/la-com-com-sundgau-recrute-un-charge-de-developpement-culturel-f-h-2\\\/\"]}]},{\"@type\":\"BreadcrumbList\",\"@id\":\"https:\\\/\\\/hierostrasbourg.com\\\/index.php\\\/2023\\\/02\\\/20\\\/la-com-com-sundgau-recrute-un-charge-de-developpement-culturel-f-h-2\\\/#breadcrumb\",\"itemListElement\":[{\"@type\":\"ListItem\",\"position\":1,\"name\":\"Accueil\",\"item\":\"https:\\\/\\\/hierostrasbourg.com\\\/\"},{\"@type\":\"ListItem\",\"position\":2,\"name\":\"La COM. COM. SUNDGAU recrute un charg\u00e9 de d\u00e9veloppement culturel [F\\\/H]\"}]},{\"@type\":\"WebSite\",\"@id\":\"https:\\\/\\\/hierostrasbourg.com\\\/#website\",\"url\":\"https:\\\/\\\/hierostrasbourg.com\\\/\",\"name\":\"HIERO STRASBOURG\",\"description\":\"Centre de Ressources Musiques Actuelles\",\"publisher\":{\"@id\":\"https:\\\/\\\/hierostrasbourg.com\\\/#organization\"},\"potentialAction\":[{\"@type\":\"SearchAction\",\"target\":{\"@type\":\"EntryPoint\",\"urlTemplate\":\"https:\\\/\\\/hierostrasbourg.com\\\/?s={search_term_string}\"},\"query-input\":{\"@type\":\"PropertyValueSpecification\",\"valueRequired\":true,\"valueName\":\"search_term_string\"}}],\"inLanguage\":\"fr-FR\"},{\"@type\":\"Organization\",\"@id\":\"https:\\\/\\\/hierostrasbourg.com\\\/#organization\",\"name\":\"F\u00e9d\u00e9ration Hi\u00e9ro Strasbourg\",\"url\":\"https:\\\/\\\/hierostrasbourg.com\\\/\",\"logo\":{\"@type\":\"ImageObject\",\"inLanguage\":\"fr-FR\",\"@id\":\"https:\\\/\\\/hierostrasbourg.com\\\/#\\\/schema\\\/logo\\\/image\\\/\",\"url\":\"https:\\\/\\\/hierostrasbourg.com\\\/wp-content\\\/uploads\\\/2026\\\/04\\\/logo-hiero-strasbourg.jpg\",\"contentUrl\":\"https:\\\/\\\/hierostrasbourg.com\\\/wp-content\\\/uploads\\\/2026\\\/04\\\/logo-hiero-strasbourg.jpg\",\"width\":204,\"height\":192,\"caption\":\"F\u00e9d\u00e9ration Hi\u00e9ro Strasbourg\"},\"image\":{\"@id\":\"https:\\\/\\\/hierostrasbourg.com\\\/#\\\/schema\\\/logo\\\/image\\\/\"},\"sameAs\":[\"https:\\\/\\\/www.facebook.com\\\/fedehierostrasbourg\",\"https:\\\/\\\/x.com\\\/hierostrasbourg\"]}]}<\/script>\n<!-- \/ Yoast SEO plugin. -->","yoast_head_json":{"title":"La COM. COM. SUNDGAU recrute un charg\u00e9 de d\u00e9veloppement culturel [F\/H] - HIERO STRASBOURG","robots":{"index":"index","follow":"follow","max-snippet":"max-snippet:-1","max-image-preview":"max-image-preview:large","max-video-preview":"max-video-preview:-1"},"canonical":"https:\/\/hierostrasbourg.com\/index.php\/2023\/02\/20\/la-com-com-sundgau-recrute-un-charge-de-developpement-culturel-f-h-2\/","og_locale":"fr_FR","og_type":"article","og_title":"La COM. COM. SUNDGAU recrute un charg\u00e9 de d\u00e9veloppement culturel [F\/H] - HIERO STRASBOURG","og_description":"La Communaut\u00e9 de communes Sundgau recherche, pour son P\u00f4le Attractivit\u00e9, un charg\u00e9 de d\u00e9veloppement culturel. Missions \u00c9laboration, organisation et mise en \u0153uvre de la politique culturelle de la collectivit\u00e9 : \u00c9LABORATION DU PROJET CULTUREL r\u00e9alisation d\u2019un \u00e9tat des lieux (qui fait quoi, quand, o\u00f9, quels besoins culturels) animation de la concertation (commissions, r\u00e9unions avec les partenaires, \u2026) propositions d\u2019actions en coh\u00e9rence avec les orientations politiques r\u00e9daction du projet culturel \/ recherche de financements (d\u00e9j\u00e0 r\u00e9alis\u00e9 \u2013 pour r\u00e9actualisation si n\u00e9cessaire) [&hellip;]","og_url":"https:\/\/hierostrasbourg.com\/index.php\/2023\/02\/20\/la-com-com-sundgau-recrute-un-charge-de-developpement-culturel-f-h-2\/","og_site_name":"HIERO STRASBOURG","article_publisher":"https:\/\/www.facebook.com\/fedehierostrasbourg","article_published_time":"2023-02-20T10:40:32+00:00","twitter_card":"summary_large_image","twitter_creator":"@hierostrasbourg","twitter_site":"@hierostrasbourg","twitter_misc":{"Dur\u00e9e de lecture estim\u00e9e":"3 minutes"},"schema":{"@context":"https:\/\/schema.org","@graph":[{"@type":"Article","@id":"https:\/\/hierostrasbourg.com\/index.php\/2023\/02\/20\/la-com-com-sundgau-recrute-un-charge-de-developpement-culturel-f-h-2\/#article","isPartOf":{"@id":"https:\/\/hierostrasbourg.com\/index.php\/2023\/02\/20\/la-com-com-sundgau-recrute-un-charge-de-developpement-culturel-f-h-2\/"},"author":{"name":"","@id":""},"headline":"La COM. COM. SUNDGAU recrute un charg\u00e9 de d\u00e9veloppement culturel [F\/H]","datePublished":"2023-02-20T10:40:32+00:00","mainEntityOfPage":{"@id":"https:\/\/hierostrasbourg.com\/index.php\/2023\/02\/20\/la-com-com-sundgau-recrute-un-charge-de-developpement-culturel-f-h-2\/"},"wordCount":564,"publisher":{"@id":"https:\/\/hierostrasbourg.com\/#organization"},"inLanguage":"fr-FR"},{"@type":"WebPage","@id":"https:\/\/hierostrasbourg.com\/index.php\/2023\/02\/20\/la-com-com-sundgau-recrute-un-charge-de-developpement-culturel-f-h-2\/","url":"https:\/\/hierostrasbourg.com\/index.php\/2023\/02\/20\/la-com-com-sundgau-recrute-un-charge-de-developpement-culturel-f-h-2\/","name":"La COM. COM. SUNDGAU recrute un charg\u00e9 de d\u00e9veloppement culturel [F\/H] - HIERO STRASBOURG","isPartOf":{"@id":"https:\/\/hierostrasbourg.com\/#website"},"datePublished":"2023-02-20T10:40:32+00:00","breadcrumb":{"@id":"https:\/\/hierostrasbourg.com\/index.php\/2023\/02\/20\/la-com-com-sundgau-recrute-un-charge-de-developpement-culturel-f-h-2\/#breadcrumb"},"inLanguage":"fr-FR","potentialAction":[{"@type":"ReadAction","target":["https:\/\/hierostrasbourg.com\/index.php\/2023\/02\/20\/la-com-com-sundgau-recrute-un-charge-de-developpement-culturel-f-h-2\/"]}]},{"@type":"BreadcrumbList","@id":"https:\/\/hierostrasbourg.com\/index.php\/2023\/02\/20\/la-com-com-sundgau-recrute-un-charge-de-developpement-culturel-f-h-2\/#breadcrumb","itemListElement":[{"@type":"ListItem","position":1,"name":"Accueil","item":"https:\/\/hierostrasbourg.com\/"},{"@type":"ListItem","position":2,"name":"La COM. COM. SUNDGAU recrute un charg\u00e9 de d\u00e9veloppement culturel [F\/H]"}]},{"@type":"WebSite","@id":"https:\/\/hierostrasbourg.com\/#website","url":"https:\/\/hierostrasbourg.com\/","name":"HIERO STRASBOURG","description":"Centre de Ressources Musiques Actuelles","publisher":{"@id":"https:\/\/hierostrasbourg.com\/#organization"},"potentialAction":[{"@type":"SearchAction","target":{"@type":"EntryPoint","urlTemplate":"https:\/\/hierostrasbourg.com\/?s={search_term_string}"},"query-input":{"@type":"PropertyValueSpecification","valueRequired":true,"valueName":"search_term_string"}}],"inLanguage":"fr-FR"},{"@type":"Organization","@id":"https:\/\/hierostrasbourg.com\/#organization","name":"F\u00e9d\u00e9ration Hi\u00e9ro Strasbourg","url":"https:\/\/hierostrasbourg.com\/","logo":{"@type":"ImageObject","inLanguage":"fr-FR","@id":"https:\/\/hierostrasbourg.com\/#\/schema\/logo\/image\/","url":"https:\/\/hierostrasbourg.com\/wp-content\/uploads\/2026\/04\/logo-hiero-strasbourg.jpg","contentUrl":"https:\/\/hierostrasbourg.com\/wp-content\/uploads\/2026\/04\/logo-hiero-strasbourg.jpg","width":204,"height":192,"caption":"F\u00e9d\u00e9ration Hi\u00e9ro Strasbourg"},"image":{"@id":"https:\/\/hierostrasbourg.com\/#\/schema\/logo\/image\/"},"sameAs":["https:\/\/www.facebook.com\/fedehierostrasbourg","https:\/\/x.com\/hierostrasbourg"]}]}},"_links":{"self":[{"href":"https:\/\/hierostrasbourg.com\/index.php\/wp-json\/wp\/v2\/posts\/5374","targetHints":{"allow":["GET"]}}],"collection":[{"href":"https:\/\/hierostrasbourg.com\/index.php\/wp-json\/wp\/v2\/posts"}],"about":[{"href":"https:\/\/hierostrasbourg.com\/index.php\/wp-json\/wp\/v2\/types\/post"}],"replies":[{"embeddable":true,"href":"https:\/\/hierostrasbourg.com\/index.php\/wp-json\/wp\/v2\/comments?post=5374"}],"version-history":[{"count":0,"href":"https:\/\/hierostrasbourg.com\/index.php\/wp-json\/wp\/v2\/posts\/5374\/revisions"}],"wp:attachment":[{"href":"https:\/\/hierostrasbourg.com\/index.php\/wp-json\/wp\/v2\/media?parent=5374"}],"wp:term":[{"taxonomy":"category","embeddable":true,"href":"https:\/\/hierostrasbourg.com\/index.php\/wp-json\/wp\/v2\/categories?post=5374"},{"taxonomy":"post_tag","embeddable":true,"href":"https:\/\/hierostrasbourg.com\/index.php\/wp-json\/wp\/v2\/tags?post=5374"}],"curies":[{"name":"wp","href":"https:\/\/api.w.org\/{rel}","templated":true}]}}