{"id":5368,"date":"2023-02-19T22:41:10","date_gmt":"2023-02-19T21:41:10","guid":{"rendered":"https:\/\/hierostrasbourg.com\/index.php\/2023\/02\/19\/echanges-de-savoir-faire-entre-professionnel-le-s-etat-des-pratiques-dans-le-secteur-culturel\/"},"modified":"2023-02-19T22:41:10","modified_gmt":"2023-02-19T21:41:10","slug":"echanges-de-savoir-faire-entre-professionnel-le-s-etat-des-pratiques-dans-le-secteur-culturel","status":"publish","type":"post","link":"https:\/\/hierostrasbourg.com\/index.php\/2023\/02\/19\/echanges-de-savoir-faire-entre-professionnel-le-s-etat-des-pratiques-dans-le-secteur-culturel\/","title":{"rendered":"Echanges de savoir-faire entre professionnel.le.s : \u00e9tat des pratiques dans le secteur culturel"},"content":{"rendered":"<p><a href=\"https:\/\/musiquesactuelles.alsace\/echanges-de-savoir-faire-entre-professionnel-le-s-etat-des-pratiques-dans-le-secteur-culturel\/\" title=\"Echanges de savoir-faire entre professionnel.le.s : \u00e9tat des pratiques dans le secteur culturel\"><\/a><\/p>\n<p><span>communiqu\u00e9<\/span><\/p>\n<p><em>Cette \u00e9tude r\u00e9pond d\u2019une part au besoin de r\u00e9pertorier et d\u2019analyser les pratiques d\u2019\u00e9change de savoir-faire entre professionnel\u00b7le\u00b7s dans un secteur qui ne cesse de cr\u00e9er et d\u2019exp\u00e9rimenter des coop\u00e9rations et d\u2019autre part \u00e0 celui de s\u2019interroger sur l\u2019articulation de ces pratiques avec les autres outils d\u2019accompagnement. Etude r\u00e9alis\u00e9e par les Beaux Projets et Opale.<\/em><\/p>\n<p><em>Constatant le foisonnement des appuis sous forme d\u2019\u00e9changes de savoirs entre professionnel.le.s ces derni\u00e8res ann\u00e9es, Opale a men\u00e9 en 2022 deux actions :<\/em><\/p>\n<p><em>l\u2019exp\u00e9rimentation d\u2019un dispositif de TSF avec la F\u00e9d\u00e9ration des r\u00e9seaux et associations d\u2019artistes plasticiennes et plasticiens\/FRAAP\u00a0<\/em><br \/><em>la r\u00e9alisation d\u2019un \u00e9tat des lieux,<\/em><\/p>\n<p><em>Cet \u00e9tat des lieux pr\u00e9sente un panel non exhaustif de dispositifs et de pratiques d\u2019accompagnement sous forme d\u2019\u00e9change de savoir entre professionnel\u00b7le\u00b7s, en mettant l\u2019accent sur le TSF et des dispositifs apparent\u00e9s, tels que le mentorat et le compagnonnage \u2013 les trois formes d\u2019\u00e9changes entre pairs les plus reprises \u00e0 ce jour dans le secteur de la culture et de l\u2019ESS.<\/em><\/p>\n<p><em>Ces trois principaux types de soutien ont en commun :<\/em><\/p>\n<p><em>la reconnaissance de l\u2019exp\u00e9rience comme terreau d\u2019enseignement : le savoir est situ\u00e9 et incarn\u00e9 ;<\/em><br \/><em>la relation \u00e0 dimension partenariale : le\u00b7la form\u00e9\u00b7e et le\u00b7la formateur\u00b7trice, l\u2019expert\u00b7e et le\u00b7la novice, la personne ressource et la personne b\u00e9n\u00e9ficiaire, sont li\u00e9\u00b7e\u00b7s et engag\u00e9\u00b7e\u00b7s par une relation qui d\u00e9passe le cadre de l\u2019objet \u00e0 transmettre ;<\/em><br \/><em>le cheminement partag\u00e9 : le\u00b7la form\u00e9\u00b7e et le\u00b7la formateur\u00b7trice, l\u2019expert\u00b7e et le\u00b7la novice, la personne ressource et la personne b\u00e9n\u00e9ficiaire, apprennent ensemble, l\u2019un\u00b7e de l\u2019autre.<\/em><\/p>\n<p><em>Ce travail tente \u00e9galement de pr\u00e9ciser les contours de ces dispositifs et pratiques d\u2019accompagnement au travers d\u2019exemples r\u00e9pertori\u00e9s dans le secteur de la culture en France, avec quelques d\u00e9tours par l\u2019ESS et en dehors de l\u2019ESS.<\/em><\/p>\n<p>Source \/ Lire la suite : <a href=\"https:\/\/www.opale.asso.fr\/article770.html\">Echanges de savoir-faire entre professionnel.le.s\u00a0: \u00e9tat des pratiques dans le secteur culturel<\/a><\/p>\n<div class=\"ead-preview\">\n<div class=\"ead-document\">\n<div class=\"ead-iframe-wrapper\"><\/div>\n<div class=\"ead-document-loading\">\n<div class=\"ead-loading-wrap\">\n<div class=\"ead-loading-main\">\n<div class=\"ead-loading\">\n\t\t\t\t\t\t\t<span>En cours de chargement\u2026<\/span>\n\t\t\t\t\t\t<\/div>\n<\/div>\n<div class=\"ead-loading-foot\">\n<div class=\"ead-loading-foot-title\">\n\t\t\t\t\t\t\t<span>Cela prend trop de temps\u00a0?<\/span>\n\t\t\t\t\t\t<\/div>\n<div class=\"ead-document-btn ead-reload-btn\">\n\t\t\t\t\t\t\t\t Recharger le document\t\t\t\t\t\t\t<\/div>\n<p>\t\t\t\t\t\t\t<span>|<\/span><br \/><a href=\"https:\/\/lamultinationaledelunderground.com\/musiquesactuelles\/wp-content\/uploads\/2023\/02\/2023_opale_crdla_e_tude_tsf.pdf\" class=\"ead-document-btn\" target=\"_blank\" rel=\"noopener\"><br \/>\n\t\t\t\t\t\t\t\t Ouvrir dans un nouvel onglet\t\t\t\t\t\t\t<\/a>\n\t\t\t\t\t<\/p>\n<\/div>\n<\/div>\n<\/div>\n<\/div>\n<p class=\"embed_download\"><a href=\"https:\/\/lamultinationaledelunderground.com\/musiquesactuelles\/wp-content\/uploads\/2023\/02\/2023_opale_crdla_e_tude_tsf.pdf\">\ufeffT\u00e9l\u00e9charger [1.21 MB] <\/a><\/p>\n<\/div>\n<p>L\u2019article <a href=\"https:\/\/musiquesactuelles.alsace\/echanges-de-savoir-faire-entre-professionnel-le-s-etat-des-pratiques-dans-le-secteur-culturel\/\">Echanges de savoir-faire entre professionnel.le.s : \u00e9tat des pratiques dans le secteur culturel<\/a> est apparu en premier sur <a href=\"https:\/\/musiquesactuelles.alsace\/\">Musiques Actuelles en Alsace<\/a>.<\/p>\n<p>L\u2019article <a href=\"https:\/\/popburo.fr\/echanges-de-savoir-faire-entre-professionnel-le-s-etat-des-pratiques-dans-le-secteur-culturel\/\">Echanges de savoir-faire entre professionnel.le.s : \u00e9tat des pratiques dans le secteur culturel<\/a> est apparu en premier sur <a href=\"https:\/\/popburo.fr\/\">POP B\u00dcRO<\/a>.<\/p>\n","protected":false},"excerpt":{"rendered":"<p>communiqu\u00e9 Cette \u00e9tude r\u00e9pond d\u2019une part au besoin de r\u00e9pertorier et d\u2019analyser les pratiques d\u2019\u00e9change de savoir-faire entre professionnel\u00b7le\u00b7s dans un secteur qui ne cesse de cr\u00e9er et d\u2019exp\u00e9rimenter des coop\u00e9rations et d\u2019autre part \u00e0 celui de s\u2019interroger sur l\u2019articulation de ces pratiques avec les autres outils d\u2019accompagnement. Etude r\u00e9alis\u00e9e par les Beaux Projets et Opale. Constatant le foisonnement des appuis sous forme d\u2019\u00e9changes de savoirs entre professionnel.le.s ces derni\u00e8res ann\u00e9es, Opale a men\u00e9 en 2022 deux actions : l\u2019exp\u00e9rimentation [&hellip;]<\/p>\n","protected":false},"author":0,"featured_media":0,"comment_status":"closed","ping_status":"open","sticky":false,"template":"","format":"standard","meta":{"footnotes":""},"categories":[1],"tags":[],"class_list":["post-5368","post","type-post","status-publish","format-standard","hentry","category-non-classe"],"yoast_head":"<!-- This site is optimized with the Yoast SEO plugin v27.4 - https:\/\/yoast.com\/product\/yoast-seo-wordpress\/ -->\n<title>Echanges de savoir-faire entre professionnel.le.s : \u00e9tat des pratiques dans le secteur culturel - HIERO STRASBOURG<\/title>\n<meta name=\"robots\" content=\"index, follow, max-snippet:-1, max-image-preview:large, max-video-preview:-1\" \/>\n<link rel=\"canonical\" href=\"https:\/\/hierostrasbourg.com\/index.php\/2023\/02\/19\/echanges-de-savoir-faire-entre-professionnel-le-s-etat-des-pratiques-dans-le-secteur-culturel\/\" \/>\n<meta property=\"og:locale\" content=\"fr_FR\" \/>\n<meta property=\"og:type\" content=\"article\" \/>\n<meta property=\"og:title\" content=\"Echanges de savoir-faire entre professionnel.le.s : \u00e9tat des pratiques dans le secteur culturel - HIERO STRASBOURG\" \/>\n<meta property=\"og:description\" content=\"communiqu\u00e9 Cette \u00e9tude r\u00e9pond d\u2019une part au besoin de r\u00e9pertorier et d\u2019analyser les pratiques d\u2019\u00e9change de savoir-faire entre professionnel\u00b7le\u00b7s dans un secteur qui ne cesse de cr\u00e9er et d\u2019exp\u00e9rimenter des coop\u00e9rations et d\u2019autre part \u00e0 celui de s\u2019interroger sur l\u2019articulation de ces pratiques avec les autres outils d\u2019accompagnement. Etude r\u00e9alis\u00e9e par les Beaux Projets et Opale. Constatant le foisonnement des appuis sous forme d\u2019\u00e9changes de savoirs entre professionnel.le.s ces derni\u00e8res ann\u00e9es, Opale a men\u00e9 en 2022 deux actions : l\u2019exp\u00e9rimentation [&hellip;]\" \/>\n<meta property=\"og:url\" content=\"https:\/\/hierostrasbourg.com\/index.php\/2023\/02\/19\/echanges-de-savoir-faire-entre-professionnel-le-s-etat-des-pratiques-dans-le-secteur-culturel\/\" \/>\n<meta property=\"og:site_name\" content=\"HIERO STRASBOURG\" \/>\n<meta property=\"article:publisher\" content=\"https:\/\/www.facebook.com\/fedehierostrasbourg\" \/>\n<meta property=\"article:published_time\" content=\"2023-02-19T21:41:10+00:00\" \/>\n<meta name=\"twitter:card\" content=\"summary_large_image\" \/>\n<meta name=\"twitter:creator\" content=\"@hierostrasbourg\" \/>\n<meta name=\"twitter:site\" content=\"@hierostrasbourg\" \/>\n<meta name=\"twitter:label1\" content=\"Dur\u00e9e de lecture estim\u00e9e\" \/>\n\t<meta name=\"twitter:data1\" content=\"2 minutes\" \/>\n<script type=\"application\/ld+json\" class=\"yoast-schema-graph\">{\"@context\":\"https:\\\/\\\/schema.org\",\"@graph\":[{\"@type\":\"Article\",\"@id\":\"https:\\\/\\\/hierostrasbourg.com\\\/index.php\\\/2023\\\/02\\\/19\\\/echanges-de-savoir-faire-entre-professionnel-le-s-etat-des-pratiques-dans-le-secteur-culturel\\\/#article\",\"isPartOf\":{\"@id\":\"https:\\\/\\\/hierostrasbourg.com\\\/index.php\\\/2023\\\/02\\\/19\\\/echanges-de-savoir-faire-entre-professionnel-le-s-etat-des-pratiques-dans-le-secteur-culturel\\\/\"},\"author\":{\"name\":\"\",\"@id\":\"\"},\"headline\":\"Echanges de savoir-faire entre professionnel.le.s : \u00e9tat des pratiques dans le secteur culturel\",\"datePublished\":\"2023-02-19T21:41:10+00:00\",\"mainEntityOfPage\":{\"@id\":\"https:\\\/\\\/hierostrasbourg.com\\\/index.php\\\/2023\\\/02\\\/19\\\/echanges-de-savoir-faire-entre-professionnel-le-s-etat-des-pratiques-dans-le-secteur-culturel\\\/\"},\"wordCount\":454,\"publisher\":{\"@id\":\"https:\\\/\\\/hierostrasbourg.com\\\/#organization\"},\"inLanguage\":\"fr-FR\"},{\"@type\":\"WebPage\",\"@id\":\"https:\\\/\\\/hierostrasbourg.com\\\/index.php\\\/2023\\\/02\\\/19\\\/echanges-de-savoir-faire-entre-professionnel-le-s-etat-des-pratiques-dans-le-secteur-culturel\\\/\",\"url\":\"https:\\\/\\\/hierostrasbourg.com\\\/index.php\\\/2023\\\/02\\\/19\\\/echanges-de-savoir-faire-entre-professionnel-le-s-etat-des-pratiques-dans-le-secteur-culturel\\\/\",\"name\":\"Echanges de savoir-faire entre professionnel.le.s : \u00e9tat des pratiques dans le secteur culturel - HIERO STRASBOURG\",\"isPartOf\":{\"@id\":\"https:\\\/\\\/hierostrasbourg.com\\\/#website\"},\"datePublished\":\"2023-02-19T21:41:10+00:00\",\"breadcrumb\":{\"@id\":\"https:\\\/\\\/hierostrasbourg.com\\\/index.php\\\/2023\\\/02\\\/19\\\/echanges-de-savoir-faire-entre-professionnel-le-s-etat-des-pratiques-dans-le-secteur-culturel\\\/#breadcrumb\"},\"inLanguage\":\"fr-FR\",\"potentialAction\":[{\"@type\":\"ReadAction\",\"target\":[\"https:\\\/\\\/hierostrasbourg.com\\\/index.php\\\/2023\\\/02\\\/19\\\/echanges-de-savoir-faire-entre-professionnel-le-s-etat-des-pratiques-dans-le-secteur-culturel\\\/\"]}]},{\"@type\":\"BreadcrumbList\",\"@id\":\"https:\\\/\\\/hierostrasbourg.com\\\/index.php\\\/2023\\\/02\\\/19\\\/echanges-de-savoir-faire-entre-professionnel-le-s-etat-des-pratiques-dans-le-secteur-culturel\\\/#breadcrumb\",\"itemListElement\":[{\"@type\":\"ListItem\",\"position\":1,\"name\":\"Accueil\",\"item\":\"https:\\\/\\\/hierostrasbourg.com\\\/\"},{\"@type\":\"ListItem\",\"position\":2,\"name\":\"Echanges de savoir-faire entre professionnel.le.s : \u00e9tat des pratiques dans le secteur culturel\"}]},{\"@type\":\"WebSite\",\"@id\":\"https:\\\/\\\/hierostrasbourg.com\\\/#website\",\"url\":\"https:\\\/\\\/hierostrasbourg.com\\\/\",\"name\":\"HIERO STRASBOURG\",\"description\":\"Centre de Ressources Musiques Actuelles\",\"publisher\":{\"@id\":\"https:\\\/\\\/hierostrasbourg.com\\\/#organization\"},\"potentialAction\":[{\"@type\":\"SearchAction\",\"target\":{\"@type\":\"EntryPoint\",\"urlTemplate\":\"https:\\\/\\\/hierostrasbourg.com\\\/?s={search_term_string}\"},\"query-input\":{\"@type\":\"PropertyValueSpecification\",\"valueRequired\":true,\"valueName\":\"search_term_string\"}}],\"inLanguage\":\"fr-FR\"},{\"@type\":\"Organization\",\"@id\":\"https:\\\/\\\/hierostrasbourg.com\\\/#organization\",\"name\":\"F\u00e9d\u00e9ration Hi\u00e9ro Strasbourg\",\"url\":\"https:\\\/\\\/hierostrasbourg.com\\\/\",\"logo\":{\"@type\":\"ImageObject\",\"inLanguage\":\"fr-FR\",\"@id\":\"https:\\\/\\\/hierostrasbourg.com\\\/#\\\/schema\\\/logo\\\/image\\\/\",\"url\":\"https:\\\/\\\/hierostrasbourg.com\\\/wp-content\\\/uploads\\\/2026\\\/04\\\/logo-hiero-strasbourg.jpg\",\"contentUrl\":\"https:\\\/\\\/hierostrasbourg.com\\\/wp-content\\\/uploads\\\/2026\\\/04\\\/logo-hiero-strasbourg.jpg\",\"width\":204,\"height\":192,\"caption\":\"F\u00e9d\u00e9ration Hi\u00e9ro Strasbourg\"},\"image\":{\"@id\":\"https:\\\/\\\/hierostrasbourg.com\\\/#\\\/schema\\\/logo\\\/image\\\/\"},\"sameAs\":[\"https:\\\/\\\/www.facebook.com\\\/fedehierostrasbourg\",\"https:\\\/\\\/x.com\\\/hierostrasbourg\"]}]}<\/script>\n<!-- \/ Yoast SEO plugin. -->","yoast_head_json":{"title":"Echanges de savoir-faire entre professionnel.le.s : \u00e9tat des pratiques dans le secteur culturel - HIERO STRASBOURG","robots":{"index":"index","follow":"follow","max-snippet":"max-snippet:-1","max-image-preview":"max-image-preview:large","max-video-preview":"max-video-preview:-1"},"canonical":"https:\/\/hierostrasbourg.com\/index.php\/2023\/02\/19\/echanges-de-savoir-faire-entre-professionnel-le-s-etat-des-pratiques-dans-le-secteur-culturel\/","og_locale":"fr_FR","og_type":"article","og_title":"Echanges de savoir-faire entre professionnel.le.s : \u00e9tat des pratiques dans le secteur culturel - HIERO STRASBOURG","og_description":"communiqu\u00e9 Cette \u00e9tude r\u00e9pond d\u2019une part au besoin de r\u00e9pertorier et d\u2019analyser les pratiques d\u2019\u00e9change de savoir-faire entre professionnel\u00b7le\u00b7s dans un secteur qui ne cesse de cr\u00e9er et d\u2019exp\u00e9rimenter des coop\u00e9rations et d\u2019autre part \u00e0 celui de s\u2019interroger sur l\u2019articulation de ces pratiques avec les autres outils d\u2019accompagnement. Etude r\u00e9alis\u00e9e par les Beaux Projets et Opale. Constatant le foisonnement des appuis sous forme d\u2019\u00e9changes de savoirs entre professionnel.le.s ces derni\u00e8res ann\u00e9es, Opale a men\u00e9 en 2022 deux actions : l\u2019exp\u00e9rimentation [&hellip;]","og_url":"https:\/\/hierostrasbourg.com\/index.php\/2023\/02\/19\/echanges-de-savoir-faire-entre-professionnel-le-s-etat-des-pratiques-dans-le-secteur-culturel\/","og_site_name":"HIERO STRASBOURG","article_publisher":"https:\/\/www.facebook.com\/fedehierostrasbourg","article_published_time":"2023-02-19T21:41:10+00:00","twitter_card":"summary_large_image","twitter_creator":"@hierostrasbourg","twitter_site":"@hierostrasbourg","twitter_misc":{"Dur\u00e9e de lecture estim\u00e9e":"2 minutes"},"schema":{"@context":"https:\/\/schema.org","@graph":[{"@type":"Article","@id":"https:\/\/hierostrasbourg.com\/index.php\/2023\/02\/19\/echanges-de-savoir-faire-entre-professionnel-le-s-etat-des-pratiques-dans-le-secteur-culturel\/#article","isPartOf":{"@id":"https:\/\/hierostrasbourg.com\/index.php\/2023\/02\/19\/echanges-de-savoir-faire-entre-professionnel-le-s-etat-des-pratiques-dans-le-secteur-culturel\/"},"author":{"name":"","@id":""},"headline":"Echanges de savoir-faire entre professionnel.le.s : \u00e9tat des pratiques dans le secteur culturel","datePublished":"2023-02-19T21:41:10+00:00","mainEntityOfPage":{"@id":"https:\/\/hierostrasbourg.com\/index.php\/2023\/02\/19\/echanges-de-savoir-faire-entre-professionnel-le-s-etat-des-pratiques-dans-le-secteur-culturel\/"},"wordCount":454,"publisher":{"@id":"https:\/\/hierostrasbourg.com\/#organization"},"inLanguage":"fr-FR"},{"@type":"WebPage","@id":"https:\/\/hierostrasbourg.com\/index.php\/2023\/02\/19\/echanges-de-savoir-faire-entre-professionnel-le-s-etat-des-pratiques-dans-le-secteur-culturel\/","url":"https:\/\/hierostrasbourg.com\/index.php\/2023\/02\/19\/echanges-de-savoir-faire-entre-professionnel-le-s-etat-des-pratiques-dans-le-secteur-culturel\/","name":"Echanges de savoir-faire entre professionnel.le.s : \u00e9tat des pratiques dans le secteur culturel - HIERO STRASBOURG","isPartOf":{"@id":"https:\/\/hierostrasbourg.com\/#website"},"datePublished":"2023-02-19T21:41:10+00:00","breadcrumb":{"@id":"https:\/\/hierostrasbourg.com\/index.php\/2023\/02\/19\/echanges-de-savoir-faire-entre-professionnel-le-s-etat-des-pratiques-dans-le-secteur-culturel\/#breadcrumb"},"inLanguage":"fr-FR","potentialAction":[{"@type":"ReadAction","target":["https:\/\/hierostrasbourg.com\/index.php\/2023\/02\/19\/echanges-de-savoir-faire-entre-professionnel-le-s-etat-des-pratiques-dans-le-secteur-culturel\/"]}]},{"@type":"BreadcrumbList","@id":"https:\/\/hierostrasbourg.com\/index.php\/2023\/02\/19\/echanges-de-savoir-faire-entre-professionnel-le-s-etat-des-pratiques-dans-le-secteur-culturel\/#breadcrumb","itemListElement":[{"@type":"ListItem","position":1,"name":"Accueil","item":"https:\/\/hierostrasbourg.com\/"},{"@type":"ListItem","position":2,"name":"Echanges de savoir-faire entre professionnel.le.s : \u00e9tat des pratiques dans le secteur culturel"}]},{"@type":"WebSite","@id":"https:\/\/hierostrasbourg.com\/#website","url":"https:\/\/hierostrasbourg.com\/","name":"HIERO STRASBOURG","description":"Centre de Ressources Musiques Actuelles","publisher":{"@id":"https:\/\/hierostrasbourg.com\/#organization"},"potentialAction":[{"@type":"SearchAction","target":{"@type":"EntryPoint","urlTemplate":"https:\/\/hierostrasbourg.com\/?s={search_term_string}"},"query-input":{"@type":"PropertyValueSpecification","valueRequired":true,"valueName":"search_term_string"}}],"inLanguage":"fr-FR"},{"@type":"Organization","@id":"https:\/\/hierostrasbourg.com\/#organization","name":"F\u00e9d\u00e9ration Hi\u00e9ro Strasbourg","url":"https:\/\/hierostrasbourg.com\/","logo":{"@type":"ImageObject","inLanguage":"fr-FR","@id":"https:\/\/hierostrasbourg.com\/#\/schema\/logo\/image\/","url":"https:\/\/hierostrasbourg.com\/wp-content\/uploads\/2026\/04\/logo-hiero-strasbourg.jpg","contentUrl":"https:\/\/hierostrasbourg.com\/wp-content\/uploads\/2026\/04\/logo-hiero-strasbourg.jpg","width":204,"height":192,"caption":"F\u00e9d\u00e9ration Hi\u00e9ro Strasbourg"},"image":{"@id":"https:\/\/hierostrasbourg.com\/#\/schema\/logo\/image\/"},"sameAs":["https:\/\/www.facebook.com\/fedehierostrasbourg","https:\/\/x.com\/hierostrasbourg"]}]}},"_links":{"self":[{"href":"https:\/\/hierostrasbourg.com\/index.php\/wp-json\/wp\/v2\/posts\/5368","targetHints":{"allow":["GET"]}}],"collection":[{"href":"https:\/\/hierostrasbourg.com\/index.php\/wp-json\/wp\/v2\/posts"}],"about":[{"href":"https:\/\/hierostrasbourg.com\/index.php\/wp-json\/wp\/v2\/types\/post"}],"replies":[{"embeddable":true,"href":"https:\/\/hierostrasbourg.com\/index.php\/wp-json\/wp\/v2\/comments?post=5368"}],"version-history":[{"count":0,"href":"https:\/\/hierostrasbourg.com\/index.php\/wp-json\/wp\/v2\/posts\/5368\/revisions"}],"wp:attachment":[{"href":"https:\/\/hierostrasbourg.com\/index.php\/wp-json\/wp\/v2\/media?parent=5368"}],"wp:term":[{"taxonomy":"category","embeddable":true,"href":"https:\/\/hierostrasbourg.com\/index.php\/wp-json\/wp\/v2\/categories?post=5368"},{"taxonomy":"post_tag","embeddable":true,"href":"https:\/\/hierostrasbourg.com\/index.php\/wp-json\/wp\/v2\/tags?post=5368"}],"curies":[{"name":"wp","href":"https:\/\/api.w.org\/{rel}","templated":true}]}}