{"id":5367,"date":"2023-02-19T14:40:33","date_gmt":"2023-02-19T13:40:33","guid":{"rendered":"https:\/\/hierostrasbourg.com\/index.php\/2023\/02\/19\/intelligences-artificielles-les-questions-posees-par-laffaire-eminem-guetta\/"},"modified":"2023-02-19T14:40:33","modified_gmt":"2023-02-19T13:40:33","slug":"intelligences-artificielles-les-questions-posees-par-laffaire-eminem-guetta","status":"publish","type":"post","link":"https:\/\/hierostrasbourg.com\/index.php\/2023\/02\/19\/intelligences-artificielles-les-questions-posees-par-laffaire-eminem-guetta\/","title":{"rendered":"Intelligences artificielles, les questions pos\u00e9es par \u201cl\u2019affaire\u201d Eminem \/ Guetta"},"content":{"rendered":"<p><a href=\"https:\/\/musiquesactuelles.alsace\/intelligences-artificielles-les-questions-posees-par-laffaire-eminem-guetta\/\" title=\"Intelligences artificielles, les questions pos\u00e9es par &quot;l'affaire&quot; Eminem \/ Guetta\"><\/a><\/p>\n<p><em>Cette semaine dans Explizik,<\/em><br \/><em>Je voulais vous parler de la pol\u00e9mique d\u00e9clench\u00e9e par un morceau, post\u00e9e par David Guetta sur Twitter, faisant penser \u00e0 une collaboration avec Eminem, mais sans la participation de l\u2019int\u00e9ress\u00e9. Au del\u00e0 de la pol\u00e9mique \u00e7a a \u00e9t\u00e9 l\u2019occasion pour lui de partager sa vision du potentiel des IA dans la musique.<\/em><\/p>\n<div><a title=\"Explizik\" href=\"https:\/\/soundcloud.com\/explizik\" target=\"_blank\" rel=\"noopener\">Explizik<\/a> \u00b7 <a title=\"Intelligences artificielles, les questions pose\u0301es par &quot;l'affaire&quot; Eminem \/ Guetta\" href=\"https:\/\/soundcloud.com\/explizik\/intelligences-artificielles-les-questions-interessantes-posees-par-la-blague-de-guetta\" target=\"_blank\" rel=\"noopener\">Intelligences artificielles, les questions pose\u0301es par \u201cl\u2019affaire\u201d Eminem \/ Guetta<\/a><\/div>\n<p>L\u2019article <a href=\"https:\/\/musiquesactuelles.alsace\/intelligences-artificielles-les-questions-posees-par-laffaire-eminem-guetta\/\">Intelligences artificielles, les questions pos\u00e9es par \u201cl\u2019affaire\u201d Eminem \/ Guetta<\/a> est apparu en premier sur <a href=\"https:\/\/musiquesactuelles.alsace\/\">Musiques Actuelles en Alsace<\/a>.<\/p>\n<p>L\u2019article <a href=\"https:\/\/popburo.fr\/intelligences-artificielles-les-questions-posees-par-laffaire-eminem-guetta\/\">Intelligences artificielles, les questions pos\u00e9es par \u201cl\u2019affaire\u201d Eminem \/ Guetta<\/a> est apparu en premier sur <a href=\"https:\/\/popburo.fr\/\">POP B\u00dcRO<\/a>.<\/p>\n","protected":false},"excerpt":{"rendered":"<p>Cette semaine dans Explizik,Je voulais vous parler de la pol\u00e9mique d\u00e9clench\u00e9e par un morceau, post\u00e9e par David Guetta sur Twitter, faisant penser \u00e0 une collaboration avec Eminem, mais sans la participation de l\u2019int\u00e9ress\u00e9. Au del\u00e0 de la pol\u00e9mique \u00e7a a \u00e9t\u00e9 l\u2019occasion pour lui de partager sa vision du potentiel des IA dans la musique. Explizik \u00b7 Intelligences artificielles, les questions pose\u0301es par \u201cl\u2019affaire\u201d Eminem \/ Guetta L\u2019article Intelligences artificielles, les questions pos\u00e9es par \u201cl\u2019affaire\u201d Eminem \/ Guetta est apparu [&hellip;]<\/p>\n","protected":false},"author":0,"featured_media":0,"comment_status":"closed","ping_status":"open","sticky":false,"template":"","format":"standard","meta":{"footnotes":""},"categories":[1],"tags":[],"class_list":["post-5367","post","type-post","status-publish","format-standard","hentry","category-non-classe"],"yoast_head":"<!-- This site is optimized with the Yoast SEO plugin v27.4 - https:\/\/yoast.com\/product\/yoast-seo-wordpress\/ -->\n<title>Intelligences artificielles, les questions pos\u00e9es par \u201cl\u2019affaire\u201d Eminem \/ Guetta - HIERO STRASBOURG<\/title>\n<meta name=\"robots\" content=\"index, follow, max-snippet:-1, max-image-preview:large, max-video-preview:-1\" \/>\n<link rel=\"canonical\" href=\"https:\/\/hierostrasbourg.com\/index.php\/2023\/02\/19\/intelligences-artificielles-les-questions-posees-par-laffaire-eminem-guetta\/\" \/>\n<meta property=\"og:locale\" content=\"fr_FR\" \/>\n<meta property=\"og:type\" content=\"article\" \/>\n<meta property=\"og:title\" content=\"Intelligences artificielles, les questions pos\u00e9es par \u201cl\u2019affaire\u201d Eminem \/ Guetta - HIERO STRASBOURG\" \/>\n<meta property=\"og:description\" content=\"Cette semaine dans Explizik,Je voulais vous parler de la pol\u00e9mique d\u00e9clench\u00e9e par un morceau, post\u00e9e par David Guetta sur Twitter, faisant penser \u00e0 une collaboration avec Eminem, mais sans la participation de l\u2019int\u00e9ress\u00e9. Au del\u00e0 de la pol\u00e9mique \u00e7a a \u00e9t\u00e9 l\u2019occasion pour lui de partager sa vision du potentiel des IA dans la musique. Explizik \u00b7 Intelligences artificielles, les questions pose\u0301es par \u201cl\u2019affaire\u201d Eminem \/ Guetta L\u2019article Intelligences artificielles, les questions pos\u00e9es par \u201cl\u2019affaire\u201d Eminem \/ Guetta est apparu [&hellip;]\" \/>\n<meta property=\"og:url\" content=\"https:\/\/hierostrasbourg.com\/index.php\/2023\/02\/19\/intelligences-artificielles-les-questions-posees-par-laffaire-eminem-guetta\/\" \/>\n<meta property=\"og:site_name\" content=\"HIERO STRASBOURG\" \/>\n<meta property=\"article:publisher\" content=\"https:\/\/www.facebook.com\/fedehierostrasbourg\" \/>\n<meta property=\"article:published_time\" content=\"2023-02-19T13:40:33+00:00\" \/>\n<meta name=\"twitter:card\" content=\"summary_large_image\" \/>\n<meta name=\"twitter:creator\" content=\"@hierostrasbourg\" \/>\n<meta name=\"twitter:site\" content=\"@hierostrasbourg\" \/>\n<meta name=\"twitter:label1\" content=\"Dur\u00e9e de lecture estim\u00e9e\" \/>\n\t<meta name=\"twitter:data1\" content=\"1 minute\" \/>\n<script type=\"application\/ld+json\" class=\"yoast-schema-graph\">{\"@context\":\"https:\\\/\\\/schema.org\",\"@graph\":[{\"@type\":\"Article\",\"@id\":\"https:\\\/\\\/hierostrasbourg.com\\\/index.php\\\/2023\\\/02\\\/19\\\/intelligences-artificielles-les-questions-posees-par-laffaire-eminem-guetta\\\/#article\",\"isPartOf\":{\"@id\":\"https:\\\/\\\/hierostrasbourg.com\\\/index.php\\\/2023\\\/02\\\/19\\\/intelligences-artificielles-les-questions-posees-par-laffaire-eminem-guetta\\\/\"},\"author\":{\"name\":\"\",\"@id\":\"\"},\"headline\":\"Intelligences artificielles, les questions pos\u00e9es par \u201cl\u2019affaire\u201d Eminem \\\/ Guetta\",\"datePublished\":\"2023-02-19T13:40:33+00:00\",\"mainEntityOfPage\":{\"@id\":\"https:\\\/\\\/hierostrasbourg.com\\\/index.php\\\/2023\\\/02\\\/19\\\/intelligences-artificielles-les-questions-posees-par-laffaire-eminem-guetta\\\/\"},\"wordCount\":129,\"publisher\":{\"@id\":\"https:\\\/\\\/hierostrasbourg.com\\\/#organization\"},\"inLanguage\":\"fr-FR\"},{\"@type\":\"WebPage\",\"@id\":\"https:\\\/\\\/hierostrasbourg.com\\\/index.php\\\/2023\\\/02\\\/19\\\/intelligences-artificielles-les-questions-posees-par-laffaire-eminem-guetta\\\/\",\"url\":\"https:\\\/\\\/hierostrasbourg.com\\\/index.php\\\/2023\\\/02\\\/19\\\/intelligences-artificielles-les-questions-posees-par-laffaire-eminem-guetta\\\/\",\"name\":\"Intelligences artificielles, les questions pos\u00e9es par \u201cl\u2019affaire\u201d Eminem \\\/ Guetta - HIERO STRASBOURG\",\"isPartOf\":{\"@id\":\"https:\\\/\\\/hierostrasbourg.com\\\/#website\"},\"datePublished\":\"2023-02-19T13:40:33+00:00\",\"breadcrumb\":{\"@id\":\"https:\\\/\\\/hierostrasbourg.com\\\/index.php\\\/2023\\\/02\\\/19\\\/intelligences-artificielles-les-questions-posees-par-laffaire-eminem-guetta\\\/#breadcrumb\"},\"inLanguage\":\"fr-FR\",\"potentialAction\":[{\"@type\":\"ReadAction\",\"target\":[\"https:\\\/\\\/hierostrasbourg.com\\\/index.php\\\/2023\\\/02\\\/19\\\/intelligences-artificielles-les-questions-posees-par-laffaire-eminem-guetta\\\/\"]}]},{\"@type\":\"BreadcrumbList\",\"@id\":\"https:\\\/\\\/hierostrasbourg.com\\\/index.php\\\/2023\\\/02\\\/19\\\/intelligences-artificielles-les-questions-posees-par-laffaire-eminem-guetta\\\/#breadcrumb\",\"itemListElement\":[{\"@type\":\"ListItem\",\"position\":1,\"name\":\"Accueil\",\"item\":\"https:\\\/\\\/hierostrasbourg.com\\\/\"},{\"@type\":\"ListItem\",\"position\":2,\"name\":\"Intelligences artificielles, les questions pos\u00e9es par \u201cl\u2019affaire\u201d Eminem \\\/ Guetta\"}]},{\"@type\":\"WebSite\",\"@id\":\"https:\\\/\\\/hierostrasbourg.com\\\/#website\",\"url\":\"https:\\\/\\\/hierostrasbourg.com\\\/\",\"name\":\"HIERO STRASBOURG\",\"description\":\"Centre de Ressources Musiques Actuelles\",\"publisher\":{\"@id\":\"https:\\\/\\\/hierostrasbourg.com\\\/#organization\"},\"potentialAction\":[{\"@type\":\"SearchAction\",\"target\":{\"@type\":\"EntryPoint\",\"urlTemplate\":\"https:\\\/\\\/hierostrasbourg.com\\\/?s={search_term_string}\"},\"query-input\":{\"@type\":\"PropertyValueSpecification\",\"valueRequired\":true,\"valueName\":\"search_term_string\"}}],\"inLanguage\":\"fr-FR\"},{\"@type\":\"Organization\",\"@id\":\"https:\\\/\\\/hierostrasbourg.com\\\/#organization\",\"name\":\"F\u00e9d\u00e9ration Hi\u00e9ro Strasbourg\",\"url\":\"https:\\\/\\\/hierostrasbourg.com\\\/\",\"logo\":{\"@type\":\"ImageObject\",\"inLanguage\":\"fr-FR\",\"@id\":\"https:\\\/\\\/hierostrasbourg.com\\\/#\\\/schema\\\/logo\\\/image\\\/\",\"url\":\"https:\\\/\\\/hierostrasbourg.com\\\/wp-content\\\/uploads\\\/2026\\\/04\\\/logo-hiero-strasbourg.jpg\",\"contentUrl\":\"https:\\\/\\\/hierostrasbourg.com\\\/wp-content\\\/uploads\\\/2026\\\/04\\\/logo-hiero-strasbourg.jpg\",\"width\":204,\"height\":192,\"caption\":\"F\u00e9d\u00e9ration Hi\u00e9ro Strasbourg\"},\"image\":{\"@id\":\"https:\\\/\\\/hierostrasbourg.com\\\/#\\\/schema\\\/logo\\\/image\\\/\"},\"sameAs\":[\"https:\\\/\\\/www.facebook.com\\\/fedehierostrasbourg\",\"https:\\\/\\\/x.com\\\/hierostrasbourg\"]}]}<\/script>\n<!-- \/ Yoast SEO plugin. -->","yoast_head_json":{"title":"Intelligences artificielles, les questions pos\u00e9es par \u201cl\u2019affaire\u201d Eminem \/ Guetta - HIERO STRASBOURG","robots":{"index":"index","follow":"follow","max-snippet":"max-snippet:-1","max-image-preview":"max-image-preview:large","max-video-preview":"max-video-preview:-1"},"canonical":"https:\/\/hierostrasbourg.com\/index.php\/2023\/02\/19\/intelligences-artificielles-les-questions-posees-par-laffaire-eminem-guetta\/","og_locale":"fr_FR","og_type":"article","og_title":"Intelligences artificielles, les questions pos\u00e9es par \u201cl\u2019affaire\u201d Eminem \/ Guetta - HIERO STRASBOURG","og_description":"Cette semaine dans Explizik,Je voulais vous parler de la pol\u00e9mique d\u00e9clench\u00e9e par un morceau, post\u00e9e par David Guetta sur Twitter, faisant penser \u00e0 une collaboration avec Eminem, mais sans la participation de l\u2019int\u00e9ress\u00e9. Au del\u00e0 de la pol\u00e9mique \u00e7a a \u00e9t\u00e9 l\u2019occasion pour lui de partager sa vision du potentiel des IA dans la musique. Explizik \u00b7 Intelligences artificielles, les questions pose\u0301es par \u201cl\u2019affaire\u201d Eminem \/ Guetta L\u2019article Intelligences artificielles, les questions pos\u00e9es par \u201cl\u2019affaire\u201d Eminem \/ Guetta est apparu [&hellip;]","og_url":"https:\/\/hierostrasbourg.com\/index.php\/2023\/02\/19\/intelligences-artificielles-les-questions-posees-par-laffaire-eminem-guetta\/","og_site_name":"HIERO STRASBOURG","article_publisher":"https:\/\/www.facebook.com\/fedehierostrasbourg","article_published_time":"2023-02-19T13:40:33+00:00","twitter_card":"summary_large_image","twitter_creator":"@hierostrasbourg","twitter_site":"@hierostrasbourg","twitter_misc":{"Dur\u00e9e de lecture estim\u00e9e":"1 minute"},"schema":{"@context":"https:\/\/schema.org","@graph":[{"@type":"Article","@id":"https:\/\/hierostrasbourg.com\/index.php\/2023\/02\/19\/intelligences-artificielles-les-questions-posees-par-laffaire-eminem-guetta\/#article","isPartOf":{"@id":"https:\/\/hierostrasbourg.com\/index.php\/2023\/02\/19\/intelligences-artificielles-les-questions-posees-par-laffaire-eminem-guetta\/"},"author":{"name":"","@id":""},"headline":"Intelligences artificielles, les questions pos\u00e9es par \u201cl\u2019affaire\u201d Eminem \/ Guetta","datePublished":"2023-02-19T13:40:33+00:00","mainEntityOfPage":{"@id":"https:\/\/hierostrasbourg.com\/index.php\/2023\/02\/19\/intelligences-artificielles-les-questions-posees-par-laffaire-eminem-guetta\/"},"wordCount":129,"publisher":{"@id":"https:\/\/hierostrasbourg.com\/#organization"},"inLanguage":"fr-FR"},{"@type":"WebPage","@id":"https:\/\/hierostrasbourg.com\/index.php\/2023\/02\/19\/intelligences-artificielles-les-questions-posees-par-laffaire-eminem-guetta\/","url":"https:\/\/hierostrasbourg.com\/index.php\/2023\/02\/19\/intelligences-artificielles-les-questions-posees-par-laffaire-eminem-guetta\/","name":"Intelligences artificielles, les questions pos\u00e9es par \u201cl\u2019affaire\u201d Eminem \/ Guetta - HIERO STRASBOURG","isPartOf":{"@id":"https:\/\/hierostrasbourg.com\/#website"},"datePublished":"2023-02-19T13:40:33+00:00","breadcrumb":{"@id":"https:\/\/hierostrasbourg.com\/index.php\/2023\/02\/19\/intelligences-artificielles-les-questions-posees-par-laffaire-eminem-guetta\/#breadcrumb"},"inLanguage":"fr-FR","potentialAction":[{"@type":"ReadAction","target":["https:\/\/hierostrasbourg.com\/index.php\/2023\/02\/19\/intelligences-artificielles-les-questions-posees-par-laffaire-eminem-guetta\/"]}]},{"@type":"BreadcrumbList","@id":"https:\/\/hierostrasbourg.com\/index.php\/2023\/02\/19\/intelligences-artificielles-les-questions-posees-par-laffaire-eminem-guetta\/#breadcrumb","itemListElement":[{"@type":"ListItem","position":1,"name":"Accueil","item":"https:\/\/hierostrasbourg.com\/"},{"@type":"ListItem","position":2,"name":"Intelligences artificielles, les questions pos\u00e9es par \u201cl\u2019affaire\u201d Eminem \/ Guetta"}]},{"@type":"WebSite","@id":"https:\/\/hierostrasbourg.com\/#website","url":"https:\/\/hierostrasbourg.com\/","name":"HIERO STRASBOURG","description":"Centre de Ressources Musiques Actuelles","publisher":{"@id":"https:\/\/hierostrasbourg.com\/#organization"},"potentialAction":[{"@type":"SearchAction","target":{"@type":"EntryPoint","urlTemplate":"https:\/\/hierostrasbourg.com\/?s={search_term_string}"},"query-input":{"@type":"PropertyValueSpecification","valueRequired":true,"valueName":"search_term_string"}}],"inLanguage":"fr-FR"},{"@type":"Organization","@id":"https:\/\/hierostrasbourg.com\/#organization","name":"F\u00e9d\u00e9ration Hi\u00e9ro Strasbourg","url":"https:\/\/hierostrasbourg.com\/","logo":{"@type":"ImageObject","inLanguage":"fr-FR","@id":"https:\/\/hierostrasbourg.com\/#\/schema\/logo\/image\/","url":"https:\/\/hierostrasbourg.com\/wp-content\/uploads\/2026\/04\/logo-hiero-strasbourg.jpg","contentUrl":"https:\/\/hierostrasbourg.com\/wp-content\/uploads\/2026\/04\/logo-hiero-strasbourg.jpg","width":204,"height":192,"caption":"F\u00e9d\u00e9ration Hi\u00e9ro Strasbourg"},"image":{"@id":"https:\/\/hierostrasbourg.com\/#\/schema\/logo\/image\/"},"sameAs":["https:\/\/www.facebook.com\/fedehierostrasbourg","https:\/\/x.com\/hierostrasbourg"]}]}},"_links":{"self":[{"href":"https:\/\/hierostrasbourg.com\/index.php\/wp-json\/wp\/v2\/posts\/5367","targetHints":{"allow":["GET"]}}],"collection":[{"href":"https:\/\/hierostrasbourg.com\/index.php\/wp-json\/wp\/v2\/posts"}],"about":[{"href":"https:\/\/hierostrasbourg.com\/index.php\/wp-json\/wp\/v2\/types\/post"}],"replies":[{"embeddable":true,"href":"https:\/\/hierostrasbourg.com\/index.php\/wp-json\/wp\/v2\/comments?post=5367"}],"version-history":[{"count":0,"href":"https:\/\/hierostrasbourg.com\/index.php\/wp-json\/wp\/v2\/posts\/5367\/revisions"}],"wp:attachment":[{"href":"https:\/\/hierostrasbourg.com\/index.php\/wp-json\/wp\/v2\/media?parent=5367"}],"wp:term":[{"taxonomy":"category","embeddable":true,"href":"https:\/\/hierostrasbourg.com\/index.php\/wp-json\/wp\/v2\/categories?post=5367"},{"taxonomy":"post_tag","embeddable":true,"href":"https:\/\/hierostrasbourg.com\/index.php\/wp-json\/wp\/v2\/tags?post=5367"}],"curies":[{"name":"wp","href":"https:\/\/api.w.org\/{rel}","templated":true}]}}