{"id":5360,"date":"2023-02-18T21:40:34","date_gmt":"2023-02-18T20:40:34","guid":{"rendered":"https:\/\/hierostrasbourg.com\/index.php\/2023\/02\/18\/pour-une-ecologie-qui-rassemble-creons-des-maisons-de-lecologie-culturelle\/"},"modified":"2023-02-18T21:40:34","modified_gmt":"2023-02-18T20:40:34","slug":"pour-une-ecologie-qui-rassemble-creons-des-maisons-de-lecologie-culturelle","status":"publish","type":"post","link":"https:\/\/hierostrasbourg.com\/index.php\/2023\/02\/18\/pour-une-ecologie-qui-rassemble-creons-des-maisons-de-lecologie-culturelle\/","title":{"rendered":"\u201cPour une \u00e9cologie qui rassemble, cr\u00e9ons des Maisons de l\u2019\u00e9cologie culturelle !\u201d"},"content":{"rendered":"<p><a href=\"https:\/\/musiquesactuelles.alsace\/pour-une-ecologie-qui-rassemble-creons-des-maisons-de-lecologie-culturelle\/\" title='\"Pour une \u00e9cologie qui rassemble, cr\u00e9ons des Maisons de l\u2019\u00e9cologie culturelle !\"'><\/a><\/p>\n<p><em>Les auteurs du Manifeste pour une \u00e9cologie culturelle plaident pour la cr\u00e9ation de lieux d\u2019\u00e9ducation populaire et de rassemblement par-del\u00e0 les clivages, qui permettraient de faire advenir une soci\u00e9t\u00e9 \u00e9cologique.<\/em><\/p>\n<p>Source \/ Lire la suite : <a href=\"https:\/\/vert.eco\/articles\/pour-une-ecologie-qui-rassemble-creons-des-maisons-de-lecologie-culturelle\">\u201cPour une \u00e9cologie qui rassemble, cr\u00e9ons des Maisons de l\u2019\u00e9cologie culturelle !\u201d<\/a><\/p>\n<p>L\u2019article <a href=\"https:\/\/musiquesactuelles.alsace\/pour-une-ecologie-qui-rassemble-creons-des-maisons-de-lecologie-culturelle\/\">\u201cPour une \u00e9cologie qui rassemble, cr\u00e9ons des Maisons de l\u2019\u00e9cologie culturelle !\u201d<\/a> est apparu en premier sur <a href=\"https:\/\/musiquesactuelles.alsace\/\">Musiques Actuelles en Alsace<\/a>.<\/p>\n<p>L\u2019article <a href=\"https:\/\/popburo.fr\/pour-une-ecologie-qui-rassemble-creons-des-maisons-de-lecologie-culturelle\/\">\u201cPour une \u00e9cologie qui rassemble, cr\u00e9ons des Maisons de l\u2019\u00e9cologie culturelle !\u201d<\/a> est apparu en premier sur <a href=\"https:\/\/popburo.fr\/\">POP B\u00dcRO<\/a>.<\/p>\n","protected":false},"excerpt":{"rendered":"<p>Les auteurs du Manifeste pour une \u00e9cologie culturelle plaident pour la cr\u00e9ation de lieux d\u2019\u00e9ducation populaire et de rassemblement par-del\u00e0 les clivages, qui permettraient de faire advenir une soci\u00e9t\u00e9 \u00e9cologique. Source \/ Lire la suite : \u201cPour une \u00e9cologie qui rassemble, cr\u00e9ons des Maisons de l\u2019\u00e9cologie culturelle !\u201d L\u2019article \u201cPour une \u00e9cologie qui rassemble, cr\u00e9ons des Maisons de l\u2019\u00e9cologie culturelle !\u201d est apparu en premier sur Musiques Actuelles en Alsace. L\u2019article \u201cPour une \u00e9cologie qui rassemble, cr\u00e9ons des Maisons de [&hellip;]<\/p>\n","protected":false},"author":0,"featured_media":0,"comment_status":"closed","ping_status":"open","sticky":false,"template":"","format":"standard","meta":{"footnotes":""},"categories":[1],"tags":[],"class_list":["post-5360","post","type-post","status-publish","format-standard","hentry","category-non-classe"],"yoast_head":"<!-- This site is optimized with the Yoast SEO plugin v27.4 - https:\/\/yoast.com\/product\/yoast-seo-wordpress\/ -->\n<title>\u201cPour une \u00e9cologie qui rassemble, cr\u00e9ons des Maisons de l\u2019\u00e9cologie culturelle !\u201d - HIERO STRASBOURG<\/title>\n<meta name=\"robots\" content=\"index, follow, max-snippet:-1, max-image-preview:large, max-video-preview:-1\" \/>\n<link rel=\"canonical\" href=\"https:\/\/hierostrasbourg.com\/index.php\/2023\/02\/18\/pour-une-ecologie-qui-rassemble-creons-des-maisons-de-lecologie-culturelle\/\" \/>\n<meta property=\"og:locale\" content=\"fr_FR\" \/>\n<meta property=\"og:type\" content=\"article\" \/>\n<meta property=\"og:title\" content=\"\u201cPour une \u00e9cologie qui rassemble, cr\u00e9ons des Maisons de l\u2019\u00e9cologie culturelle !\u201d - HIERO STRASBOURG\" \/>\n<meta property=\"og:description\" content=\"Les auteurs du Manifeste pour une \u00e9cologie culturelle plaident pour la cr\u00e9ation de lieux d\u2019\u00e9ducation populaire et de rassemblement par-del\u00e0 les clivages, qui permettraient de faire advenir une soci\u00e9t\u00e9 \u00e9cologique. Source \/ Lire la suite : \u201cPour une \u00e9cologie qui rassemble, cr\u00e9ons des Maisons de l\u2019\u00e9cologie culturelle !\u201d L\u2019article \u201cPour une \u00e9cologie qui rassemble, cr\u00e9ons des Maisons de l\u2019\u00e9cologie culturelle !\u201d est apparu en premier sur Musiques Actuelles en Alsace. L\u2019article \u201cPour une \u00e9cologie qui rassemble, cr\u00e9ons des Maisons de [&hellip;]\" \/>\n<meta property=\"og:url\" content=\"https:\/\/hierostrasbourg.com\/index.php\/2023\/02\/18\/pour-une-ecologie-qui-rassemble-creons-des-maisons-de-lecologie-culturelle\/\" \/>\n<meta property=\"og:site_name\" content=\"HIERO STRASBOURG\" \/>\n<meta property=\"article:publisher\" content=\"https:\/\/www.facebook.com\/fedehierostrasbourg\" \/>\n<meta property=\"article:published_time\" content=\"2023-02-18T20:40:34+00:00\" \/>\n<meta name=\"twitter:card\" content=\"summary_large_image\" \/>\n<meta name=\"twitter:creator\" content=\"@hierostrasbourg\" \/>\n<meta name=\"twitter:site\" content=\"@hierostrasbourg\" \/>\n<script type=\"application\/ld+json\" class=\"yoast-schema-graph\">{\"@context\":\"https:\\\/\\\/schema.org\",\"@graph\":[{\"@type\":\"Article\",\"@id\":\"https:\\\/\\\/hierostrasbourg.com\\\/index.php\\\/2023\\\/02\\\/18\\\/pour-une-ecologie-qui-rassemble-creons-des-maisons-de-lecologie-culturelle\\\/#article\",\"isPartOf\":{\"@id\":\"https:\\\/\\\/hierostrasbourg.com\\\/index.php\\\/2023\\\/02\\\/18\\\/pour-une-ecologie-qui-rassemble-creons-des-maisons-de-lecologie-culturelle\\\/\"},\"author\":{\"name\":\"\",\"@id\":\"\"},\"headline\":\"\u201cPour une \u00e9cologie qui rassemble, cr\u00e9ons des Maisons de l\u2019\u00e9cologie culturelle !\u201d\",\"datePublished\":\"2023-02-18T20:40:34+00:00\",\"mainEntityOfPage\":{\"@id\":\"https:\\\/\\\/hierostrasbourg.com\\\/index.php\\\/2023\\\/02\\\/18\\\/pour-une-ecologie-qui-rassemble-creons-des-maisons-de-lecologie-culturelle\\\/\"},\"wordCount\":110,\"publisher\":{\"@id\":\"https:\\\/\\\/hierostrasbourg.com\\\/#organization\"},\"inLanguage\":\"fr-FR\"},{\"@type\":\"WebPage\",\"@id\":\"https:\\\/\\\/hierostrasbourg.com\\\/index.php\\\/2023\\\/02\\\/18\\\/pour-une-ecologie-qui-rassemble-creons-des-maisons-de-lecologie-culturelle\\\/\",\"url\":\"https:\\\/\\\/hierostrasbourg.com\\\/index.php\\\/2023\\\/02\\\/18\\\/pour-une-ecologie-qui-rassemble-creons-des-maisons-de-lecologie-culturelle\\\/\",\"name\":\"\u201cPour une \u00e9cologie qui rassemble, cr\u00e9ons des Maisons de l\u2019\u00e9cologie culturelle !\u201d - HIERO STRASBOURG\",\"isPartOf\":{\"@id\":\"https:\\\/\\\/hierostrasbourg.com\\\/#website\"},\"datePublished\":\"2023-02-18T20:40:34+00:00\",\"breadcrumb\":{\"@id\":\"https:\\\/\\\/hierostrasbourg.com\\\/index.php\\\/2023\\\/02\\\/18\\\/pour-une-ecologie-qui-rassemble-creons-des-maisons-de-lecologie-culturelle\\\/#breadcrumb\"},\"inLanguage\":\"fr-FR\",\"potentialAction\":[{\"@type\":\"ReadAction\",\"target\":[\"https:\\\/\\\/hierostrasbourg.com\\\/index.php\\\/2023\\\/02\\\/18\\\/pour-une-ecologie-qui-rassemble-creons-des-maisons-de-lecologie-culturelle\\\/\"]}]},{\"@type\":\"BreadcrumbList\",\"@id\":\"https:\\\/\\\/hierostrasbourg.com\\\/index.php\\\/2023\\\/02\\\/18\\\/pour-une-ecologie-qui-rassemble-creons-des-maisons-de-lecologie-culturelle\\\/#breadcrumb\",\"itemListElement\":[{\"@type\":\"ListItem\",\"position\":1,\"name\":\"Accueil\",\"item\":\"https:\\\/\\\/hierostrasbourg.com\\\/\"},{\"@type\":\"ListItem\",\"position\":2,\"name\":\"\u201cPour une \u00e9cologie qui rassemble, cr\u00e9ons des Maisons de l\u2019\u00e9cologie culturelle !\u201d\"}]},{\"@type\":\"WebSite\",\"@id\":\"https:\\\/\\\/hierostrasbourg.com\\\/#website\",\"url\":\"https:\\\/\\\/hierostrasbourg.com\\\/\",\"name\":\"HIERO STRASBOURG\",\"description\":\"Centre de Ressources Musiques Actuelles\",\"publisher\":{\"@id\":\"https:\\\/\\\/hierostrasbourg.com\\\/#organization\"},\"potentialAction\":[{\"@type\":\"SearchAction\",\"target\":{\"@type\":\"EntryPoint\",\"urlTemplate\":\"https:\\\/\\\/hierostrasbourg.com\\\/?s={search_term_string}\"},\"query-input\":{\"@type\":\"PropertyValueSpecification\",\"valueRequired\":true,\"valueName\":\"search_term_string\"}}],\"inLanguage\":\"fr-FR\"},{\"@type\":\"Organization\",\"@id\":\"https:\\\/\\\/hierostrasbourg.com\\\/#organization\",\"name\":\"F\u00e9d\u00e9ration Hi\u00e9ro Strasbourg\",\"url\":\"https:\\\/\\\/hierostrasbourg.com\\\/\",\"logo\":{\"@type\":\"ImageObject\",\"inLanguage\":\"fr-FR\",\"@id\":\"https:\\\/\\\/hierostrasbourg.com\\\/#\\\/schema\\\/logo\\\/image\\\/\",\"url\":\"https:\\\/\\\/hierostrasbourg.com\\\/wp-content\\\/uploads\\\/2026\\\/04\\\/logo-hiero-strasbourg.jpg\",\"contentUrl\":\"https:\\\/\\\/hierostrasbourg.com\\\/wp-content\\\/uploads\\\/2026\\\/04\\\/logo-hiero-strasbourg.jpg\",\"width\":204,\"height\":192,\"caption\":\"F\u00e9d\u00e9ration Hi\u00e9ro Strasbourg\"},\"image\":{\"@id\":\"https:\\\/\\\/hierostrasbourg.com\\\/#\\\/schema\\\/logo\\\/image\\\/\"},\"sameAs\":[\"https:\\\/\\\/www.facebook.com\\\/fedehierostrasbourg\",\"https:\\\/\\\/x.com\\\/hierostrasbourg\"]}]}<\/script>\n<!-- \/ Yoast SEO plugin. -->","yoast_head_json":{"title":"\u201cPour une \u00e9cologie qui rassemble, cr\u00e9ons des Maisons de l\u2019\u00e9cologie culturelle !\u201d - HIERO STRASBOURG","robots":{"index":"index","follow":"follow","max-snippet":"max-snippet:-1","max-image-preview":"max-image-preview:large","max-video-preview":"max-video-preview:-1"},"canonical":"https:\/\/hierostrasbourg.com\/index.php\/2023\/02\/18\/pour-une-ecologie-qui-rassemble-creons-des-maisons-de-lecologie-culturelle\/","og_locale":"fr_FR","og_type":"article","og_title":"\u201cPour une \u00e9cologie qui rassemble, cr\u00e9ons des Maisons de l\u2019\u00e9cologie culturelle !\u201d - HIERO STRASBOURG","og_description":"Les auteurs du Manifeste pour une \u00e9cologie culturelle plaident pour la cr\u00e9ation de lieux d\u2019\u00e9ducation populaire et de rassemblement par-del\u00e0 les clivages, qui permettraient de faire advenir une soci\u00e9t\u00e9 \u00e9cologique. Source \/ Lire la suite : \u201cPour une \u00e9cologie qui rassemble, cr\u00e9ons des Maisons de l\u2019\u00e9cologie culturelle !\u201d L\u2019article \u201cPour une \u00e9cologie qui rassemble, cr\u00e9ons des Maisons de l\u2019\u00e9cologie culturelle !\u201d est apparu en premier sur Musiques Actuelles en Alsace. L\u2019article \u201cPour une \u00e9cologie qui rassemble, cr\u00e9ons des Maisons de [&hellip;]","og_url":"https:\/\/hierostrasbourg.com\/index.php\/2023\/02\/18\/pour-une-ecologie-qui-rassemble-creons-des-maisons-de-lecologie-culturelle\/","og_site_name":"HIERO STRASBOURG","article_publisher":"https:\/\/www.facebook.com\/fedehierostrasbourg","article_published_time":"2023-02-18T20:40:34+00:00","twitter_card":"summary_large_image","twitter_creator":"@hierostrasbourg","twitter_site":"@hierostrasbourg","schema":{"@context":"https:\/\/schema.org","@graph":[{"@type":"Article","@id":"https:\/\/hierostrasbourg.com\/index.php\/2023\/02\/18\/pour-une-ecologie-qui-rassemble-creons-des-maisons-de-lecologie-culturelle\/#article","isPartOf":{"@id":"https:\/\/hierostrasbourg.com\/index.php\/2023\/02\/18\/pour-une-ecologie-qui-rassemble-creons-des-maisons-de-lecologie-culturelle\/"},"author":{"name":"","@id":""},"headline":"\u201cPour une \u00e9cologie qui rassemble, cr\u00e9ons des Maisons de l\u2019\u00e9cologie culturelle !\u201d","datePublished":"2023-02-18T20:40:34+00:00","mainEntityOfPage":{"@id":"https:\/\/hierostrasbourg.com\/index.php\/2023\/02\/18\/pour-une-ecologie-qui-rassemble-creons-des-maisons-de-lecologie-culturelle\/"},"wordCount":110,"publisher":{"@id":"https:\/\/hierostrasbourg.com\/#organization"},"inLanguage":"fr-FR"},{"@type":"WebPage","@id":"https:\/\/hierostrasbourg.com\/index.php\/2023\/02\/18\/pour-une-ecologie-qui-rassemble-creons-des-maisons-de-lecologie-culturelle\/","url":"https:\/\/hierostrasbourg.com\/index.php\/2023\/02\/18\/pour-une-ecologie-qui-rassemble-creons-des-maisons-de-lecologie-culturelle\/","name":"\u201cPour une \u00e9cologie qui rassemble, cr\u00e9ons des Maisons de l\u2019\u00e9cologie culturelle !\u201d - HIERO STRASBOURG","isPartOf":{"@id":"https:\/\/hierostrasbourg.com\/#website"},"datePublished":"2023-02-18T20:40:34+00:00","breadcrumb":{"@id":"https:\/\/hierostrasbourg.com\/index.php\/2023\/02\/18\/pour-une-ecologie-qui-rassemble-creons-des-maisons-de-lecologie-culturelle\/#breadcrumb"},"inLanguage":"fr-FR","potentialAction":[{"@type":"ReadAction","target":["https:\/\/hierostrasbourg.com\/index.php\/2023\/02\/18\/pour-une-ecologie-qui-rassemble-creons-des-maisons-de-lecologie-culturelle\/"]}]},{"@type":"BreadcrumbList","@id":"https:\/\/hierostrasbourg.com\/index.php\/2023\/02\/18\/pour-une-ecologie-qui-rassemble-creons-des-maisons-de-lecologie-culturelle\/#breadcrumb","itemListElement":[{"@type":"ListItem","position":1,"name":"Accueil","item":"https:\/\/hierostrasbourg.com\/"},{"@type":"ListItem","position":2,"name":"\u201cPour une \u00e9cologie qui rassemble, cr\u00e9ons des Maisons de l\u2019\u00e9cologie culturelle !\u201d"}]},{"@type":"WebSite","@id":"https:\/\/hierostrasbourg.com\/#website","url":"https:\/\/hierostrasbourg.com\/","name":"HIERO STRASBOURG","description":"Centre de Ressources Musiques Actuelles","publisher":{"@id":"https:\/\/hierostrasbourg.com\/#organization"},"potentialAction":[{"@type":"SearchAction","target":{"@type":"EntryPoint","urlTemplate":"https:\/\/hierostrasbourg.com\/?s={search_term_string}"},"query-input":{"@type":"PropertyValueSpecification","valueRequired":true,"valueName":"search_term_string"}}],"inLanguage":"fr-FR"},{"@type":"Organization","@id":"https:\/\/hierostrasbourg.com\/#organization","name":"F\u00e9d\u00e9ration Hi\u00e9ro Strasbourg","url":"https:\/\/hierostrasbourg.com\/","logo":{"@type":"ImageObject","inLanguage":"fr-FR","@id":"https:\/\/hierostrasbourg.com\/#\/schema\/logo\/image\/","url":"https:\/\/hierostrasbourg.com\/wp-content\/uploads\/2026\/04\/logo-hiero-strasbourg.jpg","contentUrl":"https:\/\/hierostrasbourg.com\/wp-content\/uploads\/2026\/04\/logo-hiero-strasbourg.jpg","width":204,"height":192,"caption":"F\u00e9d\u00e9ration Hi\u00e9ro Strasbourg"},"image":{"@id":"https:\/\/hierostrasbourg.com\/#\/schema\/logo\/image\/"},"sameAs":["https:\/\/www.facebook.com\/fedehierostrasbourg","https:\/\/x.com\/hierostrasbourg"]}]}},"_links":{"self":[{"href":"https:\/\/hierostrasbourg.com\/index.php\/wp-json\/wp\/v2\/posts\/5360","targetHints":{"allow":["GET"]}}],"collection":[{"href":"https:\/\/hierostrasbourg.com\/index.php\/wp-json\/wp\/v2\/posts"}],"about":[{"href":"https:\/\/hierostrasbourg.com\/index.php\/wp-json\/wp\/v2\/types\/post"}],"replies":[{"embeddable":true,"href":"https:\/\/hierostrasbourg.com\/index.php\/wp-json\/wp\/v2\/comments?post=5360"}],"version-history":[{"count":0,"href":"https:\/\/hierostrasbourg.com\/index.php\/wp-json\/wp\/v2\/posts\/5360\/revisions"}],"wp:attachment":[{"href":"https:\/\/hierostrasbourg.com\/index.php\/wp-json\/wp\/v2\/media?parent=5360"}],"wp:term":[{"taxonomy":"category","embeddable":true,"href":"https:\/\/hierostrasbourg.com\/index.php\/wp-json\/wp\/v2\/categories?post=5360"},{"taxonomy":"post_tag","embeddable":true,"href":"https:\/\/hierostrasbourg.com\/index.php\/wp-json\/wp\/v2\/tags?post=5360"}],"curies":[{"name":"wp","href":"https:\/\/api.w.org\/{rel}","templated":true}]}}