{"id":5310,"date":"2023-02-17T15:40:48","date_gmt":"2023-02-17T14:40:48","guid":{"rendered":"https:\/\/hierostrasbourg.com\/index.php\/2023\/02\/17\/cartographie-nationale-des-festivals-4\/"},"modified":"2023-02-17T15:40:48","modified_gmt":"2023-02-17T14:40:48","slug":"cartographie-nationale-des-festivals-4","status":"publish","type":"post","link":"https:\/\/hierostrasbourg.com\/index.php\/2023\/02\/17\/cartographie-nationale-des-festivals-4\/","title":{"rendered":"Cartographie nationale des festivals"},"content":{"rendered":"<p><span>communiqu\u00e9<\/span><\/p>\n<p><em>Pr\u00e8s de 7 300 festivals ont connu une \u00e9dition en 2019 et ont \u00e9t\u00e9 recens\u00e9s dans le cadre d\u2019un ambitieux projet de cartographie nationale.<\/em><\/p>\n<p><em>Ces 7 300 festivals sont de taille et d\u2019envergure tr\u00e8s diff\u00e9rentes : certains comptent plusieurs dizaines de propositions, quand d\u2019autres s\u2019apparentent plus \u00e0 une f\u00eate de village inscrite dans une d\u00e9marche artistique ou culturelle. Cette grande diversit\u00e9 forme la richesse de la r\u00e9alit\u00e9 festivali\u00e8re, qui s\u2019est d\u00e9velopp\u00e9e \u00e0 la faveur des politiques culturelles mises en \u0153uvre \u00e0 partir de 1981, en mettant \u00e0 l\u2019honneur la dimension \u00e9v\u00e9nementielle et son aspect festif.<\/em><\/p>\n<p><em>L\u2019\u00e9tude propose une analyse r\u00e9gionale puis d\u00e9partementale du fait festivalier en se concentrant sur la densit\u00e9 de l\u2019offre rapport\u00e9e \u00e0 la population, sur l\u2019\u00e9volution du nombre de festivals analys\u00e9e \u00e0 partir de la d\u00e9cennie de leur cr\u00e9ation, sur leur programmation dominante et sur leur saisonnalit\u00e9. Plus de quatre festivals sur dix sont des festivals de musique, pr\u00e8s de la moiti\u00e9 ont \u00e9t\u00e9 cr\u00e9\u00e9s au cours de la derni\u00e8re d\u00e9cennie et pr\u00e8s de quatre sur dix se d\u00e9roulent au cours de la saison estivale. L\u2019histoire, les esth\u00e9tiques de pr\u00e9dilection et l\u2019h\u00e9liotropisme expliquent les variations de leur pr\u00e9sence selon les r\u00e9gions.<\/em><\/p>\n<p><em>Si les d\u00e9partements urbains comptent un plus grand nombre de festivals, les d\u00e9partements ruraux disposent d\u2019une offre riche rapport\u00e9e \u00e0 la population. Enfin, l\u2019offre festivali\u00e8re repose souvent sur un r\u00e9seau d\u2019acteurs et d\u2019\u00e9tablissements culturels qui \u0153uvrent toute l\u2019ann\u00e9e. La dynamique festivali\u00e8re est donc tout \u00e0 la fois \u00e9ph\u00e9m\u00e8re et durable, car compl\u00e9mentaire d\u2019une irrigation culturelle territoriale inscrite dans la permanence.<\/em><\/p>\n<p><em>La cartographie nationale a \u00e9t\u00e9 r\u00e9alis\u00e9e par France Festivals, le Centre d\u2019\u00e9tudes politiques et sociales (Cepel) et le DEPS.<\/em><\/p>\n<div class=\"ead-preview\">\n<div class=\"ead-document\">\n<div class=\"ead-iframe-wrapper\"><\/div>\n<div class=\"ead-document-loading\">\n<div class=\"ead-loading-wrap\">\n<div class=\"ead-loading-main\">\n<div class=\"ead-loading\">\n\t\t\t\t\t\t\t<span>En cours de chargement\u2026<\/span>\n\t\t\t\t\t\t<\/div>\n<\/div>\n<div class=\"ead-loading-foot\">\n<div class=\"ead-loading-foot-title\">\n\t\t\t\t\t\t\t<span>Cela prend trop de temps\u00a0?<\/span>\n\t\t\t\t\t\t<\/div>\n<div class=\"ead-document-btn ead-reload-btn\">\n\t\t\t\t\t\t\t\t Recharger le document\t\t\t\t\t\t\t<\/div>\n<p>\t\t\t\t\t\t\t<span>|<\/span><br \/><a href=\"https:\/\/lamultinationaledelunderground.com\/musiquesactuelles\/wp-content\/uploads\/2023\/02\/CE-2023-2-cartographie_nationale_des_festivals.pdf\" class=\"ead-document-btn\" target=\"_blank\" rel=\"noopener\"><br \/>\n\t\t\t\t\t\t\t\t Ouvrir dans un nouvel onglet\t\t\t\t\t\t\t<\/a>\n\t\t\t\t\t<\/p>\n<\/div>\n<\/div>\n<\/div>\n<\/div>\n<p class=\"embed_download\"><a href=\"https:\/\/lamultinationaledelunderground.com\/musiquesactuelles\/wp-content\/uploads\/2023\/02\/CE-2023-2-cartographie_nationale_des_festivals.pdf\">\ufeffT\u00e9l\u00e9charger [17.14 MB] <\/a><\/p>\n<\/div>\n<p>L\u2019article <a href=\"https:\/\/musiquesactuelles.alsace\/cartographie-nationale-des-festivals\/\">Cartographie nationale des festivals<\/a> est apparu en premier sur <a href=\"https:\/\/musiquesactuelles.alsace\/\">Musiques Actuelles en Alsace<\/a>.<\/p>\n<p>L\u2019article <a href=\"https:\/\/popburo.fr\/cartographie-nationale-des-festivals-4\/\">Cartographie nationale des festivals<\/a> est apparu en premier sur <a href=\"https:\/\/popburo.fr\/\">POP B\u00dcRO<\/a>.<\/p>\n","protected":false},"excerpt":{"rendered":"<p>communiqu\u00e9 Pr\u00e8s de 7 300 festivals ont connu une \u00e9dition en 2019 et ont \u00e9t\u00e9 recens\u00e9s dans le cadre d\u2019un ambitieux projet de cartographie nationale. Ces 7 300 festivals sont de taille et d\u2019envergure tr\u00e8s diff\u00e9rentes : certains comptent plusieurs dizaines de propositions, quand d\u2019autres s\u2019apparentent plus \u00e0 une f\u00eate de village inscrite dans une d\u00e9marche artistique ou culturelle. Cette grande diversit\u00e9 forme la richesse de la r\u00e9alit\u00e9 festivali\u00e8re, qui s\u2019est d\u00e9velopp\u00e9e \u00e0 la faveur des politiques culturelles mises en [&hellip;]<\/p>\n","protected":false},"author":0,"featured_media":0,"comment_status":"closed","ping_status":"open","sticky":false,"template":"","format":"standard","meta":{"footnotes":""},"categories":[1],"tags":[],"class_list":["post-5310","post","type-post","status-publish","format-standard","hentry","category-non-classe"],"yoast_head":"<!-- This site is optimized with the Yoast SEO plugin v27.4 - https:\/\/yoast.com\/product\/yoast-seo-wordpress\/ -->\n<title>Cartographie nationale des festivals - HIERO STRASBOURG<\/title>\n<meta name=\"robots\" content=\"index, follow, max-snippet:-1, max-image-preview:large, max-video-preview:-1\" \/>\n<link rel=\"canonical\" href=\"https:\/\/hierostrasbourg.com\/index.php\/2023\/02\/17\/cartographie-nationale-des-festivals-4\/\" \/>\n<meta property=\"og:locale\" content=\"fr_FR\" \/>\n<meta property=\"og:type\" content=\"article\" \/>\n<meta property=\"og:title\" content=\"Cartographie nationale des festivals - HIERO STRASBOURG\" \/>\n<meta property=\"og:description\" content=\"communiqu\u00e9 Pr\u00e8s de 7 300 festivals ont connu une \u00e9dition en 2019 et ont \u00e9t\u00e9 recens\u00e9s dans le cadre d\u2019un ambitieux projet de cartographie nationale. Ces 7 300 festivals sont de taille et d\u2019envergure tr\u00e8s diff\u00e9rentes : certains comptent plusieurs dizaines de propositions, quand d\u2019autres s\u2019apparentent plus \u00e0 une f\u00eate de village inscrite dans une d\u00e9marche artistique ou culturelle. Cette grande diversit\u00e9 forme la richesse de la r\u00e9alit\u00e9 festivali\u00e8re, qui s\u2019est d\u00e9velopp\u00e9e \u00e0 la faveur des politiques culturelles mises en [&hellip;]\" \/>\n<meta property=\"og:url\" content=\"https:\/\/hierostrasbourg.com\/index.php\/2023\/02\/17\/cartographie-nationale-des-festivals-4\/\" \/>\n<meta property=\"og:site_name\" content=\"HIERO STRASBOURG\" \/>\n<meta property=\"article:publisher\" content=\"https:\/\/www.facebook.com\/fedehierostrasbourg\" \/>\n<meta property=\"article:published_time\" content=\"2023-02-17T14:40:48+00:00\" \/>\n<meta name=\"twitter:card\" content=\"summary_large_image\" \/>\n<meta name=\"twitter:creator\" content=\"@hierostrasbourg\" \/>\n<meta name=\"twitter:site\" content=\"@hierostrasbourg\" \/>\n<meta name=\"twitter:label1\" content=\"Dur\u00e9e de lecture estim\u00e9e\" \/>\n\t<meta name=\"twitter:data1\" content=\"2 minutes\" \/>\n<script type=\"application\/ld+json\" class=\"yoast-schema-graph\">{\"@context\":\"https:\\\/\\\/schema.org\",\"@graph\":[{\"@type\":\"Article\",\"@id\":\"https:\\\/\\\/hierostrasbourg.com\\\/index.php\\\/2023\\\/02\\\/17\\\/cartographie-nationale-des-festivals-4\\\/#article\",\"isPartOf\":{\"@id\":\"https:\\\/\\\/hierostrasbourg.com\\\/index.php\\\/2023\\\/02\\\/17\\\/cartographie-nationale-des-festivals-4\\\/\"},\"author\":{\"name\":\"\",\"@id\":\"\"},\"headline\":\"Cartographie nationale des festivals\",\"datePublished\":\"2023-02-17T14:40:48+00:00\",\"mainEntityOfPage\":{\"@id\":\"https:\\\/\\\/hierostrasbourg.com\\\/index.php\\\/2023\\\/02\\\/17\\\/cartographie-nationale-des-festivals-4\\\/\"},\"wordCount\":371,\"publisher\":{\"@id\":\"https:\\\/\\\/hierostrasbourg.com\\\/#organization\"},\"inLanguage\":\"fr-FR\"},{\"@type\":\"WebPage\",\"@id\":\"https:\\\/\\\/hierostrasbourg.com\\\/index.php\\\/2023\\\/02\\\/17\\\/cartographie-nationale-des-festivals-4\\\/\",\"url\":\"https:\\\/\\\/hierostrasbourg.com\\\/index.php\\\/2023\\\/02\\\/17\\\/cartographie-nationale-des-festivals-4\\\/\",\"name\":\"Cartographie nationale des festivals - HIERO STRASBOURG\",\"isPartOf\":{\"@id\":\"https:\\\/\\\/hierostrasbourg.com\\\/#website\"},\"datePublished\":\"2023-02-17T14:40:48+00:00\",\"breadcrumb\":{\"@id\":\"https:\\\/\\\/hierostrasbourg.com\\\/index.php\\\/2023\\\/02\\\/17\\\/cartographie-nationale-des-festivals-4\\\/#breadcrumb\"},\"inLanguage\":\"fr-FR\",\"potentialAction\":[{\"@type\":\"ReadAction\",\"target\":[\"https:\\\/\\\/hierostrasbourg.com\\\/index.php\\\/2023\\\/02\\\/17\\\/cartographie-nationale-des-festivals-4\\\/\"]}]},{\"@type\":\"BreadcrumbList\",\"@id\":\"https:\\\/\\\/hierostrasbourg.com\\\/index.php\\\/2023\\\/02\\\/17\\\/cartographie-nationale-des-festivals-4\\\/#breadcrumb\",\"itemListElement\":[{\"@type\":\"ListItem\",\"position\":1,\"name\":\"Accueil\",\"item\":\"https:\\\/\\\/hierostrasbourg.com\\\/\"},{\"@type\":\"ListItem\",\"position\":2,\"name\":\"Cartographie nationale des festivals\"}]},{\"@type\":\"WebSite\",\"@id\":\"https:\\\/\\\/hierostrasbourg.com\\\/#website\",\"url\":\"https:\\\/\\\/hierostrasbourg.com\\\/\",\"name\":\"HIERO STRASBOURG\",\"description\":\"Centre de Ressources Musiques Actuelles\",\"publisher\":{\"@id\":\"https:\\\/\\\/hierostrasbourg.com\\\/#organization\"},\"potentialAction\":[{\"@type\":\"SearchAction\",\"target\":{\"@type\":\"EntryPoint\",\"urlTemplate\":\"https:\\\/\\\/hierostrasbourg.com\\\/?s={search_term_string}\"},\"query-input\":{\"@type\":\"PropertyValueSpecification\",\"valueRequired\":true,\"valueName\":\"search_term_string\"}}],\"inLanguage\":\"fr-FR\"},{\"@type\":\"Organization\",\"@id\":\"https:\\\/\\\/hierostrasbourg.com\\\/#organization\",\"name\":\"F\u00e9d\u00e9ration Hi\u00e9ro Strasbourg\",\"url\":\"https:\\\/\\\/hierostrasbourg.com\\\/\",\"logo\":{\"@type\":\"ImageObject\",\"inLanguage\":\"fr-FR\",\"@id\":\"https:\\\/\\\/hierostrasbourg.com\\\/#\\\/schema\\\/logo\\\/image\\\/\",\"url\":\"https:\\\/\\\/hierostrasbourg.com\\\/wp-content\\\/uploads\\\/2026\\\/04\\\/logo-hiero-strasbourg.jpg\",\"contentUrl\":\"https:\\\/\\\/hierostrasbourg.com\\\/wp-content\\\/uploads\\\/2026\\\/04\\\/logo-hiero-strasbourg.jpg\",\"width\":204,\"height\":192,\"caption\":\"F\u00e9d\u00e9ration Hi\u00e9ro Strasbourg\"},\"image\":{\"@id\":\"https:\\\/\\\/hierostrasbourg.com\\\/#\\\/schema\\\/logo\\\/image\\\/\"},\"sameAs\":[\"https:\\\/\\\/www.facebook.com\\\/fedehierostrasbourg\",\"https:\\\/\\\/x.com\\\/hierostrasbourg\"]}]}<\/script>\n<!-- \/ Yoast SEO plugin. -->","yoast_head_json":{"title":"Cartographie nationale des festivals - HIERO STRASBOURG","robots":{"index":"index","follow":"follow","max-snippet":"max-snippet:-1","max-image-preview":"max-image-preview:large","max-video-preview":"max-video-preview:-1"},"canonical":"https:\/\/hierostrasbourg.com\/index.php\/2023\/02\/17\/cartographie-nationale-des-festivals-4\/","og_locale":"fr_FR","og_type":"article","og_title":"Cartographie nationale des festivals - HIERO STRASBOURG","og_description":"communiqu\u00e9 Pr\u00e8s de 7 300 festivals ont connu une \u00e9dition en 2019 et ont \u00e9t\u00e9 recens\u00e9s dans le cadre d\u2019un ambitieux projet de cartographie nationale. Ces 7 300 festivals sont de taille et d\u2019envergure tr\u00e8s diff\u00e9rentes : certains comptent plusieurs dizaines de propositions, quand d\u2019autres s\u2019apparentent plus \u00e0 une f\u00eate de village inscrite dans une d\u00e9marche artistique ou culturelle. Cette grande diversit\u00e9 forme la richesse de la r\u00e9alit\u00e9 festivali\u00e8re, qui s\u2019est d\u00e9velopp\u00e9e \u00e0 la faveur des politiques culturelles mises en [&hellip;]","og_url":"https:\/\/hierostrasbourg.com\/index.php\/2023\/02\/17\/cartographie-nationale-des-festivals-4\/","og_site_name":"HIERO STRASBOURG","article_publisher":"https:\/\/www.facebook.com\/fedehierostrasbourg","article_published_time":"2023-02-17T14:40:48+00:00","twitter_card":"summary_large_image","twitter_creator":"@hierostrasbourg","twitter_site":"@hierostrasbourg","twitter_misc":{"Dur\u00e9e de lecture estim\u00e9e":"2 minutes"},"schema":{"@context":"https:\/\/schema.org","@graph":[{"@type":"Article","@id":"https:\/\/hierostrasbourg.com\/index.php\/2023\/02\/17\/cartographie-nationale-des-festivals-4\/#article","isPartOf":{"@id":"https:\/\/hierostrasbourg.com\/index.php\/2023\/02\/17\/cartographie-nationale-des-festivals-4\/"},"author":{"name":"","@id":""},"headline":"Cartographie nationale des festivals","datePublished":"2023-02-17T14:40:48+00:00","mainEntityOfPage":{"@id":"https:\/\/hierostrasbourg.com\/index.php\/2023\/02\/17\/cartographie-nationale-des-festivals-4\/"},"wordCount":371,"publisher":{"@id":"https:\/\/hierostrasbourg.com\/#organization"},"inLanguage":"fr-FR"},{"@type":"WebPage","@id":"https:\/\/hierostrasbourg.com\/index.php\/2023\/02\/17\/cartographie-nationale-des-festivals-4\/","url":"https:\/\/hierostrasbourg.com\/index.php\/2023\/02\/17\/cartographie-nationale-des-festivals-4\/","name":"Cartographie nationale des festivals - HIERO STRASBOURG","isPartOf":{"@id":"https:\/\/hierostrasbourg.com\/#website"},"datePublished":"2023-02-17T14:40:48+00:00","breadcrumb":{"@id":"https:\/\/hierostrasbourg.com\/index.php\/2023\/02\/17\/cartographie-nationale-des-festivals-4\/#breadcrumb"},"inLanguage":"fr-FR","potentialAction":[{"@type":"ReadAction","target":["https:\/\/hierostrasbourg.com\/index.php\/2023\/02\/17\/cartographie-nationale-des-festivals-4\/"]}]},{"@type":"BreadcrumbList","@id":"https:\/\/hierostrasbourg.com\/index.php\/2023\/02\/17\/cartographie-nationale-des-festivals-4\/#breadcrumb","itemListElement":[{"@type":"ListItem","position":1,"name":"Accueil","item":"https:\/\/hierostrasbourg.com\/"},{"@type":"ListItem","position":2,"name":"Cartographie nationale des festivals"}]},{"@type":"WebSite","@id":"https:\/\/hierostrasbourg.com\/#website","url":"https:\/\/hierostrasbourg.com\/","name":"HIERO STRASBOURG","description":"Centre de Ressources Musiques Actuelles","publisher":{"@id":"https:\/\/hierostrasbourg.com\/#organization"},"potentialAction":[{"@type":"SearchAction","target":{"@type":"EntryPoint","urlTemplate":"https:\/\/hierostrasbourg.com\/?s={search_term_string}"},"query-input":{"@type":"PropertyValueSpecification","valueRequired":true,"valueName":"search_term_string"}}],"inLanguage":"fr-FR"},{"@type":"Organization","@id":"https:\/\/hierostrasbourg.com\/#organization","name":"F\u00e9d\u00e9ration Hi\u00e9ro Strasbourg","url":"https:\/\/hierostrasbourg.com\/","logo":{"@type":"ImageObject","inLanguage":"fr-FR","@id":"https:\/\/hierostrasbourg.com\/#\/schema\/logo\/image\/","url":"https:\/\/hierostrasbourg.com\/wp-content\/uploads\/2026\/04\/logo-hiero-strasbourg.jpg","contentUrl":"https:\/\/hierostrasbourg.com\/wp-content\/uploads\/2026\/04\/logo-hiero-strasbourg.jpg","width":204,"height":192,"caption":"F\u00e9d\u00e9ration Hi\u00e9ro Strasbourg"},"image":{"@id":"https:\/\/hierostrasbourg.com\/#\/schema\/logo\/image\/"},"sameAs":["https:\/\/www.facebook.com\/fedehierostrasbourg","https:\/\/x.com\/hierostrasbourg"]}]}},"_links":{"self":[{"href":"https:\/\/hierostrasbourg.com\/index.php\/wp-json\/wp\/v2\/posts\/5310","targetHints":{"allow":["GET"]}}],"collection":[{"href":"https:\/\/hierostrasbourg.com\/index.php\/wp-json\/wp\/v2\/posts"}],"about":[{"href":"https:\/\/hierostrasbourg.com\/index.php\/wp-json\/wp\/v2\/types\/post"}],"replies":[{"embeddable":true,"href":"https:\/\/hierostrasbourg.com\/index.php\/wp-json\/wp\/v2\/comments?post=5310"}],"version-history":[{"count":0,"href":"https:\/\/hierostrasbourg.com\/index.php\/wp-json\/wp\/v2\/posts\/5310\/revisions"}],"wp:attachment":[{"href":"https:\/\/hierostrasbourg.com\/index.php\/wp-json\/wp\/v2\/media?parent=5310"}],"wp:term":[{"taxonomy":"category","embeddable":true,"href":"https:\/\/hierostrasbourg.com\/index.php\/wp-json\/wp\/v2\/categories?post=5310"},{"taxonomy":"post_tag","embeddable":true,"href":"https:\/\/hierostrasbourg.com\/index.php\/wp-json\/wp\/v2\/tags?post=5310"}],"curies":[{"name":"wp","href":"https:\/\/api.w.org\/{rel}","templated":true}]}}