{"id":5293,"date":"2023-02-17T07:40:45","date_gmt":"2023-02-17T06:40:45","guid":{"rendered":"https:\/\/hierostrasbourg.com\/index.php\/2023\/02\/17\/resultats-du-5e-barometre-de-la-cofac-la-culture-variable-dajustement-de-la-crise-entre-fatigue-et-determination-les-premiers-impacts-12\/"},"modified":"2023-02-17T07:40:45","modified_gmt":"2023-02-17T06:40:45","slug":"resultats-du-5e-barometre-de-la-cofac-la-culture-variable-dajustement-de-la-crise-entre-fatigue-et-determination-les-premiers-impacts-12","status":"publish","type":"post","link":"https:\/\/hierostrasbourg.com\/index.php\/2023\/02\/17\/resultats-du-5e-barometre-de-la-cofac-la-culture-variable-dajustement-de-la-crise-entre-fatigue-et-determination-les-premiers-impacts-12\/","title":{"rendered":"R\u00e9sultats du 5e Barom\u00e8tre de la COFAC : La Culture, variable d\u2019ajustement de la crise. Entre fatigue et d\u00e9termination : les premiers impacts"},"content":{"rendered":"<p><em>Le Barom\u00e8tre Flash de la COFAC sonde les associations culturelles afin de mieux comprendre et anticiper leurs besoins. La 5e \u00e9dition du barom\u00e8tre s\u2019est tenue en ligne du 21 d\u00e9cembre 2022 au 26 janvier 2023.<\/em><\/p>\n<p>Source \/ Lire la suite : <a href=\"https:\/\/cofac.asso.fr\/actualite\/resultats-5e-barometre-de-cofac-culture-variable-dajustement-de-crise-entre-fatigue-determination-premiers-impacts\/\">R\u00e9sultats du 5e Barom\u00e8tre de la COFAC : La Culture, variable d\u2019ajustement de la crise. Entre fatigue et d\u00e9termination : les premiers impacts<\/a><\/p>\n<div class=\"ead-preview\">\n<div class=\"ead-document\">\n<div class=\"ead-iframe-wrapper\"><\/div>\n<div class=\"ead-document-loading\">\n<div class=\"ead-loading-wrap\">\n<div class=\"ead-loading-main\">\n<div class=\"ead-loading\">\n\t\t\t\t\t\t\t<span>En cours de chargement\u2026<\/span>\n\t\t\t\t\t\t<\/div>\n<\/div>\n<div class=\"ead-loading-foot\">\n<div class=\"ead-loading-foot-title\">\n\t\t\t\t\t\t\t<span>Cela prend trop de temps\u00a0?<\/span>\n\t\t\t\t\t\t<\/div>\n<div class=\"ead-document-btn ead-reload-btn\">\n\t\t\t\t\t\t\t\t Recharger le document\t\t\t\t\t\t\t<\/div>\n<p>\t\t\t\t\t\t\t<span>|<\/span><br \/><a href=\"https:\/\/lamultinationaledelunderground.com\/musiquesactuelles\/wp-content\/uploads\/2023\/02\/5e-barometre-de-la-cofac.pdf\" class=\"ead-document-btn\" target=\"_blank\" rel=\"noopener\"><br \/>\n\t\t\t\t\t\t\t\t Ouvrir dans un nouvel onglet\t\t\t\t\t\t\t<\/a>\n\t\t\t\t\t<\/p>\n<\/div>\n<\/div>\n<\/div>\n<\/div>\n<p class=\"embed_download\"><a href=\"https:\/\/lamultinationaledelunderground.com\/musiquesactuelles\/wp-content\/uploads\/2023\/02\/5e-barometre-de-la-cofac.pdf\">\ufeffT\u00e9l\u00e9charger [1.15 MB] <\/a><\/p>\n<\/div>\n<p>L\u2019article <a href=\"https:\/\/musiquesactuelles.alsace\/resultats-du-5e-barometre-de-la-cofac-la-culture-variable-dajustement-de-la-crise-entre-fatigue-et-determination-les-premiers-impacts\/\">R\u00e9sultats du 5e Barom\u00e8tre de la COFAC : La Culture, variable d\u2019ajustement de la crise. Entre fatigue et d\u00e9termination : les premiers impacts<\/a> est apparu en premier sur <a href=\"https:\/\/musiquesactuelles.alsace\/\">Musiques Actuelles en Alsace<\/a>.<\/p>\n<p>L\u2019article <a href=\"https:\/\/popburo.fr\/resultats-du-5e-barometre-de-la-cofac-la-culture-variable-dajustement-de-la-crise-entre-fatigue-et-determination-les-premiers-impacts-12\/\">R\u00e9sultats du 5e Barom\u00e8tre de la COFAC : La Culture, variable d\u2019ajustement de la crise. Entre fatigue et d\u00e9termination : les premiers impacts<\/a> est apparu en premier sur <a href=\"https:\/\/popburo.fr\/\">POP B\u00dcRO<\/a>.<\/p>\n","protected":false},"excerpt":{"rendered":"<p>Le Barom\u00e8tre Flash de la COFAC sonde les associations culturelles afin de mieux comprendre et anticiper leurs besoins. La 5e \u00e9dition du barom\u00e8tre s\u2019est tenue en ligne du 21 d\u00e9cembre 2022 au 26 janvier 2023. Source \/ Lire la suite : R\u00e9sultats du 5e Barom\u00e8tre de la COFAC : La Culture, variable d\u2019ajustement de la crise. Entre fatigue et d\u00e9termination : les premiers impacts En cours de chargement\u2026 Cela prend trop de temps\u00a0? Recharger le document | Ouvrir dans un [&hellip;]<\/p>\n","protected":false},"author":0,"featured_media":0,"comment_status":"closed","ping_status":"open","sticky":false,"template":"","format":"standard","meta":{"footnotes":""},"categories":[1],"tags":[],"class_list":["post-5293","post","type-post","status-publish","format-standard","hentry","category-non-classe"],"yoast_head":"<!-- This site is optimized with the Yoast SEO plugin v27.4 - https:\/\/yoast.com\/product\/yoast-seo-wordpress\/ -->\n<title>R\u00e9sultats du 5e Barom\u00e8tre de la COFAC : La Culture, variable d\u2019ajustement de la crise. Entre fatigue et d\u00e9termination : les premiers impacts - HIERO STRASBOURG<\/title>\n<meta name=\"robots\" content=\"index, follow, max-snippet:-1, max-image-preview:large, max-video-preview:-1\" \/>\n<link rel=\"canonical\" href=\"https:\/\/hierostrasbourg.com\/index.php\/2023\/02\/17\/resultats-du-5e-barometre-de-la-cofac-la-culture-variable-dajustement-de-la-crise-entre-fatigue-et-determination-les-premiers-impacts-12\/\" \/>\n<meta property=\"og:locale\" content=\"fr_FR\" \/>\n<meta property=\"og:type\" content=\"article\" \/>\n<meta property=\"og:title\" content=\"R\u00e9sultats du 5e Barom\u00e8tre de la COFAC : La Culture, variable d\u2019ajustement de la crise. Entre fatigue et d\u00e9termination : les premiers impacts - HIERO STRASBOURG\" \/>\n<meta property=\"og:description\" content=\"Le Barom\u00e8tre Flash de la COFAC sonde les associations culturelles afin de mieux comprendre et anticiper leurs besoins. La 5e \u00e9dition du barom\u00e8tre s\u2019est tenue en ligne du 21 d\u00e9cembre 2022 au 26 janvier 2023. Source \/ Lire la suite : R\u00e9sultats du 5e Barom\u00e8tre de la COFAC : La Culture, variable d\u2019ajustement de la crise. Entre fatigue et d\u00e9termination : les premiers impacts En cours de chargement\u2026 Cela prend trop de temps\u00a0? Recharger le document | Ouvrir dans un [&hellip;]\" \/>\n<meta property=\"og:url\" content=\"https:\/\/hierostrasbourg.com\/index.php\/2023\/02\/17\/resultats-du-5e-barometre-de-la-cofac-la-culture-variable-dajustement-de-la-crise-entre-fatigue-et-determination-les-premiers-impacts-12\/\" \/>\n<meta property=\"og:site_name\" content=\"HIERO STRASBOURG\" \/>\n<meta property=\"article:publisher\" content=\"https:\/\/www.facebook.com\/fedehierostrasbourg\" \/>\n<meta property=\"article:published_time\" content=\"2023-02-17T06:40:45+00:00\" \/>\n<meta name=\"twitter:card\" content=\"summary_large_image\" \/>\n<meta name=\"twitter:creator\" content=\"@hierostrasbourg\" \/>\n<meta name=\"twitter:site\" content=\"@hierostrasbourg\" \/>\n<meta name=\"twitter:label1\" content=\"Dur\u00e9e de lecture estim\u00e9e\" \/>\n\t<meta name=\"twitter:data1\" content=\"1 minute\" \/>\n<script type=\"application\/ld+json\" class=\"yoast-schema-graph\">{\"@context\":\"https:\\\/\\\/schema.org\",\"@graph\":[{\"@type\":\"Article\",\"@id\":\"https:\\\/\\\/hierostrasbourg.com\\\/index.php\\\/2023\\\/02\\\/17\\\/resultats-du-5e-barometre-de-la-cofac-la-culture-variable-dajustement-de-la-crise-entre-fatigue-et-determination-les-premiers-impacts-12\\\/#article\",\"isPartOf\":{\"@id\":\"https:\\\/\\\/hierostrasbourg.com\\\/index.php\\\/2023\\\/02\\\/17\\\/resultats-du-5e-barometre-de-la-cofac-la-culture-variable-dajustement-de-la-crise-entre-fatigue-et-determination-les-premiers-impacts-12\\\/\"},\"author\":{\"name\":\"\",\"@id\":\"\"},\"headline\":\"R\u00e9sultats du 5e Barom\u00e8tre de la COFAC : La Culture, variable d\u2019ajustement de la crise. Entre fatigue et d\u00e9termination : les premiers impacts\",\"datePublished\":\"2023-02-17T06:40:45+00:00\",\"mainEntityOfPage\":{\"@id\":\"https:\\\/\\\/hierostrasbourg.com\\\/index.php\\\/2023\\\/02\\\/17\\\/resultats-du-5e-barometre-de-la-cofac-la-culture-variable-dajustement-de-la-crise-entre-fatigue-et-determination-les-premiers-impacts-12\\\/\"},\"wordCount\":181,\"publisher\":{\"@id\":\"https:\\\/\\\/hierostrasbourg.com\\\/#organization\"},\"inLanguage\":\"fr-FR\"},{\"@type\":\"WebPage\",\"@id\":\"https:\\\/\\\/hierostrasbourg.com\\\/index.php\\\/2023\\\/02\\\/17\\\/resultats-du-5e-barometre-de-la-cofac-la-culture-variable-dajustement-de-la-crise-entre-fatigue-et-determination-les-premiers-impacts-12\\\/\",\"url\":\"https:\\\/\\\/hierostrasbourg.com\\\/index.php\\\/2023\\\/02\\\/17\\\/resultats-du-5e-barometre-de-la-cofac-la-culture-variable-dajustement-de-la-crise-entre-fatigue-et-determination-les-premiers-impacts-12\\\/\",\"name\":\"R\u00e9sultats du 5e Barom\u00e8tre de la COFAC : La Culture, variable d\u2019ajustement de la crise. Entre fatigue et d\u00e9termination : les premiers impacts - HIERO STRASBOURG\",\"isPartOf\":{\"@id\":\"https:\\\/\\\/hierostrasbourg.com\\\/#website\"},\"datePublished\":\"2023-02-17T06:40:45+00:00\",\"breadcrumb\":{\"@id\":\"https:\\\/\\\/hierostrasbourg.com\\\/index.php\\\/2023\\\/02\\\/17\\\/resultats-du-5e-barometre-de-la-cofac-la-culture-variable-dajustement-de-la-crise-entre-fatigue-et-determination-les-premiers-impacts-12\\\/#breadcrumb\"},\"inLanguage\":\"fr-FR\",\"potentialAction\":[{\"@type\":\"ReadAction\",\"target\":[\"https:\\\/\\\/hierostrasbourg.com\\\/index.php\\\/2023\\\/02\\\/17\\\/resultats-du-5e-barometre-de-la-cofac-la-culture-variable-dajustement-de-la-crise-entre-fatigue-et-determination-les-premiers-impacts-12\\\/\"]}]},{\"@type\":\"BreadcrumbList\",\"@id\":\"https:\\\/\\\/hierostrasbourg.com\\\/index.php\\\/2023\\\/02\\\/17\\\/resultats-du-5e-barometre-de-la-cofac-la-culture-variable-dajustement-de-la-crise-entre-fatigue-et-determination-les-premiers-impacts-12\\\/#breadcrumb\",\"itemListElement\":[{\"@type\":\"ListItem\",\"position\":1,\"name\":\"Accueil\",\"item\":\"https:\\\/\\\/hierostrasbourg.com\\\/\"},{\"@type\":\"ListItem\",\"position\":2,\"name\":\"R\u00e9sultats du 5e Barom\u00e8tre de la COFAC : La Culture, variable d\u2019ajustement de la crise. Entre fatigue et d\u00e9termination : les premiers impacts\"}]},{\"@type\":\"WebSite\",\"@id\":\"https:\\\/\\\/hierostrasbourg.com\\\/#website\",\"url\":\"https:\\\/\\\/hierostrasbourg.com\\\/\",\"name\":\"HIERO STRASBOURG\",\"description\":\"Centre de Ressources Musiques Actuelles\",\"publisher\":{\"@id\":\"https:\\\/\\\/hierostrasbourg.com\\\/#organization\"},\"potentialAction\":[{\"@type\":\"SearchAction\",\"target\":{\"@type\":\"EntryPoint\",\"urlTemplate\":\"https:\\\/\\\/hierostrasbourg.com\\\/?s={search_term_string}\"},\"query-input\":{\"@type\":\"PropertyValueSpecification\",\"valueRequired\":true,\"valueName\":\"search_term_string\"}}],\"inLanguage\":\"fr-FR\"},{\"@type\":\"Organization\",\"@id\":\"https:\\\/\\\/hierostrasbourg.com\\\/#organization\",\"name\":\"F\u00e9d\u00e9ration Hi\u00e9ro Strasbourg\",\"url\":\"https:\\\/\\\/hierostrasbourg.com\\\/\",\"logo\":{\"@type\":\"ImageObject\",\"inLanguage\":\"fr-FR\",\"@id\":\"https:\\\/\\\/hierostrasbourg.com\\\/#\\\/schema\\\/logo\\\/image\\\/\",\"url\":\"https:\\\/\\\/hierostrasbourg.com\\\/wp-content\\\/uploads\\\/2026\\\/04\\\/logo-hiero-strasbourg.jpg\",\"contentUrl\":\"https:\\\/\\\/hierostrasbourg.com\\\/wp-content\\\/uploads\\\/2026\\\/04\\\/logo-hiero-strasbourg.jpg\",\"width\":204,\"height\":192,\"caption\":\"F\u00e9d\u00e9ration Hi\u00e9ro Strasbourg\"},\"image\":{\"@id\":\"https:\\\/\\\/hierostrasbourg.com\\\/#\\\/schema\\\/logo\\\/image\\\/\"},\"sameAs\":[\"https:\\\/\\\/www.facebook.com\\\/fedehierostrasbourg\",\"https:\\\/\\\/x.com\\\/hierostrasbourg\"]}]}<\/script>\n<!-- \/ Yoast SEO plugin. -->","yoast_head_json":{"title":"R\u00e9sultats du 5e Barom\u00e8tre de la COFAC : La Culture, variable d\u2019ajustement de la crise. Entre fatigue et d\u00e9termination : les premiers impacts - HIERO STRASBOURG","robots":{"index":"index","follow":"follow","max-snippet":"max-snippet:-1","max-image-preview":"max-image-preview:large","max-video-preview":"max-video-preview:-1"},"canonical":"https:\/\/hierostrasbourg.com\/index.php\/2023\/02\/17\/resultats-du-5e-barometre-de-la-cofac-la-culture-variable-dajustement-de-la-crise-entre-fatigue-et-determination-les-premiers-impacts-12\/","og_locale":"fr_FR","og_type":"article","og_title":"R\u00e9sultats du 5e Barom\u00e8tre de la COFAC : La Culture, variable d\u2019ajustement de la crise. Entre fatigue et d\u00e9termination : les premiers impacts - HIERO STRASBOURG","og_description":"Le Barom\u00e8tre Flash de la COFAC sonde les associations culturelles afin de mieux comprendre et anticiper leurs besoins. La 5e \u00e9dition du barom\u00e8tre s\u2019est tenue en ligne du 21 d\u00e9cembre 2022 au 26 janvier 2023. Source \/ Lire la suite : R\u00e9sultats du 5e Barom\u00e8tre de la COFAC : La Culture, variable d\u2019ajustement de la crise. Entre fatigue et d\u00e9termination : les premiers impacts En cours de chargement\u2026 Cela prend trop de temps\u00a0? Recharger le document | Ouvrir dans un [&hellip;]","og_url":"https:\/\/hierostrasbourg.com\/index.php\/2023\/02\/17\/resultats-du-5e-barometre-de-la-cofac-la-culture-variable-dajustement-de-la-crise-entre-fatigue-et-determination-les-premiers-impacts-12\/","og_site_name":"HIERO STRASBOURG","article_publisher":"https:\/\/www.facebook.com\/fedehierostrasbourg","article_published_time":"2023-02-17T06:40:45+00:00","twitter_card":"summary_large_image","twitter_creator":"@hierostrasbourg","twitter_site":"@hierostrasbourg","twitter_misc":{"Dur\u00e9e de lecture estim\u00e9e":"1 minute"},"schema":{"@context":"https:\/\/schema.org","@graph":[{"@type":"Article","@id":"https:\/\/hierostrasbourg.com\/index.php\/2023\/02\/17\/resultats-du-5e-barometre-de-la-cofac-la-culture-variable-dajustement-de-la-crise-entre-fatigue-et-determination-les-premiers-impacts-12\/#article","isPartOf":{"@id":"https:\/\/hierostrasbourg.com\/index.php\/2023\/02\/17\/resultats-du-5e-barometre-de-la-cofac-la-culture-variable-dajustement-de-la-crise-entre-fatigue-et-determination-les-premiers-impacts-12\/"},"author":{"name":"","@id":""},"headline":"R\u00e9sultats du 5e Barom\u00e8tre de la COFAC : La Culture, variable d\u2019ajustement de la crise. Entre fatigue et d\u00e9termination : les premiers impacts","datePublished":"2023-02-17T06:40:45+00:00","mainEntityOfPage":{"@id":"https:\/\/hierostrasbourg.com\/index.php\/2023\/02\/17\/resultats-du-5e-barometre-de-la-cofac-la-culture-variable-dajustement-de-la-crise-entre-fatigue-et-determination-les-premiers-impacts-12\/"},"wordCount":181,"publisher":{"@id":"https:\/\/hierostrasbourg.com\/#organization"},"inLanguage":"fr-FR"},{"@type":"WebPage","@id":"https:\/\/hierostrasbourg.com\/index.php\/2023\/02\/17\/resultats-du-5e-barometre-de-la-cofac-la-culture-variable-dajustement-de-la-crise-entre-fatigue-et-determination-les-premiers-impacts-12\/","url":"https:\/\/hierostrasbourg.com\/index.php\/2023\/02\/17\/resultats-du-5e-barometre-de-la-cofac-la-culture-variable-dajustement-de-la-crise-entre-fatigue-et-determination-les-premiers-impacts-12\/","name":"R\u00e9sultats du 5e Barom\u00e8tre de la COFAC : La Culture, variable d\u2019ajustement de la crise. Entre fatigue et d\u00e9termination : les premiers impacts - HIERO STRASBOURG","isPartOf":{"@id":"https:\/\/hierostrasbourg.com\/#website"},"datePublished":"2023-02-17T06:40:45+00:00","breadcrumb":{"@id":"https:\/\/hierostrasbourg.com\/index.php\/2023\/02\/17\/resultats-du-5e-barometre-de-la-cofac-la-culture-variable-dajustement-de-la-crise-entre-fatigue-et-determination-les-premiers-impacts-12\/#breadcrumb"},"inLanguage":"fr-FR","potentialAction":[{"@type":"ReadAction","target":["https:\/\/hierostrasbourg.com\/index.php\/2023\/02\/17\/resultats-du-5e-barometre-de-la-cofac-la-culture-variable-dajustement-de-la-crise-entre-fatigue-et-determination-les-premiers-impacts-12\/"]}]},{"@type":"BreadcrumbList","@id":"https:\/\/hierostrasbourg.com\/index.php\/2023\/02\/17\/resultats-du-5e-barometre-de-la-cofac-la-culture-variable-dajustement-de-la-crise-entre-fatigue-et-determination-les-premiers-impacts-12\/#breadcrumb","itemListElement":[{"@type":"ListItem","position":1,"name":"Accueil","item":"https:\/\/hierostrasbourg.com\/"},{"@type":"ListItem","position":2,"name":"R\u00e9sultats du 5e Barom\u00e8tre de la COFAC : La Culture, variable d\u2019ajustement de la crise. Entre fatigue et d\u00e9termination : les premiers impacts"}]},{"@type":"WebSite","@id":"https:\/\/hierostrasbourg.com\/#website","url":"https:\/\/hierostrasbourg.com\/","name":"HIERO STRASBOURG","description":"Centre de Ressources Musiques Actuelles","publisher":{"@id":"https:\/\/hierostrasbourg.com\/#organization"},"potentialAction":[{"@type":"SearchAction","target":{"@type":"EntryPoint","urlTemplate":"https:\/\/hierostrasbourg.com\/?s={search_term_string}"},"query-input":{"@type":"PropertyValueSpecification","valueRequired":true,"valueName":"search_term_string"}}],"inLanguage":"fr-FR"},{"@type":"Organization","@id":"https:\/\/hierostrasbourg.com\/#organization","name":"F\u00e9d\u00e9ration Hi\u00e9ro Strasbourg","url":"https:\/\/hierostrasbourg.com\/","logo":{"@type":"ImageObject","inLanguage":"fr-FR","@id":"https:\/\/hierostrasbourg.com\/#\/schema\/logo\/image\/","url":"https:\/\/hierostrasbourg.com\/wp-content\/uploads\/2026\/04\/logo-hiero-strasbourg.jpg","contentUrl":"https:\/\/hierostrasbourg.com\/wp-content\/uploads\/2026\/04\/logo-hiero-strasbourg.jpg","width":204,"height":192,"caption":"F\u00e9d\u00e9ration Hi\u00e9ro Strasbourg"},"image":{"@id":"https:\/\/hierostrasbourg.com\/#\/schema\/logo\/image\/"},"sameAs":["https:\/\/www.facebook.com\/fedehierostrasbourg","https:\/\/x.com\/hierostrasbourg"]}]}},"_links":{"self":[{"href":"https:\/\/hierostrasbourg.com\/index.php\/wp-json\/wp\/v2\/posts\/5293","targetHints":{"allow":["GET"]}}],"collection":[{"href":"https:\/\/hierostrasbourg.com\/index.php\/wp-json\/wp\/v2\/posts"}],"about":[{"href":"https:\/\/hierostrasbourg.com\/index.php\/wp-json\/wp\/v2\/types\/post"}],"replies":[{"embeddable":true,"href":"https:\/\/hierostrasbourg.com\/index.php\/wp-json\/wp\/v2\/comments?post=5293"}],"version-history":[{"count":0,"href":"https:\/\/hierostrasbourg.com\/index.php\/wp-json\/wp\/v2\/posts\/5293\/revisions"}],"wp:attachment":[{"href":"https:\/\/hierostrasbourg.com\/index.php\/wp-json\/wp\/v2\/media?parent=5293"}],"wp:term":[{"taxonomy":"category","embeddable":true,"href":"https:\/\/hierostrasbourg.com\/index.php\/wp-json\/wp\/v2\/categories?post=5293"},{"taxonomy":"post_tag","embeddable":true,"href":"https:\/\/hierostrasbourg.com\/index.php\/wp-json\/wp\/v2\/tags?post=5293"}],"curies":[{"name":"wp","href":"https:\/\/api.w.org\/{rel}","templated":true}]}}