{"id":5270,"date":"2023-02-16T20:41:04","date_gmt":"2023-02-16T19:41:04","guid":{"rendered":"https:\/\/hierostrasbourg.com\/index.php\/2023\/02\/16\/la-chanteuse-barbara-waldens-morte-electrocutee-sur-scene-lorganisateur-du-festival-condamne-2\/"},"modified":"2023-02-16T20:41:04","modified_gmt":"2023-02-16T19:41:04","slug":"la-chanteuse-barbara-waldens-morte-electrocutee-sur-scene-lorganisateur-du-festival-condamne-2","status":"publish","type":"post","link":"https:\/\/hierostrasbourg.com\/index.php\/2023\/02\/16\/la-chanteuse-barbara-waldens-morte-electrocutee-sur-scene-lorganisateur-du-festival-condamne-2\/","title":{"rendered":"La chanteuse Barbara Waldens morte \u00e9lectrocut\u00e9e sur sc\u00e8ne : l\u2019organisateur du festival condamn\u00e9"},"content":{"rendered":"<p><em>Les dirigeants du festival L\u00e9o-Ferr\u00e9 et le responsable de l\u2019\u00e9clairage ont \u00e9t\u00e9 reconnus coupables d\u2019homicide involontaire et condamn\u00e9s \u00e0 de la prison avec sursis.<\/em><br \/><em>L\u2019association organisatrice d\u2019un festival du Lot et un technicien ont \u00e9t\u00e9 condamn\u00e9s jeudi \u00e0 Cahors respectivement \u00e0 une amende de 20.000 euros et \u00e0 de la prison avec sursis, suite au d\u00e9c\u00e8s de la chanteuse Barbara Weldens, \u00e9lectrocut\u00e9e sur sc\u00e8ne en 2017.<\/em><\/p>\n<p>Source \/ Lire la suite : <a href=\"https:\/\/www.lefigaro.fr\/musique\/la-chanteuse-barbara-waldens-morte-electrocutee-sur-scene-l-organisateur-du-festival-condamne-20230216\" target=\"_blank\" rel=\"noopener\">La chanteuse Barbara Waldens morte \u00e9lectrocut\u00e9e sur sc\u00e8ne : l\u2019organisateur du festival condamn\u00e9<\/a><\/p>\n<p>L\u2019article <a href=\"https:\/\/musiquesactuelles.alsace\/la-chanteuse-barbara-waldens-morte-electrocutee-sur-scene-lorganisateur-du-festival-condamne\/\">La chanteuse Barbara Waldens morte \u00e9lectrocut\u00e9e sur sc\u00e8ne : l\u2019organisateur du festival condamn\u00e9<\/a> est apparu en premier sur <a href=\"https:\/\/musiquesactuelles.alsace\/\">Musiques Actuelles en Alsace<\/a>.<\/p>\n<p>L\u2019article <a href=\"https:\/\/popburo.fr\/la-chanteuse-barbara-waldens-morte-electrocutee-sur-scene-lorganisateur-du-festival-condamne-2\/\">La chanteuse Barbara Waldens morte \u00e9lectrocut\u00e9e sur sc\u00e8ne : l\u2019organisateur du festival condamn\u00e9<\/a> est apparu en premier sur <a href=\"https:\/\/popburo.fr\/\">POP B\u00dcRO<\/a>.<\/p>\n","protected":false},"excerpt":{"rendered":"<p>Les dirigeants du festival L\u00e9o-Ferr\u00e9 et le responsable de l\u2019\u00e9clairage ont \u00e9t\u00e9 reconnus coupables d\u2019homicide involontaire et condamn\u00e9s \u00e0 de la prison avec sursis.L\u2019association organisatrice d\u2019un festival du Lot et un technicien ont \u00e9t\u00e9 condamn\u00e9s jeudi \u00e0 Cahors respectivement \u00e0 une amende de 20.000 euros et \u00e0 de la prison avec sursis, suite au d\u00e9c\u00e8s de la chanteuse Barbara Weldens, \u00e9lectrocut\u00e9e sur sc\u00e8ne en 2017. Source \/ Lire la suite : La chanteuse Barbara Waldens morte \u00e9lectrocut\u00e9e sur sc\u00e8ne : [&hellip;]<\/p>\n","protected":false},"author":0,"featured_media":0,"comment_status":"closed","ping_status":"open","sticky":false,"template":"","format":"standard","meta":{"footnotes":""},"categories":[1],"tags":[],"class_list":["post-5270","post","type-post","status-publish","format-standard","hentry","category-non-classe"],"yoast_head":"<!-- This site is optimized with the Yoast SEO plugin v27.4 - https:\/\/yoast.com\/product\/yoast-seo-wordpress\/ -->\n<title>La chanteuse Barbara Waldens morte \u00e9lectrocut\u00e9e sur sc\u00e8ne : l\u2019organisateur du festival condamn\u00e9 - HIERO STRASBOURG<\/title>\n<meta name=\"robots\" content=\"index, follow, max-snippet:-1, max-image-preview:large, max-video-preview:-1\" \/>\n<link rel=\"canonical\" href=\"https:\/\/hierostrasbourg.com\/index.php\/2023\/02\/16\/la-chanteuse-barbara-waldens-morte-electrocutee-sur-scene-lorganisateur-du-festival-condamne-2\/\" \/>\n<meta property=\"og:locale\" content=\"fr_FR\" \/>\n<meta property=\"og:type\" content=\"article\" \/>\n<meta property=\"og:title\" content=\"La chanteuse Barbara Waldens morte \u00e9lectrocut\u00e9e sur sc\u00e8ne : l\u2019organisateur du festival condamn\u00e9 - HIERO STRASBOURG\" \/>\n<meta property=\"og:description\" content=\"Les dirigeants du festival L\u00e9o-Ferr\u00e9 et le responsable de l\u2019\u00e9clairage ont \u00e9t\u00e9 reconnus coupables d\u2019homicide involontaire et condamn\u00e9s \u00e0 de la prison avec sursis.L\u2019association organisatrice d\u2019un festival du Lot et un technicien ont \u00e9t\u00e9 condamn\u00e9s jeudi \u00e0 Cahors respectivement \u00e0 une amende de 20.000 euros et \u00e0 de la prison avec sursis, suite au d\u00e9c\u00e8s de la chanteuse Barbara Weldens, \u00e9lectrocut\u00e9e sur sc\u00e8ne en 2017. Source \/ Lire la suite : La chanteuse Barbara Waldens morte \u00e9lectrocut\u00e9e sur sc\u00e8ne : [&hellip;]\" \/>\n<meta property=\"og:url\" content=\"https:\/\/hierostrasbourg.com\/index.php\/2023\/02\/16\/la-chanteuse-barbara-waldens-morte-electrocutee-sur-scene-lorganisateur-du-festival-condamne-2\/\" \/>\n<meta property=\"og:site_name\" content=\"HIERO STRASBOURG\" \/>\n<meta property=\"article:publisher\" content=\"https:\/\/www.facebook.com\/fedehierostrasbourg\" \/>\n<meta property=\"article:published_time\" content=\"2023-02-16T19:41:04+00:00\" \/>\n<meta name=\"twitter:card\" content=\"summary_large_image\" \/>\n<meta name=\"twitter:creator\" content=\"@hierostrasbourg\" \/>\n<meta name=\"twitter:site\" content=\"@hierostrasbourg\" \/>\n<meta name=\"twitter:label1\" content=\"Dur\u00e9e de lecture estim\u00e9e\" \/>\n\t<meta name=\"twitter:data1\" content=\"1 minute\" \/>\n<script type=\"application\/ld+json\" class=\"yoast-schema-graph\">{\"@context\":\"https:\\\/\\\/schema.org\",\"@graph\":[{\"@type\":\"Article\",\"@id\":\"https:\\\/\\\/hierostrasbourg.com\\\/index.php\\\/2023\\\/02\\\/16\\\/la-chanteuse-barbara-waldens-morte-electrocutee-sur-scene-lorganisateur-du-festival-condamne-2\\\/#article\",\"isPartOf\":{\"@id\":\"https:\\\/\\\/hierostrasbourg.com\\\/index.php\\\/2023\\\/02\\\/16\\\/la-chanteuse-barbara-waldens-morte-electrocutee-sur-scene-lorganisateur-du-festival-condamne-2\\\/\"},\"author\":{\"name\":\"\",\"@id\":\"\"},\"headline\":\"La chanteuse Barbara Waldens morte \u00e9lectrocut\u00e9e sur sc\u00e8ne : l\u2019organisateur du festival condamn\u00e9\",\"datePublished\":\"2023-02-16T19:41:04+00:00\",\"mainEntityOfPage\":{\"@id\":\"https:\\\/\\\/hierostrasbourg.com\\\/index.php\\\/2023\\\/02\\\/16\\\/la-chanteuse-barbara-waldens-morte-electrocutee-sur-scene-lorganisateur-du-festival-condamne-2\\\/\"},\"wordCount\":156,\"publisher\":{\"@id\":\"https:\\\/\\\/hierostrasbourg.com\\\/#organization\"},\"inLanguage\":\"fr-FR\"},{\"@type\":\"WebPage\",\"@id\":\"https:\\\/\\\/hierostrasbourg.com\\\/index.php\\\/2023\\\/02\\\/16\\\/la-chanteuse-barbara-waldens-morte-electrocutee-sur-scene-lorganisateur-du-festival-condamne-2\\\/\",\"url\":\"https:\\\/\\\/hierostrasbourg.com\\\/index.php\\\/2023\\\/02\\\/16\\\/la-chanteuse-barbara-waldens-morte-electrocutee-sur-scene-lorganisateur-du-festival-condamne-2\\\/\",\"name\":\"La chanteuse Barbara Waldens morte \u00e9lectrocut\u00e9e sur sc\u00e8ne : l\u2019organisateur du festival condamn\u00e9 - HIERO STRASBOURG\",\"isPartOf\":{\"@id\":\"https:\\\/\\\/hierostrasbourg.com\\\/#website\"},\"datePublished\":\"2023-02-16T19:41:04+00:00\",\"breadcrumb\":{\"@id\":\"https:\\\/\\\/hierostrasbourg.com\\\/index.php\\\/2023\\\/02\\\/16\\\/la-chanteuse-barbara-waldens-morte-electrocutee-sur-scene-lorganisateur-du-festival-condamne-2\\\/#breadcrumb\"},\"inLanguage\":\"fr-FR\",\"potentialAction\":[{\"@type\":\"ReadAction\",\"target\":[\"https:\\\/\\\/hierostrasbourg.com\\\/index.php\\\/2023\\\/02\\\/16\\\/la-chanteuse-barbara-waldens-morte-electrocutee-sur-scene-lorganisateur-du-festival-condamne-2\\\/\"]}]},{\"@type\":\"BreadcrumbList\",\"@id\":\"https:\\\/\\\/hierostrasbourg.com\\\/index.php\\\/2023\\\/02\\\/16\\\/la-chanteuse-barbara-waldens-morte-electrocutee-sur-scene-lorganisateur-du-festival-condamne-2\\\/#breadcrumb\",\"itemListElement\":[{\"@type\":\"ListItem\",\"position\":1,\"name\":\"Accueil\",\"item\":\"https:\\\/\\\/hierostrasbourg.com\\\/\"},{\"@type\":\"ListItem\",\"position\":2,\"name\":\"La chanteuse Barbara Waldens morte \u00e9lectrocut\u00e9e sur sc\u00e8ne : l\u2019organisateur du festival condamn\u00e9\"}]},{\"@type\":\"WebSite\",\"@id\":\"https:\\\/\\\/hierostrasbourg.com\\\/#website\",\"url\":\"https:\\\/\\\/hierostrasbourg.com\\\/\",\"name\":\"HIERO STRASBOURG\",\"description\":\"Centre de Ressources Musiques Actuelles\",\"publisher\":{\"@id\":\"https:\\\/\\\/hierostrasbourg.com\\\/#organization\"},\"potentialAction\":[{\"@type\":\"SearchAction\",\"target\":{\"@type\":\"EntryPoint\",\"urlTemplate\":\"https:\\\/\\\/hierostrasbourg.com\\\/?s={search_term_string}\"},\"query-input\":{\"@type\":\"PropertyValueSpecification\",\"valueRequired\":true,\"valueName\":\"search_term_string\"}}],\"inLanguage\":\"fr-FR\"},{\"@type\":\"Organization\",\"@id\":\"https:\\\/\\\/hierostrasbourg.com\\\/#organization\",\"name\":\"F\u00e9d\u00e9ration Hi\u00e9ro Strasbourg\",\"url\":\"https:\\\/\\\/hierostrasbourg.com\\\/\",\"logo\":{\"@type\":\"ImageObject\",\"inLanguage\":\"fr-FR\",\"@id\":\"https:\\\/\\\/hierostrasbourg.com\\\/#\\\/schema\\\/logo\\\/image\\\/\",\"url\":\"https:\\\/\\\/hierostrasbourg.com\\\/wp-content\\\/uploads\\\/2026\\\/04\\\/logo-hiero-strasbourg.jpg\",\"contentUrl\":\"https:\\\/\\\/hierostrasbourg.com\\\/wp-content\\\/uploads\\\/2026\\\/04\\\/logo-hiero-strasbourg.jpg\",\"width\":204,\"height\":192,\"caption\":\"F\u00e9d\u00e9ration Hi\u00e9ro Strasbourg\"},\"image\":{\"@id\":\"https:\\\/\\\/hierostrasbourg.com\\\/#\\\/schema\\\/logo\\\/image\\\/\"},\"sameAs\":[\"https:\\\/\\\/www.facebook.com\\\/fedehierostrasbourg\",\"https:\\\/\\\/x.com\\\/hierostrasbourg\"]}]}<\/script>\n<!-- \/ Yoast SEO plugin. -->","yoast_head_json":{"title":"La chanteuse Barbara Waldens morte \u00e9lectrocut\u00e9e sur sc\u00e8ne : l\u2019organisateur du festival condamn\u00e9 - HIERO STRASBOURG","robots":{"index":"index","follow":"follow","max-snippet":"max-snippet:-1","max-image-preview":"max-image-preview:large","max-video-preview":"max-video-preview:-1"},"canonical":"https:\/\/hierostrasbourg.com\/index.php\/2023\/02\/16\/la-chanteuse-barbara-waldens-morte-electrocutee-sur-scene-lorganisateur-du-festival-condamne-2\/","og_locale":"fr_FR","og_type":"article","og_title":"La chanteuse Barbara Waldens morte \u00e9lectrocut\u00e9e sur sc\u00e8ne : l\u2019organisateur du festival condamn\u00e9 - HIERO STRASBOURG","og_description":"Les dirigeants du festival L\u00e9o-Ferr\u00e9 et le responsable de l\u2019\u00e9clairage ont \u00e9t\u00e9 reconnus coupables d\u2019homicide involontaire et condamn\u00e9s \u00e0 de la prison avec sursis.L\u2019association organisatrice d\u2019un festival du Lot et un technicien ont \u00e9t\u00e9 condamn\u00e9s jeudi \u00e0 Cahors respectivement \u00e0 une amende de 20.000 euros et \u00e0 de la prison avec sursis, suite au d\u00e9c\u00e8s de la chanteuse Barbara Weldens, \u00e9lectrocut\u00e9e sur sc\u00e8ne en 2017. Source \/ Lire la suite : La chanteuse Barbara Waldens morte \u00e9lectrocut\u00e9e sur sc\u00e8ne : [&hellip;]","og_url":"https:\/\/hierostrasbourg.com\/index.php\/2023\/02\/16\/la-chanteuse-barbara-waldens-morte-electrocutee-sur-scene-lorganisateur-du-festival-condamne-2\/","og_site_name":"HIERO STRASBOURG","article_publisher":"https:\/\/www.facebook.com\/fedehierostrasbourg","article_published_time":"2023-02-16T19:41:04+00:00","twitter_card":"summary_large_image","twitter_creator":"@hierostrasbourg","twitter_site":"@hierostrasbourg","twitter_misc":{"Dur\u00e9e de lecture estim\u00e9e":"1 minute"},"schema":{"@context":"https:\/\/schema.org","@graph":[{"@type":"Article","@id":"https:\/\/hierostrasbourg.com\/index.php\/2023\/02\/16\/la-chanteuse-barbara-waldens-morte-electrocutee-sur-scene-lorganisateur-du-festival-condamne-2\/#article","isPartOf":{"@id":"https:\/\/hierostrasbourg.com\/index.php\/2023\/02\/16\/la-chanteuse-barbara-waldens-morte-electrocutee-sur-scene-lorganisateur-du-festival-condamne-2\/"},"author":{"name":"","@id":""},"headline":"La chanteuse Barbara Waldens morte \u00e9lectrocut\u00e9e sur sc\u00e8ne : l\u2019organisateur du festival condamn\u00e9","datePublished":"2023-02-16T19:41:04+00:00","mainEntityOfPage":{"@id":"https:\/\/hierostrasbourg.com\/index.php\/2023\/02\/16\/la-chanteuse-barbara-waldens-morte-electrocutee-sur-scene-lorganisateur-du-festival-condamne-2\/"},"wordCount":156,"publisher":{"@id":"https:\/\/hierostrasbourg.com\/#organization"},"inLanguage":"fr-FR"},{"@type":"WebPage","@id":"https:\/\/hierostrasbourg.com\/index.php\/2023\/02\/16\/la-chanteuse-barbara-waldens-morte-electrocutee-sur-scene-lorganisateur-du-festival-condamne-2\/","url":"https:\/\/hierostrasbourg.com\/index.php\/2023\/02\/16\/la-chanteuse-barbara-waldens-morte-electrocutee-sur-scene-lorganisateur-du-festival-condamne-2\/","name":"La chanteuse Barbara Waldens morte \u00e9lectrocut\u00e9e sur sc\u00e8ne : l\u2019organisateur du festival condamn\u00e9 - HIERO STRASBOURG","isPartOf":{"@id":"https:\/\/hierostrasbourg.com\/#website"},"datePublished":"2023-02-16T19:41:04+00:00","breadcrumb":{"@id":"https:\/\/hierostrasbourg.com\/index.php\/2023\/02\/16\/la-chanteuse-barbara-waldens-morte-electrocutee-sur-scene-lorganisateur-du-festival-condamne-2\/#breadcrumb"},"inLanguage":"fr-FR","potentialAction":[{"@type":"ReadAction","target":["https:\/\/hierostrasbourg.com\/index.php\/2023\/02\/16\/la-chanteuse-barbara-waldens-morte-electrocutee-sur-scene-lorganisateur-du-festival-condamne-2\/"]}]},{"@type":"BreadcrumbList","@id":"https:\/\/hierostrasbourg.com\/index.php\/2023\/02\/16\/la-chanteuse-barbara-waldens-morte-electrocutee-sur-scene-lorganisateur-du-festival-condamne-2\/#breadcrumb","itemListElement":[{"@type":"ListItem","position":1,"name":"Accueil","item":"https:\/\/hierostrasbourg.com\/"},{"@type":"ListItem","position":2,"name":"La chanteuse Barbara Waldens morte \u00e9lectrocut\u00e9e sur sc\u00e8ne : l\u2019organisateur du festival condamn\u00e9"}]},{"@type":"WebSite","@id":"https:\/\/hierostrasbourg.com\/#website","url":"https:\/\/hierostrasbourg.com\/","name":"HIERO STRASBOURG","description":"Centre de Ressources Musiques Actuelles","publisher":{"@id":"https:\/\/hierostrasbourg.com\/#organization"},"potentialAction":[{"@type":"SearchAction","target":{"@type":"EntryPoint","urlTemplate":"https:\/\/hierostrasbourg.com\/?s={search_term_string}"},"query-input":{"@type":"PropertyValueSpecification","valueRequired":true,"valueName":"search_term_string"}}],"inLanguage":"fr-FR"},{"@type":"Organization","@id":"https:\/\/hierostrasbourg.com\/#organization","name":"F\u00e9d\u00e9ration Hi\u00e9ro Strasbourg","url":"https:\/\/hierostrasbourg.com\/","logo":{"@type":"ImageObject","inLanguage":"fr-FR","@id":"https:\/\/hierostrasbourg.com\/#\/schema\/logo\/image\/","url":"https:\/\/hierostrasbourg.com\/wp-content\/uploads\/2026\/04\/logo-hiero-strasbourg.jpg","contentUrl":"https:\/\/hierostrasbourg.com\/wp-content\/uploads\/2026\/04\/logo-hiero-strasbourg.jpg","width":204,"height":192,"caption":"F\u00e9d\u00e9ration Hi\u00e9ro Strasbourg"},"image":{"@id":"https:\/\/hierostrasbourg.com\/#\/schema\/logo\/image\/"},"sameAs":["https:\/\/www.facebook.com\/fedehierostrasbourg","https:\/\/x.com\/hierostrasbourg"]}]}},"_links":{"self":[{"href":"https:\/\/hierostrasbourg.com\/index.php\/wp-json\/wp\/v2\/posts\/5270","targetHints":{"allow":["GET"]}}],"collection":[{"href":"https:\/\/hierostrasbourg.com\/index.php\/wp-json\/wp\/v2\/posts"}],"about":[{"href":"https:\/\/hierostrasbourg.com\/index.php\/wp-json\/wp\/v2\/types\/post"}],"replies":[{"embeddable":true,"href":"https:\/\/hierostrasbourg.com\/index.php\/wp-json\/wp\/v2\/comments?post=5270"}],"version-history":[{"count":0,"href":"https:\/\/hierostrasbourg.com\/index.php\/wp-json\/wp\/v2\/posts\/5270\/revisions"}],"wp:attachment":[{"href":"https:\/\/hierostrasbourg.com\/index.php\/wp-json\/wp\/v2\/media?parent=5270"}],"wp:term":[{"taxonomy":"category","embeddable":true,"href":"https:\/\/hierostrasbourg.com\/index.php\/wp-json\/wp\/v2\/categories?post=5270"},{"taxonomy":"post_tag","embeddable":true,"href":"https:\/\/hierostrasbourg.com\/index.php\/wp-json\/wp\/v2\/tags?post=5270"}],"curies":[{"name":"wp","href":"https:\/\/api.w.org\/{rel}","templated":true}]}}