{"id":5258,"date":"2023-02-16T10:41:22","date_gmt":"2023-02-16T09:41:22","guid":{"rendered":"https:\/\/hierostrasbourg.com\/index.php\/2023\/02\/16\/midia-souhaite-interroger-les-labels-et-distributeurs-independants-2\/"},"modified":"2023-02-16T10:41:22","modified_gmt":"2023-02-16T09:41:22","slug":"midia-souhaite-interroger-les-labels-et-distributeurs-independants-2","status":"publish","type":"post","link":"https:\/\/hierostrasbourg.com\/index.php\/2023\/02\/16\/midia-souhaite-interroger-les-labels-et-distributeurs-independants-2\/","title":{"rendered":"MIDIA souhaite interroger les labels et distributeurs ind\u00e9pendants"},"content":{"rendered":"<p><em>Mesurer la contribution r\u00e9elle du secteur ind\u00e9pendant au march\u00e9 mondial de la musique enregistr\u00e9e est une t\u00e2che importante mais difficile.\u00a0La fa\u00e7on traditionnelle de penser \u00e0 la part de march\u00e9 ind\u00e9pendante est de prendre le march\u00e9 total et d\u2019en retirer les revenus des majors.\u00a0Mais cette base \u00ab distribution \u00bb de parts de march\u00e9 sous-repr\u00e9sente les ind\u00e9pendants car les majors distribuent \u00e9galement des labels et des artistes ind\u00e9pendants.\u00a0La mesure la plus fid\u00e8le de la contribution des ind\u00e9pendants est bas\u00e9e sur la propri\u00e9t\u00e9 du droit d\u2019auteur.\u00a0<\/em><\/p>\n<p>Source \/ Lire la suite : <a href=\"https:\/\/printzblog.com\/2023\/02\/15\/midia-souhaite-interroger-les-labels-et-distributeurs-independants\/\" target=\"_blank\" rel=\"noopener\">MIDIA souhaite interroger les labels et distributeurs ind\u00e9pendants<\/a><\/p>\n<p>L\u2019article <a href=\"https:\/\/musiquesactuelles.alsace\/midia-souhaite-interroger-les-labels-et-distributeurs-independants\/\">MIDIA souhaite interroger les labels et distributeurs ind\u00e9pendants<\/a> est apparu en premier sur <a href=\"https:\/\/musiquesactuelles.alsace\/\">Musiques Actuelles en Alsace<\/a>.<\/p>\n<p>L\u2019article <a href=\"https:\/\/popburo.fr\/midia-souhaite-interroger-les-labels-et-distributeurs-independants-2\/\">MIDIA souhaite interroger les labels et distributeurs ind\u00e9pendants<\/a> est apparu en premier sur <a href=\"https:\/\/popburo.fr\/\">POP B\u00dcRO<\/a>.<\/p>\n","protected":false},"excerpt":{"rendered":"<p>Mesurer la contribution r\u00e9elle du secteur ind\u00e9pendant au march\u00e9 mondial de la musique enregistr\u00e9e est une t\u00e2che importante mais difficile.\u00a0La fa\u00e7on traditionnelle de penser \u00e0 la part de march\u00e9 ind\u00e9pendante est de prendre le march\u00e9 total et d\u2019en retirer les revenus des majors.\u00a0Mais cette base \u00ab distribution \u00bb de parts de march\u00e9 sous-repr\u00e9sente les ind\u00e9pendants car les majors distribuent \u00e9galement des labels et des artistes ind\u00e9pendants.\u00a0La mesure la plus fid\u00e8le de la contribution des ind\u00e9pendants est bas\u00e9e sur la propri\u00e9t\u00e9 [&hellip;]<\/p>\n","protected":false},"author":0,"featured_media":0,"comment_status":"closed","ping_status":"open","sticky":false,"template":"","format":"standard","meta":{"footnotes":""},"categories":[1],"tags":[],"class_list":["post-5258","post","type-post","status-publish","format-standard","hentry","category-non-classe"],"yoast_head":"<!-- This site is optimized with the Yoast SEO plugin v27.4 - https:\/\/yoast.com\/product\/yoast-seo-wordpress\/ -->\n<title>MIDIA souhaite interroger les labels et distributeurs ind\u00e9pendants - HIERO STRASBOURG<\/title>\n<meta name=\"robots\" content=\"index, follow, max-snippet:-1, max-image-preview:large, max-video-preview:-1\" \/>\n<link rel=\"canonical\" href=\"https:\/\/hierostrasbourg.com\/index.php\/2023\/02\/16\/midia-souhaite-interroger-les-labels-et-distributeurs-independants-2\/\" \/>\n<meta property=\"og:locale\" content=\"fr_FR\" \/>\n<meta property=\"og:type\" content=\"article\" \/>\n<meta property=\"og:title\" content=\"MIDIA souhaite interroger les labels et distributeurs ind\u00e9pendants - HIERO STRASBOURG\" \/>\n<meta property=\"og:description\" content=\"Mesurer la contribution r\u00e9elle du secteur ind\u00e9pendant au march\u00e9 mondial de la musique enregistr\u00e9e est une t\u00e2che importante mais difficile.\u00a0La fa\u00e7on traditionnelle de penser \u00e0 la part de march\u00e9 ind\u00e9pendante est de prendre le march\u00e9 total et d\u2019en retirer les revenus des majors.\u00a0Mais cette base \u00ab distribution \u00bb de parts de march\u00e9 sous-repr\u00e9sente les ind\u00e9pendants car les majors distribuent \u00e9galement des labels et des artistes ind\u00e9pendants.\u00a0La mesure la plus fid\u00e8le de la contribution des ind\u00e9pendants est bas\u00e9e sur la propri\u00e9t\u00e9 [&hellip;]\" \/>\n<meta property=\"og:url\" content=\"https:\/\/hierostrasbourg.com\/index.php\/2023\/02\/16\/midia-souhaite-interroger-les-labels-et-distributeurs-independants-2\/\" \/>\n<meta property=\"og:site_name\" content=\"HIERO STRASBOURG\" \/>\n<meta property=\"article:publisher\" content=\"https:\/\/www.facebook.com\/fedehierostrasbourg\" \/>\n<meta property=\"article:published_time\" content=\"2023-02-16T09:41:22+00:00\" \/>\n<meta name=\"twitter:card\" content=\"summary_large_image\" \/>\n<meta name=\"twitter:creator\" content=\"@hierostrasbourg\" \/>\n<meta name=\"twitter:site\" content=\"@hierostrasbourg\" \/>\n<meta name=\"twitter:label1\" content=\"Dur\u00e9e de lecture estim\u00e9e\" \/>\n\t<meta name=\"twitter:data1\" content=\"1 minute\" \/>\n<script type=\"application\/ld+json\" class=\"yoast-schema-graph\">{\"@context\":\"https:\\\/\\\/schema.org\",\"@graph\":[{\"@type\":\"Article\",\"@id\":\"https:\\\/\\\/hierostrasbourg.com\\\/index.php\\\/2023\\\/02\\\/16\\\/midia-souhaite-interroger-les-labels-et-distributeurs-independants-2\\\/#article\",\"isPartOf\":{\"@id\":\"https:\\\/\\\/hierostrasbourg.com\\\/index.php\\\/2023\\\/02\\\/16\\\/midia-souhaite-interroger-les-labels-et-distributeurs-independants-2\\\/\"},\"author\":{\"name\":\"\",\"@id\":\"\"},\"headline\":\"MIDIA souhaite interroger les labels et distributeurs ind\u00e9pendants\",\"datePublished\":\"2023-02-16T09:41:22+00:00\",\"mainEntityOfPage\":{\"@id\":\"https:\\\/\\\/hierostrasbourg.com\\\/index.php\\\/2023\\\/02\\\/16\\\/midia-souhaite-interroger-les-labels-et-distributeurs-independants-2\\\/\"},\"wordCount\":159,\"publisher\":{\"@id\":\"https:\\\/\\\/hierostrasbourg.com\\\/#organization\"},\"inLanguage\":\"fr-FR\"},{\"@type\":\"WebPage\",\"@id\":\"https:\\\/\\\/hierostrasbourg.com\\\/index.php\\\/2023\\\/02\\\/16\\\/midia-souhaite-interroger-les-labels-et-distributeurs-independants-2\\\/\",\"url\":\"https:\\\/\\\/hierostrasbourg.com\\\/index.php\\\/2023\\\/02\\\/16\\\/midia-souhaite-interroger-les-labels-et-distributeurs-independants-2\\\/\",\"name\":\"MIDIA souhaite interroger les labels et distributeurs ind\u00e9pendants - HIERO STRASBOURG\",\"isPartOf\":{\"@id\":\"https:\\\/\\\/hierostrasbourg.com\\\/#website\"},\"datePublished\":\"2023-02-16T09:41:22+00:00\",\"breadcrumb\":{\"@id\":\"https:\\\/\\\/hierostrasbourg.com\\\/index.php\\\/2023\\\/02\\\/16\\\/midia-souhaite-interroger-les-labels-et-distributeurs-independants-2\\\/#breadcrumb\"},\"inLanguage\":\"fr-FR\",\"potentialAction\":[{\"@type\":\"ReadAction\",\"target\":[\"https:\\\/\\\/hierostrasbourg.com\\\/index.php\\\/2023\\\/02\\\/16\\\/midia-souhaite-interroger-les-labels-et-distributeurs-independants-2\\\/\"]}]},{\"@type\":\"BreadcrumbList\",\"@id\":\"https:\\\/\\\/hierostrasbourg.com\\\/index.php\\\/2023\\\/02\\\/16\\\/midia-souhaite-interroger-les-labels-et-distributeurs-independants-2\\\/#breadcrumb\",\"itemListElement\":[{\"@type\":\"ListItem\",\"position\":1,\"name\":\"Accueil\",\"item\":\"https:\\\/\\\/hierostrasbourg.com\\\/\"},{\"@type\":\"ListItem\",\"position\":2,\"name\":\"MIDIA souhaite interroger les labels et distributeurs ind\u00e9pendants\"}]},{\"@type\":\"WebSite\",\"@id\":\"https:\\\/\\\/hierostrasbourg.com\\\/#website\",\"url\":\"https:\\\/\\\/hierostrasbourg.com\\\/\",\"name\":\"HIERO STRASBOURG\",\"description\":\"Centre de Ressources Musiques Actuelles\",\"publisher\":{\"@id\":\"https:\\\/\\\/hierostrasbourg.com\\\/#organization\"},\"potentialAction\":[{\"@type\":\"SearchAction\",\"target\":{\"@type\":\"EntryPoint\",\"urlTemplate\":\"https:\\\/\\\/hierostrasbourg.com\\\/?s={search_term_string}\"},\"query-input\":{\"@type\":\"PropertyValueSpecification\",\"valueRequired\":true,\"valueName\":\"search_term_string\"}}],\"inLanguage\":\"fr-FR\"},{\"@type\":\"Organization\",\"@id\":\"https:\\\/\\\/hierostrasbourg.com\\\/#organization\",\"name\":\"F\u00e9d\u00e9ration Hi\u00e9ro Strasbourg\",\"url\":\"https:\\\/\\\/hierostrasbourg.com\\\/\",\"logo\":{\"@type\":\"ImageObject\",\"inLanguage\":\"fr-FR\",\"@id\":\"https:\\\/\\\/hierostrasbourg.com\\\/#\\\/schema\\\/logo\\\/image\\\/\",\"url\":\"https:\\\/\\\/hierostrasbourg.com\\\/wp-content\\\/uploads\\\/2026\\\/04\\\/logo-hiero-strasbourg.jpg\",\"contentUrl\":\"https:\\\/\\\/hierostrasbourg.com\\\/wp-content\\\/uploads\\\/2026\\\/04\\\/logo-hiero-strasbourg.jpg\",\"width\":204,\"height\":192,\"caption\":\"F\u00e9d\u00e9ration Hi\u00e9ro Strasbourg\"},\"image\":{\"@id\":\"https:\\\/\\\/hierostrasbourg.com\\\/#\\\/schema\\\/logo\\\/image\\\/\"},\"sameAs\":[\"https:\\\/\\\/www.facebook.com\\\/fedehierostrasbourg\",\"https:\\\/\\\/x.com\\\/hierostrasbourg\"]}]}<\/script>\n<!-- \/ Yoast SEO plugin. -->","yoast_head_json":{"title":"MIDIA souhaite interroger les labels et distributeurs ind\u00e9pendants - HIERO STRASBOURG","robots":{"index":"index","follow":"follow","max-snippet":"max-snippet:-1","max-image-preview":"max-image-preview:large","max-video-preview":"max-video-preview:-1"},"canonical":"https:\/\/hierostrasbourg.com\/index.php\/2023\/02\/16\/midia-souhaite-interroger-les-labels-et-distributeurs-independants-2\/","og_locale":"fr_FR","og_type":"article","og_title":"MIDIA souhaite interroger les labels et distributeurs ind\u00e9pendants - HIERO STRASBOURG","og_description":"Mesurer la contribution r\u00e9elle du secteur ind\u00e9pendant au march\u00e9 mondial de la musique enregistr\u00e9e est une t\u00e2che importante mais difficile.\u00a0La fa\u00e7on traditionnelle de penser \u00e0 la part de march\u00e9 ind\u00e9pendante est de prendre le march\u00e9 total et d\u2019en retirer les revenus des majors.\u00a0Mais cette base \u00ab distribution \u00bb de parts de march\u00e9 sous-repr\u00e9sente les ind\u00e9pendants car les majors distribuent \u00e9galement des labels et des artistes ind\u00e9pendants.\u00a0La mesure la plus fid\u00e8le de la contribution des ind\u00e9pendants est bas\u00e9e sur la propri\u00e9t\u00e9 [&hellip;]","og_url":"https:\/\/hierostrasbourg.com\/index.php\/2023\/02\/16\/midia-souhaite-interroger-les-labels-et-distributeurs-independants-2\/","og_site_name":"HIERO STRASBOURG","article_publisher":"https:\/\/www.facebook.com\/fedehierostrasbourg","article_published_time":"2023-02-16T09:41:22+00:00","twitter_card":"summary_large_image","twitter_creator":"@hierostrasbourg","twitter_site":"@hierostrasbourg","twitter_misc":{"Dur\u00e9e de lecture estim\u00e9e":"1 minute"},"schema":{"@context":"https:\/\/schema.org","@graph":[{"@type":"Article","@id":"https:\/\/hierostrasbourg.com\/index.php\/2023\/02\/16\/midia-souhaite-interroger-les-labels-et-distributeurs-independants-2\/#article","isPartOf":{"@id":"https:\/\/hierostrasbourg.com\/index.php\/2023\/02\/16\/midia-souhaite-interroger-les-labels-et-distributeurs-independants-2\/"},"author":{"name":"","@id":""},"headline":"MIDIA souhaite interroger les labels et distributeurs ind\u00e9pendants","datePublished":"2023-02-16T09:41:22+00:00","mainEntityOfPage":{"@id":"https:\/\/hierostrasbourg.com\/index.php\/2023\/02\/16\/midia-souhaite-interroger-les-labels-et-distributeurs-independants-2\/"},"wordCount":159,"publisher":{"@id":"https:\/\/hierostrasbourg.com\/#organization"},"inLanguage":"fr-FR"},{"@type":"WebPage","@id":"https:\/\/hierostrasbourg.com\/index.php\/2023\/02\/16\/midia-souhaite-interroger-les-labels-et-distributeurs-independants-2\/","url":"https:\/\/hierostrasbourg.com\/index.php\/2023\/02\/16\/midia-souhaite-interroger-les-labels-et-distributeurs-independants-2\/","name":"MIDIA souhaite interroger les labels et distributeurs ind\u00e9pendants - HIERO STRASBOURG","isPartOf":{"@id":"https:\/\/hierostrasbourg.com\/#website"},"datePublished":"2023-02-16T09:41:22+00:00","breadcrumb":{"@id":"https:\/\/hierostrasbourg.com\/index.php\/2023\/02\/16\/midia-souhaite-interroger-les-labels-et-distributeurs-independants-2\/#breadcrumb"},"inLanguage":"fr-FR","potentialAction":[{"@type":"ReadAction","target":["https:\/\/hierostrasbourg.com\/index.php\/2023\/02\/16\/midia-souhaite-interroger-les-labels-et-distributeurs-independants-2\/"]}]},{"@type":"BreadcrumbList","@id":"https:\/\/hierostrasbourg.com\/index.php\/2023\/02\/16\/midia-souhaite-interroger-les-labels-et-distributeurs-independants-2\/#breadcrumb","itemListElement":[{"@type":"ListItem","position":1,"name":"Accueil","item":"https:\/\/hierostrasbourg.com\/"},{"@type":"ListItem","position":2,"name":"MIDIA souhaite interroger les labels et distributeurs ind\u00e9pendants"}]},{"@type":"WebSite","@id":"https:\/\/hierostrasbourg.com\/#website","url":"https:\/\/hierostrasbourg.com\/","name":"HIERO STRASBOURG","description":"Centre de Ressources Musiques Actuelles","publisher":{"@id":"https:\/\/hierostrasbourg.com\/#organization"},"potentialAction":[{"@type":"SearchAction","target":{"@type":"EntryPoint","urlTemplate":"https:\/\/hierostrasbourg.com\/?s={search_term_string}"},"query-input":{"@type":"PropertyValueSpecification","valueRequired":true,"valueName":"search_term_string"}}],"inLanguage":"fr-FR"},{"@type":"Organization","@id":"https:\/\/hierostrasbourg.com\/#organization","name":"F\u00e9d\u00e9ration Hi\u00e9ro Strasbourg","url":"https:\/\/hierostrasbourg.com\/","logo":{"@type":"ImageObject","inLanguage":"fr-FR","@id":"https:\/\/hierostrasbourg.com\/#\/schema\/logo\/image\/","url":"https:\/\/hierostrasbourg.com\/wp-content\/uploads\/2026\/04\/logo-hiero-strasbourg.jpg","contentUrl":"https:\/\/hierostrasbourg.com\/wp-content\/uploads\/2026\/04\/logo-hiero-strasbourg.jpg","width":204,"height":192,"caption":"F\u00e9d\u00e9ration Hi\u00e9ro Strasbourg"},"image":{"@id":"https:\/\/hierostrasbourg.com\/#\/schema\/logo\/image\/"},"sameAs":["https:\/\/www.facebook.com\/fedehierostrasbourg","https:\/\/x.com\/hierostrasbourg"]}]}},"_links":{"self":[{"href":"https:\/\/hierostrasbourg.com\/index.php\/wp-json\/wp\/v2\/posts\/5258","targetHints":{"allow":["GET"]}}],"collection":[{"href":"https:\/\/hierostrasbourg.com\/index.php\/wp-json\/wp\/v2\/posts"}],"about":[{"href":"https:\/\/hierostrasbourg.com\/index.php\/wp-json\/wp\/v2\/types\/post"}],"replies":[{"embeddable":true,"href":"https:\/\/hierostrasbourg.com\/index.php\/wp-json\/wp\/v2\/comments?post=5258"}],"version-history":[{"count":0,"href":"https:\/\/hierostrasbourg.com\/index.php\/wp-json\/wp\/v2\/posts\/5258\/revisions"}],"wp:attachment":[{"href":"https:\/\/hierostrasbourg.com\/index.php\/wp-json\/wp\/v2\/media?parent=5258"}],"wp:term":[{"taxonomy":"category","embeddable":true,"href":"https:\/\/hierostrasbourg.com\/index.php\/wp-json\/wp\/v2\/categories?post=5258"},{"taxonomy":"post_tag","embeddable":true,"href":"https:\/\/hierostrasbourg.com\/index.php\/wp-json\/wp\/v2\/tags?post=5258"}],"curies":[{"name":"wp","href":"https:\/\/api.w.org\/{rel}","templated":true}]}}