{"id":5199,"date":"2023-02-14T23:46:40","date_gmt":"2023-02-14T22:46:40","guid":{"rendered":"https:\/\/hierostrasbourg.com\/index.php\/2023\/02\/14\/appel-a-candidatures-pour-pari-parcours-daccompagnement-et-de-reflexion-sur-linternational\/"},"modified":"2023-02-14T23:46:40","modified_gmt":"2023-02-14T22:46:40","slug":"appel-a-candidatures-pour-pari-parcours-daccompagnement-et-de-reflexion-sur-linternational","status":"publish","type":"post","link":"https:\/\/hierostrasbourg.com\/index.php\/2023\/02\/14\/appel-a-candidatures-pour-pari-parcours-daccompagnement-et-de-reflexion-sur-linternational\/","title":{"rendered":"Appel \u00e0 candidatures pour PARI! Parcours d\u2019Accompagnement et de R\u00e9flexion sur l\u2019international"},"content":{"rendered":"<h2>PARI! en quelques lignes<\/h2>\n<p>PARI!, le Parcours d\u2019Accompagnement et de R\u00e9flexion sur l\u2019International, vise \u00e0 permettre l\u2019amor\u00e7age ou le red\u00e9ploiement d\u2019une strat\u00e9gie \u00e0 l\u2019international des structures \/ organisations accompagn\u00e9es (compagnies, groupes, collectifs, ensembles, etc. dans les domaines des arts de la sc\u00e8ne et de la musique) autour de cinq axes principaux : la mobilit\u00e9 artistique, la mise en r\u00e9seau, la coop\u00e9ration culturelle, la transmission et la diffusion.<\/p>\n<p>Au cours d\u2019un cycle de 12 mois, les structures b\u00e9n\u00e9ficiaires sont accompagn\u00e9es par des personnes-ressources fran\u00e7aises et\/ou \u00e9trang\u00e8res, de mani\u00e8re collective et individuelle, selon leurs besoins sp\u00e9cifiques.<\/p>\n<p>Plusieurs angles d\u2019approches sont propos\u00e9s suivant le diagnostic initial des organisations \/ structures accompagn\u00e9es :<\/p>\n<p>Introduction et identification des r\u00e9seaux et espaces de mise en r\u00e9seaux, des r\u00e9sidences, des programmes de mobilit\u00e9 en Europe et \u00e0 l\u2019international ;<br \/>\nR\u00e9flexion sur les points d\u2019ancrage de sa structure, notamment autour des questions de collaborations mais aussi de formation et de transmission (mont\u00e9e en comp\u00e9tence, transferts de comp\u00e9tences, etc.);<br \/>\nR\u00e9flexion sur les questions d\u2019export, de diffusion, de transmission de r\u00e9pertoire (inclus en ligne) mais \u00e9galement de pr\u00e9sence sur les salons et \u00e9v\u00e9nements internationaux ;<br \/>\nD\u00e9finition de champs d\u2019actions possibles sur des projets de coop\u00e9ration (notamment \u00e0 l\u2019\u00e9chelle europ\u00e9enne).<br \/>\nLa dimension de l\u2019\u00e9co-responsabilit\u00e9 de ces actions est incluse de fa\u00e7on transversale.<\/p>\n<h2>PARI! en chiffres cl\u00e9s<\/h2>\n<p>12 mois de juin 2023 \u00e0 juin 2024<br \/>\n17 structures \/ organisations accompagn\u00e9es<br \/>\n15 heures d\u2019accompagnement par organisation :\u00a01 heure de diagnostic,<br \/>\n6 heures de session collective \u00e0 Paris,<br \/>\n7 heures de sessions individuelles,<br \/>\n1 heure d\u2019\u00e9valuation-suivi via une session collective finale en ligne.<\/p>\n<p>Note : Le programme\u00a0PARI! n\u2019est pas une aide \u00e0 la tourn\u00e9e ou \u00e0 l\u2019export mais vise \u00e0 accompagner les compagnies, collectifs, ensembles ou groupes \u00e0 r\u00e9fl\u00e9chir \/ phaser \/ nourrir leur strat\u00e9gie \u00e0 l\u2019international. Le programme\u00a0PARI\u00a0! vise \u00e0 int\u00e9grer la question de l\u2019international dans sa globalit\u00e9 et ses potentiels de d\u00e9veloppement pour la structure accompagn\u00e9e.<\/p>\n<h2>Qui peut candidater ?<\/h2>\n<h4>Disciplines<\/h4>\n<p>PARI! est \u00e0 destination de :<\/p>\n<p>Compagnies \/ collectifs du spectacle vivant (th\u00e9\u00e2tre, danse, cirque, marionnettes, jeune public, cr\u00e9ation en espace public)<br \/>\nGroupes \/ Ensembles \/ Collectifs (musiques anciennes, musique contemporaine, musique exp\u00e9rimentale, jazz, musiques du monde, avec une dimension pluridisciplinaire)<\/p>\n<h2>Crit\u00e8res d\u2019\u00e9ligibilit\u00e9<\/h2>\n<p>L\u2019organisation qui candidate doit :<\/p>\n<p>\u00catre domicili\u00e9e en France (Hexagone et territoires ultramarins),<br \/>\nAvoir une existence l\u00e9gale de trois ans minimum au moment de la candidature,<br \/>\nAvoir une pratique professionnelle \u00e9tablie dans les disciplines susmentionn\u00e9es,<br \/>\nAvoir une structuration minimale en terme d\u2019emploi,<br \/>\nAvoir une premi\u00e8re exp\u00e9rience de l\u2019international (tourn\u00e9es, collaborations, r\u00e9sidences, formations etc.) dans les 5 derni\u00e8res ann\u00e9es,<br \/>\nAvoir d\u00e9j\u00e0 fait l\u2019objet d\u2019un soutien du minist\u00e8re de la Culture (aide au projet, conventionnement, r\u00e9sidence) ou a minima avoir fait l\u2019objet d\u2019un rep\u00e9rage et d\u2019une diffusion av\u00e9r\u00e9e dans les r\u00e9seaux nationaux.<\/p>\n<p>Remplir le questionnaire\u00a0avant le 13 mars 2023, 23 heures 59, heure de Paris.<\/p>\n<p>Soutenu par le minist\u00e8re de la Culture et l\u2019Institut fran\u00e7ais, coordonn\u00e9 par On the Move<\/p>\n<p><a class=\"maxbutton-1 maxbutton maxbutton-postulez\" href=\"https:\/\/forms.gle\/WQhsaPHRRvrA3GJw6\"><span class=\"mb-text\">POSTULEZ<\/span><\/a><\/p>\n<div class=\"ead-preview\">\n<div class=\"ead-document\">\n<div class=\"ead-iframe-wrapper\"><\/div>\n<div class=\"ead-document-loading\">\n<div class=\"ead-loading-wrap\">\n<div class=\"ead-loading-main\">\n<div class=\"ead-loading\">\n\t\t\t\t\t\t\t<span>En cours de chargement\u2026<\/span>\n\t\t\t\t\t\t<\/div>\n<\/div>\n<div class=\"ead-loading-foot\">\n<div class=\"ead-loading-foot-title\">\n\t\t\t\t\t\t\t<span>Cela prend trop de temps\u00a0?<\/span>\n\t\t\t\t\t\t<\/div>\n<div class=\"ead-document-btn ead-reload-btn\">\n\t\t\t\t\t\t\t\t Recharger le document\t\t\t\t\t\t\t<\/div>\n<p>\t\t\t\t\t\t\t<span>|<\/span><br \/><a href=\"https:\/\/lamultinationaledelunderground.com\/musiquesactuelles\/wp-content\/uploads\/2023\/02\/PARI_arts-scene-musique-2023-24.pdf\" class=\"ead-document-btn\" target=\"_blank\" rel=\"noopener\"><br \/>\n\t\t\t\t\t\t\t\t Ouvrir dans un nouvel onglet\t\t\t\t\t\t\t<\/a>\n\t\t\t\t\t<\/p>\n<\/div>\n<\/div>\n<\/div>\n<\/div>\n<p class=\"embed_download\"><a href=\"https:\/\/lamultinationaledelunderground.com\/musiquesactuelles\/wp-content\/uploads\/2023\/02\/PARI_arts-scene-musique-2023-24.pdf\">\ufeffT\u00e9l\u00e9charger [267.06 KB] <\/a><\/p>\n<\/div>\n<div class=\"ead-preview\">\n<div class=\"ead-document\">\n<div class=\"ead-iframe-wrapper\"><\/div>\n<div class=\"ead-document-loading\">\n<div class=\"ead-loading-wrap\">\n<div class=\"ead-loading-main\">\n<div class=\"ead-loading\">\n\t\t\t\t\t\t\t<span>En cours de chargement\u2026<\/span>\n\t\t\t\t\t\t<\/div>\n<\/div>\n<div class=\"ead-loading-foot\">\n<div class=\"ead-loading-foot-title\">\n\t\t\t\t\t\t\t<span>Cela prend trop de temps\u00a0?<\/span>\n\t\t\t\t\t\t<\/div>\n<div class=\"ead-document-btn ead-reload-btn\">\n\t\t\t\t\t\t\t\t Recharger le document\t\t\t\t\t\t\t<\/div>\n<p>\t\t\t\t\t\t\t<span>|<\/span><br \/><a href=\"https:\/\/lamultinationaledelunderground.com\/musiquesactuelles\/wp-content\/uploads\/2023\/02\/PARI_questionnaire.pdf\" class=\"ead-document-btn\" target=\"_blank\" rel=\"noopener\"><br \/>\n\t\t\t\t\t\t\t\t Ouvrir dans un nouvel onglet\t\t\t\t\t\t\t<\/a>\n\t\t\t\t\t<\/p>\n<\/div>\n<\/div>\n<\/div>\n<\/div>\n<p class=\"embed_download\"><a href=\"https:\/\/lamultinationaledelunderground.com\/musiquesactuelles\/wp-content\/uploads\/2023\/02\/PARI_questionnaire.pdf\">\ufeffT\u00e9l\u00e9charger [181.00 KB] <\/a><\/p>\n<\/div>\n<p>L\u2019article <a href=\"https:\/\/musiquesactuelles.alsace\/appel-a-candidatures-pour-pari-parcours-daccompagnement-et-de-reflexion-sur-linternational\/\">Appel \u00e0 candidatures pour PARI! Parcours d\u2019Accompagnement et de R\u00e9flexion sur l\u2019international<\/a> est apparu en premier sur <a href=\"https:\/\/musiquesactuelles.alsace\/\">Musiques Actuelles en Alsace<\/a>.<\/p>\n<p>L\u2019article <a href=\"https:\/\/popburo.fr\/appel-a-candidatures-pour-pari-parcours-daccompagnement-et-de-reflexion-sur-linternational\/\">Appel \u00e0 candidatures pour PARI! Parcours d\u2019Accompagnement et de R\u00e9flexion sur l\u2019international<\/a> est apparu en premier sur <a href=\"https:\/\/popburo.fr\/\">POP B\u00dcRO<\/a>.<\/p>\n","protected":false},"excerpt":{"rendered":"<p>PARI! en quelques lignes PARI!, le Parcours d\u2019Accompagnement et de R\u00e9flexion sur l\u2019International, vise \u00e0 permettre l\u2019amor\u00e7age ou le red\u00e9ploiement d\u2019une strat\u00e9gie \u00e0 l\u2019international des structures \/ organisations accompagn\u00e9es (compagnies, groupes, collectifs, ensembles, etc. dans les domaines des arts de la sc\u00e8ne et de la musique) autour de cinq axes principaux : la mobilit\u00e9 artistique, la mise en r\u00e9seau, la coop\u00e9ration culturelle, la transmission et la diffusion. Au cours d\u2019un cycle de 12 mois, les structures b\u00e9n\u00e9ficiaires sont accompagn\u00e9es par [&hellip;]<\/p>\n","protected":false},"author":0,"featured_media":0,"comment_status":"closed","ping_status":"open","sticky":false,"template":"","format":"standard","meta":{"footnotes":""},"categories":[1],"tags":[],"class_list":["post-5199","post","type-post","status-publish","format-standard","hentry","category-non-classe"],"yoast_head":"<!-- This site is optimized with the Yoast SEO plugin v27.4 - https:\/\/yoast.com\/product\/yoast-seo-wordpress\/ -->\n<title>Appel \u00e0 candidatures pour PARI! Parcours d\u2019Accompagnement et de R\u00e9flexion sur l\u2019international - HIERO STRASBOURG<\/title>\n<meta name=\"robots\" content=\"index, follow, max-snippet:-1, max-image-preview:large, max-video-preview:-1\" \/>\n<link rel=\"canonical\" href=\"https:\/\/hierostrasbourg.com\/index.php\/2023\/02\/14\/appel-a-candidatures-pour-pari-parcours-daccompagnement-et-de-reflexion-sur-linternational\/\" \/>\n<meta property=\"og:locale\" content=\"fr_FR\" \/>\n<meta property=\"og:type\" content=\"article\" \/>\n<meta property=\"og:title\" content=\"Appel \u00e0 candidatures pour PARI! Parcours d\u2019Accompagnement et de R\u00e9flexion sur l\u2019international - HIERO STRASBOURG\" \/>\n<meta property=\"og:description\" content=\"PARI! en quelques lignes PARI!, le Parcours d\u2019Accompagnement et de R\u00e9flexion sur l\u2019International, vise \u00e0 permettre l\u2019amor\u00e7age ou le red\u00e9ploiement d\u2019une strat\u00e9gie \u00e0 l\u2019international des structures \/ organisations accompagn\u00e9es (compagnies, groupes, collectifs, ensembles, etc. dans les domaines des arts de la sc\u00e8ne et de la musique) autour de cinq axes principaux : la mobilit\u00e9 artistique, la mise en r\u00e9seau, la coop\u00e9ration culturelle, la transmission et la diffusion. Au cours d\u2019un cycle de 12 mois, les structures b\u00e9n\u00e9ficiaires sont accompagn\u00e9es par [&hellip;]\" \/>\n<meta property=\"og:url\" content=\"https:\/\/hierostrasbourg.com\/index.php\/2023\/02\/14\/appel-a-candidatures-pour-pari-parcours-daccompagnement-et-de-reflexion-sur-linternational\/\" \/>\n<meta property=\"og:site_name\" content=\"HIERO STRASBOURG\" \/>\n<meta property=\"article:publisher\" content=\"https:\/\/www.facebook.com\/fedehierostrasbourg\" \/>\n<meta property=\"article:published_time\" content=\"2023-02-14T22:46:40+00:00\" \/>\n<meta name=\"twitter:card\" content=\"summary_large_image\" \/>\n<meta name=\"twitter:creator\" content=\"@hierostrasbourg\" \/>\n<meta name=\"twitter:site\" content=\"@hierostrasbourg\" \/>\n<meta name=\"twitter:label1\" content=\"Dur\u00e9e de lecture estim\u00e9e\" \/>\n\t<meta name=\"twitter:data1\" content=\"3 minutes\" \/>\n<script type=\"application\/ld+json\" class=\"yoast-schema-graph\">{\"@context\":\"https:\\\/\\\/schema.org\",\"@graph\":[{\"@type\":\"Article\",\"@id\":\"https:\\\/\\\/hierostrasbourg.com\\\/index.php\\\/2023\\\/02\\\/14\\\/appel-a-candidatures-pour-pari-parcours-daccompagnement-et-de-reflexion-sur-linternational\\\/#article\",\"isPartOf\":{\"@id\":\"https:\\\/\\\/hierostrasbourg.com\\\/index.php\\\/2023\\\/02\\\/14\\\/appel-a-candidatures-pour-pari-parcours-daccompagnement-et-de-reflexion-sur-linternational\\\/\"},\"author\":{\"name\":\"\",\"@id\":\"\"},\"headline\":\"Appel \u00e0 candidatures pour PARI! Parcours d\u2019Accompagnement et de R\u00e9flexion sur l\u2019international\",\"datePublished\":\"2023-02-14T22:46:40+00:00\",\"mainEntityOfPage\":{\"@id\":\"https:\\\/\\\/hierostrasbourg.com\\\/index.php\\\/2023\\\/02\\\/14\\\/appel-a-candidatures-pour-pari-parcours-daccompagnement-et-de-reflexion-sur-linternational\\\/\"},\"wordCount\":638,\"publisher\":{\"@id\":\"https:\\\/\\\/hierostrasbourg.com\\\/#organization\"},\"inLanguage\":\"fr-FR\"},{\"@type\":\"WebPage\",\"@id\":\"https:\\\/\\\/hierostrasbourg.com\\\/index.php\\\/2023\\\/02\\\/14\\\/appel-a-candidatures-pour-pari-parcours-daccompagnement-et-de-reflexion-sur-linternational\\\/\",\"url\":\"https:\\\/\\\/hierostrasbourg.com\\\/index.php\\\/2023\\\/02\\\/14\\\/appel-a-candidatures-pour-pari-parcours-daccompagnement-et-de-reflexion-sur-linternational\\\/\",\"name\":\"Appel \u00e0 candidatures pour PARI! Parcours d\u2019Accompagnement et de R\u00e9flexion sur l\u2019international - HIERO STRASBOURG\",\"isPartOf\":{\"@id\":\"https:\\\/\\\/hierostrasbourg.com\\\/#website\"},\"datePublished\":\"2023-02-14T22:46:40+00:00\",\"breadcrumb\":{\"@id\":\"https:\\\/\\\/hierostrasbourg.com\\\/index.php\\\/2023\\\/02\\\/14\\\/appel-a-candidatures-pour-pari-parcours-daccompagnement-et-de-reflexion-sur-linternational\\\/#breadcrumb\"},\"inLanguage\":\"fr-FR\",\"potentialAction\":[{\"@type\":\"ReadAction\",\"target\":[\"https:\\\/\\\/hierostrasbourg.com\\\/index.php\\\/2023\\\/02\\\/14\\\/appel-a-candidatures-pour-pari-parcours-daccompagnement-et-de-reflexion-sur-linternational\\\/\"]}]},{\"@type\":\"BreadcrumbList\",\"@id\":\"https:\\\/\\\/hierostrasbourg.com\\\/index.php\\\/2023\\\/02\\\/14\\\/appel-a-candidatures-pour-pari-parcours-daccompagnement-et-de-reflexion-sur-linternational\\\/#breadcrumb\",\"itemListElement\":[{\"@type\":\"ListItem\",\"position\":1,\"name\":\"Accueil\",\"item\":\"https:\\\/\\\/hierostrasbourg.com\\\/\"},{\"@type\":\"ListItem\",\"position\":2,\"name\":\"Appel \u00e0 candidatures pour PARI! Parcours d\u2019Accompagnement et de R\u00e9flexion sur l\u2019international\"}]},{\"@type\":\"WebSite\",\"@id\":\"https:\\\/\\\/hierostrasbourg.com\\\/#website\",\"url\":\"https:\\\/\\\/hierostrasbourg.com\\\/\",\"name\":\"HIERO STRASBOURG\",\"description\":\"Centre de Ressources Musiques Actuelles\",\"publisher\":{\"@id\":\"https:\\\/\\\/hierostrasbourg.com\\\/#organization\"},\"potentialAction\":[{\"@type\":\"SearchAction\",\"target\":{\"@type\":\"EntryPoint\",\"urlTemplate\":\"https:\\\/\\\/hierostrasbourg.com\\\/?s={search_term_string}\"},\"query-input\":{\"@type\":\"PropertyValueSpecification\",\"valueRequired\":true,\"valueName\":\"search_term_string\"}}],\"inLanguage\":\"fr-FR\"},{\"@type\":\"Organization\",\"@id\":\"https:\\\/\\\/hierostrasbourg.com\\\/#organization\",\"name\":\"F\u00e9d\u00e9ration Hi\u00e9ro Strasbourg\",\"url\":\"https:\\\/\\\/hierostrasbourg.com\\\/\",\"logo\":{\"@type\":\"ImageObject\",\"inLanguage\":\"fr-FR\",\"@id\":\"https:\\\/\\\/hierostrasbourg.com\\\/#\\\/schema\\\/logo\\\/image\\\/\",\"url\":\"https:\\\/\\\/hierostrasbourg.com\\\/wp-content\\\/uploads\\\/2026\\\/04\\\/logo-hiero-strasbourg.jpg\",\"contentUrl\":\"https:\\\/\\\/hierostrasbourg.com\\\/wp-content\\\/uploads\\\/2026\\\/04\\\/logo-hiero-strasbourg.jpg\",\"width\":204,\"height\":192,\"caption\":\"F\u00e9d\u00e9ration Hi\u00e9ro Strasbourg\"},\"image\":{\"@id\":\"https:\\\/\\\/hierostrasbourg.com\\\/#\\\/schema\\\/logo\\\/image\\\/\"},\"sameAs\":[\"https:\\\/\\\/www.facebook.com\\\/fedehierostrasbourg\",\"https:\\\/\\\/x.com\\\/hierostrasbourg\"]}]}<\/script>\n<!-- \/ Yoast SEO plugin. -->","yoast_head_json":{"title":"Appel \u00e0 candidatures pour PARI! Parcours d\u2019Accompagnement et de R\u00e9flexion sur l\u2019international - HIERO STRASBOURG","robots":{"index":"index","follow":"follow","max-snippet":"max-snippet:-1","max-image-preview":"max-image-preview:large","max-video-preview":"max-video-preview:-1"},"canonical":"https:\/\/hierostrasbourg.com\/index.php\/2023\/02\/14\/appel-a-candidatures-pour-pari-parcours-daccompagnement-et-de-reflexion-sur-linternational\/","og_locale":"fr_FR","og_type":"article","og_title":"Appel \u00e0 candidatures pour PARI! Parcours d\u2019Accompagnement et de R\u00e9flexion sur l\u2019international - HIERO STRASBOURG","og_description":"PARI! en quelques lignes PARI!, le Parcours d\u2019Accompagnement et de R\u00e9flexion sur l\u2019International, vise \u00e0 permettre l\u2019amor\u00e7age ou le red\u00e9ploiement d\u2019une strat\u00e9gie \u00e0 l\u2019international des structures \/ organisations accompagn\u00e9es (compagnies, groupes, collectifs, ensembles, etc. dans les domaines des arts de la sc\u00e8ne et de la musique) autour de cinq axes principaux : la mobilit\u00e9 artistique, la mise en r\u00e9seau, la coop\u00e9ration culturelle, la transmission et la diffusion. Au cours d\u2019un cycle de 12 mois, les structures b\u00e9n\u00e9ficiaires sont accompagn\u00e9es par [&hellip;]","og_url":"https:\/\/hierostrasbourg.com\/index.php\/2023\/02\/14\/appel-a-candidatures-pour-pari-parcours-daccompagnement-et-de-reflexion-sur-linternational\/","og_site_name":"HIERO STRASBOURG","article_publisher":"https:\/\/www.facebook.com\/fedehierostrasbourg","article_published_time":"2023-02-14T22:46:40+00:00","twitter_card":"summary_large_image","twitter_creator":"@hierostrasbourg","twitter_site":"@hierostrasbourg","twitter_misc":{"Dur\u00e9e de lecture estim\u00e9e":"3 minutes"},"schema":{"@context":"https:\/\/schema.org","@graph":[{"@type":"Article","@id":"https:\/\/hierostrasbourg.com\/index.php\/2023\/02\/14\/appel-a-candidatures-pour-pari-parcours-daccompagnement-et-de-reflexion-sur-linternational\/#article","isPartOf":{"@id":"https:\/\/hierostrasbourg.com\/index.php\/2023\/02\/14\/appel-a-candidatures-pour-pari-parcours-daccompagnement-et-de-reflexion-sur-linternational\/"},"author":{"name":"","@id":""},"headline":"Appel \u00e0 candidatures pour PARI! Parcours d\u2019Accompagnement et de R\u00e9flexion sur l\u2019international","datePublished":"2023-02-14T22:46:40+00:00","mainEntityOfPage":{"@id":"https:\/\/hierostrasbourg.com\/index.php\/2023\/02\/14\/appel-a-candidatures-pour-pari-parcours-daccompagnement-et-de-reflexion-sur-linternational\/"},"wordCount":638,"publisher":{"@id":"https:\/\/hierostrasbourg.com\/#organization"},"inLanguage":"fr-FR"},{"@type":"WebPage","@id":"https:\/\/hierostrasbourg.com\/index.php\/2023\/02\/14\/appel-a-candidatures-pour-pari-parcours-daccompagnement-et-de-reflexion-sur-linternational\/","url":"https:\/\/hierostrasbourg.com\/index.php\/2023\/02\/14\/appel-a-candidatures-pour-pari-parcours-daccompagnement-et-de-reflexion-sur-linternational\/","name":"Appel \u00e0 candidatures pour PARI! Parcours d\u2019Accompagnement et de R\u00e9flexion sur l\u2019international - HIERO STRASBOURG","isPartOf":{"@id":"https:\/\/hierostrasbourg.com\/#website"},"datePublished":"2023-02-14T22:46:40+00:00","breadcrumb":{"@id":"https:\/\/hierostrasbourg.com\/index.php\/2023\/02\/14\/appel-a-candidatures-pour-pari-parcours-daccompagnement-et-de-reflexion-sur-linternational\/#breadcrumb"},"inLanguage":"fr-FR","potentialAction":[{"@type":"ReadAction","target":["https:\/\/hierostrasbourg.com\/index.php\/2023\/02\/14\/appel-a-candidatures-pour-pari-parcours-daccompagnement-et-de-reflexion-sur-linternational\/"]}]},{"@type":"BreadcrumbList","@id":"https:\/\/hierostrasbourg.com\/index.php\/2023\/02\/14\/appel-a-candidatures-pour-pari-parcours-daccompagnement-et-de-reflexion-sur-linternational\/#breadcrumb","itemListElement":[{"@type":"ListItem","position":1,"name":"Accueil","item":"https:\/\/hierostrasbourg.com\/"},{"@type":"ListItem","position":2,"name":"Appel \u00e0 candidatures pour PARI! Parcours d\u2019Accompagnement et de R\u00e9flexion sur l\u2019international"}]},{"@type":"WebSite","@id":"https:\/\/hierostrasbourg.com\/#website","url":"https:\/\/hierostrasbourg.com\/","name":"HIERO STRASBOURG","description":"Centre de Ressources Musiques Actuelles","publisher":{"@id":"https:\/\/hierostrasbourg.com\/#organization"},"potentialAction":[{"@type":"SearchAction","target":{"@type":"EntryPoint","urlTemplate":"https:\/\/hierostrasbourg.com\/?s={search_term_string}"},"query-input":{"@type":"PropertyValueSpecification","valueRequired":true,"valueName":"search_term_string"}}],"inLanguage":"fr-FR"},{"@type":"Organization","@id":"https:\/\/hierostrasbourg.com\/#organization","name":"F\u00e9d\u00e9ration Hi\u00e9ro Strasbourg","url":"https:\/\/hierostrasbourg.com\/","logo":{"@type":"ImageObject","inLanguage":"fr-FR","@id":"https:\/\/hierostrasbourg.com\/#\/schema\/logo\/image\/","url":"https:\/\/hierostrasbourg.com\/wp-content\/uploads\/2026\/04\/logo-hiero-strasbourg.jpg","contentUrl":"https:\/\/hierostrasbourg.com\/wp-content\/uploads\/2026\/04\/logo-hiero-strasbourg.jpg","width":204,"height":192,"caption":"F\u00e9d\u00e9ration Hi\u00e9ro Strasbourg"},"image":{"@id":"https:\/\/hierostrasbourg.com\/#\/schema\/logo\/image\/"},"sameAs":["https:\/\/www.facebook.com\/fedehierostrasbourg","https:\/\/x.com\/hierostrasbourg"]}]}},"_links":{"self":[{"href":"https:\/\/hierostrasbourg.com\/index.php\/wp-json\/wp\/v2\/posts\/5199","targetHints":{"allow":["GET"]}}],"collection":[{"href":"https:\/\/hierostrasbourg.com\/index.php\/wp-json\/wp\/v2\/posts"}],"about":[{"href":"https:\/\/hierostrasbourg.com\/index.php\/wp-json\/wp\/v2\/types\/post"}],"replies":[{"embeddable":true,"href":"https:\/\/hierostrasbourg.com\/index.php\/wp-json\/wp\/v2\/comments?post=5199"}],"version-history":[{"count":0,"href":"https:\/\/hierostrasbourg.com\/index.php\/wp-json\/wp\/v2\/posts\/5199\/revisions"}],"wp:attachment":[{"href":"https:\/\/hierostrasbourg.com\/index.php\/wp-json\/wp\/v2\/media?parent=5199"}],"wp:term":[{"taxonomy":"category","embeddable":true,"href":"https:\/\/hierostrasbourg.com\/index.php\/wp-json\/wp\/v2\/categories?post=5199"},{"taxonomy":"post_tag","embeddable":true,"href":"https:\/\/hierostrasbourg.com\/index.php\/wp-json\/wp\/v2\/tags?post=5199"}],"curies":[{"name":"wp","href":"https:\/\/api.w.org\/{rel}","templated":true}]}}