{"id":5192,"date":"2023-02-14T21:40:40","date_gmt":"2023-02-14T20:40:40","guid":{"rendered":"https:\/\/hierostrasbourg.com\/index.php\/2023\/02\/14\/appel-a-candidatures-pour-le-festival-crossroads\/"},"modified":"2023-02-14T21:40:40","modified_gmt":"2023-02-14T20:40:40","slug":"appel-a-candidatures-pour-le-festival-crossroads","status":"publish","type":"post","link":"https:\/\/hierostrasbourg.com\/index.php\/2023\/02\/14\/appel-a-candidatures-pour-le-festival-crossroads\/","title":{"rendered":"Appel \u00e0 candidatures pour le festival CROSSROADS"},"content":{"rendered":"<p>Le Crossroads festival aura lieu du mardi 7 au jeudi 9 novembre 2023.<br \/>\n3 jours, 2 sc\u00e8nes, 21 groupes \u00e9mergents \u00e0 la Condition Publique (Roubaix).<br \/>\nCandidatures ouvertes du lundi 13 janvier jusqu\u2019au lundi 13 mars 2023 \u00e0 18h<\/p>\n<p>Le festival Crossroads est ouvert \u00e0\u00a0tous les groupes en \u00e9mergence professionnelle\u00a0: nouveau projet et\/ou avant le premier album. La programmation du festival s\u2019inscrit dans\u00a0un soutien \u00e0 la prise de risque artistique, \u00e0 la d\u00e9couverte, au travail d\u2019accompagnement men\u00e9 par la structure qui porte la candidature\u00a0et aussi \u00e0 la\u00a0diversit\u00e9 des esth\u00e9tiques des musiques amplifi\u00e9es, des genres, des parcours et des origines des musicien\u00b7nes.<\/p>\n<h4><strong>1. Chaque groupe doit \u00eatre propos\u00e9 et suivi par une structure professionnelle\u00a0<\/strong><\/h4>\n<p>Diffusion : salles de concerts, festivals, producteurs de spectacles, centres culturels, etc.<br \/>\nProduction artistique\/cr\u00e9ation : managers, \u00e9diteurs, labels, producteurs de spectacles, studios d\u2019enregistrement, etc.<br \/>\nFormation et transmission : \u00e9coles de musiques, conservatoires, lieux de pratique, acteurs de l\u2019\u00e9ducation populaire, organismes de formation, studios de r\u00e9p\u00e9tition, etc.<\/p>\n<p>IMPORTANT :\u00a0aucun groupe ne peut postuler de sa propre initiative. Le festival n\u2019est pas un tremplin. Chaque groupe doit d\u2019abord et avant tout se faire rep\u00e9rer, accompagner et \u00eatre inscrit\u00b7e par une structure professionnelle qui agit dans le champ de la fili\u00e8re musiques actuelles, qu\u2019elle soit priv\u00e9e ou publique.\u00a0Chaque structure ne peut pr\u00e9senter que 2 candidatures maximum pour cette \u00e9dition.<\/p>\n<h4>2. Crit\u00e8res de s\u00e9lection<\/h4>\n<p>\u00catre accompagn\u00e9 et propos\u00e9 au festival par une structure professionnelle ;<br \/>\nJustifier d\u2019une volont\u00e9 de professionnalisation ;<br \/>\nFournir des enregistrements de qualit\u00e9 professionnelle ;<br \/>\nAvoir une actualit\u00e9 en 2023\/2024 (sortie de disque ou clip vid\u00e9o, signature\u2026) ;<br \/>\nAvoir une exp\u00e9rience sc\u00e9nique av\u00e9r\u00e9e ;<br \/>\nPr\u00e9senter un r\u00e9pertoire d\u2019\u0153uvres originales (pas de reprises) ;<br \/>\n\u00catre disponible du 7 au 9 novembre 2023.<\/p>\n<p>Les candidatures sont ouvertes en ligne jusqu\u2019au\u00a0lundi 13 mars 2023 (18h) inclus.<br \/>\nLe comit\u00e9 de programmation constitu\u00e9 de 5 professionnel\u00b7les du secteur se r\u00e9unira le mercredi 12 avril 2023.<br \/>\nLes r\u00e9sultats seront communiqu\u00e9s aux structures et aux groupes\u00a0\u00e0 partir du lundi 17 avril 2023.<\/p>\n<h4>3. Attention, nouvelles modalit\u00e9s depuis 2022, le festival Crossroads prend d\u00e9sormais en charge<\/h4>\n<p>Les salaires des musicien\u00b7ne\u00b7s et du\/de la technicien\u00b7ne son (selon grille minima CCNEAC et un\u00b7e seul\u00b7e technicien\u00b7ne par groupe) ;<br \/>\nLes repas le jour de la repr\u00e9sentation ;<br \/>\nL\u2019acc\u00e8s privil\u00e9gi\u00e9 des musicien\u00b7ne\u00b7s, technicien\u00b7ne et de leur accompagnement aux rencontres professionnelles ;<br \/>\nL\u2019\u00e9quipe technique et le mat\u00e9riel son, lumi\u00e8res et vid\u00e9o du festival ;<br \/>\nPossibilit\u00e9 de centralisation \/ location de backline (se rapprocher de l\u2019organisation pour toute question particuli\u00e8re) ;<br \/>\nLa communication (affiches, programmes, r\u00e9seaux sociaux, relations presse et publiques).<\/p>\n<h4>4. La structure qui propose l\u2019artiste \u00e9mergent aura \u00e0 sa charge :<\/h4>\n<p>Les frais de transports des artistes et technicien\u00b7ne de leur r\u00e9gion d\u2019origine \u00e0 Roubaix ;<br \/>\nLes frais d\u2019h\u00e9bergement des accompagnant\u00b7e\u00b7s du groupe<\/p>\n<p>Une convention est \u00e9tablie entre l\u2019association la Brigade d\u2019Intervention Culturelle, organisatrice du festival, et la structure d\u2019accompagnement et de d\u00e9veloppement artistique.<\/p>\n<p>Par ailleurs la structure d\u2019accompagnement s\u2019engage \u00e0 :<\/p>\n<p>Promouvoir la programmation de son \u00e9quipe artistique dans le cadre du festival Crossroads sur ses r\u00e9seaux sociaux, site internet, newsletter et tout moyen de communication mis en \u0153uvre pour ses activit\u00e9s r\u00e9guli\u00e8res ;<br \/>\nSoutenir son \u00e9quipe artistique sur le festival par la pr\u00e9sence d\u2019un ou plusieurs de ses collaborateurs ;<br \/>\nMobiliser son r\u00e9seau professionnel autour de son \u00e9quipe artistique ;<br \/>\n\u00catre l\u2019interface entre le festival et son groupe pour les questions administratives et techniques.<\/p>\n<h4>5. Pour candidater, munissez-vous de ces diff\u00e9rents \u00e9l\u00e9ments :<\/h4>\n<p>Une biographie (formats accept\u00e9s : doc, docx, pdf) ;<br \/>\nUne photo de presse HD (format accept\u00e9 : jpg) ;<br \/>\nQuelques lignes sur la strat\u00e9gie et la motivation du groupe \u00e0 candidater \u00e0 cette nouvelle \u00e9dition du festival ;<br \/>\nUne fiche technique et un plan de sc\u00e8ne (formats accept\u00e9s : jpg, doc, docx, pdf) ;<br \/>\n3 titres audios (format accept\u00e9 : mp3) ;<br \/>\nUn lien vers une vid\u00e9o live et\/ou un clip : YouTube ou Vimeo ;<br \/>\nUn lien vers le compte Spotify du groupe.<\/p>\n<p><a class=\"maxbutton-1 maxbutton maxbutton-postulez\" href=\"https:\/\/www.crossroadsfestival.org\/candidature-2023-france\/\"><span class=\"mb-text\">INSCRIPTIONS<\/span><\/a><\/p>\n<p>\u00a0<\/p>\n<div class=\"ead-preview\">\n<div class=\"ead-document\">\n<div class=\"ead-iframe-wrapper\"><\/div>\n<div class=\"ead-document-loading\">\n<div class=\"ead-loading-wrap\">\n<div class=\"ead-loading-main\">\n<div class=\"ead-loading\">\n\t\t\t\t\t\t\t<span>En cours de chargement\u2026<\/span>\n\t\t\t\t\t\t<\/div>\n<\/div>\n<div class=\"ead-loading-foot\">\n<div class=\"ead-loading-foot-title\">\n\t\t\t\t\t\t\t<span>Cela prend trop de temps\u00a0?<\/span>\n\t\t\t\t\t\t<\/div>\n<div class=\"ead-document-btn ead-reload-btn\">\n\t\t\t\t\t\t\t\t Recharger le document\t\t\t\t\t\t\t<\/div>\n<p>\t\t\t\t\t\t\t<span>|<\/span><br \/><a href=\"https:\/\/lamultinationaledelunderground.com\/musiquesactuelles\/wp-content\/uploads\/2023\/02\/Appel-a-candidatures-groupes-France-2023.pdf\" class=\"ead-document-btn\" target=\"_blank\" rel=\"noopener\"><br \/>\n\t\t\t\t\t\t\t\t Ouvrir dans un nouvel onglet\t\t\t\t\t\t\t<\/a>\n\t\t\t\t\t<\/p>\n<\/div>\n<\/div>\n<\/div>\n<\/div>\n<p class=\"embed_download\"><a href=\"https:\/\/lamultinationaledelunderground.com\/musiquesactuelles\/wp-content\/uploads\/2023\/02\/Appel-a-candidatures-groupes-France-2023.pdf\">\ufeffT\u00e9l\u00e9charger [238.92 KB] <\/a><\/p>\n<\/div>\n<p>L\u2019article <a href=\"https:\/\/musiquesactuelles.alsace\/appel-a-candidatures-pour-le-festival-crossroads\/\">Appel \u00e0 candidatures pour le festival CROSSROADS<\/a> est apparu en premier sur <a href=\"https:\/\/musiquesactuelles.alsace\/\">Musiques Actuelles en Alsace<\/a>.<\/p>\n<p>L\u2019article <a href=\"https:\/\/popburo.fr\/appel-a-candidatures-pour-le-festival-crossroads\/\">Appel \u00e0 candidatures pour le festival CROSSROADS<\/a> est apparu en premier sur <a href=\"https:\/\/popburo.fr\/\">POP B\u00dcRO<\/a>.<\/p>\n","protected":false},"excerpt":{"rendered":"<p>Le Crossroads festival aura lieu du mardi 7 au jeudi 9 novembre 2023. 3 jours, 2 sc\u00e8nes, 21 groupes \u00e9mergents \u00e0 la Condition Publique (Roubaix). Candidatures ouvertes du lundi 13 janvier jusqu\u2019au lundi 13 mars 2023 \u00e0 18h Le festival Crossroads est ouvert \u00e0\u00a0tous les groupes en \u00e9mergence professionnelle\u00a0: nouveau projet et\/ou avant le premier album. La programmation du festival s\u2019inscrit dans\u00a0un soutien \u00e0 la prise de risque artistique, \u00e0 la d\u00e9couverte, au travail d\u2019accompagnement men\u00e9 par la structure qui [&hellip;]<\/p>\n","protected":false},"author":0,"featured_media":0,"comment_status":"closed","ping_status":"open","sticky":false,"template":"","format":"standard","meta":{"footnotes":""},"categories":[1],"tags":[],"class_list":["post-5192","post","type-post","status-publish","format-standard","hentry","category-non-classe"],"yoast_head":"<!-- This site is optimized with the Yoast SEO plugin v27.4 - https:\/\/yoast.com\/product\/yoast-seo-wordpress\/ -->\n<title>Appel \u00e0 candidatures pour le festival CROSSROADS - HIERO STRASBOURG<\/title>\n<meta name=\"robots\" content=\"index, follow, max-snippet:-1, max-image-preview:large, max-video-preview:-1\" \/>\n<link rel=\"canonical\" href=\"https:\/\/hierostrasbourg.com\/index.php\/2023\/02\/14\/appel-a-candidatures-pour-le-festival-crossroads\/\" \/>\n<meta property=\"og:locale\" content=\"fr_FR\" \/>\n<meta property=\"og:type\" content=\"article\" \/>\n<meta property=\"og:title\" content=\"Appel \u00e0 candidatures pour le festival CROSSROADS - HIERO STRASBOURG\" \/>\n<meta property=\"og:description\" content=\"Le Crossroads festival aura lieu du mardi 7 au jeudi 9 novembre 2023. 3 jours, 2 sc\u00e8nes, 21 groupes \u00e9mergents \u00e0 la Condition Publique (Roubaix). Candidatures ouvertes du lundi 13 janvier jusqu\u2019au lundi 13 mars 2023 \u00e0 18h Le festival Crossroads est ouvert \u00e0\u00a0tous les groupes en \u00e9mergence professionnelle\u00a0: nouveau projet et\/ou avant le premier album. La programmation du festival s\u2019inscrit dans\u00a0un soutien \u00e0 la prise de risque artistique, \u00e0 la d\u00e9couverte, au travail d\u2019accompagnement men\u00e9 par la structure qui [&hellip;]\" \/>\n<meta property=\"og:url\" content=\"https:\/\/hierostrasbourg.com\/index.php\/2023\/02\/14\/appel-a-candidatures-pour-le-festival-crossroads\/\" \/>\n<meta property=\"og:site_name\" content=\"HIERO STRASBOURG\" \/>\n<meta property=\"article:publisher\" content=\"https:\/\/www.facebook.com\/fedehierostrasbourg\" \/>\n<meta property=\"article:published_time\" content=\"2023-02-14T20:40:40+00:00\" \/>\n<meta name=\"twitter:card\" content=\"summary_large_image\" \/>\n<meta name=\"twitter:creator\" content=\"@hierostrasbourg\" \/>\n<meta name=\"twitter:site\" content=\"@hierostrasbourg\" \/>\n<meta name=\"twitter:label1\" content=\"Dur\u00e9e de lecture estim\u00e9e\" \/>\n\t<meta name=\"twitter:data1\" content=\"4 minutes\" \/>\n<script type=\"application\/ld+json\" class=\"yoast-schema-graph\">{\"@context\":\"https:\\\/\\\/schema.org\",\"@graph\":[{\"@type\":\"Article\",\"@id\":\"https:\\\/\\\/hierostrasbourg.com\\\/index.php\\\/2023\\\/02\\\/14\\\/appel-a-candidatures-pour-le-festival-crossroads\\\/#article\",\"isPartOf\":{\"@id\":\"https:\\\/\\\/hierostrasbourg.com\\\/index.php\\\/2023\\\/02\\\/14\\\/appel-a-candidatures-pour-le-festival-crossroads\\\/\"},\"author\":{\"name\":\"\",\"@id\":\"\"},\"headline\":\"Appel \u00e0 candidatures pour le festival CROSSROADS\",\"datePublished\":\"2023-02-14T20:40:40+00:00\",\"mainEntityOfPage\":{\"@id\":\"https:\\\/\\\/hierostrasbourg.com\\\/index.php\\\/2023\\\/02\\\/14\\\/appel-a-candidatures-pour-le-festival-crossroads\\\/\"},\"wordCount\":735,\"publisher\":{\"@id\":\"https:\\\/\\\/hierostrasbourg.com\\\/#organization\"},\"inLanguage\":\"fr-FR\"},{\"@type\":\"WebPage\",\"@id\":\"https:\\\/\\\/hierostrasbourg.com\\\/index.php\\\/2023\\\/02\\\/14\\\/appel-a-candidatures-pour-le-festival-crossroads\\\/\",\"url\":\"https:\\\/\\\/hierostrasbourg.com\\\/index.php\\\/2023\\\/02\\\/14\\\/appel-a-candidatures-pour-le-festival-crossroads\\\/\",\"name\":\"Appel \u00e0 candidatures pour le festival CROSSROADS - HIERO STRASBOURG\",\"isPartOf\":{\"@id\":\"https:\\\/\\\/hierostrasbourg.com\\\/#website\"},\"datePublished\":\"2023-02-14T20:40:40+00:00\",\"breadcrumb\":{\"@id\":\"https:\\\/\\\/hierostrasbourg.com\\\/index.php\\\/2023\\\/02\\\/14\\\/appel-a-candidatures-pour-le-festival-crossroads\\\/#breadcrumb\"},\"inLanguage\":\"fr-FR\",\"potentialAction\":[{\"@type\":\"ReadAction\",\"target\":[\"https:\\\/\\\/hierostrasbourg.com\\\/index.php\\\/2023\\\/02\\\/14\\\/appel-a-candidatures-pour-le-festival-crossroads\\\/\"]}]},{\"@type\":\"BreadcrumbList\",\"@id\":\"https:\\\/\\\/hierostrasbourg.com\\\/index.php\\\/2023\\\/02\\\/14\\\/appel-a-candidatures-pour-le-festival-crossroads\\\/#breadcrumb\",\"itemListElement\":[{\"@type\":\"ListItem\",\"position\":1,\"name\":\"Accueil\",\"item\":\"https:\\\/\\\/hierostrasbourg.com\\\/\"},{\"@type\":\"ListItem\",\"position\":2,\"name\":\"Appel \u00e0 candidatures pour le festival CROSSROADS\"}]},{\"@type\":\"WebSite\",\"@id\":\"https:\\\/\\\/hierostrasbourg.com\\\/#website\",\"url\":\"https:\\\/\\\/hierostrasbourg.com\\\/\",\"name\":\"HIERO STRASBOURG\",\"description\":\"Centre de Ressources Musiques Actuelles\",\"publisher\":{\"@id\":\"https:\\\/\\\/hierostrasbourg.com\\\/#organization\"},\"potentialAction\":[{\"@type\":\"SearchAction\",\"target\":{\"@type\":\"EntryPoint\",\"urlTemplate\":\"https:\\\/\\\/hierostrasbourg.com\\\/?s={search_term_string}\"},\"query-input\":{\"@type\":\"PropertyValueSpecification\",\"valueRequired\":true,\"valueName\":\"search_term_string\"}}],\"inLanguage\":\"fr-FR\"},{\"@type\":\"Organization\",\"@id\":\"https:\\\/\\\/hierostrasbourg.com\\\/#organization\",\"name\":\"F\u00e9d\u00e9ration Hi\u00e9ro Strasbourg\",\"url\":\"https:\\\/\\\/hierostrasbourg.com\\\/\",\"logo\":{\"@type\":\"ImageObject\",\"inLanguage\":\"fr-FR\",\"@id\":\"https:\\\/\\\/hierostrasbourg.com\\\/#\\\/schema\\\/logo\\\/image\\\/\",\"url\":\"https:\\\/\\\/hierostrasbourg.com\\\/wp-content\\\/uploads\\\/2026\\\/04\\\/logo-hiero-strasbourg.jpg\",\"contentUrl\":\"https:\\\/\\\/hierostrasbourg.com\\\/wp-content\\\/uploads\\\/2026\\\/04\\\/logo-hiero-strasbourg.jpg\",\"width\":204,\"height\":192,\"caption\":\"F\u00e9d\u00e9ration Hi\u00e9ro Strasbourg\"},\"image\":{\"@id\":\"https:\\\/\\\/hierostrasbourg.com\\\/#\\\/schema\\\/logo\\\/image\\\/\"},\"sameAs\":[\"https:\\\/\\\/www.facebook.com\\\/fedehierostrasbourg\",\"https:\\\/\\\/x.com\\\/hierostrasbourg\"]}]}<\/script>\n<!-- \/ Yoast SEO plugin. -->","yoast_head_json":{"title":"Appel \u00e0 candidatures pour le festival CROSSROADS - HIERO STRASBOURG","robots":{"index":"index","follow":"follow","max-snippet":"max-snippet:-1","max-image-preview":"max-image-preview:large","max-video-preview":"max-video-preview:-1"},"canonical":"https:\/\/hierostrasbourg.com\/index.php\/2023\/02\/14\/appel-a-candidatures-pour-le-festival-crossroads\/","og_locale":"fr_FR","og_type":"article","og_title":"Appel \u00e0 candidatures pour le festival CROSSROADS - HIERO STRASBOURG","og_description":"Le Crossroads festival aura lieu du mardi 7 au jeudi 9 novembre 2023. 3 jours, 2 sc\u00e8nes, 21 groupes \u00e9mergents \u00e0 la Condition Publique (Roubaix). Candidatures ouvertes du lundi 13 janvier jusqu\u2019au lundi 13 mars 2023 \u00e0 18h Le festival Crossroads est ouvert \u00e0\u00a0tous les groupes en \u00e9mergence professionnelle\u00a0: nouveau projet et\/ou avant le premier album. La programmation du festival s\u2019inscrit dans\u00a0un soutien \u00e0 la prise de risque artistique, \u00e0 la d\u00e9couverte, au travail d\u2019accompagnement men\u00e9 par la structure qui [&hellip;]","og_url":"https:\/\/hierostrasbourg.com\/index.php\/2023\/02\/14\/appel-a-candidatures-pour-le-festival-crossroads\/","og_site_name":"HIERO STRASBOURG","article_publisher":"https:\/\/www.facebook.com\/fedehierostrasbourg","article_published_time":"2023-02-14T20:40:40+00:00","twitter_card":"summary_large_image","twitter_creator":"@hierostrasbourg","twitter_site":"@hierostrasbourg","twitter_misc":{"Dur\u00e9e de lecture estim\u00e9e":"4 minutes"},"schema":{"@context":"https:\/\/schema.org","@graph":[{"@type":"Article","@id":"https:\/\/hierostrasbourg.com\/index.php\/2023\/02\/14\/appel-a-candidatures-pour-le-festival-crossroads\/#article","isPartOf":{"@id":"https:\/\/hierostrasbourg.com\/index.php\/2023\/02\/14\/appel-a-candidatures-pour-le-festival-crossroads\/"},"author":{"name":"","@id":""},"headline":"Appel \u00e0 candidatures pour le festival CROSSROADS","datePublished":"2023-02-14T20:40:40+00:00","mainEntityOfPage":{"@id":"https:\/\/hierostrasbourg.com\/index.php\/2023\/02\/14\/appel-a-candidatures-pour-le-festival-crossroads\/"},"wordCount":735,"publisher":{"@id":"https:\/\/hierostrasbourg.com\/#organization"},"inLanguage":"fr-FR"},{"@type":"WebPage","@id":"https:\/\/hierostrasbourg.com\/index.php\/2023\/02\/14\/appel-a-candidatures-pour-le-festival-crossroads\/","url":"https:\/\/hierostrasbourg.com\/index.php\/2023\/02\/14\/appel-a-candidatures-pour-le-festival-crossroads\/","name":"Appel \u00e0 candidatures pour le festival CROSSROADS - HIERO STRASBOURG","isPartOf":{"@id":"https:\/\/hierostrasbourg.com\/#website"},"datePublished":"2023-02-14T20:40:40+00:00","breadcrumb":{"@id":"https:\/\/hierostrasbourg.com\/index.php\/2023\/02\/14\/appel-a-candidatures-pour-le-festival-crossroads\/#breadcrumb"},"inLanguage":"fr-FR","potentialAction":[{"@type":"ReadAction","target":["https:\/\/hierostrasbourg.com\/index.php\/2023\/02\/14\/appel-a-candidatures-pour-le-festival-crossroads\/"]}]},{"@type":"BreadcrumbList","@id":"https:\/\/hierostrasbourg.com\/index.php\/2023\/02\/14\/appel-a-candidatures-pour-le-festival-crossroads\/#breadcrumb","itemListElement":[{"@type":"ListItem","position":1,"name":"Accueil","item":"https:\/\/hierostrasbourg.com\/"},{"@type":"ListItem","position":2,"name":"Appel \u00e0 candidatures pour le festival CROSSROADS"}]},{"@type":"WebSite","@id":"https:\/\/hierostrasbourg.com\/#website","url":"https:\/\/hierostrasbourg.com\/","name":"HIERO STRASBOURG","description":"Centre de Ressources Musiques Actuelles","publisher":{"@id":"https:\/\/hierostrasbourg.com\/#organization"},"potentialAction":[{"@type":"SearchAction","target":{"@type":"EntryPoint","urlTemplate":"https:\/\/hierostrasbourg.com\/?s={search_term_string}"},"query-input":{"@type":"PropertyValueSpecification","valueRequired":true,"valueName":"search_term_string"}}],"inLanguage":"fr-FR"},{"@type":"Organization","@id":"https:\/\/hierostrasbourg.com\/#organization","name":"F\u00e9d\u00e9ration Hi\u00e9ro Strasbourg","url":"https:\/\/hierostrasbourg.com\/","logo":{"@type":"ImageObject","inLanguage":"fr-FR","@id":"https:\/\/hierostrasbourg.com\/#\/schema\/logo\/image\/","url":"https:\/\/hierostrasbourg.com\/wp-content\/uploads\/2026\/04\/logo-hiero-strasbourg.jpg","contentUrl":"https:\/\/hierostrasbourg.com\/wp-content\/uploads\/2026\/04\/logo-hiero-strasbourg.jpg","width":204,"height":192,"caption":"F\u00e9d\u00e9ration Hi\u00e9ro Strasbourg"},"image":{"@id":"https:\/\/hierostrasbourg.com\/#\/schema\/logo\/image\/"},"sameAs":["https:\/\/www.facebook.com\/fedehierostrasbourg","https:\/\/x.com\/hierostrasbourg"]}]}},"_links":{"self":[{"href":"https:\/\/hierostrasbourg.com\/index.php\/wp-json\/wp\/v2\/posts\/5192","targetHints":{"allow":["GET"]}}],"collection":[{"href":"https:\/\/hierostrasbourg.com\/index.php\/wp-json\/wp\/v2\/posts"}],"about":[{"href":"https:\/\/hierostrasbourg.com\/index.php\/wp-json\/wp\/v2\/types\/post"}],"replies":[{"embeddable":true,"href":"https:\/\/hierostrasbourg.com\/index.php\/wp-json\/wp\/v2\/comments?post=5192"}],"version-history":[{"count":0,"href":"https:\/\/hierostrasbourg.com\/index.php\/wp-json\/wp\/v2\/posts\/5192\/revisions"}],"wp:attachment":[{"href":"https:\/\/hierostrasbourg.com\/index.php\/wp-json\/wp\/v2\/media?parent=5192"}],"wp:term":[{"taxonomy":"category","embeddable":true,"href":"https:\/\/hierostrasbourg.com\/index.php\/wp-json\/wp\/v2\/categories?post=5192"},{"taxonomy":"post_tag","embeddable":true,"href":"https:\/\/hierostrasbourg.com\/index.php\/wp-json\/wp\/v2\/tags?post=5192"}],"curies":[{"name":"wp","href":"https:\/\/api.w.org\/{rel}","templated":true}]}}