{"id":519,"date":"2021-05-12T21:21:56","date_gmt":"2021-05-12T19:21:56","guid":{"rendered":"https:\/\/hierostrasbourg.com\/index.php\/2021\/05\/12\/lopera-national-du-rhin-recrute-un-charge-de-communication-f-h\/"},"modified":"2021-05-12T21:21:56","modified_gmt":"2021-05-12T19:21:56","slug":"lopera-national-du-rhin-recrute-un-charge-de-communication-f-h","status":"publish","type":"post","link":"https:\/\/hierostrasbourg.com\/index.php\/2021\/05\/12\/lopera-national-du-rhin-recrute-un-charge-de-communication-f-h\/","title":{"rendered":"L\u2019OP\u00c9RA NATIONAL DU RHIN recrute un charg\u00e9 de communication [F\/H]"},"content":{"rendered":"<h2>MISSION GENERALE<\/h2>\n<p>Charg\u00e9.e d\u2019assister la Directrice de la communication du d\u00e9veloppement et des relations avec les publics dans tous les aspects de la mise en \u0153uvre du plan de communication de l\u2019Op\u00e9ra national du Rhin et, plus particuli\u00e8rement, dans sa partie print et num\u00e9rique, pour l\u2019\u00e9laboration des outils de communication, la communication num\u00e9rique et pour la gestion du site internet de l\u2019Op\u00e9ra.<\/p>\n<h2>RATTACHEMENT HIERARCHIQUE<\/h2>\n<p>Est plac\u00e9 (e) sous l\u2019autorit\u00e9 de la Directrice de la communication, du d\u00e9veloppement et des relations avec les publics<\/p>\n<h2>ACTIVITES PRINCIPALES<\/h2>\n<p><strong>Assistance \u00e0 la Directrice<\/strong><\/p>\n<p>organisation des r\u00e9unions de service<br \/>\nsuivi des rendez-vous<br \/>\nrelecture et mise au point de documents de communication<br \/>\n\u00e9laboration et archivage de dossiers de service<\/p>\n<p><strong>Gestion du site Internet<\/strong><\/p>\n<p>saisie et mise en ligne des informations<br \/>\norganisation et gestion des traductions<br \/>\nsuivi\/mises \u00e0 jour\/mises en avant\/dynamisation du site en fonction des productions et des remplissages<br \/>\nsuivi\/mise \u00e0 jour de l\u2019API<br \/>\nalimentation et mise en page du magazine en ligne<\/p>\n<p><strong>Graphisme num\u00e9rique et \u00ab print \u00bb<\/strong><\/p>\n<p>mise en page des programmes de salle midis lyriques, r\u00e9citals et jeune public<br \/>\npr\u00e9paration et relecture des textes des programmes<br \/>\nPublicit\u00e9 et publicit\u00e9 annonceurs : conception graphique des insertions publicitaires et campagnes web<\/p>\n<p><strong>Emailings et gestion de la base de donn\u00e9es<\/strong><\/p>\n<p>V\u00e9rification et mise \u00e0 jour de la base de donn\u00e9es communication de l\u2019Op\u00e9ra<br \/>\nemailing : r\u00e9alisation et envoi des newsletter, filtrage et s\u00e9lection des contacts<\/p>\n<p><strong>L\u2019accueil et relations publiques lors des repr\u00e9sentations<\/strong><\/p>\n<p>tenue du tableau des invitations\/VIP sur fichier informatique commun au service<br \/>\nparticipe \u00e0 l\u2019accueil et relations publiques lors des spectacles\/entractes<\/p>\n<p><strong>Campagne de communication ponctuelle<\/strong><\/p>\n<p>Suivi des objectifs et application de la campagne<br \/>\nMise en valeur sur les r\u00e9seaux sociaux<br \/>\nCommunication via la newsletter et le site internet<br \/>\nConception et mise en page des supports de communication print li\u00e9s<br \/>\nLogistique et gestion des intervenants in situ<\/p>\n<p>Toutes ces t\u00e2ches sont effectu\u00e9es au sein et en relation avec l\u2019\u00e9quipe du service de la communication, du d\u00e9veloppement et des relations avec les publics de l\u2019Op\u00e9ra national du Rhin.<\/p>\n<p>Contraintes particuli\u00e8res et particularit\u00e9s du poste<\/p>\n<p>Le poste suppose des horaires irr\u00e9guliers qui induisent flexibilit\u00e9 et souplesse dans le temps de travail li\u00e9s \u00e0 l\u2019activit\u00e9<\/p>\n<p>Poste \u00e0 pourvoir pour la mi-juin 2021 \u00e0 fin d\u00e9cembre (coupure estivale de 6 semaines)<\/p>\n<h2>COMPETENCES ET QUALITES REQUISES<\/h2>\n<p><strong>Formation\u00a0<\/strong><\/p>\n<p>Sup\u00e9rieure (Bac +3 minimum) en communication\/marketing, cr\u00e9ation et \u00e9dition num\u00e9riques<\/p>\n<p><strong>Comp\u00e9tences <\/strong><\/p>\n<p>bonne connaissance de l\u2019art lyrique, du spectacle vivant<br \/>\nExcellente aisance r\u00e9dactionnelle<br \/>\nParfaite connaissance de la cha\u00eene graphique ainsi que des r\u00e8gles d\u2019\u00e9criture print et online.<br \/>\nPratique de l\u2019outil informatique, et plus particuli\u00e8rement des logiciels In design et Photoshop indispensable<br \/>\nConnaissance d\u2019une langue \u00e9trang\u00e8re (anglais, allemand)<br \/>\nExp\u00e9rience demand\u00e9e dans des fonctions analogues<\/p>\n<p><strong>Qualit\u00e9s<\/strong><\/p>\n<p>polyvalence<br \/>\ndynamisme, sachant faire preuve d\u2019initiatives et d\u2019un excellent sens du contact et de la n\u00e9gociation<br \/>\ntr\u00e8s bonne capacit\u00e9 d\u2019analyse et de synth\u00e8se, rigueur et sens de l\u2019organisation<br \/>\nesprit d\u2019\u00e9quipe<\/p>\n<p>Date de prise de fonction : Mi-juin 2021<br \/>\nDate limite de candidature = 29 mai 2021<\/p>\n<p>Merci de faire parvenir votre candidature (lettre de motivation, curriculum vitae) pour le 29 mai au plus tard, \u00e0<\/p>\n<p>Op\u00e9ra National du Rhin<br \/>\nDirection des Ressources humaines<br \/>\n19, Place Broglie \u2013 67008 Strasbourg Cedex<\/p>\n<p>Email : rh@onr.fr<\/p>\n<p>L\u2019article <a href=\"https:\/\/popburo.fr\/lopera-national-du-rhin-recrute-un-charge-de-communication-f-h\/\">L\u2019OP\u00c9RA NATIONAL DU RHIN recrute un charg\u00e9 de communication [F\/H]<\/a> est apparu en premier sur <a href=\"https:\/\/popburo.fr\/\">POP B\u00dcRO<\/a>.<\/p>\n","protected":false},"excerpt":{"rendered":"<p>MISSION GENERALE Charg\u00e9.e d\u2019assister la Directrice de la communication du d\u00e9veloppement et des relations avec les publics dans tous les aspects de la mise en \u0153uvre du plan de communication de l\u2019Op\u00e9ra national du Rhin et, plus particuli\u00e8rement, dans sa partie print et num\u00e9rique, pour l\u2019\u00e9laboration des outils de communication, la communication num\u00e9rique et pour la gestion du site internet de l\u2019Op\u00e9ra. RATTACHEMENT HIERARCHIQUE Est plac\u00e9 (e) sous l\u2019autorit\u00e9 de la Directrice de la communication, du d\u00e9veloppement et des relations [&hellip;]<\/p>\n","protected":false},"author":0,"featured_media":0,"comment_status":"closed","ping_status":"open","sticky":false,"template":"","format":"standard","meta":{"footnotes":""},"categories":[1],"tags":[],"class_list":["post-519","post","type-post","status-publish","format-standard","hentry","category-non-classe"],"yoast_head":"<!-- This site is optimized with the Yoast SEO plugin v27.5 - https:\/\/yoast.com\/product\/yoast-seo-wordpress\/ -->\n<title>L\u2019OP\u00c9RA NATIONAL DU RHIN recrute un charg\u00e9 de communication [F\/H] - HIERO STRASBOURG<\/title>\n<meta name=\"robots\" content=\"index, follow, max-snippet:-1, max-image-preview:large, max-video-preview:-1\" \/>\n<link rel=\"canonical\" href=\"https:\/\/hierostrasbourg.com\/index.php\/2021\/05\/12\/lopera-national-du-rhin-recrute-un-charge-de-communication-f-h\/\" \/>\n<meta property=\"og:locale\" content=\"fr_FR\" \/>\n<meta property=\"og:type\" content=\"article\" \/>\n<meta property=\"og:title\" content=\"L\u2019OP\u00c9RA NATIONAL DU RHIN recrute un charg\u00e9 de communication [F\/H] - HIERO STRASBOURG\" \/>\n<meta property=\"og:description\" content=\"MISSION GENERALE Charg\u00e9.e d\u2019assister la Directrice de la communication du d\u00e9veloppement et des relations avec les publics dans tous les aspects de la mise en \u0153uvre du plan de communication de l\u2019Op\u00e9ra national du Rhin et, plus particuli\u00e8rement, dans sa partie print et num\u00e9rique, pour l\u2019\u00e9laboration des outils de communication, la communication num\u00e9rique et pour la gestion du site internet de l\u2019Op\u00e9ra. RATTACHEMENT HIERARCHIQUE Est plac\u00e9 (e) sous l\u2019autorit\u00e9 de la Directrice de la communication, du d\u00e9veloppement et des relations [&hellip;]\" \/>\n<meta property=\"og:url\" content=\"https:\/\/hierostrasbourg.com\/index.php\/2021\/05\/12\/lopera-national-du-rhin-recrute-un-charge-de-communication-f-h\/\" \/>\n<meta property=\"og:site_name\" content=\"HIERO STRASBOURG\" \/>\n<meta property=\"article:publisher\" content=\"https:\/\/www.facebook.com\/fedehierostrasbourg\" \/>\n<meta property=\"article:published_time\" content=\"2021-05-12T19:21:56+00:00\" \/>\n<meta name=\"twitter:card\" content=\"summary_large_image\" \/>\n<meta name=\"twitter:creator\" content=\"@hierostrasbourg\" \/>\n<meta name=\"twitter:site\" content=\"@hierostrasbourg\" \/>\n<meta name=\"twitter:label1\" content=\"Dur\u00e9e de lecture estim\u00e9e\" \/>\n\t<meta name=\"twitter:data1\" content=\"3 minutes\" \/>\n<script type=\"application\/ld+json\" class=\"yoast-schema-graph\">{\"@context\":\"https:\\\/\\\/schema.org\",\"@graph\":[{\"@type\":\"Article\",\"@id\":\"https:\\\/\\\/hierostrasbourg.com\\\/index.php\\\/2021\\\/05\\\/12\\\/lopera-national-du-rhin-recrute-un-charge-de-communication-f-h\\\/#article\",\"isPartOf\":{\"@id\":\"https:\\\/\\\/hierostrasbourg.com\\\/index.php\\\/2021\\\/05\\\/12\\\/lopera-national-du-rhin-recrute-un-charge-de-communication-f-h\\\/\"},\"author\":{\"name\":\"\",\"@id\":\"\"},\"headline\":\"L\u2019OP\u00c9RA NATIONAL DU RHIN recrute un charg\u00e9 de communication [F\\\/H]\",\"datePublished\":\"2021-05-12T19:21:56+00:00\",\"mainEntityOfPage\":{\"@id\":\"https:\\\/\\\/hierostrasbourg.com\\\/index.php\\\/2021\\\/05\\\/12\\\/lopera-national-du-rhin-recrute-un-charge-de-communication-f-h\\\/\"},\"wordCount\":608,\"publisher\":{\"@id\":\"https:\\\/\\\/hierostrasbourg.com\\\/#organization\"},\"inLanguage\":\"fr-FR\"},{\"@type\":\"WebPage\",\"@id\":\"https:\\\/\\\/hierostrasbourg.com\\\/index.php\\\/2021\\\/05\\\/12\\\/lopera-national-du-rhin-recrute-un-charge-de-communication-f-h\\\/\",\"url\":\"https:\\\/\\\/hierostrasbourg.com\\\/index.php\\\/2021\\\/05\\\/12\\\/lopera-national-du-rhin-recrute-un-charge-de-communication-f-h\\\/\",\"name\":\"L\u2019OP\u00c9RA NATIONAL DU RHIN recrute un charg\u00e9 de communication [F\\\/H] - HIERO STRASBOURG\",\"isPartOf\":{\"@id\":\"https:\\\/\\\/hierostrasbourg.com\\\/#website\"},\"datePublished\":\"2021-05-12T19:21:56+00:00\",\"breadcrumb\":{\"@id\":\"https:\\\/\\\/hierostrasbourg.com\\\/index.php\\\/2021\\\/05\\\/12\\\/lopera-national-du-rhin-recrute-un-charge-de-communication-f-h\\\/#breadcrumb\"},\"inLanguage\":\"fr-FR\",\"potentialAction\":[{\"@type\":\"ReadAction\",\"target\":[\"https:\\\/\\\/hierostrasbourg.com\\\/index.php\\\/2021\\\/05\\\/12\\\/lopera-national-du-rhin-recrute-un-charge-de-communication-f-h\\\/\"]}]},{\"@type\":\"BreadcrumbList\",\"@id\":\"https:\\\/\\\/hierostrasbourg.com\\\/index.php\\\/2021\\\/05\\\/12\\\/lopera-national-du-rhin-recrute-un-charge-de-communication-f-h\\\/#breadcrumb\",\"itemListElement\":[{\"@type\":\"ListItem\",\"position\":1,\"name\":\"Accueil\",\"item\":\"https:\\\/\\\/hierostrasbourg.com\\\/\"},{\"@type\":\"ListItem\",\"position\":2,\"name\":\"L\u2019OP\u00c9RA NATIONAL DU RHIN recrute un charg\u00e9 de communication [F\\\/H]\"}]},{\"@type\":\"WebSite\",\"@id\":\"https:\\\/\\\/hierostrasbourg.com\\\/#website\",\"url\":\"https:\\\/\\\/hierostrasbourg.com\\\/\",\"name\":\"HIERO STRASBOURG\",\"description\":\"Centre de Ressources Musiques Actuelles\",\"publisher\":{\"@id\":\"https:\\\/\\\/hierostrasbourg.com\\\/#organization\"},\"potentialAction\":[{\"@type\":\"SearchAction\",\"target\":{\"@type\":\"EntryPoint\",\"urlTemplate\":\"https:\\\/\\\/hierostrasbourg.com\\\/?s={search_term_string}\"},\"query-input\":{\"@type\":\"PropertyValueSpecification\",\"valueRequired\":true,\"valueName\":\"search_term_string\"}}],\"inLanguage\":\"fr-FR\"},{\"@type\":\"Organization\",\"@id\":\"https:\\\/\\\/hierostrasbourg.com\\\/#organization\",\"name\":\"F\u00e9d\u00e9ration Hi\u00e9ro Strasbourg\",\"url\":\"https:\\\/\\\/hierostrasbourg.com\\\/\",\"logo\":{\"@type\":\"ImageObject\",\"inLanguage\":\"fr-FR\",\"@id\":\"https:\\\/\\\/hierostrasbourg.com\\\/#\\\/schema\\\/logo\\\/image\\\/\",\"url\":\"https:\\\/\\\/hierostrasbourg.com\\\/wp-content\\\/uploads\\\/2026\\\/04\\\/logo-hiero-strasbourg.jpg\",\"contentUrl\":\"https:\\\/\\\/hierostrasbourg.com\\\/wp-content\\\/uploads\\\/2026\\\/04\\\/logo-hiero-strasbourg.jpg\",\"width\":204,\"height\":192,\"caption\":\"F\u00e9d\u00e9ration Hi\u00e9ro Strasbourg\"},\"image\":{\"@id\":\"https:\\\/\\\/hierostrasbourg.com\\\/#\\\/schema\\\/logo\\\/image\\\/\"},\"sameAs\":[\"https:\\\/\\\/www.facebook.com\\\/fedehierostrasbourg\",\"https:\\\/\\\/x.com\\\/hierostrasbourg\"]}]}<\/script>\n<!-- \/ Yoast SEO plugin. -->","yoast_head_json":{"title":"L\u2019OP\u00c9RA NATIONAL DU RHIN recrute un charg\u00e9 de communication [F\/H] - HIERO STRASBOURG","robots":{"index":"index","follow":"follow","max-snippet":"max-snippet:-1","max-image-preview":"max-image-preview:large","max-video-preview":"max-video-preview:-1"},"canonical":"https:\/\/hierostrasbourg.com\/index.php\/2021\/05\/12\/lopera-national-du-rhin-recrute-un-charge-de-communication-f-h\/","og_locale":"fr_FR","og_type":"article","og_title":"L\u2019OP\u00c9RA NATIONAL DU RHIN recrute un charg\u00e9 de communication [F\/H] - HIERO STRASBOURG","og_description":"MISSION GENERALE Charg\u00e9.e d\u2019assister la Directrice de la communication du d\u00e9veloppement et des relations avec les publics dans tous les aspects de la mise en \u0153uvre du plan de communication de l\u2019Op\u00e9ra national du Rhin et, plus particuli\u00e8rement, dans sa partie print et num\u00e9rique, pour l\u2019\u00e9laboration des outils de communication, la communication num\u00e9rique et pour la gestion du site internet de l\u2019Op\u00e9ra. RATTACHEMENT HIERARCHIQUE Est plac\u00e9 (e) sous l\u2019autorit\u00e9 de la Directrice de la communication, du d\u00e9veloppement et des relations [&hellip;]","og_url":"https:\/\/hierostrasbourg.com\/index.php\/2021\/05\/12\/lopera-national-du-rhin-recrute-un-charge-de-communication-f-h\/","og_site_name":"HIERO STRASBOURG","article_publisher":"https:\/\/www.facebook.com\/fedehierostrasbourg","article_published_time":"2021-05-12T19:21:56+00:00","twitter_card":"summary_large_image","twitter_creator":"@hierostrasbourg","twitter_site":"@hierostrasbourg","twitter_misc":{"Dur\u00e9e de lecture estim\u00e9e":"3 minutes"},"schema":{"@context":"https:\/\/schema.org","@graph":[{"@type":"Article","@id":"https:\/\/hierostrasbourg.com\/index.php\/2021\/05\/12\/lopera-national-du-rhin-recrute-un-charge-de-communication-f-h\/#article","isPartOf":{"@id":"https:\/\/hierostrasbourg.com\/index.php\/2021\/05\/12\/lopera-national-du-rhin-recrute-un-charge-de-communication-f-h\/"},"author":{"name":"","@id":""},"headline":"L\u2019OP\u00c9RA NATIONAL DU RHIN recrute un charg\u00e9 de communication [F\/H]","datePublished":"2021-05-12T19:21:56+00:00","mainEntityOfPage":{"@id":"https:\/\/hierostrasbourg.com\/index.php\/2021\/05\/12\/lopera-national-du-rhin-recrute-un-charge-de-communication-f-h\/"},"wordCount":608,"publisher":{"@id":"https:\/\/hierostrasbourg.com\/#organization"},"inLanguage":"fr-FR"},{"@type":"WebPage","@id":"https:\/\/hierostrasbourg.com\/index.php\/2021\/05\/12\/lopera-national-du-rhin-recrute-un-charge-de-communication-f-h\/","url":"https:\/\/hierostrasbourg.com\/index.php\/2021\/05\/12\/lopera-national-du-rhin-recrute-un-charge-de-communication-f-h\/","name":"L\u2019OP\u00c9RA NATIONAL DU RHIN recrute un charg\u00e9 de communication [F\/H] - HIERO STRASBOURG","isPartOf":{"@id":"https:\/\/hierostrasbourg.com\/#website"},"datePublished":"2021-05-12T19:21:56+00:00","breadcrumb":{"@id":"https:\/\/hierostrasbourg.com\/index.php\/2021\/05\/12\/lopera-national-du-rhin-recrute-un-charge-de-communication-f-h\/#breadcrumb"},"inLanguage":"fr-FR","potentialAction":[{"@type":"ReadAction","target":["https:\/\/hierostrasbourg.com\/index.php\/2021\/05\/12\/lopera-national-du-rhin-recrute-un-charge-de-communication-f-h\/"]}]},{"@type":"BreadcrumbList","@id":"https:\/\/hierostrasbourg.com\/index.php\/2021\/05\/12\/lopera-national-du-rhin-recrute-un-charge-de-communication-f-h\/#breadcrumb","itemListElement":[{"@type":"ListItem","position":1,"name":"Accueil","item":"https:\/\/hierostrasbourg.com\/"},{"@type":"ListItem","position":2,"name":"L\u2019OP\u00c9RA NATIONAL DU RHIN recrute un charg\u00e9 de communication [F\/H]"}]},{"@type":"WebSite","@id":"https:\/\/hierostrasbourg.com\/#website","url":"https:\/\/hierostrasbourg.com\/","name":"HIERO STRASBOURG","description":"Centre de Ressources Musiques Actuelles","publisher":{"@id":"https:\/\/hierostrasbourg.com\/#organization"},"potentialAction":[{"@type":"SearchAction","target":{"@type":"EntryPoint","urlTemplate":"https:\/\/hierostrasbourg.com\/?s={search_term_string}"},"query-input":{"@type":"PropertyValueSpecification","valueRequired":true,"valueName":"search_term_string"}}],"inLanguage":"fr-FR"},{"@type":"Organization","@id":"https:\/\/hierostrasbourg.com\/#organization","name":"F\u00e9d\u00e9ration Hi\u00e9ro Strasbourg","url":"https:\/\/hierostrasbourg.com\/","logo":{"@type":"ImageObject","inLanguage":"fr-FR","@id":"https:\/\/hierostrasbourg.com\/#\/schema\/logo\/image\/","url":"https:\/\/hierostrasbourg.com\/wp-content\/uploads\/2026\/04\/logo-hiero-strasbourg.jpg","contentUrl":"https:\/\/hierostrasbourg.com\/wp-content\/uploads\/2026\/04\/logo-hiero-strasbourg.jpg","width":204,"height":192,"caption":"F\u00e9d\u00e9ration Hi\u00e9ro Strasbourg"},"image":{"@id":"https:\/\/hierostrasbourg.com\/#\/schema\/logo\/image\/"},"sameAs":["https:\/\/www.facebook.com\/fedehierostrasbourg","https:\/\/x.com\/hierostrasbourg"]}]}},"_links":{"self":[{"href":"https:\/\/hierostrasbourg.com\/index.php\/wp-json\/wp\/v2\/posts\/519","targetHints":{"allow":["GET"]}}],"collection":[{"href":"https:\/\/hierostrasbourg.com\/index.php\/wp-json\/wp\/v2\/posts"}],"about":[{"href":"https:\/\/hierostrasbourg.com\/index.php\/wp-json\/wp\/v2\/types\/post"}],"replies":[{"embeddable":true,"href":"https:\/\/hierostrasbourg.com\/index.php\/wp-json\/wp\/v2\/comments?post=519"}],"version-history":[{"count":0,"href":"https:\/\/hierostrasbourg.com\/index.php\/wp-json\/wp\/v2\/posts\/519\/revisions"}],"wp:attachment":[{"href":"https:\/\/hierostrasbourg.com\/index.php\/wp-json\/wp\/v2\/media?parent=519"}],"wp:term":[{"taxonomy":"category","embeddable":true,"href":"https:\/\/hierostrasbourg.com\/index.php\/wp-json\/wp\/v2\/categories?post=519"},{"taxonomy":"post_tag","embeddable":true,"href":"https:\/\/hierostrasbourg.com\/index.php\/wp-json\/wp\/v2\/tags?post=519"}],"curies":[{"name":"wp","href":"https:\/\/api.w.org\/{rel}","templated":true}]}}