{"id":5180,"date":"2023-02-14T16:42:21","date_gmt":"2023-02-14T15:42:21","guid":{"rendered":"https:\/\/hierostrasbourg.com\/index.php\/2023\/02\/14\/la-ville-de-strasbourg-recrute-un-directeur-adjoint-de-la-culture-f-h-4\/"},"modified":"2023-02-14T16:42:21","modified_gmt":"2023-02-14T15:42:21","slug":"la-ville-de-strasbourg-recrute-un-directeur-adjoint-de-la-culture-f-h-4","status":"publish","type":"post","link":"https:\/\/hierostrasbourg.com\/index.php\/2023\/02\/14\/la-ville-de-strasbourg-recrute-un-directeur-adjoint-de-la-culture-f-h-4\/","title":{"rendered":"LA VILLE DE STRASBOURG recrute un directeur adjoint de la Culture [F\/H]"},"content":{"rendered":"<p>La Direction de la Culture porte le d\u00e9ploiement et la mise en \u0153uvre des politiques culturelles de la Ville et de l\u2019Eurom\u00e9tropole de Strasbourg. A ce titre, elle int\u00e8gre un certain nombre d\u2019institutions culturelles importantes, pilot\u00e9es en r\u00e9gie directe (M\u00e9diath\u00e8ques, Mus\u00e9es, Conservatoire, Archives, TAPS, fondation de l\u2019\u0152uvre Notre-Dame\u2026) ou soutenues de fa\u00e7on volontariste (300 structures associatives intervenant dans tous les champs culturels, ainsi que l\u2019Op\u00e9ra, l\u2019Orchestre philharmonique ou la Haute \u00e9cole des arts du Rhin).<\/p>\n<h2>Missions et conditions d\u2019exercice<\/h2>\n<p>Consid\u00e9rant la culture comme une politique de la relation permettant l\u2019\u00e9mancipation individuelle et collective et l\u2019ouverture \u00e0 l\u2019autre, et la cr\u00e9ation artistique comme favorisant l\u2019apparition de nouveaux mod\u00e8les \u00e9cologiques, sociaux, \u00e9conomiques et d\u00e9mocratiques, la Direction de la culture de la Ville et de l\u2019Eurom\u00e9tropole de Strasbourg recrute un-e directeur-ice adjoint-e en charge de la d\u00e9clinaison, \u00e0 l\u2019\u00e9chelle de la direction de la culture et de ses services, des enjeux de justice sociale et d\u2019\u00e9quit\u00e9 territoriale, de d\u00e9mocratie et d\u2019\u00e9galit\u00e9 et de transition \u00e9cologique du territoire.<\/p>\n<p>En coh\u00e9rence avec le projet strat\u00e9gique de la Ville et de l\u2019Eurom\u00e9tropole, relatif \u00e0 leur politique culturelle, et sous l\u2019autorit\u00e9 de la Directrice de la Culture, vous aurez en charge :<\/p>\n<p>Durant la phase de pr\u00e9figuration li\u00e9 au projet de Direction en cours, le projet de structuration d\u2019une nouvelle entit\u00e9 qui aura en charge la traduction et le d\u00e9ploiement des enjeux de justice sociale et d\u2019\u00e9quit\u00e9 territoriale, de d\u00e9mocratie et d\u2019\u00e9galit\u00e9 et de transition \u00e9cologique, au sein des diff\u00e9rents services culturels de la Direction et aupr\u00e8s des partenaires culturels. Au terme du projet de Direction actuellement en cours de travail, vous assurerez l\u2019encadrement, l\u2019animation et la coordination de cette entit\u00e9, qui sera compos\u00e9e de 3 \u00e0 4 agents-es de cat\u00e9gorie A.<br \/>\nEn qualit\u00e9 d\u2019adjoint-e \u00e0 la directrice de la culture, vous aurez en charge, dans une logique de coop\u00e9ration renforc\u00e9e avec les directions th\u00e9matiques de la collectivit\u00e9, d\u2019animer la transversalit\u00e9 entre la culture et les autres politiques publiques concern\u00e9es par son p\u00e9rim\u00e8tre d\u2019activit\u00e9 (directions de la participation citoyenne, de la sant\u00e9, de la solidarit\u00e9 et de la jeunesse, de l\u2019\u00e9ducation et de l\u2019enfance, la direction des territoires, la mission Droits des femmes, \u2026). Vous assurerez \u00e9galement la d\u00e9finition de la strat\u00e9gie de responsabilit\u00e9 sociale de la direction de la culture.<\/p>\n<h4>Activit\u00e9s principales<\/h4>\n<p><strong>Culture, justice sociale et \u00e9quit\u00e9 territoriale<\/strong><\/p>\n<p>Piloter la conception, l\u2019\u00e9laboration et la mise en \u0153uvre d\u2019une strat\u00e9gie de coop\u00e9ration culturelle territoriale, associant des acteurs culturels internes et externes et acteurs des territoires (services de l\u2019Eurom\u00e9tropole, services de l\u2019\u00c9tat, associations, \u2026) avec pour objectif le d\u00e9ploiement de l\u2019offre culturelle dans une logique d\u00e9quit\u00e9 territoriale et d\u2019inclusion des habitants.<br \/>\nPiloter la r\u00e9flexion pour la mise en \u0153uvre d\u2019une politique tarifaire solidaire coh\u00e9rente \u00e0 l\u2019\u00e9chelle des diff\u00e9rents services de la direction de la culture, en lien avec la d\u00e9marche engag\u00e9e par la collectivit\u00e9.<br \/>\n\u00c9laborer et coordonner la politique municipale en mati\u00e8re d\u2019\u00e9veil et d\u2019\u00e9ducation artistique et culturelle.<br \/>\nPiloter et d\u00e9finir des partenariats actifs entre acteurs de la culture et professionnels de l\u2019insertion avec pour philosophie d\u2019intervention : la culture comme levier d\u2019insertion socio-professionnelle.<\/p>\n<p><strong>Culture, d\u00e9mocratie et \u00e9galit\u00e9<\/strong><\/p>\n<p>Accompagner les services de la direction dans la d\u00e9finition de nouvelles modalit\u00e9s de gouvernance, participatives et horizontales, incluant le public et les habitant-es.<br \/>\nContribuer \u00e0 la mont\u00e9e en comp\u00e9tence des \u00e9quipes de la direction de la culture sur les d\u00e9marches de concertation et d\u2019association des habitants \u00e0 la vie culturelle.<br \/>\nPiloter les projets de la direction visant \u00e0 inclure les habitant-es (projets culturels du budget participatif, concertations sur les grands projets culturels, dimension participative Capitale mondiale du livre\u2026).<br \/>\nEtre r\u00e9f\u00e9rent-e et garantir la mise en \u0153uvre du plan d\u2019action pour l\u2019\u00e9galit\u00e9 femme\/homme et pour la promotion de la diversit\u00e9 pour le secteur culturel local en lien avec les Mission droits des femmes et Mission Lutte contre les discriminations.<\/p>\n<p><strong>Culture et transition \u00e9cologique<\/strong><\/p>\n<p>Accompagner les services de la direction dans la d\u00e9finition d\u2019un plan d\u2019action visant \u00e0 prendre en compte les enjeux de transition \u00e9cologique dans leur activit\u00e9.<br \/>\nStructurer un r\u00e9seau de correspondants-tes en charge de la transition \u00e9cologique dans les services et proposer des actions de sensibilisation et un plan de formation sur le mandat pour les agents de la direction de la culture.<br \/>\nD\u00e9velopper des outils de pilotage et d\u2019\u00e9valuation des plans d\u2019action mis en \u0153uvre en la mati\u00e8re.<br \/>\nRecenser, encourager et diffuser les enjeux et bonnes pratiques en mati\u00e8re de transition \u00e9cologique du champ culturel aupr\u00e8s des services et des acteurs de la culture au plan local.<br \/>\nIdentifier les financements relatifs \u00e0 la transition \u00e9cologique pour le secteur culturel.<\/p>\n<h4>Activit\u00e9s secondaires<\/h4>\n<p>Travailler en lien \u00e9troit avec le service de l\u2019Action culturelle pour que la politique de soutien int\u00e8gre ces dimensions, en lien avec la charte des subventions de la Ville.<br \/>\nS\u2019inscrire, aux c\u00f4t\u00e9s de la Directrice, dans les r\u00e9seaux nationaux et internationaux ad hoc afin de donner de la visibilit\u00e9 \u00e0 la strat\u00e9gie de d\u00e9veloppement durable de la direction de la culture de la Ville et de l\u2019Eurom\u00e9tropole.<br \/>\nMettre en \u0153uvre, dans son champ de comp\u00e9tence, la strat\u00e9gie de la Direction en mati\u00e8re de responsabilit\u00e9 soci\u00e9tale des organisations.<br \/>\nProposer des indicateurs d\u2019\u00e9valuation des actions permettant une \u00e9valuation annuelle.<br \/>\nParticiper \u00e0 l\u2019\u00e9laboration de la strat\u00e9gie de communication interne et externe.<br \/>\nRemplacer la directrice lors de ses absences ou indisponibilit\u00e9s.<\/p>\n<h2>CONDITIONS D\u2019EXERCICE<\/h2>\n<p>Localisation : 18 rue du 22 Novembre.<br \/>\nPr\u00e9sence souvent requise pour les spectacles et r\u00e9unions, parfois le week-end.<\/p>\n<h2>Profils recherch\u00e9s<\/h2>\n<p>Bac+4\/5, dans le champ des politiques publiques et\/ou des politiques culturelles.<br \/>\nExp\u00e9rience dans une collectivit\u00e9 territoriale souhait\u00e9e.<br \/>\nExpertise des enjeux actuels des politiques culturelles, notamment dans les trois champs d\u2019expertise.<br \/>\nExpertise des rouages administratifs.<br \/>\nExpertise en management.<br \/>\nMa\u00eetrise des outils informatiques Excel, Word et messagerie.<br \/>\nAisance r\u00e9dactionnelle.<br \/>\nAllemand ou anglais appr\u00e9ci\u00e9.<br \/>\nCapacit\u00e9 \u00e0 conduire et animer des r\u00e9unions de travail.<br \/>\nCapacit\u00e9 \u00e0 coordonner des intervenants-es d\u2019horizons divers.<br \/>\nCapacit\u00e9 \u00e0 prendre des initiatives.<br \/>\nForce de proposition.<br \/>\nQualit\u00e9s relationnelles.<br \/>\nTravail en \u00e9quipe.<br \/>\nDiplomatie.<br \/>\nDiscr\u00e9tion.<\/p>\n<p>Poste \u00e0 pourvoir le 01\/05\/2023<br \/>\nDate limite de candidature 19\/03\/2023<\/p>\n<p>fonctionnaire ou contractuel<\/p>\n<p>EUROMETROPOLE DE STRASBOURG<br \/>\nService emploi et d\u00e9veloppement des comp\u00e9tences \u2013 1 parc de l\u2019etoile<br \/>\n67076 Strasbourg<\/p>\n<p>Merci de postuler \u00e0 cette offre (avec lettre de motivation et CV) directement sur le<a href=\"https:\/\/www.emploi.strasbourg.eu\/\"><strong> site \u00e0 l\u2019adresse suivante<\/strong> \u00a0<\/a><\/p>\n<p>L\u2019article <a href=\"https:\/\/musiquesactuelles.alsace\/la-ville-de-strasbourg-recrute-un-directeur-adjoint-de-la-culture-f-h\/\">LA VILLE DE STRASBOURG recrute un directeur adjoint de la Culture [F\/H]<\/a> est apparu en premier sur <a href=\"https:\/\/musiquesactuelles.alsace\/\">Musiques Actuelles en Alsace<\/a>.<\/p>\n<p>L\u2019article <a href=\"https:\/\/popburo.fr\/la-ville-de-strasbourg-recrute-un-directeur-adjoint-de-la-culture-f-h-4\/\">LA VILLE DE STRASBOURG recrute un directeur adjoint de la Culture [F\/H]<\/a> est apparu en premier sur <a href=\"https:\/\/popburo.fr\/\">POP B\u00dcRO<\/a>.<\/p>\n","protected":false},"excerpt":{"rendered":"<p>La Direction de la Culture porte le d\u00e9ploiement et la mise en \u0153uvre des politiques culturelles de la Ville et de l\u2019Eurom\u00e9tropole de Strasbourg. A ce titre, elle int\u00e8gre un certain nombre d\u2019institutions culturelles importantes, pilot\u00e9es en r\u00e9gie directe (M\u00e9diath\u00e8ques, Mus\u00e9es, Conservatoire, Archives, TAPS, fondation de l\u2019\u0152uvre Notre-Dame\u2026) ou soutenues de fa\u00e7on volontariste (300 structures associatives intervenant dans tous les champs culturels, ainsi que l\u2019Op\u00e9ra, l\u2019Orchestre philharmonique ou la Haute \u00e9cole des arts du Rhin). Missions et conditions d\u2019exercice Consid\u00e9rant [&hellip;]<\/p>\n","protected":false},"author":0,"featured_media":0,"comment_status":"closed","ping_status":"open","sticky":false,"template":"","format":"standard","meta":{"footnotes":""},"categories":[1],"tags":[],"class_list":["post-5180","post","type-post","status-publish","format-standard","hentry","category-non-classe"],"yoast_head":"<!-- This site is optimized with the Yoast SEO plugin v27.4 - https:\/\/yoast.com\/product\/yoast-seo-wordpress\/ -->\n<title>LA VILLE DE STRASBOURG recrute un directeur adjoint de la Culture [F\/H] - HIERO STRASBOURG<\/title>\n<meta name=\"robots\" content=\"index, follow, max-snippet:-1, max-image-preview:large, max-video-preview:-1\" \/>\n<link rel=\"canonical\" href=\"https:\/\/hierostrasbourg.com\/index.php\/2023\/02\/14\/la-ville-de-strasbourg-recrute-un-directeur-adjoint-de-la-culture-f-h-4\/\" \/>\n<meta property=\"og:locale\" content=\"fr_FR\" \/>\n<meta property=\"og:type\" content=\"article\" \/>\n<meta property=\"og:title\" content=\"LA VILLE DE STRASBOURG recrute un directeur adjoint de la Culture [F\/H] - HIERO STRASBOURG\" \/>\n<meta property=\"og:description\" content=\"La Direction de la Culture porte le d\u00e9ploiement et la mise en \u0153uvre des politiques culturelles de la Ville et de l\u2019Eurom\u00e9tropole de Strasbourg. A ce titre, elle int\u00e8gre un certain nombre d\u2019institutions culturelles importantes, pilot\u00e9es en r\u00e9gie directe (M\u00e9diath\u00e8ques, Mus\u00e9es, Conservatoire, Archives, TAPS, fondation de l\u2019\u0152uvre Notre-Dame\u2026) ou soutenues de fa\u00e7on volontariste (300 structures associatives intervenant dans tous les champs culturels, ainsi que l\u2019Op\u00e9ra, l\u2019Orchestre philharmonique ou la Haute \u00e9cole des arts du Rhin). Missions et conditions d\u2019exercice Consid\u00e9rant [&hellip;]\" \/>\n<meta property=\"og:url\" content=\"https:\/\/hierostrasbourg.com\/index.php\/2023\/02\/14\/la-ville-de-strasbourg-recrute-un-directeur-adjoint-de-la-culture-f-h-4\/\" \/>\n<meta property=\"og:site_name\" content=\"HIERO STRASBOURG\" \/>\n<meta property=\"article:publisher\" content=\"https:\/\/www.facebook.com\/fedehierostrasbourg\" \/>\n<meta property=\"article:published_time\" content=\"2023-02-14T15:42:21+00:00\" \/>\n<meta name=\"twitter:card\" content=\"summary_large_image\" \/>\n<meta name=\"twitter:creator\" content=\"@hierostrasbourg\" \/>\n<meta name=\"twitter:site\" content=\"@hierostrasbourg\" \/>\n<meta name=\"twitter:label1\" content=\"Dur\u00e9e de lecture estim\u00e9e\" \/>\n\t<meta name=\"twitter:data1\" content=\"6 minutes\" \/>\n<script type=\"application\/ld+json\" class=\"yoast-schema-graph\">{\"@context\":\"https:\\\/\\\/schema.org\",\"@graph\":[{\"@type\":\"Article\",\"@id\":\"https:\\\/\\\/hierostrasbourg.com\\\/index.php\\\/2023\\\/02\\\/14\\\/la-ville-de-strasbourg-recrute-un-directeur-adjoint-de-la-culture-f-h-4\\\/#article\",\"isPartOf\":{\"@id\":\"https:\\\/\\\/hierostrasbourg.com\\\/index.php\\\/2023\\\/02\\\/14\\\/la-ville-de-strasbourg-recrute-un-directeur-adjoint-de-la-culture-f-h-4\\\/\"},\"author\":{\"name\":\"\",\"@id\":\"\"},\"headline\":\"LA VILLE DE STRASBOURG recrute un directeur adjoint de la Culture [F\\\/H]\",\"datePublished\":\"2023-02-14T15:42:21+00:00\",\"mainEntityOfPage\":{\"@id\":\"https:\\\/\\\/hierostrasbourg.com\\\/index.php\\\/2023\\\/02\\\/14\\\/la-ville-de-strasbourg-recrute-un-directeur-adjoint-de-la-culture-f-h-4\\\/\"},\"wordCount\":1195,\"publisher\":{\"@id\":\"https:\\\/\\\/hierostrasbourg.com\\\/#organization\"},\"inLanguage\":\"fr-FR\"},{\"@type\":\"WebPage\",\"@id\":\"https:\\\/\\\/hierostrasbourg.com\\\/index.php\\\/2023\\\/02\\\/14\\\/la-ville-de-strasbourg-recrute-un-directeur-adjoint-de-la-culture-f-h-4\\\/\",\"url\":\"https:\\\/\\\/hierostrasbourg.com\\\/index.php\\\/2023\\\/02\\\/14\\\/la-ville-de-strasbourg-recrute-un-directeur-adjoint-de-la-culture-f-h-4\\\/\",\"name\":\"LA VILLE DE STRASBOURG recrute un directeur adjoint de la Culture [F\\\/H] - HIERO STRASBOURG\",\"isPartOf\":{\"@id\":\"https:\\\/\\\/hierostrasbourg.com\\\/#website\"},\"datePublished\":\"2023-02-14T15:42:21+00:00\",\"breadcrumb\":{\"@id\":\"https:\\\/\\\/hierostrasbourg.com\\\/index.php\\\/2023\\\/02\\\/14\\\/la-ville-de-strasbourg-recrute-un-directeur-adjoint-de-la-culture-f-h-4\\\/#breadcrumb\"},\"inLanguage\":\"fr-FR\",\"potentialAction\":[{\"@type\":\"ReadAction\",\"target\":[\"https:\\\/\\\/hierostrasbourg.com\\\/index.php\\\/2023\\\/02\\\/14\\\/la-ville-de-strasbourg-recrute-un-directeur-adjoint-de-la-culture-f-h-4\\\/\"]}]},{\"@type\":\"BreadcrumbList\",\"@id\":\"https:\\\/\\\/hierostrasbourg.com\\\/index.php\\\/2023\\\/02\\\/14\\\/la-ville-de-strasbourg-recrute-un-directeur-adjoint-de-la-culture-f-h-4\\\/#breadcrumb\",\"itemListElement\":[{\"@type\":\"ListItem\",\"position\":1,\"name\":\"Accueil\",\"item\":\"https:\\\/\\\/hierostrasbourg.com\\\/\"},{\"@type\":\"ListItem\",\"position\":2,\"name\":\"LA VILLE DE STRASBOURG recrute un directeur adjoint de la Culture [F\\\/H]\"}]},{\"@type\":\"WebSite\",\"@id\":\"https:\\\/\\\/hierostrasbourg.com\\\/#website\",\"url\":\"https:\\\/\\\/hierostrasbourg.com\\\/\",\"name\":\"HIERO STRASBOURG\",\"description\":\"Centre de Ressources Musiques Actuelles\",\"publisher\":{\"@id\":\"https:\\\/\\\/hierostrasbourg.com\\\/#organization\"},\"potentialAction\":[{\"@type\":\"SearchAction\",\"target\":{\"@type\":\"EntryPoint\",\"urlTemplate\":\"https:\\\/\\\/hierostrasbourg.com\\\/?s={search_term_string}\"},\"query-input\":{\"@type\":\"PropertyValueSpecification\",\"valueRequired\":true,\"valueName\":\"search_term_string\"}}],\"inLanguage\":\"fr-FR\"},{\"@type\":\"Organization\",\"@id\":\"https:\\\/\\\/hierostrasbourg.com\\\/#organization\",\"name\":\"F\u00e9d\u00e9ration Hi\u00e9ro Strasbourg\",\"url\":\"https:\\\/\\\/hierostrasbourg.com\\\/\",\"logo\":{\"@type\":\"ImageObject\",\"inLanguage\":\"fr-FR\",\"@id\":\"https:\\\/\\\/hierostrasbourg.com\\\/#\\\/schema\\\/logo\\\/image\\\/\",\"url\":\"https:\\\/\\\/hierostrasbourg.com\\\/wp-content\\\/uploads\\\/2026\\\/04\\\/logo-hiero-strasbourg.jpg\",\"contentUrl\":\"https:\\\/\\\/hierostrasbourg.com\\\/wp-content\\\/uploads\\\/2026\\\/04\\\/logo-hiero-strasbourg.jpg\",\"width\":204,\"height\":192,\"caption\":\"F\u00e9d\u00e9ration Hi\u00e9ro Strasbourg\"},\"image\":{\"@id\":\"https:\\\/\\\/hierostrasbourg.com\\\/#\\\/schema\\\/logo\\\/image\\\/\"},\"sameAs\":[\"https:\\\/\\\/www.facebook.com\\\/fedehierostrasbourg\",\"https:\\\/\\\/x.com\\\/hierostrasbourg\"]}]}<\/script>\n<!-- \/ Yoast SEO plugin. -->","yoast_head_json":{"title":"LA VILLE DE STRASBOURG recrute un directeur adjoint de la Culture [F\/H] - HIERO STRASBOURG","robots":{"index":"index","follow":"follow","max-snippet":"max-snippet:-1","max-image-preview":"max-image-preview:large","max-video-preview":"max-video-preview:-1"},"canonical":"https:\/\/hierostrasbourg.com\/index.php\/2023\/02\/14\/la-ville-de-strasbourg-recrute-un-directeur-adjoint-de-la-culture-f-h-4\/","og_locale":"fr_FR","og_type":"article","og_title":"LA VILLE DE STRASBOURG recrute un directeur adjoint de la Culture [F\/H] - HIERO STRASBOURG","og_description":"La Direction de la Culture porte le d\u00e9ploiement et la mise en \u0153uvre des politiques culturelles de la Ville et de l\u2019Eurom\u00e9tropole de Strasbourg. A ce titre, elle int\u00e8gre un certain nombre d\u2019institutions culturelles importantes, pilot\u00e9es en r\u00e9gie directe (M\u00e9diath\u00e8ques, Mus\u00e9es, Conservatoire, Archives, TAPS, fondation de l\u2019\u0152uvre Notre-Dame\u2026) ou soutenues de fa\u00e7on volontariste (300 structures associatives intervenant dans tous les champs culturels, ainsi que l\u2019Op\u00e9ra, l\u2019Orchestre philharmonique ou la Haute \u00e9cole des arts du Rhin). Missions et conditions d\u2019exercice Consid\u00e9rant [&hellip;]","og_url":"https:\/\/hierostrasbourg.com\/index.php\/2023\/02\/14\/la-ville-de-strasbourg-recrute-un-directeur-adjoint-de-la-culture-f-h-4\/","og_site_name":"HIERO STRASBOURG","article_publisher":"https:\/\/www.facebook.com\/fedehierostrasbourg","article_published_time":"2023-02-14T15:42:21+00:00","twitter_card":"summary_large_image","twitter_creator":"@hierostrasbourg","twitter_site":"@hierostrasbourg","twitter_misc":{"Dur\u00e9e de lecture estim\u00e9e":"6 minutes"},"schema":{"@context":"https:\/\/schema.org","@graph":[{"@type":"Article","@id":"https:\/\/hierostrasbourg.com\/index.php\/2023\/02\/14\/la-ville-de-strasbourg-recrute-un-directeur-adjoint-de-la-culture-f-h-4\/#article","isPartOf":{"@id":"https:\/\/hierostrasbourg.com\/index.php\/2023\/02\/14\/la-ville-de-strasbourg-recrute-un-directeur-adjoint-de-la-culture-f-h-4\/"},"author":{"name":"","@id":""},"headline":"LA VILLE DE STRASBOURG recrute un directeur adjoint de la Culture [F\/H]","datePublished":"2023-02-14T15:42:21+00:00","mainEntityOfPage":{"@id":"https:\/\/hierostrasbourg.com\/index.php\/2023\/02\/14\/la-ville-de-strasbourg-recrute-un-directeur-adjoint-de-la-culture-f-h-4\/"},"wordCount":1195,"publisher":{"@id":"https:\/\/hierostrasbourg.com\/#organization"},"inLanguage":"fr-FR"},{"@type":"WebPage","@id":"https:\/\/hierostrasbourg.com\/index.php\/2023\/02\/14\/la-ville-de-strasbourg-recrute-un-directeur-adjoint-de-la-culture-f-h-4\/","url":"https:\/\/hierostrasbourg.com\/index.php\/2023\/02\/14\/la-ville-de-strasbourg-recrute-un-directeur-adjoint-de-la-culture-f-h-4\/","name":"LA VILLE DE STRASBOURG recrute un directeur adjoint de la Culture [F\/H] - HIERO STRASBOURG","isPartOf":{"@id":"https:\/\/hierostrasbourg.com\/#website"},"datePublished":"2023-02-14T15:42:21+00:00","breadcrumb":{"@id":"https:\/\/hierostrasbourg.com\/index.php\/2023\/02\/14\/la-ville-de-strasbourg-recrute-un-directeur-adjoint-de-la-culture-f-h-4\/#breadcrumb"},"inLanguage":"fr-FR","potentialAction":[{"@type":"ReadAction","target":["https:\/\/hierostrasbourg.com\/index.php\/2023\/02\/14\/la-ville-de-strasbourg-recrute-un-directeur-adjoint-de-la-culture-f-h-4\/"]}]},{"@type":"BreadcrumbList","@id":"https:\/\/hierostrasbourg.com\/index.php\/2023\/02\/14\/la-ville-de-strasbourg-recrute-un-directeur-adjoint-de-la-culture-f-h-4\/#breadcrumb","itemListElement":[{"@type":"ListItem","position":1,"name":"Accueil","item":"https:\/\/hierostrasbourg.com\/"},{"@type":"ListItem","position":2,"name":"LA VILLE DE STRASBOURG recrute un directeur adjoint de la Culture [F\/H]"}]},{"@type":"WebSite","@id":"https:\/\/hierostrasbourg.com\/#website","url":"https:\/\/hierostrasbourg.com\/","name":"HIERO STRASBOURG","description":"Centre de Ressources Musiques Actuelles","publisher":{"@id":"https:\/\/hierostrasbourg.com\/#organization"},"potentialAction":[{"@type":"SearchAction","target":{"@type":"EntryPoint","urlTemplate":"https:\/\/hierostrasbourg.com\/?s={search_term_string}"},"query-input":{"@type":"PropertyValueSpecification","valueRequired":true,"valueName":"search_term_string"}}],"inLanguage":"fr-FR"},{"@type":"Organization","@id":"https:\/\/hierostrasbourg.com\/#organization","name":"F\u00e9d\u00e9ration Hi\u00e9ro Strasbourg","url":"https:\/\/hierostrasbourg.com\/","logo":{"@type":"ImageObject","inLanguage":"fr-FR","@id":"https:\/\/hierostrasbourg.com\/#\/schema\/logo\/image\/","url":"https:\/\/hierostrasbourg.com\/wp-content\/uploads\/2026\/04\/logo-hiero-strasbourg.jpg","contentUrl":"https:\/\/hierostrasbourg.com\/wp-content\/uploads\/2026\/04\/logo-hiero-strasbourg.jpg","width":204,"height":192,"caption":"F\u00e9d\u00e9ration Hi\u00e9ro Strasbourg"},"image":{"@id":"https:\/\/hierostrasbourg.com\/#\/schema\/logo\/image\/"},"sameAs":["https:\/\/www.facebook.com\/fedehierostrasbourg","https:\/\/x.com\/hierostrasbourg"]}]}},"_links":{"self":[{"href":"https:\/\/hierostrasbourg.com\/index.php\/wp-json\/wp\/v2\/posts\/5180","targetHints":{"allow":["GET"]}}],"collection":[{"href":"https:\/\/hierostrasbourg.com\/index.php\/wp-json\/wp\/v2\/posts"}],"about":[{"href":"https:\/\/hierostrasbourg.com\/index.php\/wp-json\/wp\/v2\/types\/post"}],"replies":[{"embeddable":true,"href":"https:\/\/hierostrasbourg.com\/index.php\/wp-json\/wp\/v2\/comments?post=5180"}],"version-history":[{"count":0,"href":"https:\/\/hierostrasbourg.com\/index.php\/wp-json\/wp\/v2\/posts\/5180\/revisions"}],"wp:attachment":[{"href":"https:\/\/hierostrasbourg.com\/index.php\/wp-json\/wp\/v2\/media?parent=5180"}],"wp:term":[{"taxonomy":"category","embeddable":true,"href":"https:\/\/hierostrasbourg.com\/index.php\/wp-json\/wp\/v2\/categories?post=5180"},{"taxonomy":"post_tag","embeddable":true,"href":"https:\/\/hierostrasbourg.com\/index.php\/wp-json\/wp\/v2\/tags?post=5180"}],"curies":[{"name":"wp","href":"https:\/\/api.w.org\/{rel}","templated":true}]}}