{"id":516,"date":"2021-05-12T20:20:55","date_gmt":"2021-05-12T18:20:55","guid":{"rendered":"https:\/\/hierostrasbourg.com\/index.php\/2021\/05\/12\/alain-griset-les-discotheques-fixees-sur-leur-sort-le-15-juin-au-plus-tard\/"},"modified":"2021-05-12T20:20:55","modified_gmt":"2021-05-12T18:20:55","slug":"alain-griset-les-discotheques-fixees-sur-leur-sort-le-15-juin-au-plus-tard","status":"publish","type":"post","link":"https:\/\/hierostrasbourg.com\/index.php\/2021\/05\/12\/alain-griset-les-discotheques-fixees-sur-leur-sort-le-15-juin-au-plus-tard\/","title":{"rendered":"Alain Griset : les discoth\u00e8ques fix\u00e9es sur leur sort \u201cle 15 juin au plus tard\u201d"},"content":{"rendered":"<p><em>Invit\u00e9 de BFM Business, le ministre d\u00e9l\u00e9gu\u00e9 aux PME Alain Griset a annonc\u00e9 que \u201cle 15 juin au plus tard on leur donnera une date pr\u00e9visionnelle de r\u00e9ouverture\u201d<\/em><br \/><em>Les exploitants de discoth\u00e8ques seront fix\u00e9s le \u201c15 juin au plus tard\u201d sur la date de leur r\u00e9ouverture et pourront b\u00e9n\u00e9ficier d\u2019une prise en charge \u00e9tendue de leurs co\u00fbts fixes, a annonc\u00e9 lundi le ministre d\u00e9l\u00e9gu\u00e9 aux PME Alain Griset sur BFM Business.<\/em><\/p>\n<p>Source \/ Lire la suite : <a href=\"https:\/\/www.bfmtv.com\/economie\/entreprises\/alain-griset-les-discotheques-fixees-sur-leur-sort-le-15-juin-au-plus-tard_AD-202105100427.html\">Alain Griset: les discoth\u00e8ques fix\u00e9es sur leur sort \u201cle 15 juin au plus tard\u201d<\/a><\/p>\n<p>L\u2019article <a href=\"https:\/\/popburo.fr\/alain-griset-les-discotheques-fixees-sur-leur-sort-le-15-juin-au-plus-tard\/\">Alain Griset : les discoth\u00e8ques fix\u00e9es sur leur sort \u201cle 15 juin au plus tard\u201d<\/a> est apparu en premier sur <a href=\"https:\/\/popburo.fr\/\">POP B\u00dcRO<\/a>.<\/p>\n","protected":false},"excerpt":{"rendered":"<p>Invit\u00e9 de BFM Business, le ministre d\u00e9l\u00e9gu\u00e9 aux PME Alain Griset a annonc\u00e9 que \u201cle 15 juin au plus tard on leur donnera une date pr\u00e9visionnelle de r\u00e9ouverture\u201dLes exploitants de discoth\u00e8ques seront fix\u00e9s le \u201c15 juin au plus tard\u201d sur la date de leur r\u00e9ouverture et pourront b\u00e9n\u00e9ficier d\u2019une prise en charge \u00e9tendue de leurs co\u00fbts fixes, a annonc\u00e9 lundi le ministre d\u00e9l\u00e9gu\u00e9 aux PME Alain Griset sur BFM Business. Source \/ Lire la suite : Alain Griset: les discoth\u00e8ques [&hellip;]<\/p>\n","protected":false},"author":0,"featured_media":0,"comment_status":"closed","ping_status":"open","sticky":false,"template":"","format":"standard","meta":{"footnotes":""},"categories":[1],"tags":[],"class_list":["post-516","post","type-post","status-publish","format-standard","hentry","category-non-classe"],"yoast_head":"<!-- This site is optimized with the Yoast SEO plugin v27.5 - https:\/\/yoast.com\/product\/yoast-seo-wordpress\/ -->\n<title>Alain Griset : les discoth\u00e8ques fix\u00e9es sur leur sort \u201cle 15 juin au plus tard\u201d - HIERO STRASBOURG<\/title>\n<meta name=\"robots\" content=\"index, follow, max-snippet:-1, max-image-preview:large, max-video-preview:-1\" \/>\n<link rel=\"canonical\" href=\"https:\/\/hierostrasbourg.com\/index.php\/2021\/05\/12\/alain-griset-les-discotheques-fixees-sur-leur-sort-le-15-juin-au-plus-tard\/\" \/>\n<meta property=\"og:locale\" content=\"fr_FR\" \/>\n<meta property=\"og:type\" content=\"article\" \/>\n<meta property=\"og:title\" content=\"Alain Griset : les discoth\u00e8ques fix\u00e9es sur leur sort \u201cle 15 juin au plus tard\u201d - HIERO STRASBOURG\" \/>\n<meta property=\"og:description\" content=\"Invit\u00e9 de BFM Business, le ministre d\u00e9l\u00e9gu\u00e9 aux PME Alain Griset a annonc\u00e9 que \u201cle 15 juin au plus tard on leur donnera une date pr\u00e9visionnelle de r\u00e9ouverture\u201dLes exploitants de discoth\u00e8ques seront fix\u00e9s le \u201c15 juin au plus tard\u201d sur la date de leur r\u00e9ouverture et pourront b\u00e9n\u00e9ficier d\u2019une prise en charge \u00e9tendue de leurs co\u00fbts fixes, a annonc\u00e9 lundi le ministre d\u00e9l\u00e9gu\u00e9 aux PME Alain Griset sur BFM Business. Source \/ Lire la suite : Alain Griset: les discoth\u00e8ques [&hellip;]\" \/>\n<meta property=\"og:url\" content=\"https:\/\/hierostrasbourg.com\/index.php\/2021\/05\/12\/alain-griset-les-discotheques-fixees-sur-leur-sort-le-15-juin-au-plus-tard\/\" \/>\n<meta property=\"og:site_name\" content=\"HIERO STRASBOURG\" \/>\n<meta property=\"article:publisher\" content=\"https:\/\/www.facebook.com\/fedehierostrasbourg\" \/>\n<meta property=\"article:published_time\" content=\"2021-05-12T18:20:55+00:00\" \/>\n<meta name=\"twitter:card\" content=\"summary_large_image\" \/>\n<meta name=\"twitter:creator\" content=\"@hierostrasbourg\" \/>\n<meta name=\"twitter:site\" content=\"@hierostrasbourg\" \/>\n<meta name=\"twitter:label1\" content=\"Dur\u00e9e de lecture estim\u00e9e\" \/>\n\t<meta name=\"twitter:data1\" content=\"1 minute\" \/>\n<script type=\"application\/ld+json\" class=\"yoast-schema-graph\">{\"@context\":\"https:\\\/\\\/schema.org\",\"@graph\":[{\"@type\":\"Article\",\"@id\":\"https:\\\/\\\/hierostrasbourg.com\\\/index.php\\\/2021\\\/05\\\/12\\\/alain-griset-les-discotheques-fixees-sur-leur-sort-le-15-juin-au-plus-tard\\\/#article\",\"isPartOf\":{\"@id\":\"https:\\\/\\\/hierostrasbourg.com\\\/index.php\\\/2021\\\/05\\\/12\\\/alain-griset-les-discotheques-fixees-sur-leur-sort-le-15-juin-au-plus-tard\\\/\"},\"author\":{\"name\":\"\",\"@id\":\"\"},\"headline\":\"Alain Griset : les discoth\u00e8ques fix\u00e9es sur leur sort \u201cle 15 juin au plus tard\u201d\",\"datePublished\":\"2021-05-12T18:20:55+00:00\",\"mainEntityOfPage\":{\"@id\":\"https:\\\/\\\/hierostrasbourg.com\\\/index.php\\\/2021\\\/05\\\/12\\\/alain-griset-les-discotheques-fixees-sur-leur-sort-le-15-juin-au-plus-tard\\\/\"},\"wordCount\":141,\"publisher\":{\"@id\":\"https:\\\/\\\/hierostrasbourg.com\\\/#organization\"},\"inLanguage\":\"fr-FR\"},{\"@type\":\"WebPage\",\"@id\":\"https:\\\/\\\/hierostrasbourg.com\\\/index.php\\\/2021\\\/05\\\/12\\\/alain-griset-les-discotheques-fixees-sur-leur-sort-le-15-juin-au-plus-tard\\\/\",\"url\":\"https:\\\/\\\/hierostrasbourg.com\\\/index.php\\\/2021\\\/05\\\/12\\\/alain-griset-les-discotheques-fixees-sur-leur-sort-le-15-juin-au-plus-tard\\\/\",\"name\":\"Alain Griset : les discoth\u00e8ques fix\u00e9es sur leur sort \u201cle 15 juin au plus tard\u201d - HIERO STRASBOURG\",\"isPartOf\":{\"@id\":\"https:\\\/\\\/hierostrasbourg.com\\\/#website\"},\"datePublished\":\"2021-05-12T18:20:55+00:00\",\"breadcrumb\":{\"@id\":\"https:\\\/\\\/hierostrasbourg.com\\\/index.php\\\/2021\\\/05\\\/12\\\/alain-griset-les-discotheques-fixees-sur-leur-sort-le-15-juin-au-plus-tard\\\/#breadcrumb\"},\"inLanguage\":\"fr-FR\",\"potentialAction\":[{\"@type\":\"ReadAction\",\"target\":[\"https:\\\/\\\/hierostrasbourg.com\\\/index.php\\\/2021\\\/05\\\/12\\\/alain-griset-les-discotheques-fixees-sur-leur-sort-le-15-juin-au-plus-tard\\\/\"]}]},{\"@type\":\"BreadcrumbList\",\"@id\":\"https:\\\/\\\/hierostrasbourg.com\\\/index.php\\\/2021\\\/05\\\/12\\\/alain-griset-les-discotheques-fixees-sur-leur-sort-le-15-juin-au-plus-tard\\\/#breadcrumb\",\"itemListElement\":[{\"@type\":\"ListItem\",\"position\":1,\"name\":\"Accueil\",\"item\":\"https:\\\/\\\/hierostrasbourg.com\\\/\"},{\"@type\":\"ListItem\",\"position\":2,\"name\":\"Alain Griset : les discoth\u00e8ques fix\u00e9es sur leur sort \u201cle 15 juin au plus tard\u201d\"}]},{\"@type\":\"WebSite\",\"@id\":\"https:\\\/\\\/hierostrasbourg.com\\\/#website\",\"url\":\"https:\\\/\\\/hierostrasbourg.com\\\/\",\"name\":\"HIERO STRASBOURG\",\"description\":\"Centre de Ressources Musiques Actuelles\",\"publisher\":{\"@id\":\"https:\\\/\\\/hierostrasbourg.com\\\/#organization\"},\"potentialAction\":[{\"@type\":\"SearchAction\",\"target\":{\"@type\":\"EntryPoint\",\"urlTemplate\":\"https:\\\/\\\/hierostrasbourg.com\\\/?s={search_term_string}\"},\"query-input\":{\"@type\":\"PropertyValueSpecification\",\"valueRequired\":true,\"valueName\":\"search_term_string\"}}],\"inLanguage\":\"fr-FR\"},{\"@type\":\"Organization\",\"@id\":\"https:\\\/\\\/hierostrasbourg.com\\\/#organization\",\"name\":\"F\u00e9d\u00e9ration Hi\u00e9ro Strasbourg\",\"url\":\"https:\\\/\\\/hierostrasbourg.com\\\/\",\"logo\":{\"@type\":\"ImageObject\",\"inLanguage\":\"fr-FR\",\"@id\":\"https:\\\/\\\/hierostrasbourg.com\\\/#\\\/schema\\\/logo\\\/image\\\/\",\"url\":\"https:\\\/\\\/hierostrasbourg.com\\\/wp-content\\\/uploads\\\/2026\\\/04\\\/logo-hiero-strasbourg.jpg\",\"contentUrl\":\"https:\\\/\\\/hierostrasbourg.com\\\/wp-content\\\/uploads\\\/2026\\\/04\\\/logo-hiero-strasbourg.jpg\",\"width\":204,\"height\":192,\"caption\":\"F\u00e9d\u00e9ration Hi\u00e9ro Strasbourg\"},\"image\":{\"@id\":\"https:\\\/\\\/hierostrasbourg.com\\\/#\\\/schema\\\/logo\\\/image\\\/\"},\"sameAs\":[\"https:\\\/\\\/www.facebook.com\\\/fedehierostrasbourg\",\"https:\\\/\\\/x.com\\\/hierostrasbourg\"]}]}<\/script>\n<!-- \/ Yoast SEO plugin. -->","yoast_head_json":{"title":"Alain Griset : les discoth\u00e8ques fix\u00e9es sur leur sort \u201cle 15 juin au plus tard\u201d - HIERO STRASBOURG","robots":{"index":"index","follow":"follow","max-snippet":"max-snippet:-1","max-image-preview":"max-image-preview:large","max-video-preview":"max-video-preview:-1"},"canonical":"https:\/\/hierostrasbourg.com\/index.php\/2021\/05\/12\/alain-griset-les-discotheques-fixees-sur-leur-sort-le-15-juin-au-plus-tard\/","og_locale":"fr_FR","og_type":"article","og_title":"Alain Griset : les discoth\u00e8ques fix\u00e9es sur leur sort \u201cle 15 juin au plus tard\u201d - HIERO STRASBOURG","og_description":"Invit\u00e9 de BFM Business, le ministre d\u00e9l\u00e9gu\u00e9 aux PME Alain Griset a annonc\u00e9 que \u201cle 15 juin au plus tard on leur donnera une date pr\u00e9visionnelle de r\u00e9ouverture\u201dLes exploitants de discoth\u00e8ques seront fix\u00e9s le \u201c15 juin au plus tard\u201d sur la date de leur r\u00e9ouverture et pourront b\u00e9n\u00e9ficier d\u2019une prise en charge \u00e9tendue de leurs co\u00fbts fixes, a annonc\u00e9 lundi le ministre d\u00e9l\u00e9gu\u00e9 aux PME Alain Griset sur BFM Business. Source \/ Lire la suite : Alain Griset: les discoth\u00e8ques [&hellip;]","og_url":"https:\/\/hierostrasbourg.com\/index.php\/2021\/05\/12\/alain-griset-les-discotheques-fixees-sur-leur-sort-le-15-juin-au-plus-tard\/","og_site_name":"HIERO STRASBOURG","article_publisher":"https:\/\/www.facebook.com\/fedehierostrasbourg","article_published_time":"2021-05-12T18:20:55+00:00","twitter_card":"summary_large_image","twitter_creator":"@hierostrasbourg","twitter_site":"@hierostrasbourg","twitter_misc":{"Dur\u00e9e de lecture estim\u00e9e":"1 minute"},"schema":{"@context":"https:\/\/schema.org","@graph":[{"@type":"Article","@id":"https:\/\/hierostrasbourg.com\/index.php\/2021\/05\/12\/alain-griset-les-discotheques-fixees-sur-leur-sort-le-15-juin-au-plus-tard\/#article","isPartOf":{"@id":"https:\/\/hierostrasbourg.com\/index.php\/2021\/05\/12\/alain-griset-les-discotheques-fixees-sur-leur-sort-le-15-juin-au-plus-tard\/"},"author":{"name":"","@id":""},"headline":"Alain Griset : les discoth\u00e8ques fix\u00e9es sur leur sort \u201cle 15 juin au plus tard\u201d","datePublished":"2021-05-12T18:20:55+00:00","mainEntityOfPage":{"@id":"https:\/\/hierostrasbourg.com\/index.php\/2021\/05\/12\/alain-griset-les-discotheques-fixees-sur-leur-sort-le-15-juin-au-plus-tard\/"},"wordCount":141,"publisher":{"@id":"https:\/\/hierostrasbourg.com\/#organization"},"inLanguage":"fr-FR"},{"@type":"WebPage","@id":"https:\/\/hierostrasbourg.com\/index.php\/2021\/05\/12\/alain-griset-les-discotheques-fixees-sur-leur-sort-le-15-juin-au-plus-tard\/","url":"https:\/\/hierostrasbourg.com\/index.php\/2021\/05\/12\/alain-griset-les-discotheques-fixees-sur-leur-sort-le-15-juin-au-plus-tard\/","name":"Alain Griset : les discoth\u00e8ques fix\u00e9es sur leur sort \u201cle 15 juin au plus tard\u201d - HIERO STRASBOURG","isPartOf":{"@id":"https:\/\/hierostrasbourg.com\/#website"},"datePublished":"2021-05-12T18:20:55+00:00","breadcrumb":{"@id":"https:\/\/hierostrasbourg.com\/index.php\/2021\/05\/12\/alain-griset-les-discotheques-fixees-sur-leur-sort-le-15-juin-au-plus-tard\/#breadcrumb"},"inLanguage":"fr-FR","potentialAction":[{"@type":"ReadAction","target":["https:\/\/hierostrasbourg.com\/index.php\/2021\/05\/12\/alain-griset-les-discotheques-fixees-sur-leur-sort-le-15-juin-au-plus-tard\/"]}]},{"@type":"BreadcrumbList","@id":"https:\/\/hierostrasbourg.com\/index.php\/2021\/05\/12\/alain-griset-les-discotheques-fixees-sur-leur-sort-le-15-juin-au-plus-tard\/#breadcrumb","itemListElement":[{"@type":"ListItem","position":1,"name":"Accueil","item":"https:\/\/hierostrasbourg.com\/"},{"@type":"ListItem","position":2,"name":"Alain Griset : les discoth\u00e8ques fix\u00e9es sur leur sort \u201cle 15 juin au plus tard\u201d"}]},{"@type":"WebSite","@id":"https:\/\/hierostrasbourg.com\/#website","url":"https:\/\/hierostrasbourg.com\/","name":"HIERO STRASBOURG","description":"Centre de Ressources Musiques Actuelles","publisher":{"@id":"https:\/\/hierostrasbourg.com\/#organization"},"potentialAction":[{"@type":"SearchAction","target":{"@type":"EntryPoint","urlTemplate":"https:\/\/hierostrasbourg.com\/?s={search_term_string}"},"query-input":{"@type":"PropertyValueSpecification","valueRequired":true,"valueName":"search_term_string"}}],"inLanguage":"fr-FR"},{"@type":"Organization","@id":"https:\/\/hierostrasbourg.com\/#organization","name":"F\u00e9d\u00e9ration Hi\u00e9ro Strasbourg","url":"https:\/\/hierostrasbourg.com\/","logo":{"@type":"ImageObject","inLanguage":"fr-FR","@id":"https:\/\/hierostrasbourg.com\/#\/schema\/logo\/image\/","url":"https:\/\/hierostrasbourg.com\/wp-content\/uploads\/2026\/04\/logo-hiero-strasbourg.jpg","contentUrl":"https:\/\/hierostrasbourg.com\/wp-content\/uploads\/2026\/04\/logo-hiero-strasbourg.jpg","width":204,"height":192,"caption":"F\u00e9d\u00e9ration Hi\u00e9ro Strasbourg"},"image":{"@id":"https:\/\/hierostrasbourg.com\/#\/schema\/logo\/image\/"},"sameAs":["https:\/\/www.facebook.com\/fedehierostrasbourg","https:\/\/x.com\/hierostrasbourg"]}]}},"_links":{"self":[{"href":"https:\/\/hierostrasbourg.com\/index.php\/wp-json\/wp\/v2\/posts\/516","targetHints":{"allow":["GET"]}}],"collection":[{"href":"https:\/\/hierostrasbourg.com\/index.php\/wp-json\/wp\/v2\/posts"}],"about":[{"href":"https:\/\/hierostrasbourg.com\/index.php\/wp-json\/wp\/v2\/types\/post"}],"replies":[{"embeddable":true,"href":"https:\/\/hierostrasbourg.com\/index.php\/wp-json\/wp\/v2\/comments?post=516"}],"version-history":[{"count":0,"href":"https:\/\/hierostrasbourg.com\/index.php\/wp-json\/wp\/v2\/posts\/516\/revisions"}],"wp:attachment":[{"href":"https:\/\/hierostrasbourg.com\/index.php\/wp-json\/wp\/v2\/media?parent=516"}],"wp:term":[{"taxonomy":"category","embeddable":true,"href":"https:\/\/hierostrasbourg.com\/index.php\/wp-json\/wp\/v2\/categories?post=516"},{"taxonomy":"post_tag","embeddable":true,"href":"https:\/\/hierostrasbourg.com\/index.php\/wp-json\/wp\/v2\/tags?post=516"}],"curies":[{"name":"wp","href":"https:\/\/api.w.org\/{rel}","templated":true}]}}