{"id":5075,"date":"2023-02-10T19:43:09","date_gmt":"2023-02-10T18:43:09","guid":{"rendered":"https:\/\/hierostrasbourg.com\/index.php\/2023\/02\/10\/la-ville-de-schiltigheim-recrute-un-charge-de-billetterie-et-de-secretariat-f-h-2\/"},"modified":"2023-02-10T19:43:09","modified_gmt":"2023-02-10T18:43:09","slug":"la-ville-de-schiltigheim-recrute-un-charge-de-billetterie-et-de-secretariat-f-h-2","status":"publish","type":"post","link":"https:\/\/hierostrasbourg.com\/index.php\/2023\/02\/10\/la-ville-de-schiltigheim-recrute-un-charge-de-billetterie-et-de-secretariat-f-h-2\/","title":{"rendered":"LA VILLE DE SCHILTIGHEIM recrute un charg\u00e9 de billetterie et de secr\u00e9tariat [F\/H]"},"content":{"rendered":"<p>Le projet culturel port\u00e9 par la ville de Schiltigheim s\u2019articule autour de trois salles de spectacles et d\u2019une \u00c9cole des Arts.<br \/>\nLa diffusion de spectacles vivants, l\u2019accueil de compagnies en r\u00e9sidence de cr\u00e9ation, les pratiques artistiques et les actions favorisant les rencontres entre les artistes et le public sont au c\u0153ur de notre engagement.<br \/>\nLa ou le charg\u00e9.e de billetterie et de secr\u00e9tariat \u00e9voluera au sein d\u2019une \u00e9quipe compos\u00e9e de 28 personnes, dont 3 personnes en billetterie, et sera plac\u00e9 sous l\u2019autorit\u00e9 directe du chef de service dans le cadre d\u2019un remplacement cong\u00e9 de maternit\u00e9.<\/p>\n<h2>MISSIONS<\/h2>\n<p>Accueillir, renseigner et orienter \u2013 physiquement et t\u00e9l\u00e9phoniquement \u2013 le public (groupes, scolaires, etc.)<br \/>\nR\u00e9aliser la vente de billets, g\u00e9rer les abonnements (enregistrement, suivi des abonn\u00e9s, etc.) et tenir les caisses du soir<br \/>\nParticiper \u00e0 la strat\u00e9gie de d\u00e9veloppement des publics (transmission et \u00e9valuation des retours du publics, \u00e9dition de statistiques, bilans de fr\u00e9quentation, relances, offres sp\u00e9ciales, etc.)<br \/>\nAssurer le secr\u00e9tariat du service : r\u00e9daction de documents administratifs (comptes rendus, correspondances), travaux bureautiques, organisation de r\u00e9unions, suivi des mail, classement, etc.<br \/>\nParticiper \u00e0 la promotion de la saison culturelle en lien avec la charg\u00e9e de communication (diffusion des diff\u00e9rents supports de communication, mise en place de la documentation en salle, etc.)<br \/>\nVeiller au respect du r\u00e8glement int\u00e9rieur et des consignes de s\u00e9curit\u00e9<\/p>\n<h2>PROFIL RECHERCH\u00c9<\/h2>\n<h4>Savoir faire<\/h4>\n<p>Ma\u00eetrise de l\u2019outil informatique et des logiciels de bureautique (MS Office)<br \/>\nLa connaissance d\u2019un logiciel de billetterie serait appr\u00e9ci\u00e9e<br \/>\nBonnes capacit\u00e9s r\u00e9dactionnelles<br \/>\nConnaissance des r\u00e9seaux sociaux et des outils de communication<\/p>\n<h4>Savoir \u00eatre<\/h4>\n<p>Sens des relations humaines<br \/>\nRigueur dans l\u2019organisation du travail<br \/>\nInt\u00e9r\u00eat pour les pratiques artistiques, culturelles et la culture en g\u00e9n\u00e9ral<br \/>\nSens du travail en \u00e9quipe et autonomie<br \/>\nPolyvalence<\/p>\n<h2>FORMATIONS \/ HABILITATIONS<\/h2>\n<p>Bac<\/p>\n<h2>CONDITIONS D\u2019EXERCICE<\/h2>\n<p>35 heures hebdomadaires<br \/>\nTravail en soir\u00e9e et les week-end<\/p>\n<h2>CANDIDATURES<\/h2>\n<p>Date limite de candidature : 19\/02\/2023<br \/>\nDates des entretiens : Entre le 20 et le 22\/02\/2023<br \/>\nDate pr\u00e9vue du recrutement : 01\/03\/2023<br \/>\nType de recrutement : CDD<br \/>\nDur\u00e9e du contrat : jusqu\u2019au 31\/07\/2022<br \/>\nCadre d\u2019emploi : adjoint administratif<br \/>\nAvantages : 13e mois, tarifs r\u00e9duits pour les mus\u00e9es, piscines et biblioth\u00e8ques de l\u2019EMS<\/p>\n<p>LES CANDIDATURES (C.V. &amp; lettre de motivation) SONT \u00c0 ADRESSER \u00c0 :<br \/>\nMadame La Maire<br \/>\nH\u00f4tel de Ville<br \/>\n110 route de Bischwiller<br \/>\nBP98<br \/>\n67302 Schiltigheim cedex<br \/>\npersonnel@ville-schiltigheim.fr<br \/>\nperrine.morgenthaler@ville-schiltigheim.fr<\/p>\n<h4>INFORMATIONS COMPL\u00c9MENTAIRES<\/h4>\n<p>Mme Perrine MORGENTHALER<br \/>\nResponsable de la billetterie<br \/>\nperrine.morgenthaler@ville-schiltigheim.fr<\/p>\n<p>L\u2019article <a href=\"https:\/\/popburo.fr\/la-ville-de-schiltigheim-recrute-un-charge-de-billetterie-et-de-secretariat-f-h\/\">LA VILLE DE SCHILTIGHEIM recrute un charg\u00e9 de billetterie et de secr\u00e9tariat [F\/H]<\/a> est apparu en premier sur <a href=\"https:\/\/popburo.fr\/\">POP B\u00dcRO<\/a>.<\/p>\n","protected":false},"excerpt":{"rendered":"<p>Le projet culturel port\u00e9 par la ville de Schiltigheim s\u2019articule autour de trois salles de spectacles et d\u2019une \u00c9cole des Arts. La diffusion de spectacles vivants, l\u2019accueil de compagnies en r\u00e9sidence de cr\u00e9ation, les pratiques artistiques et les actions favorisant les rencontres entre les artistes et le public sont au c\u0153ur de notre engagement. La ou le charg\u00e9.e de billetterie et de secr\u00e9tariat \u00e9voluera au sein d\u2019une \u00e9quipe compos\u00e9e de 28 personnes, dont 3 personnes en billetterie, et sera plac\u00e9 [&hellip;]<\/p>\n","protected":false},"author":0,"featured_media":0,"comment_status":"closed","ping_status":"open","sticky":false,"template":"","format":"standard","meta":{"footnotes":""},"categories":[1],"tags":[],"class_list":["post-5075","post","type-post","status-publish","format-standard","hentry","category-non-classe"],"yoast_head":"<!-- This site is optimized with the Yoast SEO plugin v27.4 - https:\/\/yoast.com\/product\/yoast-seo-wordpress\/ -->\n<title>LA VILLE DE SCHILTIGHEIM recrute un charg\u00e9 de billetterie et de secr\u00e9tariat [F\/H] - HIERO STRASBOURG<\/title>\n<meta name=\"robots\" content=\"index, follow, max-snippet:-1, max-image-preview:large, max-video-preview:-1\" \/>\n<link rel=\"canonical\" href=\"https:\/\/hierostrasbourg.com\/index.php\/2023\/02\/10\/la-ville-de-schiltigheim-recrute-un-charge-de-billetterie-et-de-secretariat-f-h-2\/\" \/>\n<meta property=\"og:locale\" content=\"fr_FR\" \/>\n<meta property=\"og:type\" content=\"article\" \/>\n<meta property=\"og:title\" content=\"LA VILLE DE SCHILTIGHEIM recrute un charg\u00e9 de billetterie et de secr\u00e9tariat [F\/H] - HIERO STRASBOURG\" \/>\n<meta property=\"og:description\" content=\"Le projet culturel port\u00e9 par la ville de Schiltigheim s\u2019articule autour de trois salles de spectacles et d\u2019une \u00c9cole des Arts. La diffusion de spectacles vivants, l\u2019accueil de compagnies en r\u00e9sidence de cr\u00e9ation, les pratiques artistiques et les actions favorisant les rencontres entre les artistes et le public sont au c\u0153ur de notre engagement. La ou le charg\u00e9.e de billetterie et de secr\u00e9tariat \u00e9voluera au sein d\u2019une \u00e9quipe compos\u00e9e de 28 personnes, dont 3 personnes en billetterie, et sera plac\u00e9 [&hellip;]\" \/>\n<meta property=\"og:url\" content=\"https:\/\/hierostrasbourg.com\/index.php\/2023\/02\/10\/la-ville-de-schiltigheim-recrute-un-charge-de-billetterie-et-de-secretariat-f-h-2\/\" \/>\n<meta property=\"og:site_name\" content=\"HIERO STRASBOURG\" \/>\n<meta property=\"article:publisher\" content=\"https:\/\/www.facebook.com\/fedehierostrasbourg\" \/>\n<meta property=\"article:published_time\" content=\"2023-02-10T18:43:09+00:00\" \/>\n<meta name=\"twitter:card\" content=\"summary_large_image\" \/>\n<meta name=\"twitter:creator\" content=\"@hierostrasbourg\" \/>\n<meta name=\"twitter:site\" content=\"@hierostrasbourg\" \/>\n<meta name=\"twitter:label1\" content=\"Dur\u00e9e de lecture estim\u00e9e\" \/>\n\t<meta name=\"twitter:data1\" content=\"2 minutes\" \/>\n<script type=\"application\/ld+json\" class=\"yoast-schema-graph\">{\"@context\":\"https:\\\/\\\/schema.org\",\"@graph\":[{\"@type\":\"Article\",\"@id\":\"https:\\\/\\\/hierostrasbourg.com\\\/index.php\\\/2023\\\/02\\\/10\\\/la-ville-de-schiltigheim-recrute-un-charge-de-billetterie-et-de-secretariat-f-h-2\\\/#article\",\"isPartOf\":{\"@id\":\"https:\\\/\\\/hierostrasbourg.com\\\/index.php\\\/2023\\\/02\\\/10\\\/la-ville-de-schiltigheim-recrute-un-charge-de-billetterie-et-de-secretariat-f-h-2\\\/\"},\"author\":{\"name\":\"\",\"@id\":\"\"},\"headline\":\"LA VILLE DE SCHILTIGHEIM recrute un charg\u00e9 de billetterie et de secr\u00e9tariat [F\\\/H]\",\"datePublished\":\"2023-02-10T18:43:09+00:00\",\"mainEntityOfPage\":{\"@id\":\"https:\\\/\\\/hierostrasbourg.com\\\/index.php\\\/2023\\\/02\\\/10\\\/la-ville-de-schiltigheim-recrute-un-charge-de-billetterie-et-de-secretariat-f-h-2\\\/\"},\"wordCount\":466,\"publisher\":{\"@id\":\"https:\\\/\\\/hierostrasbourg.com\\\/#organization\"},\"inLanguage\":\"fr-FR\"},{\"@type\":\"WebPage\",\"@id\":\"https:\\\/\\\/hierostrasbourg.com\\\/index.php\\\/2023\\\/02\\\/10\\\/la-ville-de-schiltigheim-recrute-un-charge-de-billetterie-et-de-secretariat-f-h-2\\\/\",\"url\":\"https:\\\/\\\/hierostrasbourg.com\\\/index.php\\\/2023\\\/02\\\/10\\\/la-ville-de-schiltigheim-recrute-un-charge-de-billetterie-et-de-secretariat-f-h-2\\\/\",\"name\":\"LA VILLE DE SCHILTIGHEIM recrute un charg\u00e9 de billetterie et de secr\u00e9tariat [F\\\/H] - HIERO STRASBOURG\",\"isPartOf\":{\"@id\":\"https:\\\/\\\/hierostrasbourg.com\\\/#website\"},\"datePublished\":\"2023-02-10T18:43:09+00:00\",\"breadcrumb\":{\"@id\":\"https:\\\/\\\/hierostrasbourg.com\\\/index.php\\\/2023\\\/02\\\/10\\\/la-ville-de-schiltigheim-recrute-un-charge-de-billetterie-et-de-secretariat-f-h-2\\\/#breadcrumb\"},\"inLanguage\":\"fr-FR\",\"potentialAction\":[{\"@type\":\"ReadAction\",\"target\":[\"https:\\\/\\\/hierostrasbourg.com\\\/index.php\\\/2023\\\/02\\\/10\\\/la-ville-de-schiltigheim-recrute-un-charge-de-billetterie-et-de-secretariat-f-h-2\\\/\"]}]},{\"@type\":\"BreadcrumbList\",\"@id\":\"https:\\\/\\\/hierostrasbourg.com\\\/index.php\\\/2023\\\/02\\\/10\\\/la-ville-de-schiltigheim-recrute-un-charge-de-billetterie-et-de-secretariat-f-h-2\\\/#breadcrumb\",\"itemListElement\":[{\"@type\":\"ListItem\",\"position\":1,\"name\":\"Accueil\",\"item\":\"https:\\\/\\\/hierostrasbourg.com\\\/\"},{\"@type\":\"ListItem\",\"position\":2,\"name\":\"LA VILLE DE SCHILTIGHEIM recrute un charg\u00e9 de billetterie et de secr\u00e9tariat [F\\\/H]\"}]},{\"@type\":\"WebSite\",\"@id\":\"https:\\\/\\\/hierostrasbourg.com\\\/#website\",\"url\":\"https:\\\/\\\/hierostrasbourg.com\\\/\",\"name\":\"HIERO STRASBOURG\",\"description\":\"Centre de Ressources Musiques Actuelles\",\"publisher\":{\"@id\":\"https:\\\/\\\/hierostrasbourg.com\\\/#organization\"},\"potentialAction\":[{\"@type\":\"SearchAction\",\"target\":{\"@type\":\"EntryPoint\",\"urlTemplate\":\"https:\\\/\\\/hierostrasbourg.com\\\/?s={search_term_string}\"},\"query-input\":{\"@type\":\"PropertyValueSpecification\",\"valueRequired\":true,\"valueName\":\"search_term_string\"}}],\"inLanguage\":\"fr-FR\"},{\"@type\":\"Organization\",\"@id\":\"https:\\\/\\\/hierostrasbourg.com\\\/#organization\",\"name\":\"F\u00e9d\u00e9ration Hi\u00e9ro Strasbourg\",\"url\":\"https:\\\/\\\/hierostrasbourg.com\\\/\",\"logo\":{\"@type\":\"ImageObject\",\"inLanguage\":\"fr-FR\",\"@id\":\"https:\\\/\\\/hierostrasbourg.com\\\/#\\\/schema\\\/logo\\\/image\\\/\",\"url\":\"https:\\\/\\\/hierostrasbourg.com\\\/wp-content\\\/uploads\\\/2026\\\/04\\\/logo-hiero-strasbourg.jpg\",\"contentUrl\":\"https:\\\/\\\/hierostrasbourg.com\\\/wp-content\\\/uploads\\\/2026\\\/04\\\/logo-hiero-strasbourg.jpg\",\"width\":204,\"height\":192,\"caption\":\"F\u00e9d\u00e9ration Hi\u00e9ro Strasbourg\"},\"image\":{\"@id\":\"https:\\\/\\\/hierostrasbourg.com\\\/#\\\/schema\\\/logo\\\/image\\\/\"},\"sameAs\":[\"https:\\\/\\\/www.facebook.com\\\/fedehierostrasbourg\",\"https:\\\/\\\/x.com\\\/hierostrasbourg\"]}]}<\/script>\n<!-- \/ Yoast SEO plugin. -->","yoast_head_json":{"title":"LA VILLE DE SCHILTIGHEIM recrute un charg\u00e9 de billetterie et de secr\u00e9tariat [F\/H] - HIERO STRASBOURG","robots":{"index":"index","follow":"follow","max-snippet":"max-snippet:-1","max-image-preview":"max-image-preview:large","max-video-preview":"max-video-preview:-1"},"canonical":"https:\/\/hierostrasbourg.com\/index.php\/2023\/02\/10\/la-ville-de-schiltigheim-recrute-un-charge-de-billetterie-et-de-secretariat-f-h-2\/","og_locale":"fr_FR","og_type":"article","og_title":"LA VILLE DE SCHILTIGHEIM recrute un charg\u00e9 de billetterie et de secr\u00e9tariat [F\/H] - HIERO STRASBOURG","og_description":"Le projet culturel port\u00e9 par la ville de Schiltigheim s\u2019articule autour de trois salles de spectacles et d\u2019une \u00c9cole des Arts. La diffusion de spectacles vivants, l\u2019accueil de compagnies en r\u00e9sidence de cr\u00e9ation, les pratiques artistiques et les actions favorisant les rencontres entre les artistes et le public sont au c\u0153ur de notre engagement. La ou le charg\u00e9.e de billetterie et de secr\u00e9tariat \u00e9voluera au sein d\u2019une \u00e9quipe compos\u00e9e de 28 personnes, dont 3 personnes en billetterie, et sera plac\u00e9 [&hellip;]","og_url":"https:\/\/hierostrasbourg.com\/index.php\/2023\/02\/10\/la-ville-de-schiltigheim-recrute-un-charge-de-billetterie-et-de-secretariat-f-h-2\/","og_site_name":"HIERO STRASBOURG","article_publisher":"https:\/\/www.facebook.com\/fedehierostrasbourg","article_published_time":"2023-02-10T18:43:09+00:00","twitter_card":"summary_large_image","twitter_creator":"@hierostrasbourg","twitter_site":"@hierostrasbourg","twitter_misc":{"Dur\u00e9e de lecture estim\u00e9e":"2 minutes"},"schema":{"@context":"https:\/\/schema.org","@graph":[{"@type":"Article","@id":"https:\/\/hierostrasbourg.com\/index.php\/2023\/02\/10\/la-ville-de-schiltigheim-recrute-un-charge-de-billetterie-et-de-secretariat-f-h-2\/#article","isPartOf":{"@id":"https:\/\/hierostrasbourg.com\/index.php\/2023\/02\/10\/la-ville-de-schiltigheim-recrute-un-charge-de-billetterie-et-de-secretariat-f-h-2\/"},"author":{"name":"","@id":""},"headline":"LA VILLE DE SCHILTIGHEIM recrute un charg\u00e9 de billetterie et de secr\u00e9tariat [F\/H]","datePublished":"2023-02-10T18:43:09+00:00","mainEntityOfPage":{"@id":"https:\/\/hierostrasbourg.com\/index.php\/2023\/02\/10\/la-ville-de-schiltigheim-recrute-un-charge-de-billetterie-et-de-secretariat-f-h-2\/"},"wordCount":466,"publisher":{"@id":"https:\/\/hierostrasbourg.com\/#organization"},"inLanguage":"fr-FR"},{"@type":"WebPage","@id":"https:\/\/hierostrasbourg.com\/index.php\/2023\/02\/10\/la-ville-de-schiltigheim-recrute-un-charge-de-billetterie-et-de-secretariat-f-h-2\/","url":"https:\/\/hierostrasbourg.com\/index.php\/2023\/02\/10\/la-ville-de-schiltigheim-recrute-un-charge-de-billetterie-et-de-secretariat-f-h-2\/","name":"LA VILLE DE SCHILTIGHEIM recrute un charg\u00e9 de billetterie et de secr\u00e9tariat [F\/H] - HIERO STRASBOURG","isPartOf":{"@id":"https:\/\/hierostrasbourg.com\/#website"},"datePublished":"2023-02-10T18:43:09+00:00","breadcrumb":{"@id":"https:\/\/hierostrasbourg.com\/index.php\/2023\/02\/10\/la-ville-de-schiltigheim-recrute-un-charge-de-billetterie-et-de-secretariat-f-h-2\/#breadcrumb"},"inLanguage":"fr-FR","potentialAction":[{"@type":"ReadAction","target":["https:\/\/hierostrasbourg.com\/index.php\/2023\/02\/10\/la-ville-de-schiltigheim-recrute-un-charge-de-billetterie-et-de-secretariat-f-h-2\/"]}]},{"@type":"BreadcrumbList","@id":"https:\/\/hierostrasbourg.com\/index.php\/2023\/02\/10\/la-ville-de-schiltigheim-recrute-un-charge-de-billetterie-et-de-secretariat-f-h-2\/#breadcrumb","itemListElement":[{"@type":"ListItem","position":1,"name":"Accueil","item":"https:\/\/hierostrasbourg.com\/"},{"@type":"ListItem","position":2,"name":"LA VILLE DE SCHILTIGHEIM recrute un charg\u00e9 de billetterie et de secr\u00e9tariat [F\/H]"}]},{"@type":"WebSite","@id":"https:\/\/hierostrasbourg.com\/#website","url":"https:\/\/hierostrasbourg.com\/","name":"HIERO STRASBOURG","description":"Centre de Ressources Musiques Actuelles","publisher":{"@id":"https:\/\/hierostrasbourg.com\/#organization"},"potentialAction":[{"@type":"SearchAction","target":{"@type":"EntryPoint","urlTemplate":"https:\/\/hierostrasbourg.com\/?s={search_term_string}"},"query-input":{"@type":"PropertyValueSpecification","valueRequired":true,"valueName":"search_term_string"}}],"inLanguage":"fr-FR"},{"@type":"Organization","@id":"https:\/\/hierostrasbourg.com\/#organization","name":"F\u00e9d\u00e9ration Hi\u00e9ro Strasbourg","url":"https:\/\/hierostrasbourg.com\/","logo":{"@type":"ImageObject","inLanguage":"fr-FR","@id":"https:\/\/hierostrasbourg.com\/#\/schema\/logo\/image\/","url":"https:\/\/hierostrasbourg.com\/wp-content\/uploads\/2026\/04\/logo-hiero-strasbourg.jpg","contentUrl":"https:\/\/hierostrasbourg.com\/wp-content\/uploads\/2026\/04\/logo-hiero-strasbourg.jpg","width":204,"height":192,"caption":"F\u00e9d\u00e9ration Hi\u00e9ro Strasbourg"},"image":{"@id":"https:\/\/hierostrasbourg.com\/#\/schema\/logo\/image\/"},"sameAs":["https:\/\/www.facebook.com\/fedehierostrasbourg","https:\/\/x.com\/hierostrasbourg"]}]}},"_links":{"self":[{"href":"https:\/\/hierostrasbourg.com\/index.php\/wp-json\/wp\/v2\/posts\/5075","targetHints":{"allow":["GET"]}}],"collection":[{"href":"https:\/\/hierostrasbourg.com\/index.php\/wp-json\/wp\/v2\/posts"}],"about":[{"href":"https:\/\/hierostrasbourg.com\/index.php\/wp-json\/wp\/v2\/types\/post"}],"replies":[{"embeddable":true,"href":"https:\/\/hierostrasbourg.com\/index.php\/wp-json\/wp\/v2\/comments?post=5075"}],"version-history":[{"count":0,"href":"https:\/\/hierostrasbourg.com\/index.php\/wp-json\/wp\/v2\/posts\/5075\/revisions"}],"wp:attachment":[{"href":"https:\/\/hierostrasbourg.com\/index.php\/wp-json\/wp\/v2\/media?parent=5075"}],"wp:term":[{"taxonomy":"category","embeddable":true,"href":"https:\/\/hierostrasbourg.com\/index.php\/wp-json\/wp\/v2\/categories?post=5075"},{"taxonomy":"post_tag","embeddable":true,"href":"https:\/\/hierostrasbourg.com\/index.php\/wp-json\/wp\/v2\/tags?post=5075"}],"curies":[{"name":"wp","href":"https:\/\/api.w.org\/{rel}","templated":true}]}}