{"id":5071,"date":"2023-02-10T18:41:40","date_gmt":"2023-02-10T17:41:40","guid":{"rendered":"https:\/\/hierostrasbourg.com\/index.php\/2023\/02\/10\/fonds-transition-energie-culture-de-la-region-grand-est\/"},"modified":"2023-02-10T18:41:40","modified_gmt":"2023-02-10T17:41:40","slug":"fonds-transition-energie-culture-de-la-region-grand-est","status":"publish","type":"post","link":"https:\/\/hierostrasbourg.com\/index.php\/2023\/02\/10\/fonds-transition-energie-culture-de-la-region-grand-est\/","title":{"rendered":"Fonds \u00ab\u00a0Transition \u00e9nergie culture\u00a0\u00bb de la R\u00c9GION GRAND EST"},"content":{"rendered":"<p>Vous souhaitez mener \u00e0 bien un projet de sobri\u00e9t\u00e9 \u00e9nerg\u00e9tique ?<br \/>\nB\u00e9n\u00e9ficiez de l\u2019aide r\u00e9gionale pouvant aller jusqu\u2019\u00e0 200\u00a0000 \u20ac\u00a0:<\/p>\n<p>Des d\u00e9penses rembours\u00e9es jusqu\u2019\u00e0 80 % du montant HT de votre projet<\/p>\n<h4>\u00c0 savoir<\/h4>\n<p>Date(s) limite(s) de d\u00e9p\u00f4t :<br \/>\n31 mars 2023 Candidatures \u00e0 envoyer \u00e0 transition-energie.culture@grandest.fr<\/p>\n<p>Pouvez-vous b\u00e9n\u00e9ficier de l\u2019aide r\u00e9gionale ?<br \/>\nVous pouvez b\u00e9n\u00e9ficier de l\u2019aide, si vous \u00eates\u00a0:<\/p>\n<p>une structure culturelle ayant son si\u00e8ge en Grand Est, de droit public ou priv\u00e9, et accueillant du public<\/p>\n<p>Et si votre projet concerne\u00a0:<\/p>\n<p>des \u00e9tudes et diagnostics<br \/>\nmais aussi des investissements visant \u00e0 r\u00e9duire la consommation \u00e9nerg\u00e9tique<\/p>\n<p>Si vous r\u00e9pondez \u00e0 ces crit\u00e8res, l\u2019attribution de l\u2019aide n\u2019est pas pour autant automatique. Votre dossier sera \u00e9tudi\u00e9 au regard des priorit\u00e9s r\u00e9gionales.<\/p>\n<h2>Comment estimer votre montant d\u2019aide ?<\/h2>\n<h4>Montant de l\u2019aide r\u00e9gionale<\/h4>\n<p>Votre montant d\u2019aide maximal = 80 % du montant des d\u00e9penses retenues en \u20ac HT<\/p>\n<p>L\u2019aide est plafonn\u00e9e, et son maximum est de 200\u00a0000 \u20ac, avec un seuil minimum de 40\u00a0000 \u20ac d\u2019aide (soit un montant minimum de d\u00e9penses de 50\u00a0000 \u20ac HT).<\/p>\n<p>Les principales d\u00e9penses retenues dans le calcul de l\u2019aide sont\u00a0:<\/p>\n<p>Co\u00fbts d\u2019investissements (achats d\u2019\u00e9quipements, mat\u00e9riels, travaux, hors gros \u0153uvre).<br \/>\n\u00c9tudes et diagnostics pr\u00e9alables (faisabilit\u00e9, \u00e9tat des lieux des consommations, diagnostic des \u00e9conomies potentielles).<\/p>\n<h4>Aides compl\u00e9mentaires<\/h4>\n<p>Une aide compl\u00e9mentaire peut \u00eatre sollicit\u00e9e aupr\u00e8s de la R\u00e9gion Grand Est au titre de Climaxion.<\/p>\n<p>L\u2019aide n\u2019est en revanche pas cumulable avec le dispositif Invest\u2019Asso de la R\u00e9gion Grand Est.<\/p>\n<h2>Comment demander l\u2019aide r\u00e9gionale ?<\/h2>\n<p>Prenez contact d\u00e8s maintenant avec les services r\u00e9gionaux. Vous b\u00e9n\u00e9ficierez d\u2019un entretien personnalis\u00e9 afin de vous aider dans l\u2019\u00e9laboration de votre projet et de vous guider dans vos d\u00e9marches.<\/p>\n<p>ET\/OU<\/p>\n<p>Adressez d\u00e8s \u00e0 pr\u00e9sent une lettre d\u2019intention \u00e0 la R\u00e9gion. Cette lettre sollicite officiellement l\u2019aide r\u00e9gionale et doit d\u00e9crire de fa\u00e7on synth\u00e9tique votre projet.<\/p>\n<p>Envoi par mail uniquement\u00a0: transition-energie.culture@grandest.fr<\/p>\n<p>Le dossier complet devra avoir \u00e9t\u00e9 d\u00e9pos\u00e9 \u00e0 cette adresse mail avant le 31 mars 2023 au plus tard.<\/p>\n<h2>Une question ?<\/h2>\n<p>transition-energie.culture@grandest.fr<br \/>\nTel : 03 26 70 74 63 ou 03 87 61 66 00<br \/>\nPour en savoir plus<\/p>\n<p>A titre d\u2019exemple, peuvent \u00eatre accompagn\u00e9s :<\/p>\n<p>Des mesures de r\u00e9duction rapides des consommations de ressources (eau, \u00e9nergie, mati\u00e8res, d\u00e9chets\u2026).<br \/>\nDes actions sp\u00e9cifiques d\u2019am\u00e9lioration de la performance \u00e9nerg\u00e9tique des b\u00e2timents.<br \/>\nMise en \u0153uvre de plans d\u2019actions \u00e9co-responsables li\u00e9s \u00e0 l\u2019organisation d\u2019\u00e9v\u00e8nements culturels.<br \/>\nD\u00e9penses de mobilit\u00e9\u00a0: mobilit\u00e9s douces et\/ou adaptation\/acquisition v\u00e9hicules utilitaires \u00e0 faibles \u00e9mission (en compl\u00e9ment du Plan v\u00e9lo de la R\u00e9gion Grand Est et du dispositif Climaxion).<\/p>\n<div class=\"ead-preview\">\n<div class=\"ead-document\">\n<div class=\"ead-iframe-wrapper\"><\/div>\n<div class=\"ead-document-loading\">\n<div class=\"ead-loading-wrap\">\n<div class=\"ead-loading-main\">\n<div class=\"ead-loading\">\n\t\t\t\t\t\t\t<span>En cours de chargement\u2026<\/span>\n\t\t\t\t\t\t<\/div>\n<\/p><\/div>\n<div class=\"ead-loading-foot\">\n<div class=\"ead-loading-foot-title\">\n\t\t\t\t\t\t\t<span>Cela prend trop de temps\u00a0?<\/span>\n\t\t\t\t\t\t<\/div>\n<\/p>\n<div class=\"ead-document-btn ead-reload-btn\">\n\t\t\t\t\t\t\t\t Recharger le document\t\t\t\t\t\t\t<\/div>\n<p>\t\t\t\t\t\t\t<span>|<\/span><br \/>\n\t\t\t\t\t\t\t<a href=\"https:\/\/lamultinationaledelunderground.com\/musiquesactuelles\/wp-content\/uploads\/2023\/02\/reglement-tec-dcpm-vdef.pdf\" class=\"ead-document-btn\" target=\"_blank\" rel=\"noopener\"><br \/>\n\t\t\t\t\t\t\t\t Ouvrir dans un nouvel onglet\t\t\t\t\t\t\t<\/a>\n\t\t\t\t\t<\/div>\n<\/p><\/div>\n<\/p><\/div>\n<\/p><\/div>\n<p class=\"embed_download\"><a href=\"https:\/\/lamultinationaledelunderground.com\/musiquesactuelles\/wp-content\/uploads\/2023\/02\/reglement-tec-dcpm-vdef.pdf\">\ufeffT\u00e9l\u00e9charger [699.84 KB] <\/a><\/p>\n<\/div>\n<p>L\u2019article <a href=\"https:\/\/popburo.fr\/fonds-transition-energie-culture-de-la-region-grand-est\/\">Fonds \u00ab\u00a0Transition \u00e9nergie culture\u00a0\u00bb de la R\u00c9GION GRAND EST<\/a> est apparu en premier sur <a href=\"https:\/\/popburo.fr\/\">POP B\u00dcRO<\/a>.<\/p>\n","protected":false},"excerpt":{"rendered":"<p>Vous souhaitez mener \u00e0 bien un projet de sobri\u00e9t\u00e9 \u00e9nerg\u00e9tique ? B\u00e9n\u00e9ficiez de l\u2019aide r\u00e9gionale pouvant aller jusqu\u2019\u00e0 200\u00a0000 \u20ac\u00a0: Des d\u00e9penses rembours\u00e9es jusqu\u2019\u00e0 80 % du montant HT de votre projet \u00c0 savoir Date(s) limite(s) de d\u00e9p\u00f4t : 31 mars 2023 Candidatures \u00e0 envoyer \u00e0 transition-energie.culture@grandest.fr Pouvez-vous b\u00e9n\u00e9ficier de l\u2019aide r\u00e9gionale ? Vous pouvez b\u00e9n\u00e9ficier de l\u2019aide, si vous \u00eates\u00a0: une structure culturelle ayant son si\u00e8ge en Grand Est, de droit public ou priv\u00e9, et accueillant du public Et [&hellip;]<\/p>\n","protected":false},"author":0,"featured_media":0,"comment_status":"closed","ping_status":"open","sticky":false,"template":"","format":"standard","meta":{"footnotes":""},"categories":[1],"tags":[],"class_list":["post-5071","post","type-post","status-publish","format-standard","hentry","category-non-classe"],"yoast_head":"<!-- This site is optimized with the Yoast SEO plugin v27.4 - https:\/\/yoast.com\/product\/yoast-seo-wordpress\/ -->\n<title>Fonds &quot;Transition \u00e9nergie culture&quot; de la R\u00c9GION GRAND EST - HIERO STRASBOURG<\/title>\n<meta name=\"robots\" content=\"index, follow, max-snippet:-1, max-image-preview:large, max-video-preview:-1\" \/>\n<link rel=\"canonical\" href=\"https:\/\/hierostrasbourg.com\/index.php\/2023\/02\/10\/fonds-transition-energie-culture-de-la-region-grand-est\/\" \/>\n<meta property=\"og:locale\" content=\"fr_FR\" \/>\n<meta property=\"og:type\" content=\"article\" \/>\n<meta property=\"og:title\" content=\"Fonds &quot;Transition \u00e9nergie culture&quot; de la R\u00c9GION GRAND EST - HIERO STRASBOURG\" \/>\n<meta property=\"og:description\" content=\"Vous souhaitez mener \u00e0 bien un projet de sobri\u00e9t\u00e9 \u00e9nerg\u00e9tique ? B\u00e9n\u00e9ficiez de l\u2019aide r\u00e9gionale pouvant aller jusqu\u2019\u00e0 200\u00a0000 \u20ac\u00a0: Des d\u00e9penses rembours\u00e9es jusqu\u2019\u00e0 80 % du montant HT de votre projet \u00c0 savoir Date(s) limite(s) de d\u00e9p\u00f4t : 31 mars 2023 Candidatures \u00e0 envoyer \u00e0 transition-energie.culture@grandest.fr Pouvez-vous b\u00e9n\u00e9ficier de l\u2019aide r\u00e9gionale ? Vous pouvez b\u00e9n\u00e9ficier de l\u2019aide, si vous \u00eates\u00a0: une structure culturelle ayant son si\u00e8ge en Grand Est, de droit public ou priv\u00e9, et accueillant du public Et [&hellip;]\" \/>\n<meta property=\"og:url\" content=\"https:\/\/hierostrasbourg.com\/index.php\/2023\/02\/10\/fonds-transition-energie-culture-de-la-region-grand-est\/\" \/>\n<meta property=\"og:site_name\" content=\"HIERO STRASBOURG\" \/>\n<meta property=\"article:publisher\" content=\"https:\/\/www.facebook.com\/fedehierostrasbourg\" \/>\n<meta property=\"article:published_time\" content=\"2023-02-10T17:41:40+00:00\" \/>\n<meta name=\"twitter:card\" content=\"summary_large_image\" \/>\n<meta name=\"twitter:creator\" content=\"@hierostrasbourg\" \/>\n<meta name=\"twitter:site\" content=\"@hierostrasbourg\" \/>\n<meta name=\"twitter:label1\" content=\"Dur\u00e9e de lecture estim\u00e9e\" \/>\n\t<meta name=\"twitter:data1\" content=\"3 minutes\" \/>\n<script type=\"application\/ld+json\" class=\"yoast-schema-graph\">{\"@context\":\"https:\\\/\\\/schema.org\",\"@graph\":[{\"@type\":\"Article\",\"@id\":\"https:\\\/\\\/hierostrasbourg.com\\\/index.php\\\/2023\\\/02\\\/10\\\/fonds-transition-energie-culture-de-la-region-grand-est\\\/#article\",\"isPartOf\":{\"@id\":\"https:\\\/\\\/hierostrasbourg.com\\\/index.php\\\/2023\\\/02\\\/10\\\/fonds-transition-energie-culture-de-la-region-grand-est\\\/\"},\"author\":{\"name\":\"\",\"@id\":\"\"},\"headline\":\"Fonds \u00ab\u00a0Transition \u00e9nergie culture\u00a0\u00bb de la R\u00c9GION GRAND EST\",\"datePublished\":\"2023-02-10T17:41:40+00:00\",\"mainEntityOfPage\":{\"@id\":\"https:\\\/\\\/hierostrasbourg.com\\\/index.php\\\/2023\\\/02\\\/10\\\/fonds-transition-energie-culture-de-la-region-grand-est\\\/\"},\"wordCount\":522,\"publisher\":{\"@id\":\"https:\\\/\\\/hierostrasbourg.com\\\/#organization\"},\"inLanguage\":\"fr-FR\"},{\"@type\":\"WebPage\",\"@id\":\"https:\\\/\\\/hierostrasbourg.com\\\/index.php\\\/2023\\\/02\\\/10\\\/fonds-transition-energie-culture-de-la-region-grand-est\\\/\",\"url\":\"https:\\\/\\\/hierostrasbourg.com\\\/index.php\\\/2023\\\/02\\\/10\\\/fonds-transition-energie-culture-de-la-region-grand-est\\\/\",\"name\":\"Fonds \\\"Transition \u00e9nergie culture\\\" de la R\u00c9GION GRAND EST - HIERO STRASBOURG\",\"isPartOf\":{\"@id\":\"https:\\\/\\\/hierostrasbourg.com\\\/#website\"},\"datePublished\":\"2023-02-10T17:41:40+00:00\",\"breadcrumb\":{\"@id\":\"https:\\\/\\\/hierostrasbourg.com\\\/index.php\\\/2023\\\/02\\\/10\\\/fonds-transition-energie-culture-de-la-region-grand-est\\\/#breadcrumb\"},\"inLanguage\":\"fr-FR\",\"potentialAction\":[{\"@type\":\"ReadAction\",\"target\":[\"https:\\\/\\\/hierostrasbourg.com\\\/index.php\\\/2023\\\/02\\\/10\\\/fonds-transition-energie-culture-de-la-region-grand-est\\\/\"]}]},{\"@type\":\"BreadcrumbList\",\"@id\":\"https:\\\/\\\/hierostrasbourg.com\\\/index.php\\\/2023\\\/02\\\/10\\\/fonds-transition-energie-culture-de-la-region-grand-est\\\/#breadcrumb\",\"itemListElement\":[{\"@type\":\"ListItem\",\"position\":1,\"name\":\"Accueil\",\"item\":\"https:\\\/\\\/hierostrasbourg.com\\\/\"},{\"@type\":\"ListItem\",\"position\":2,\"name\":\"Fonds &#8220;Transition \u00e9nergie culture&#8221; de la R\u00c9GION GRAND EST\"}]},{\"@type\":\"WebSite\",\"@id\":\"https:\\\/\\\/hierostrasbourg.com\\\/#website\",\"url\":\"https:\\\/\\\/hierostrasbourg.com\\\/\",\"name\":\"HIERO STRASBOURG\",\"description\":\"Centre de Ressources Musiques Actuelles\",\"publisher\":{\"@id\":\"https:\\\/\\\/hierostrasbourg.com\\\/#organization\"},\"potentialAction\":[{\"@type\":\"SearchAction\",\"target\":{\"@type\":\"EntryPoint\",\"urlTemplate\":\"https:\\\/\\\/hierostrasbourg.com\\\/?s={search_term_string}\"},\"query-input\":{\"@type\":\"PropertyValueSpecification\",\"valueRequired\":true,\"valueName\":\"search_term_string\"}}],\"inLanguage\":\"fr-FR\"},{\"@type\":\"Organization\",\"@id\":\"https:\\\/\\\/hierostrasbourg.com\\\/#organization\",\"name\":\"F\u00e9d\u00e9ration Hi\u00e9ro Strasbourg\",\"url\":\"https:\\\/\\\/hierostrasbourg.com\\\/\",\"logo\":{\"@type\":\"ImageObject\",\"inLanguage\":\"fr-FR\",\"@id\":\"https:\\\/\\\/hierostrasbourg.com\\\/#\\\/schema\\\/logo\\\/image\\\/\",\"url\":\"https:\\\/\\\/hierostrasbourg.com\\\/wp-content\\\/uploads\\\/2026\\\/04\\\/logo-hiero-strasbourg.jpg\",\"contentUrl\":\"https:\\\/\\\/hierostrasbourg.com\\\/wp-content\\\/uploads\\\/2026\\\/04\\\/logo-hiero-strasbourg.jpg\",\"width\":204,\"height\":192,\"caption\":\"F\u00e9d\u00e9ration Hi\u00e9ro Strasbourg\"},\"image\":{\"@id\":\"https:\\\/\\\/hierostrasbourg.com\\\/#\\\/schema\\\/logo\\\/image\\\/\"},\"sameAs\":[\"https:\\\/\\\/www.facebook.com\\\/fedehierostrasbourg\",\"https:\\\/\\\/x.com\\\/hierostrasbourg\"]}]}<\/script>\n<!-- \/ Yoast SEO plugin. -->","yoast_head_json":{"title":"Fonds \"Transition \u00e9nergie culture\" de la R\u00c9GION GRAND EST - HIERO STRASBOURG","robots":{"index":"index","follow":"follow","max-snippet":"max-snippet:-1","max-image-preview":"max-image-preview:large","max-video-preview":"max-video-preview:-1"},"canonical":"https:\/\/hierostrasbourg.com\/index.php\/2023\/02\/10\/fonds-transition-energie-culture-de-la-region-grand-est\/","og_locale":"fr_FR","og_type":"article","og_title":"Fonds \"Transition \u00e9nergie culture\" de la R\u00c9GION GRAND EST - HIERO STRASBOURG","og_description":"Vous souhaitez mener \u00e0 bien un projet de sobri\u00e9t\u00e9 \u00e9nerg\u00e9tique ? B\u00e9n\u00e9ficiez de l\u2019aide r\u00e9gionale pouvant aller jusqu\u2019\u00e0 200\u00a0000 \u20ac\u00a0: Des d\u00e9penses rembours\u00e9es jusqu\u2019\u00e0 80 % du montant HT de votre projet \u00c0 savoir Date(s) limite(s) de d\u00e9p\u00f4t : 31 mars 2023 Candidatures \u00e0 envoyer \u00e0 transition-energie.culture@grandest.fr Pouvez-vous b\u00e9n\u00e9ficier de l\u2019aide r\u00e9gionale ? Vous pouvez b\u00e9n\u00e9ficier de l\u2019aide, si vous \u00eates\u00a0: une structure culturelle ayant son si\u00e8ge en Grand Est, de droit public ou priv\u00e9, et accueillant du public Et [&hellip;]","og_url":"https:\/\/hierostrasbourg.com\/index.php\/2023\/02\/10\/fonds-transition-energie-culture-de-la-region-grand-est\/","og_site_name":"HIERO STRASBOURG","article_publisher":"https:\/\/www.facebook.com\/fedehierostrasbourg","article_published_time":"2023-02-10T17:41:40+00:00","twitter_card":"summary_large_image","twitter_creator":"@hierostrasbourg","twitter_site":"@hierostrasbourg","twitter_misc":{"Dur\u00e9e de lecture estim\u00e9e":"3 minutes"},"schema":{"@context":"https:\/\/schema.org","@graph":[{"@type":"Article","@id":"https:\/\/hierostrasbourg.com\/index.php\/2023\/02\/10\/fonds-transition-energie-culture-de-la-region-grand-est\/#article","isPartOf":{"@id":"https:\/\/hierostrasbourg.com\/index.php\/2023\/02\/10\/fonds-transition-energie-culture-de-la-region-grand-est\/"},"author":{"name":"","@id":""},"headline":"Fonds \u00ab\u00a0Transition \u00e9nergie culture\u00a0\u00bb de la R\u00c9GION GRAND EST","datePublished":"2023-02-10T17:41:40+00:00","mainEntityOfPage":{"@id":"https:\/\/hierostrasbourg.com\/index.php\/2023\/02\/10\/fonds-transition-energie-culture-de-la-region-grand-est\/"},"wordCount":522,"publisher":{"@id":"https:\/\/hierostrasbourg.com\/#organization"},"inLanguage":"fr-FR"},{"@type":"WebPage","@id":"https:\/\/hierostrasbourg.com\/index.php\/2023\/02\/10\/fonds-transition-energie-culture-de-la-region-grand-est\/","url":"https:\/\/hierostrasbourg.com\/index.php\/2023\/02\/10\/fonds-transition-energie-culture-de-la-region-grand-est\/","name":"Fonds \"Transition \u00e9nergie culture\" de la R\u00c9GION GRAND EST - HIERO STRASBOURG","isPartOf":{"@id":"https:\/\/hierostrasbourg.com\/#website"},"datePublished":"2023-02-10T17:41:40+00:00","breadcrumb":{"@id":"https:\/\/hierostrasbourg.com\/index.php\/2023\/02\/10\/fonds-transition-energie-culture-de-la-region-grand-est\/#breadcrumb"},"inLanguage":"fr-FR","potentialAction":[{"@type":"ReadAction","target":["https:\/\/hierostrasbourg.com\/index.php\/2023\/02\/10\/fonds-transition-energie-culture-de-la-region-grand-est\/"]}]},{"@type":"BreadcrumbList","@id":"https:\/\/hierostrasbourg.com\/index.php\/2023\/02\/10\/fonds-transition-energie-culture-de-la-region-grand-est\/#breadcrumb","itemListElement":[{"@type":"ListItem","position":1,"name":"Accueil","item":"https:\/\/hierostrasbourg.com\/"},{"@type":"ListItem","position":2,"name":"Fonds &#8220;Transition \u00e9nergie culture&#8221; de la R\u00c9GION GRAND EST"}]},{"@type":"WebSite","@id":"https:\/\/hierostrasbourg.com\/#website","url":"https:\/\/hierostrasbourg.com\/","name":"HIERO STRASBOURG","description":"Centre de Ressources Musiques Actuelles","publisher":{"@id":"https:\/\/hierostrasbourg.com\/#organization"},"potentialAction":[{"@type":"SearchAction","target":{"@type":"EntryPoint","urlTemplate":"https:\/\/hierostrasbourg.com\/?s={search_term_string}"},"query-input":{"@type":"PropertyValueSpecification","valueRequired":true,"valueName":"search_term_string"}}],"inLanguage":"fr-FR"},{"@type":"Organization","@id":"https:\/\/hierostrasbourg.com\/#organization","name":"F\u00e9d\u00e9ration Hi\u00e9ro Strasbourg","url":"https:\/\/hierostrasbourg.com\/","logo":{"@type":"ImageObject","inLanguage":"fr-FR","@id":"https:\/\/hierostrasbourg.com\/#\/schema\/logo\/image\/","url":"https:\/\/hierostrasbourg.com\/wp-content\/uploads\/2026\/04\/logo-hiero-strasbourg.jpg","contentUrl":"https:\/\/hierostrasbourg.com\/wp-content\/uploads\/2026\/04\/logo-hiero-strasbourg.jpg","width":204,"height":192,"caption":"F\u00e9d\u00e9ration Hi\u00e9ro Strasbourg"},"image":{"@id":"https:\/\/hierostrasbourg.com\/#\/schema\/logo\/image\/"},"sameAs":["https:\/\/www.facebook.com\/fedehierostrasbourg","https:\/\/x.com\/hierostrasbourg"]}]}},"_links":{"self":[{"href":"https:\/\/hierostrasbourg.com\/index.php\/wp-json\/wp\/v2\/posts\/5071","targetHints":{"allow":["GET"]}}],"collection":[{"href":"https:\/\/hierostrasbourg.com\/index.php\/wp-json\/wp\/v2\/posts"}],"about":[{"href":"https:\/\/hierostrasbourg.com\/index.php\/wp-json\/wp\/v2\/types\/post"}],"replies":[{"embeddable":true,"href":"https:\/\/hierostrasbourg.com\/index.php\/wp-json\/wp\/v2\/comments?post=5071"}],"version-history":[{"count":0,"href":"https:\/\/hierostrasbourg.com\/index.php\/wp-json\/wp\/v2\/posts\/5071\/revisions"}],"wp:attachment":[{"href":"https:\/\/hierostrasbourg.com\/index.php\/wp-json\/wp\/v2\/media?parent=5071"}],"wp:term":[{"taxonomy":"category","embeddable":true,"href":"https:\/\/hierostrasbourg.com\/index.php\/wp-json\/wp\/v2\/categories?post=5071"},{"taxonomy":"post_tag","embeddable":true,"href":"https:\/\/hierostrasbourg.com\/index.php\/wp-json\/wp\/v2\/tags?post=5071"}],"curies":[{"name":"wp","href":"https:\/\/api.w.org\/{rel}","templated":true}]}}