{"id":5066,"date":"2023-02-10T13:45:14","date_gmt":"2023-02-10T12:45:14","guid":{"rendered":"https:\/\/hierostrasbourg.com\/index.php\/2023\/02\/10\/zone-51-recrute-un-administrateur-f-h-2\/"},"modified":"2023-02-10T13:45:14","modified_gmt":"2023-02-10T12:45:14","slug":"zone-51-recrute-un-administrateur-f-h-2","status":"publish","type":"post","link":"https:\/\/hierostrasbourg.com\/index.php\/2023\/02\/10\/zone-51-recrute-un-administrateur-f-h-2\/","title":{"rendered":"ZONE 51 recrute un administrateur [F\/H]"},"content":{"rendered":"<p>Sous l\u2019autorit\u00e9 de la Directrice adjointe, l\u2019Administrateur.trice est responsable de la gestion administrative et financi\u00e8re de l\u2019association.<\/p>\n<h2>MISSIONS<\/h2>\n<p>La maitrise et le suivi de la gestion administrative, financi\u00e8re, fiscale et juridique de l\u2019association<br \/>\nLe respect des r\u00e9glementations sociales en vigueur<br \/>\nL\u2019\u00e9laboration et le suivi des budgets en lien avec la Directrice adjointe<br \/>\nLa recherche de financements<br \/>\nLe renouvellement des conventions de partenariat<br \/>\nLa gestion comptable (saisie du quotidien et suivi comptable en lien avec l\u2019expert-comptable)<br \/>\nL\u2019anticipation de toute d\u00e9rive budg\u00e9taire ou de tr\u00e9sorerie<br \/>\nLe lien avec le cabinet comptable et le commissaire aux comptes<br \/>\nLe recrutement et le suivi des b\u00e9n\u00e9voles<br \/>\nLa gestion et l\u2019animation de r\u00e9unions<br \/>\nLa r\u00e9daction des bilans, synth\u00e8ses et comptes rendus<br \/>\nLa pr\u00e9sence sur les manifestations se d\u00e9roulant pour la plupart en soir\u00e9e et week-end<br \/>\nS\u2019assurer du suivi administratif vis \u00e0 vis de la s\u00e9curit\u00e9 du public (autorisations, commissions, \u2026)<br \/>\nUne veille strat\u00e9gique<\/p>\n<h2>PROFIL<\/h2>\n<h4>Connaissances et comp\u00e9tences<\/h4>\n<p>Bonne connaissance du monde associatif<br \/>\nComprendre le r\u00f4le d\u2019un administrateur dans une association<br \/>\nExp\u00e9rience professionnelle dans la tenue de la comptabilit\u00e9 et la gestion administrative<br \/>\nConnaissances g\u00e9n\u00e9rales en gestion et en r\u00e9glementation<br \/>\nComp\u00e9tences manag\u00e9riales : choix et conduite d\u2019une \u00e9quipe, analyse strat\u00e9gique, capacit\u00e9 \u00e0 prendre des d\u00e9cisions<br \/>\nMa\u00eetrise du cadre r\u00e9glementaire (fiscalit\u00e9, assurances, droit social)<br \/>\nSavoir d\u00e9velopper des partenariats<br \/>\nImpulser une dynamique de travail en r\u00e9seau autour d\u2019un projet associatif<\/p>\n<h4>Savoir-faire \/ Savoir-\u00eatre<\/h4>\n<p>Rigoureux, organis\u00e9 et r\u00e9actif<br \/>\nSociable et ouvert<br \/>\nSens des valeurs, \u00e9thique<br \/>\nConvaincant, n\u00e9gociateur<br \/>\nF\u00e9d\u00e9rateur, esprit d\u2019\u00e9quipe<br \/>\nMobile et disponible-<br \/>\nRespect de la confidentialit\u00e9<br \/>\nForce de proposition<\/p>\n<h4>Dipl\u00f4mes<\/h4>\n<p>Bac + 4 et\/ou exp\u00e9rience professionnelle confirm\u00e9e<br \/>\nFormation management \/ gestion culturelle et maitrise des dispositions administratives, sociales et fiscales<\/p>\n<h4>\nContrat<\/h4>\n<p>Prise de poste : Imm\u00e9diate<br \/>\nDur\u00e9e: CDD renouvelable et CDI \u00e0 la cl\u00e9<br \/>\nHoraires : 35h hebdomadaire<br \/>\nNom de la structure : ZONE51<br \/>\nLieu de travail : S\u00e9lestat (67)<br \/>\nSalaire indicatif : A d\u00e9terminer<\/p>\n<p>Merci d\u2019adresser vos candidatures (CV + lettre de motivation) par mail, \u00e0 :<br \/>\nrecrutement@zone51.net avant 15\/03\/2023<\/p>\n<p>L\u2019article <a href=\"https:\/\/popburo.fr\/zone-51-recrute-un-administrateur-f-h\/\">ZONE 51 recrute un administrateur [F\/H]<\/a> est apparu en premier sur <a href=\"https:\/\/popburo.fr\/\">POP B\u00dcRO<\/a>.<\/p>\n","protected":false},"excerpt":{"rendered":"<p>Sous l\u2019autorit\u00e9 de la Directrice adjointe, l\u2019Administrateur.trice est responsable de la gestion administrative et financi\u00e8re de l\u2019association. MISSIONS La maitrise et le suivi de la gestion administrative, financi\u00e8re, fiscale et juridique de l\u2019association Le respect des r\u00e9glementations sociales en vigueur L\u2019\u00e9laboration et le suivi des budgets en lien avec la Directrice adjointe La recherche de financements Le renouvellement des conventions de partenariat La gestion comptable (saisie du quotidien et suivi comptable en lien avec l\u2019expert-comptable) L\u2019anticipation de toute d\u00e9rive budg\u00e9taire [&hellip;]<\/p>\n","protected":false},"author":0,"featured_media":0,"comment_status":"closed","ping_status":"open","sticky":false,"template":"","format":"standard","meta":{"footnotes":""},"categories":[1],"tags":[],"class_list":["post-5066","post","type-post","status-publish","format-standard","hentry","category-non-classe"],"yoast_head":"<!-- This site is optimized with the Yoast SEO plugin v27.4 - https:\/\/yoast.com\/product\/yoast-seo-wordpress\/ -->\n<title>ZONE 51 recrute un administrateur [F\/H] - HIERO STRASBOURG<\/title>\n<meta name=\"robots\" content=\"index, follow, max-snippet:-1, max-image-preview:large, max-video-preview:-1\" \/>\n<link rel=\"canonical\" href=\"https:\/\/hierostrasbourg.com\/index.php\/2023\/02\/10\/zone-51-recrute-un-administrateur-f-h-2\/\" \/>\n<meta property=\"og:locale\" content=\"fr_FR\" \/>\n<meta property=\"og:type\" content=\"article\" \/>\n<meta property=\"og:title\" content=\"ZONE 51 recrute un administrateur [F\/H] - HIERO STRASBOURG\" \/>\n<meta property=\"og:description\" content=\"Sous l\u2019autorit\u00e9 de la Directrice adjointe, l\u2019Administrateur.trice est responsable de la gestion administrative et financi\u00e8re de l\u2019association. MISSIONS La maitrise et le suivi de la gestion administrative, financi\u00e8re, fiscale et juridique de l\u2019association Le respect des r\u00e9glementations sociales en vigueur L\u2019\u00e9laboration et le suivi des budgets en lien avec la Directrice adjointe La recherche de financements Le renouvellement des conventions de partenariat La gestion comptable (saisie du quotidien et suivi comptable en lien avec l\u2019expert-comptable) L\u2019anticipation de toute d\u00e9rive budg\u00e9taire [&hellip;]\" \/>\n<meta property=\"og:url\" content=\"https:\/\/hierostrasbourg.com\/index.php\/2023\/02\/10\/zone-51-recrute-un-administrateur-f-h-2\/\" \/>\n<meta property=\"og:site_name\" content=\"HIERO STRASBOURG\" \/>\n<meta property=\"article:publisher\" content=\"https:\/\/www.facebook.com\/fedehierostrasbourg\" \/>\n<meta property=\"article:published_time\" content=\"2023-02-10T12:45:14+00:00\" \/>\n<meta name=\"twitter:card\" content=\"summary_large_image\" \/>\n<meta name=\"twitter:creator\" content=\"@hierostrasbourg\" \/>\n<meta name=\"twitter:site\" content=\"@hierostrasbourg\" \/>\n<meta name=\"twitter:label1\" content=\"Dur\u00e9e de lecture estim\u00e9e\" \/>\n\t<meta name=\"twitter:data1\" content=\"2 minutes\" \/>\n<script type=\"application\/ld+json\" class=\"yoast-schema-graph\">{\"@context\":\"https:\\\/\\\/schema.org\",\"@graph\":[{\"@type\":\"Article\",\"@id\":\"https:\\\/\\\/hierostrasbourg.com\\\/index.php\\\/2023\\\/02\\\/10\\\/zone-51-recrute-un-administrateur-f-h-2\\\/#article\",\"isPartOf\":{\"@id\":\"https:\\\/\\\/hierostrasbourg.com\\\/index.php\\\/2023\\\/02\\\/10\\\/zone-51-recrute-un-administrateur-f-h-2\\\/\"},\"author\":{\"name\":\"\",\"@id\":\"\"},\"headline\":\"ZONE 51 recrute un administrateur [F\\\/H]\",\"datePublished\":\"2023-02-10T12:45:14+00:00\",\"mainEntityOfPage\":{\"@id\":\"https:\\\/\\\/hierostrasbourg.com\\\/index.php\\\/2023\\\/02\\\/10\\\/zone-51-recrute-un-administrateur-f-h-2\\\/\"},\"wordCount\":385,\"publisher\":{\"@id\":\"https:\\\/\\\/hierostrasbourg.com\\\/#organization\"},\"inLanguage\":\"fr-FR\"},{\"@type\":\"WebPage\",\"@id\":\"https:\\\/\\\/hierostrasbourg.com\\\/index.php\\\/2023\\\/02\\\/10\\\/zone-51-recrute-un-administrateur-f-h-2\\\/\",\"url\":\"https:\\\/\\\/hierostrasbourg.com\\\/index.php\\\/2023\\\/02\\\/10\\\/zone-51-recrute-un-administrateur-f-h-2\\\/\",\"name\":\"ZONE 51 recrute un administrateur [F\\\/H] - HIERO STRASBOURG\",\"isPartOf\":{\"@id\":\"https:\\\/\\\/hierostrasbourg.com\\\/#website\"},\"datePublished\":\"2023-02-10T12:45:14+00:00\",\"breadcrumb\":{\"@id\":\"https:\\\/\\\/hierostrasbourg.com\\\/index.php\\\/2023\\\/02\\\/10\\\/zone-51-recrute-un-administrateur-f-h-2\\\/#breadcrumb\"},\"inLanguage\":\"fr-FR\",\"potentialAction\":[{\"@type\":\"ReadAction\",\"target\":[\"https:\\\/\\\/hierostrasbourg.com\\\/index.php\\\/2023\\\/02\\\/10\\\/zone-51-recrute-un-administrateur-f-h-2\\\/\"]}]},{\"@type\":\"BreadcrumbList\",\"@id\":\"https:\\\/\\\/hierostrasbourg.com\\\/index.php\\\/2023\\\/02\\\/10\\\/zone-51-recrute-un-administrateur-f-h-2\\\/#breadcrumb\",\"itemListElement\":[{\"@type\":\"ListItem\",\"position\":1,\"name\":\"Accueil\",\"item\":\"https:\\\/\\\/hierostrasbourg.com\\\/\"},{\"@type\":\"ListItem\",\"position\":2,\"name\":\"ZONE 51 recrute un administrateur [F\\\/H]\"}]},{\"@type\":\"WebSite\",\"@id\":\"https:\\\/\\\/hierostrasbourg.com\\\/#website\",\"url\":\"https:\\\/\\\/hierostrasbourg.com\\\/\",\"name\":\"HIERO STRASBOURG\",\"description\":\"Centre de Ressources Musiques Actuelles\",\"publisher\":{\"@id\":\"https:\\\/\\\/hierostrasbourg.com\\\/#organization\"},\"potentialAction\":[{\"@type\":\"SearchAction\",\"target\":{\"@type\":\"EntryPoint\",\"urlTemplate\":\"https:\\\/\\\/hierostrasbourg.com\\\/?s={search_term_string}\"},\"query-input\":{\"@type\":\"PropertyValueSpecification\",\"valueRequired\":true,\"valueName\":\"search_term_string\"}}],\"inLanguage\":\"fr-FR\"},{\"@type\":\"Organization\",\"@id\":\"https:\\\/\\\/hierostrasbourg.com\\\/#organization\",\"name\":\"F\u00e9d\u00e9ration Hi\u00e9ro Strasbourg\",\"url\":\"https:\\\/\\\/hierostrasbourg.com\\\/\",\"logo\":{\"@type\":\"ImageObject\",\"inLanguage\":\"fr-FR\",\"@id\":\"https:\\\/\\\/hierostrasbourg.com\\\/#\\\/schema\\\/logo\\\/image\\\/\",\"url\":\"https:\\\/\\\/hierostrasbourg.com\\\/wp-content\\\/uploads\\\/2026\\\/04\\\/logo-hiero-strasbourg.jpg\",\"contentUrl\":\"https:\\\/\\\/hierostrasbourg.com\\\/wp-content\\\/uploads\\\/2026\\\/04\\\/logo-hiero-strasbourg.jpg\",\"width\":204,\"height\":192,\"caption\":\"F\u00e9d\u00e9ration Hi\u00e9ro Strasbourg\"},\"image\":{\"@id\":\"https:\\\/\\\/hierostrasbourg.com\\\/#\\\/schema\\\/logo\\\/image\\\/\"},\"sameAs\":[\"https:\\\/\\\/www.facebook.com\\\/fedehierostrasbourg\",\"https:\\\/\\\/x.com\\\/hierostrasbourg\"]}]}<\/script>\n<!-- \/ Yoast SEO plugin. -->","yoast_head_json":{"title":"ZONE 51 recrute un administrateur [F\/H] - HIERO STRASBOURG","robots":{"index":"index","follow":"follow","max-snippet":"max-snippet:-1","max-image-preview":"max-image-preview:large","max-video-preview":"max-video-preview:-1"},"canonical":"https:\/\/hierostrasbourg.com\/index.php\/2023\/02\/10\/zone-51-recrute-un-administrateur-f-h-2\/","og_locale":"fr_FR","og_type":"article","og_title":"ZONE 51 recrute un administrateur [F\/H] - HIERO STRASBOURG","og_description":"Sous l\u2019autorit\u00e9 de la Directrice adjointe, l\u2019Administrateur.trice est responsable de la gestion administrative et financi\u00e8re de l\u2019association. MISSIONS La maitrise et le suivi de la gestion administrative, financi\u00e8re, fiscale et juridique de l\u2019association Le respect des r\u00e9glementations sociales en vigueur L\u2019\u00e9laboration et le suivi des budgets en lien avec la Directrice adjointe La recherche de financements Le renouvellement des conventions de partenariat La gestion comptable (saisie du quotidien et suivi comptable en lien avec l\u2019expert-comptable) L\u2019anticipation de toute d\u00e9rive budg\u00e9taire [&hellip;]","og_url":"https:\/\/hierostrasbourg.com\/index.php\/2023\/02\/10\/zone-51-recrute-un-administrateur-f-h-2\/","og_site_name":"HIERO STRASBOURG","article_publisher":"https:\/\/www.facebook.com\/fedehierostrasbourg","article_published_time":"2023-02-10T12:45:14+00:00","twitter_card":"summary_large_image","twitter_creator":"@hierostrasbourg","twitter_site":"@hierostrasbourg","twitter_misc":{"Dur\u00e9e de lecture estim\u00e9e":"2 minutes"},"schema":{"@context":"https:\/\/schema.org","@graph":[{"@type":"Article","@id":"https:\/\/hierostrasbourg.com\/index.php\/2023\/02\/10\/zone-51-recrute-un-administrateur-f-h-2\/#article","isPartOf":{"@id":"https:\/\/hierostrasbourg.com\/index.php\/2023\/02\/10\/zone-51-recrute-un-administrateur-f-h-2\/"},"author":{"name":"","@id":""},"headline":"ZONE 51 recrute un administrateur [F\/H]","datePublished":"2023-02-10T12:45:14+00:00","mainEntityOfPage":{"@id":"https:\/\/hierostrasbourg.com\/index.php\/2023\/02\/10\/zone-51-recrute-un-administrateur-f-h-2\/"},"wordCount":385,"publisher":{"@id":"https:\/\/hierostrasbourg.com\/#organization"},"inLanguage":"fr-FR"},{"@type":"WebPage","@id":"https:\/\/hierostrasbourg.com\/index.php\/2023\/02\/10\/zone-51-recrute-un-administrateur-f-h-2\/","url":"https:\/\/hierostrasbourg.com\/index.php\/2023\/02\/10\/zone-51-recrute-un-administrateur-f-h-2\/","name":"ZONE 51 recrute un administrateur [F\/H] - HIERO STRASBOURG","isPartOf":{"@id":"https:\/\/hierostrasbourg.com\/#website"},"datePublished":"2023-02-10T12:45:14+00:00","breadcrumb":{"@id":"https:\/\/hierostrasbourg.com\/index.php\/2023\/02\/10\/zone-51-recrute-un-administrateur-f-h-2\/#breadcrumb"},"inLanguage":"fr-FR","potentialAction":[{"@type":"ReadAction","target":["https:\/\/hierostrasbourg.com\/index.php\/2023\/02\/10\/zone-51-recrute-un-administrateur-f-h-2\/"]}]},{"@type":"BreadcrumbList","@id":"https:\/\/hierostrasbourg.com\/index.php\/2023\/02\/10\/zone-51-recrute-un-administrateur-f-h-2\/#breadcrumb","itemListElement":[{"@type":"ListItem","position":1,"name":"Accueil","item":"https:\/\/hierostrasbourg.com\/"},{"@type":"ListItem","position":2,"name":"ZONE 51 recrute un administrateur [F\/H]"}]},{"@type":"WebSite","@id":"https:\/\/hierostrasbourg.com\/#website","url":"https:\/\/hierostrasbourg.com\/","name":"HIERO STRASBOURG","description":"Centre de Ressources Musiques Actuelles","publisher":{"@id":"https:\/\/hierostrasbourg.com\/#organization"},"potentialAction":[{"@type":"SearchAction","target":{"@type":"EntryPoint","urlTemplate":"https:\/\/hierostrasbourg.com\/?s={search_term_string}"},"query-input":{"@type":"PropertyValueSpecification","valueRequired":true,"valueName":"search_term_string"}}],"inLanguage":"fr-FR"},{"@type":"Organization","@id":"https:\/\/hierostrasbourg.com\/#organization","name":"F\u00e9d\u00e9ration Hi\u00e9ro Strasbourg","url":"https:\/\/hierostrasbourg.com\/","logo":{"@type":"ImageObject","inLanguage":"fr-FR","@id":"https:\/\/hierostrasbourg.com\/#\/schema\/logo\/image\/","url":"https:\/\/hierostrasbourg.com\/wp-content\/uploads\/2026\/04\/logo-hiero-strasbourg.jpg","contentUrl":"https:\/\/hierostrasbourg.com\/wp-content\/uploads\/2026\/04\/logo-hiero-strasbourg.jpg","width":204,"height":192,"caption":"F\u00e9d\u00e9ration Hi\u00e9ro Strasbourg"},"image":{"@id":"https:\/\/hierostrasbourg.com\/#\/schema\/logo\/image\/"},"sameAs":["https:\/\/www.facebook.com\/fedehierostrasbourg","https:\/\/x.com\/hierostrasbourg"]}]}},"_links":{"self":[{"href":"https:\/\/hierostrasbourg.com\/index.php\/wp-json\/wp\/v2\/posts\/5066","targetHints":{"allow":["GET"]}}],"collection":[{"href":"https:\/\/hierostrasbourg.com\/index.php\/wp-json\/wp\/v2\/posts"}],"about":[{"href":"https:\/\/hierostrasbourg.com\/index.php\/wp-json\/wp\/v2\/types\/post"}],"replies":[{"embeddable":true,"href":"https:\/\/hierostrasbourg.com\/index.php\/wp-json\/wp\/v2\/comments?post=5066"}],"version-history":[{"count":0,"href":"https:\/\/hierostrasbourg.com\/index.php\/wp-json\/wp\/v2\/posts\/5066\/revisions"}],"wp:attachment":[{"href":"https:\/\/hierostrasbourg.com\/index.php\/wp-json\/wp\/v2\/media?parent=5066"}],"wp:term":[{"taxonomy":"category","embeddable":true,"href":"https:\/\/hierostrasbourg.com\/index.php\/wp-json\/wp\/v2\/categories?post=5066"},{"taxonomy":"post_tag","embeddable":true,"href":"https:\/\/hierostrasbourg.com\/index.php\/wp-json\/wp\/v2\/tags?post=5066"}],"curies":[{"name":"wp","href":"https:\/\/api.w.org\/{rel}","templated":true}]}}