{"id":5057,"date":"2023-02-10T08:40:30","date_gmt":"2023-02-10T07:40:30","guid":{"rendered":"https:\/\/hierostrasbourg.com\/index.php\/2023\/02\/10\/aide-a-laction-culturelle-de-la-sacem-11\/"},"modified":"2023-02-10T08:40:30","modified_gmt":"2023-02-10T07:40:30","slug":"aide-a-laction-culturelle-de-la-sacem-11","status":"publish","type":"post","link":"https:\/\/hierostrasbourg.com\/index.php\/2023\/02\/10\/aide-a-laction-culturelle-de-la-sacem-11\/","title":{"rendered":"Aide \u00e0 l\u2019action culturelle de la SACEM"},"content":{"rendered":"<p>communiqu\u00e9 UN GUIDE POUR MIEUX VOUS ACCOMPAGNER Ce guide vient compl\u00e9ter le site d\u00e9di\u00e9 aux aides culturelles de la Sacem :\u00a0 La premi\u00e8re partie, par r\u00e9pertoire, propose une vue d\u2019ensemble du p\u00e9rim\u00e8tre des aides de la Sacem selon qu\u2019il s\u2019agisse des musiques actuelles, de musique \u00e0 l\u2019image, de musique contemporaine, etc. La seconde partie, par type de projet, permet d\u2019identifier les aides pouvant r\u00e9pondre \u00e0 vos besoins mais aussi ce qui ne rentre pas dans le champ des aides de [\u2026]<\/p>\n<p>L\u2019article <a href=\"https:\/\/musiquesactuelles.alsace\/aide-a-laction-culturelle-de-la-sacem\/\">Aide \u00e0 l\u2019action culturelle de la SACEM<\/a> est apparu en premier sur <a href=\"https:\/\/musiquesactuelles.alsace\/\">Musiques Actuelles en Alsace<\/a>.<\/p>\n<p>L\u2019article <a href=\"https:\/\/popburo.fr\/aide-a-laction-culturelle-de-la-sacem-10\/\">Aide \u00e0 l\u2019action culturelle de la SACEM<\/a> est apparu en premier sur <a href=\"https:\/\/popburo.fr\/\">POP B\u00dcRO<\/a>.<\/p>\n","protected":false},"excerpt":{"rendered":"<p>communiqu\u00e9 UN GUIDE POUR MIEUX VOUS ACCOMPAGNER Ce guide vient compl\u00e9ter le site d\u00e9di\u00e9 aux aides culturelles de la Sacem :\u00a0 La premi\u00e8re partie, par r\u00e9pertoire, propose une vue d\u2019ensemble du p\u00e9rim\u00e8tre des aides de la Sacem selon qu\u2019il s\u2019agisse des musiques actuelles, de musique \u00e0 l\u2019image, de musique contemporaine, etc. La seconde partie, par type de projet, permet d\u2019identifier les aides pouvant r\u00e9pondre \u00e0 vos besoins mais aussi ce qui ne rentre pas dans le champ des aides de [&hellip;]<\/p>\n","protected":false},"author":0,"featured_media":0,"comment_status":"closed","ping_status":"open","sticky":false,"template":"","format":"standard","meta":{"footnotes":""},"categories":[1],"tags":[],"class_list":["post-5057","post","type-post","status-publish","format-standard","hentry","category-non-classe"],"yoast_head":"<!-- This site is optimized with the Yoast SEO plugin v27.4 - https:\/\/yoast.com\/product\/yoast-seo-wordpress\/ -->\n<title>Aide \u00e0 l\u2019action culturelle de la SACEM - HIERO STRASBOURG<\/title>\n<meta name=\"robots\" content=\"index, follow, max-snippet:-1, max-image-preview:large, max-video-preview:-1\" \/>\n<link rel=\"canonical\" href=\"https:\/\/hierostrasbourg.com\/index.php\/2023\/02\/10\/aide-a-laction-culturelle-de-la-sacem-11\/\" \/>\n<meta property=\"og:locale\" content=\"fr_FR\" \/>\n<meta property=\"og:type\" content=\"article\" \/>\n<meta property=\"og:title\" content=\"Aide \u00e0 l\u2019action culturelle de la SACEM - HIERO STRASBOURG\" \/>\n<meta property=\"og:description\" content=\"communiqu\u00e9 UN GUIDE POUR MIEUX VOUS ACCOMPAGNER Ce guide vient compl\u00e9ter le site d\u00e9di\u00e9 aux aides culturelles de la Sacem :\u00a0 La premi\u00e8re partie, par r\u00e9pertoire, propose une vue d\u2019ensemble du p\u00e9rim\u00e8tre des aides de la Sacem selon qu\u2019il s\u2019agisse des musiques actuelles, de musique \u00e0 l\u2019image, de musique contemporaine, etc. La seconde partie, par type de projet, permet d\u2019identifier les aides pouvant r\u00e9pondre \u00e0 vos besoins mais aussi ce qui ne rentre pas dans le champ des aides de [&hellip;]\" \/>\n<meta property=\"og:url\" content=\"https:\/\/hierostrasbourg.com\/index.php\/2023\/02\/10\/aide-a-laction-culturelle-de-la-sacem-11\/\" \/>\n<meta property=\"og:site_name\" content=\"HIERO STRASBOURG\" \/>\n<meta property=\"article:publisher\" content=\"https:\/\/www.facebook.com\/fedehierostrasbourg\" \/>\n<meta property=\"article:published_time\" content=\"2023-02-10T07:40:30+00:00\" \/>\n<meta name=\"twitter:card\" content=\"summary_large_image\" \/>\n<meta name=\"twitter:creator\" content=\"@hierostrasbourg\" \/>\n<meta name=\"twitter:site\" content=\"@hierostrasbourg\" \/>\n<meta name=\"twitter:label1\" content=\"Dur\u00e9e de lecture estim\u00e9e\" \/>\n\t<meta name=\"twitter:data1\" content=\"1 minute\" \/>\n<script type=\"application\/ld+json\" class=\"yoast-schema-graph\">{\"@context\":\"https:\\\/\\\/schema.org\",\"@graph\":[{\"@type\":\"Article\",\"@id\":\"https:\\\/\\\/hierostrasbourg.com\\\/index.php\\\/2023\\\/02\\\/10\\\/aide-a-laction-culturelle-de-la-sacem-11\\\/#article\",\"isPartOf\":{\"@id\":\"https:\\\/\\\/hierostrasbourg.com\\\/index.php\\\/2023\\\/02\\\/10\\\/aide-a-laction-culturelle-de-la-sacem-11\\\/\"},\"author\":{\"name\":\"\",\"@id\":\"\"},\"headline\":\"Aide \u00e0 l\u2019action culturelle de la SACEM\",\"datePublished\":\"2023-02-10T07:40:30+00:00\",\"mainEntityOfPage\":{\"@id\":\"https:\\\/\\\/hierostrasbourg.com\\\/index.php\\\/2023\\\/02\\\/10\\\/aide-a-laction-culturelle-de-la-sacem-11\\\/\"},\"wordCount\":131,\"publisher\":{\"@id\":\"https:\\\/\\\/hierostrasbourg.com\\\/#organization\"},\"inLanguage\":\"fr-FR\"},{\"@type\":\"WebPage\",\"@id\":\"https:\\\/\\\/hierostrasbourg.com\\\/index.php\\\/2023\\\/02\\\/10\\\/aide-a-laction-culturelle-de-la-sacem-11\\\/\",\"url\":\"https:\\\/\\\/hierostrasbourg.com\\\/index.php\\\/2023\\\/02\\\/10\\\/aide-a-laction-culturelle-de-la-sacem-11\\\/\",\"name\":\"Aide \u00e0 l\u2019action culturelle de la SACEM - HIERO STRASBOURG\",\"isPartOf\":{\"@id\":\"https:\\\/\\\/hierostrasbourg.com\\\/#website\"},\"datePublished\":\"2023-02-10T07:40:30+00:00\",\"breadcrumb\":{\"@id\":\"https:\\\/\\\/hierostrasbourg.com\\\/index.php\\\/2023\\\/02\\\/10\\\/aide-a-laction-culturelle-de-la-sacem-11\\\/#breadcrumb\"},\"inLanguage\":\"fr-FR\",\"potentialAction\":[{\"@type\":\"ReadAction\",\"target\":[\"https:\\\/\\\/hierostrasbourg.com\\\/index.php\\\/2023\\\/02\\\/10\\\/aide-a-laction-culturelle-de-la-sacem-11\\\/\"]}]},{\"@type\":\"BreadcrumbList\",\"@id\":\"https:\\\/\\\/hierostrasbourg.com\\\/index.php\\\/2023\\\/02\\\/10\\\/aide-a-laction-culturelle-de-la-sacem-11\\\/#breadcrumb\",\"itemListElement\":[{\"@type\":\"ListItem\",\"position\":1,\"name\":\"Accueil\",\"item\":\"https:\\\/\\\/hierostrasbourg.com\\\/\"},{\"@type\":\"ListItem\",\"position\":2,\"name\":\"Aide \u00e0 l\u2019action culturelle de la SACEM\"}]},{\"@type\":\"WebSite\",\"@id\":\"https:\\\/\\\/hierostrasbourg.com\\\/#website\",\"url\":\"https:\\\/\\\/hierostrasbourg.com\\\/\",\"name\":\"HIERO STRASBOURG\",\"description\":\"Centre de Ressources Musiques Actuelles\",\"publisher\":{\"@id\":\"https:\\\/\\\/hierostrasbourg.com\\\/#organization\"},\"potentialAction\":[{\"@type\":\"SearchAction\",\"target\":{\"@type\":\"EntryPoint\",\"urlTemplate\":\"https:\\\/\\\/hierostrasbourg.com\\\/?s={search_term_string}\"},\"query-input\":{\"@type\":\"PropertyValueSpecification\",\"valueRequired\":true,\"valueName\":\"search_term_string\"}}],\"inLanguage\":\"fr-FR\"},{\"@type\":\"Organization\",\"@id\":\"https:\\\/\\\/hierostrasbourg.com\\\/#organization\",\"name\":\"F\u00e9d\u00e9ration Hi\u00e9ro Strasbourg\",\"url\":\"https:\\\/\\\/hierostrasbourg.com\\\/\",\"logo\":{\"@type\":\"ImageObject\",\"inLanguage\":\"fr-FR\",\"@id\":\"https:\\\/\\\/hierostrasbourg.com\\\/#\\\/schema\\\/logo\\\/image\\\/\",\"url\":\"https:\\\/\\\/hierostrasbourg.com\\\/wp-content\\\/uploads\\\/2026\\\/04\\\/logo-hiero-strasbourg.jpg\",\"contentUrl\":\"https:\\\/\\\/hierostrasbourg.com\\\/wp-content\\\/uploads\\\/2026\\\/04\\\/logo-hiero-strasbourg.jpg\",\"width\":204,\"height\":192,\"caption\":\"F\u00e9d\u00e9ration Hi\u00e9ro Strasbourg\"},\"image\":{\"@id\":\"https:\\\/\\\/hierostrasbourg.com\\\/#\\\/schema\\\/logo\\\/image\\\/\"},\"sameAs\":[\"https:\\\/\\\/www.facebook.com\\\/fedehierostrasbourg\",\"https:\\\/\\\/x.com\\\/hierostrasbourg\"]}]}<\/script>\n<!-- \/ Yoast SEO plugin. -->","yoast_head_json":{"title":"Aide \u00e0 l\u2019action culturelle de la SACEM - HIERO STRASBOURG","robots":{"index":"index","follow":"follow","max-snippet":"max-snippet:-1","max-image-preview":"max-image-preview:large","max-video-preview":"max-video-preview:-1"},"canonical":"https:\/\/hierostrasbourg.com\/index.php\/2023\/02\/10\/aide-a-laction-culturelle-de-la-sacem-11\/","og_locale":"fr_FR","og_type":"article","og_title":"Aide \u00e0 l\u2019action culturelle de la SACEM - HIERO STRASBOURG","og_description":"communiqu\u00e9 UN GUIDE POUR MIEUX VOUS ACCOMPAGNER Ce guide vient compl\u00e9ter le site d\u00e9di\u00e9 aux aides culturelles de la Sacem :\u00a0 La premi\u00e8re partie, par r\u00e9pertoire, propose une vue d\u2019ensemble du p\u00e9rim\u00e8tre des aides de la Sacem selon qu\u2019il s\u2019agisse des musiques actuelles, de musique \u00e0 l\u2019image, de musique contemporaine, etc. La seconde partie, par type de projet, permet d\u2019identifier les aides pouvant r\u00e9pondre \u00e0 vos besoins mais aussi ce qui ne rentre pas dans le champ des aides de [&hellip;]","og_url":"https:\/\/hierostrasbourg.com\/index.php\/2023\/02\/10\/aide-a-laction-culturelle-de-la-sacem-11\/","og_site_name":"HIERO STRASBOURG","article_publisher":"https:\/\/www.facebook.com\/fedehierostrasbourg","article_published_time":"2023-02-10T07:40:30+00:00","twitter_card":"summary_large_image","twitter_creator":"@hierostrasbourg","twitter_site":"@hierostrasbourg","twitter_misc":{"Dur\u00e9e de lecture estim\u00e9e":"1 minute"},"schema":{"@context":"https:\/\/schema.org","@graph":[{"@type":"Article","@id":"https:\/\/hierostrasbourg.com\/index.php\/2023\/02\/10\/aide-a-laction-culturelle-de-la-sacem-11\/#article","isPartOf":{"@id":"https:\/\/hierostrasbourg.com\/index.php\/2023\/02\/10\/aide-a-laction-culturelle-de-la-sacem-11\/"},"author":{"name":"","@id":""},"headline":"Aide \u00e0 l\u2019action culturelle de la SACEM","datePublished":"2023-02-10T07:40:30+00:00","mainEntityOfPage":{"@id":"https:\/\/hierostrasbourg.com\/index.php\/2023\/02\/10\/aide-a-laction-culturelle-de-la-sacem-11\/"},"wordCount":131,"publisher":{"@id":"https:\/\/hierostrasbourg.com\/#organization"},"inLanguage":"fr-FR"},{"@type":"WebPage","@id":"https:\/\/hierostrasbourg.com\/index.php\/2023\/02\/10\/aide-a-laction-culturelle-de-la-sacem-11\/","url":"https:\/\/hierostrasbourg.com\/index.php\/2023\/02\/10\/aide-a-laction-culturelle-de-la-sacem-11\/","name":"Aide \u00e0 l\u2019action culturelle de la SACEM - HIERO STRASBOURG","isPartOf":{"@id":"https:\/\/hierostrasbourg.com\/#website"},"datePublished":"2023-02-10T07:40:30+00:00","breadcrumb":{"@id":"https:\/\/hierostrasbourg.com\/index.php\/2023\/02\/10\/aide-a-laction-culturelle-de-la-sacem-11\/#breadcrumb"},"inLanguage":"fr-FR","potentialAction":[{"@type":"ReadAction","target":["https:\/\/hierostrasbourg.com\/index.php\/2023\/02\/10\/aide-a-laction-culturelle-de-la-sacem-11\/"]}]},{"@type":"BreadcrumbList","@id":"https:\/\/hierostrasbourg.com\/index.php\/2023\/02\/10\/aide-a-laction-culturelle-de-la-sacem-11\/#breadcrumb","itemListElement":[{"@type":"ListItem","position":1,"name":"Accueil","item":"https:\/\/hierostrasbourg.com\/"},{"@type":"ListItem","position":2,"name":"Aide \u00e0 l\u2019action culturelle de la SACEM"}]},{"@type":"WebSite","@id":"https:\/\/hierostrasbourg.com\/#website","url":"https:\/\/hierostrasbourg.com\/","name":"HIERO STRASBOURG","description":"Centre de Ressources Musiques Actuelles","publisher":{"@id":"https:\/\/hierostrasbourg.com\/#organization"},"potentialAction":[{"@type":"SearchAction","target":{"@type":"EntryPoint","urlTemplate":"https:\/\/hierostrasbourg.com\/?s={search_term_string}"},"query-input":{"@type":"PropertyValueSpecification","valueRequired":true,"valueName":"search_term_string"}}],"inLanguage":"fr-FR"},{"@type":"Organization","@id":"https:\/\/hierostrasbourg.com\/#organization","name":"F\u00e9d\u00e9ration Hi\u00e9ro Strasbourg","url":"https:\/\/hierostrasbourg.com\/","logo":{"@type":"ImageObject","inLanguage":"fr-FR","@id":"https:\/\/hierostrasbourg.com\/#\/schema\/logo\/image\/","url":"https:\/\/hierostrasbourg.com\/wp-content\/uploads\/2026\/04\/logo-hiero-strasbourg.jpg","contentUrl":"https:\/\/hierostrasbourg.com\/wp-content\/uploads\/2026\/04\/logo-hiero-strasbourg.jpg","width":204,"height":192,"caption":"F\u00e9d\u00e9ration Hi\u00e9ro Strasbourg"},"image":{"@id":"https:\/\/hierostrasbourg.com\/#\/schema\/logo\/image\/"},"sameAs":["https:\/\/www.facebook.com\/fedehierostrasbourg","https:\/\/x.com\/hierostrasbourg"]}]}},"_links":{"self":[{"href":"https:\/\/hierostrasbourg.com\/index.php\/wp-json\/wp\/v2\/posts\/5057","targetHints":{"allow":["GET"]}}],"collection":[{"href":"https:\/\/hierostrasbourg.com\/index.php\/wp-json\/wp\/v2\/posts"}],"about":[{"href":"https:\/\/hierostrasbourg.com\/index.php\/wp-json\/wp\/v2\/types\/post"}],"replies":[{"embeddable":true,"href":"https:\/\/hierostrasbourg.com\/index.php\/wp-json\/wp\/v2\/comments?post=5057"}],"version-history":[{"count":0,"href":"https:\/\/hierostrasbourg.com\/index.php\/wp-json\/wp\/v2\/posts\/5057\/revisions"}],"wp:attachment":[{"href":"https:\/\/hierostrasbourg.com\/index.php\/wp-json\/wp\/v2\/media?parent=5057"}],"wp:term":[{"taxonomy":"category","embeddable":true,"href":"https:\/\/hierostrasbourg.com\/index.php\/wp-json\/wp\/v2\/categories?post=5057"},{"taxonomy":"post_tag","embeddable":true,"href":"https:\/\/hierostrasbourg.com\/index.php\/wp-json\/wp\/v2\/tags?post=5057"}],"curies":[{"name":"wp","href":"https:\/\/api.w.org\/{rel}","templated":true}]}}