{"id":5021,"date":"2023-02-08T22:40:23","date_gmt":"2023-02-08T21:40:23","guid":{"rendered":"https:\/\/hierostrasbourg.com\/index.php\/2023\/02\/08\/podcast-les-musiques-actuelles-face-au-defi-de-la-decarbonation-3\/"},"modified":"2023-02-08T22:40:23","modified_gmt":"2023-02-08T21:40:23","slug":"podcast-les-musiques-actuelles-face-au-defi-de-la-decarbonation-3","status":"publish","type":"post","link":"https:\/\/hierostrasbourg.com\/index.php\/2023\/02\/08\/podcast-les-musiques-actuelles-face-au-defi-de-la-decarbonation-3\/","title":{"rendered":"[Podcast] Les musiques actuelles face au d\u00e9fi de la d\u00e9carbonation"},"content":{"rendered":"<p>Depuis 2008, Rencontres &amp; D\u00e9bats aux Trans Musicales est un espace de r\u00e9flexion, de regards crois\u00e9s, d\u2019\u00e9changes, de d\u00e9bats sur les probl\u00e9matiques actuelles rencontr\u00e9es par le secteur culturel et touchant, plus largement, l\u2019ensemble de notre soci\u00e9t\u00e9. Ce podcast autour de Rencontres &amp; D\u00e9bats permet de (re)vivre chaque semaine ces rendez-vous. Pour continuer ces mises en ligne commenc\u00e9es fin janvier, retour sur la table ronde organis\u00e9e par Les Trans, Le Collectif des festivals, le Cabaret Vert, en partenariat avec la FEDELIMA [\u2026]<\/p>\n<p>L\u2019article <a href=\"https:\/\/musiquesactuelles.alsace\/podcast-les-musiques-actuelles-face-au-defi-de-la-decarbonation\/\">[Podcast] Les musiques actuelles face au d\u00e9fi de la d\u00e9carbonation<\/a> est apparu en premier sur <a href=\"https:\/\/musiquesactuelles.alsace\/\">Musiques Actuelles en Alsace<\/a>.<\/p>\n<p>L\u2019article <a href=\"https:\/\/popburo.fr\/podcast-les-musiques-actuelles-face-au-defi-de-la-decarbonation-3\/\">[Podcast] Les musiques actuelles face au d\u00e9fi de la d\u00e9carbonation<\/a> est apparu en premier sur <a href=\"https:\/\/popburo.fr\/\">POP B\u00dcRO<\/a>.<\/p>\n","protected":false},"excerpt":{"rendered":"<p>Depuis 2008, Rencontres &amp; D\u00e9bats aux Trans Musicales est un espace de r\u00e9flexion, de regards crois\u00e9s, d\u2019\u00e9changes, de d\u00e9bats sur les probl\u00e9matiques actuelles rencontr\u00e9es par le secteur culturel et touchant, plus largement, l\u2019ensemble de notre soci\u00e9t\u00e9. Ce podcast autour de Rencontres &amp; D\u00e9bats permet de (re)vivre chaque semaine ces rendez-vous. Pour continuer ces mises en ligne commenc\u00e9es fin janvier, retour sur la table ronde organis\u00e9e par Les Trans, Le Collectif des festivals, le Cabaret Vert, en partenariat avec la FEDELIMA [&hellip;]<\/p>\n","protected":false},"author":0,"featured_media":0,"comment_status":"closed","ping_status":"open","sticky":false,"template":"","format":"standard","meta":{"footnotes":""},"categories":[1],"tags":[],"class_list":["post-5021","post","type-post","status-publish","format-standard","hentry","category-non-classe"],"yoast_head":"<!-- This site is optimized with the Yoast SEO plugin v27.4 - https:\/\/yoast.com\/product\/yoast-seo-wordpress\/ -->\n<title>[Podcast] Les musiques actuelles face au d\u00e9fi de la d\u00e9carbonation - HIERO STRASBOURG<\/title>\n<meta name=\"robots\" content=\"index, follow, max-snippet:-1, max-image-preview:large, max-video-preview:-1\" \/>\n<link rel=\"canonical\" href=\"https:\/\/hierostrasbourg.com\/index.php\/2023\/02\/08\/podcast-les-musiques-actuelles-face-au-defi-de-la-decarbonation-3\/\" \/>\n<meta property=\"og:locale\" content=\"fr_FR\" \/>\n<meta property=\"og:type\" content=\"article\" \/>\n<meta property=\"og:title\" content=\"[Podcast] Les musiques actuelles face au d\u00e9fi de la d\u00e9carbonation - HIERO STRASBOURG\" \/>\n<meta property=\"og:description\" content=\"Depuis 2008, Rencontres &amp; D\u00e9bats aux Trans Musicales est un espace de r\u00e9flexion, de regards crois\u00e9s, d\u2019\u00e9changes, de d\u00e9bats sur les probl\u00e9matiques actuelles rencontr\u00e9es par le secteur culturel et touchant, plus largement, l\u2019ensemble de notre soci\u00e9t\u00e9. Ce podcast autour de Rencontres &amp; D\u00e9bats permet de (re)vivre chaque semaine ces rendez-vous. Pour continuer ces mises en ligne commenc\u00e9es fin janvier, retour sur la table ronde organis\u00e9e par Les Trans, Le Collectif des festivals, le Cabaret Vert, en partenariat avec la FEDELIMA [&hellip;]\" \/>\n<meta property=\"og:url\" content=\"https:\/\/hierostrasbourg.com\/index.php\/2023\/02\/08\/podcast-les-musiques-actuelles-face-au-defi-de-la-decarbonation-3\/\" \/>\n<meta property=\"og:site_name\" content=\"HIERO STRASBOURG\" \/>\n<meta property=\"article:publisher\" content=\"https:\/\/www.facebook.com\/fedehierostrasbourg\" \/>\n<meta property=\"article:published_time\" content=\"2023-02-08T21:40:23+00:00\" \/>\n<meta name=\"twitter:card\" content=\"summary_large_image\" \/>\n<meta name=\"twitter:creator\" content=\"@hierostrasbourg\" \/>\n<meta name=\"twitter:site\" content=\"@hierostrasbourg\" \/>\n<meta name=\"twitter:label1\" content=\"Dur\u00e9e de lecture estim\u00e9e\" \/>\n\t<meta name=\"twitter:data1\" content=\"1 minute\" \/>\n<script type=\"application\/ld+json\" class=\"yoast-schema-graph\">{\"@context\":\"https:\\\/\\\/schema.org\",\"@graph\":[{\"@type\":\"Article\",\"@id\":\"https:\\\/\\\/hierostrasbourg.com\\\/index.php\\\/2023\\\/02\\\/08\\\/podcast-les-musiques-actuelles-face-au-defi-de-la-decarbonation-3\\\/#article\",\"isPartOf\":{\"@id\":\"https:\\\/\\\/hierostrasbourg.com\\\/index.php\\\/2023\\\/02\\\/08\\\/podcast-les-musiques-actuelles-face-au-defi-de-la-decarbonation-3\\\/\"},\"author\":{\"name\":\"\",\"@id\":\"\"},\"headline\":\"[Podcast] Les musiques actuelles face au d\u00e9fi de la d\u00e9carbonation\",\"datePublished\":\"2023-02-08T21:40:23+00:00\",\"mainEntityOfPage\":{\"@id\":\"https:\\\/\\\/hierostrasbourg.com\\\/index.php\\\/2023\\\/02\\\/08\\\/podcast-les-musiques-actuelles-face-au-defi-de-la-decarbonation-3\\\/\"},\"wordCount\":149,\"publisher\":{\"@id\":\"https:\\\/\\\/hierostrasbourg.com\\\/#organization\"},\"inLanguage\":\"fr-FR\"},{\"@type\":\"WebPage\",\"@id\":\"https:\\\/\\\/hierostrasbourg.com\\\/index.php\\\/2023\\\/02\\\/08\\\/podcast-les-musiques-actuelles-face-au-defi-de-la-decarbonation-3\\\/\",\"url\":\"https:\\\/\\\/hierostrasbourg.com\\\/index.php\\\/2023\\\/02\\\/08\\\/podcast-les-musiques-actuelles-face-au-defi-de-la-decarbonation-3\\\/\",\"name\":\"[Podcast] Les musiques actuelles face au d\u00e9fi de la d\u00e9carbonation - HIERO STRASBOURG\",\"isPartOf\":{\"@id\":\"https:\\\/\\\/hierostrasbourg.com\\\/#website\"},\"datePublished\":\"2023-02-08T21:40:23+00:00\",\"breadcrumb\":{\"@id\":\"https:\\\/\\\/hierostrasbourg.com\\\/index.php\\\/2023\\\/02\\\/08\\\/podcast-les-musiques-actuelles-face-au-defi-de-la-decarbonation-3\\\/#breadcrumb\"},\"inLanguage\":\"fr-FR\",\"potentialAction\":[{\"@type\":\"ReadAction\",\"target\":[\"https:\\\/\\\/hierostrasbourg.com\\\/index.php\\\/2023\\\/02\\\/08\\\/podcast-les-musiques-actuelles-face-au-defi-de-la-decarbonation-3\\\/\"]}]},{\"@type\":\"BreadcrumbList\",\"@id\":\"https:\\\/\\\/hierostrasbourg.com\\\/index.php\\\/2023\\\/02\\\/08\\\/podcast-les-musiques-actuelles-face-au-defi-de-la-decarbonation-3\\\/#breadcrumb\",\"itemListElement\":[{\"@type\":\"ListItem\",\"position\":1,\"name\":\"Accueil\",\"item\":\"https:\\\/\\\/hierostrasbourg.com\\\/\"},{\"@type\":\"ListItem\",\"position\":2,\"name\":\"[Podcast] Les musiques actuelles face au d\u00e9fi de la d\u00e9carbonation\"}]},{\"@type\":\"WebSite\",\"@id\":\"https:\\\/\\\/hierostrasbourg.com\\\/#website\",\"url\":\"https:\\\/\\\/hierostrasbourg.com\\\/\",\"name\":\"HIERO STRASBOURG\",\"description\":\"Centre de Ressources Musiques Actuelles\",\"publisher\":{\"@id\":\"https:\\\/\\\/hierostrasbourg.com\\\/#organization\"},\"potentialAction\":[{\"@type\":\"SearchAction\",\"target\":{\"@type\":\"EntryPoint\",\"urlTemplate\":\"https:\\\/\\\/hierostrasbourg.com\\\/?s={search_term_string}\"},\"query-input\":{\"@type\":\"PropertyValueSpecification\",\"valueRequired\":true,\"valueName\":\"search_term_string\"}}],\"inLanguage\":\"fr-FR\"},{\"@type\":\"Organization\",\"@id\":\"https:\\\/\\\/hierostrasbourg.com\\\/#organization\",\"name\":\"F\u00e9d\u00e9ration Hi\u00e9ro Strasbourg\",\"url\":\"https:\\\/\\\/hierostrasbourg.com\\\/\",\"logo\":{\"@type\":\"ImageObject\",\"inLanguage\":\"fr-FR\",\"@id\":\"https:\\\/\\\/hierostrasbourg.com\\\/#\\\/schema\\\/logo\\\/image\\\/\",\"url\":\"https:\\\/\\\/hierostrasbourg.com\\\/wp-content\\\/uploads\\\/2026\\\/04\\\/logo-hiero-strasbourg.jpg\",\"contentUrl\":\"https:\\\/\\\/hierostrasbourg.com\\\/wp-content\\\/uploads\\\/2026\\\/04\\\/logo-hiero-strasbourg.jpg\",\"width\":204,\"height\":192,\"caption\":\"F\u00e9d\u00e9ration Hi\u00e9ro Strasbourg\"},\"image\":{\"@id\":\"https:\\\/\\\/hierostrasbourg.com\\\/#\\\/schema\\\/logo\\\/image\\\/\"},\"sameAs\":[\"https:\\\/\\\/www.facebook.com\\\/fedehierostrasbourg\",\"https:\\\/\\\/x.com\\\/hierostrasbourg\"]}]}<\/script>\n<!-- \/ Yoast SEO plugin. -->","yoast_head_json":{"title":"[Podcast] Les musiques actuelles face au d\u00e9fi de la d\u00e9carbonation - HIERO STRASBOURG","robots":{"index":"index","follow":"follow","max-snippet":"max-snippet:-1","max-image-preview":"max-image-preview:large","max-video-preview":"max-video-preview:-1"},"canonical":"https:\/\/hierostrasbourg.com\/index.php\/2023\/02\/08\/podcast-les-musiques-actuelles-face-au-defi-de-la-decarbonation-3\/","og_locale":"fr_FR","og_type":"article","og_title":"[Podcast] Les musiques actuelles face au d\u00e9fi de la d\u00e9carbonation - HIERO STRASBOURG","og_description":"Depuis 2008, Rencontres &amp; D\u00e9bats aux Trans Musicales est un espace de r\u00e9flexion, de regards crois\u00e9s, d\u2019\u00e9changes, de d\u00e9bats sur les probl\u00e9matiques actuelles rencontr\u00e9es par le secteur culturel et touchant, plus largement, l\u2019ensemble de notre soci\u00e9t\u00e9. Ce podcast autour de Rencontres &amp; D\u00e9bats permet de (re)vivre chaque semaine ces rendez-vous. Pour continuer ces mises en ligne commenc\u00e9es fin janvier, retour sur la table ronde organis\u00e9e par Les Trans, Le Collectif des festivals, le Cabaret Vert, en partenariat avec la FEDELIMA [&hellip;]","og_url":"https:\/\/hierostrasbourg.com\/index.php\/2023\/02\/08\/podcast-les-musiques-actuelles-face-au-defi-de-la-decarbonation-3\/","og_site_name":"HIERO STRASBOURG","article_publisher":"https:\/\/www.facebook.com\/fedehierostrasbourg","article_published_time":"2023-02-08T21:40:23+00:00","twitter_card":"summary_large_image","twitter_creator":"@hierostrasbourg","twitter_site":"@hierostrasbourg","twitter_misc":{"Dur\u00e9e de lecture estim\u00e9e":"1 minute"},"schema":{"@context":"https:\/\/schema.org","@graph":[{"@type":"Article","@id":"https:\/\/hierostrasbourg.com\/index.php\/2023\/02\/08\/podcast-les-musiques-actuelles-face-au-defi-de-la-decarbonation-3\/#article","isPartOf":{"@id":"https:\/\/hierostrasbourg.com\/index.php\/2023\/02\/08\/podcast-les-musiques-actuelles-face-au-defi-de-la-decarbonation-3\/"},"author":{"name":"","@id":""},"headline":"[Podcast] Les musiques actuelles face au d\u00e9fi de la d\u00e9carbonation","datePublished":"2023-02-08T21:40:23+00:00","mainEntityOfPage":{"@id":"https:\/\/hierostrasbourg.com\/index.php\/2023\/02\/08\/podcast-les-musiques-actuelles-face-au-defi-de-la-decarbonation-3\/"},"wordCount":149,"publisher":{"@id":"https:\/\/hierostrasbourg.com\/#organization"},"inLanguage":"fr-FR"},{"@type":"WebPage","@id":"https:\/\/hierostrasbourg.com\/index.php\/2023\/02\/08\/podcast-les-musiques-actuelles-face-au-defi-de-la-decarbonation-3\/","url":"https:\/\/hierostrasbourg.com\/index.php\/2023\/02\/08\/podcast-les-musiques-actuelles-face-au-defi-de-la-decarbonation-3\/","name":"[Podcast] Les musiques actuelles face au d\u00e9fi de la d\u00e9carbonation - HIERO STRASBOURG","isPartOf":{"@id":"https:\/\/hierostrasbourg.com\/#website"},"datePublished":"2023-02-08T21:40:23+00:00","breadcrumb":{"@id":"https:\/\/hierostrasbourg.com\/index.php\/2023\/02\/08\/podcast-les-musiques-actuelles-face-au-defi-de-la-decarbonation-3\/#breadcrumb"},"inLanguage":"fr-FR","potentialAction":[{"@type":"ReadAction","target":["https:\/\/hierostrasbourg.com\/index.php\/2023\/02\/08\/podcast-les-musiques-actuelles-face-au-defi-de-la-decarbonation-3\/"]}]},{"@type":"BreadcrumbList","@id":"https:\/\/hierostrasbourg.com\/index.php\/2023\/02\/08\/podcast-les-musiques-actuelles-face-au-defi-de-la-decarbonation-3\/#breadcrumb","itemListElement":[{"@type":"ListItem","position":1,"name":"Accueil","item":"https:\/\/hierostrasbourg.com\/"},{"@type":"ListItem","position":2,"name":"[Podcast] Les musiques actuelles face au d\u00e9fi de la d\u00e9carbonation"}]},{"@type":"WebSite","@id":"https:\/\/hierostrasbourg.com\/#website","url":"https:\/\/hierostrasbourg.com\/","name":"HIERO STRASBOURG","description":"Centre de Ressources Musiques Actuelles","publisher":{"@id":"https:\/\/hierostrasbourg.com\/#organization"},"potentialAction":[{"@type":"SearchAction","target":{"@type":"EntryPoint","urlTemplate":"https:\/\/hierostrasbourg.com\/?s={search_term_string}"},"query-input":{"@type":"PropertyValueSpecification","valueRequired":true,"valueName":"search_term_string"}}],"inLanguage":"fr-FR"},{"@type":"Organization","@id":"https:\/\/hierostrasbourg.com\/#organization","name":"F\u00e9d\u00e9ration Hi\u00e9ro Strasbourg","url":"https:\/\/hierostrasbourg.com\/","logo":{"@type":"ImageObject","inLanguage":"fr-FR","@id":"https:\/\/hierostrasbourg.com\/#\/schema\/logo\/image\/","url":"https:\/\/hierostrasbourg.com\/wp-content\/uploads\/2026\/04\/logo-hiero-strasbourg.jpg","contentUrl":"https:\/\/hierostrasbourg.com\/wp-content\/uploads\/2026\/04\/logo-hiero-strasbourg.jpg","width":204,"height":192,"caption":"F\u00e9d\u00e9ration Hi\u00e9ro Strasbourg"},"image":{"@id":"https:\/\/hierostrasbourg.com\/#\/schema\/logo\/image\/"},"sameAs":["https:\/\/www.facebook.com\/fedehierostrasbourg","https:\/\/x.com\/hierostrasbourg"]}]}},"_links":{"self":[{"href":"https:\/\/hierostrasbourg.com\/index.php\/wp-json\/wp\/v2\/posts\/5021","targetHints":{"allow":["GET"]}}],"collection":[{"href":"https:\/\/hierostrasbourg.com\/index.php\/wp-json\/wp\/v2\/posts"}],"about":[{"href":"https:\/\/hierostrasbourg.com\/index.php\/wp-json\/wp\/v2\/types\/post"}],"replies":[{"embeddable":true,"href":"https:\/\/hierostrasbourg.com\/index.php\/wp-json\/wp\/v2\/comments?post=5021"}],"version-history":[{"count":0,"href":"https:\/\/hierostrasbourg.com\/index.php\/wp-json\/wp\/v2\/posts\/5021\/revisions"}],"wp:attachment":[{"href":"https:\/\/hierostrasbourg.com\/index.php\/wp-json\/wp\/v2\/media?parent=5021"}],"wp:term":[{"taxonomy":"category","embeddable":true,"href":"https:\/\/hierostrasbourg.com\/index.php\/wp-json\/wp\/v2\/categories?post=5021"},{"taxonomy":"post_tag","embeddable":true,"href":"https:\/\/hierostrasbourg.com\/index.php\/wp-json\/wp\/v2\/tags?post=5021"}],"curies":[{"name":"wp","href":"https:\/\/api.w.org\/{rel}","templated":true}]}}