{"id":5011,"date":"2023-02-07T17:42:40","date_gmt":"2023-02-07T16:42:40","guid":{"rendered":"https:\/\/hierostrasbourg.com\/index.php\/2023\/02\/07\/projet-elan-de-lagence-culturelle-grand-est-dispositif-de-formation-de-futurs-professionnels-au-developpement-des-compagnies-2\/"},"modified":"2023-02-07T17:42:40","modified_gmt":"2023-02-07T16:42:40","slug":"projet-elan-de-lagence-culturelle-grand-est-dispositif-de-formation-de-futurs-professionnels-au-developpement-des-compagnies-2","status":"publish","type":"post","link":"https:\/\/hierostrasbourg.com\/index.php\/2023\/02\/07\/projet-elan-de-lagence-culturelle-grand-est-dispositif-de-formation-de-futurs-professionnels-au-developpement-des-compagnies-2\/","title":{"rendered":"projet \u201c\u00c9lan\u201d de l\u2019Agence Culturelle Grand Est, dispositif de formation de futurs professionnels au d\u00e9veloppement des compagnies"},"content":{"rendered":"<p><a href=\"https:\/\/musiquesactuelles.alsace\/projet-elan-de-lagence-culturelle-grand-est-dispositif-de-formation-de-futurs-professionnels-au-developpement-des-compagnies\/\" title=\"projet &quot;\u00c9lan&quot; de l'Agence Culturelle Grand Est, dispositif de formation de futurs professionnels au d\u00e9veloppement des compagnies\"><\/a><\/p>\n<p>r\u00e9serv\u00e9 aux \u00e9quipes artistiques et bureaux de production du Grand Est en partenariat avec l\u2019Afdas Dans le cadre du Contrat d\u2019Objectif Territorial Culture, initi\u00e9 par la R\u00e9gion en 2020, un travail d\u2019identification des m\u00e9tiers en tension de recrutement dans le secteur culturel a \u00e9t\u00e9 lanc\u00e9. Les m\u00e9tiers dits \u00ab\u00a0supports\u00a0\u00bb \u00e0 la cr\u00e9ation artistique \u00e0 savoir\u00a0diffusion,\u00a0production, et\u00a0administration\u00a0ont \u00e9t\u00e9 relev\u00e9s comme \u00e9tant particuli\u00e8rement sous-repr\u00e9sent\u00e9s sur le march\u00e9 du travail par les professionnels et les partenaires sociaux du secteur. L\u2019Agence culturelle Grand Est, [\u2026]<\/p>\n<p>L\u2019article <a href=\"https:\/\/musiquesactuelles.alsace\/projet-elan-de-lagence-culturelle-grand-est-dispositif-de-formation-de-futurs-professionnels-au-developpement-des-compagnies\/\">projet \u201c\u00c9lan\u201d de l\u2019Agence Culturelle Grand Est, dispositif de formation de futurs professionnels au d\u00e9veloppement des compagnies<\/a> est apparu en premier sur <a href=\"https:\/\/musiquesactuelles.alsace\/\">Musiques Actuelles en Alsace<\/a>.<\/p>\n<p>L\u2019article <a href=\"https:\/\/popburo.fr\/projet-elan-de-lagence-culturelle-grand-est-dispositif-de-formation-de-futurs-professionnels-au-developpement-des-compagnies-2\/\">projet \u201c\u00c9lan\u201d de l\u2019Agence Culturelle Grand Est, dispositif de formation de futurs professionnels au d\u00e9veloppement des compagnies<\/a> est apparu en premier sur <a href=\"https:\/\/popburo.fr\/\">POP B\u00dcRO<\/a>.<\/p>\n","protected":false},"excerpt":{"rendered":"<p>r\u00e9serv\u00e9 aux \u00e9quipes artistiques et bureaux de production du Grand Est en partenariat avec l\u2019Afdas Dans le cadre du Contrat d\u2019Objectif Territorial Culture, initi\u00e9 par la R\u00e9gion en 2020, un travail d\u2019identification des m\u00e9tiers en tension de recrutement dans le secteur culturel a \u00e9t\u00e9 lanc\u00e9. Les m\u00e9tiers dits \u00ab\u00a0supports\u00a0\u00bb \u00e0 la cr\u00e9ation artistique \u00e0 savoir\u00a0diffusion,\u00a0production, et\u00a0administration\u00a0ont \u00e9t\u00e9 relev\u00e9s comme \u00e9tant particuli\u00e8rement sous-repr\u00e9sent\u00e9s sur le march\u00e9 du travail par les professionnels et les partenaires sociaux du secteur. L\u2019Agence culturelle Grand Est, [&hellip;]<\/p>\n","protected":false},"author":0,"featured_media":0,"comment_status":"closed","ping_status":"open","sticky":false,"template":"","format":"standard","meta":{"footnotes":""},"categories":[1],"tags":[],"class_list":["post-5011","post","type-post","status-publish","format-standard","hentry","category-non-classe"],"yoast_head":"<!-- This site is optimized with the Yoast SEO plugin v27.4 - https:\/\/yoast.com\/product\/yoast-seo-wordpress\/ -->\n<title>projet \u201c\u00c9lan\u201d de l\u2019Agence Culturelle Grand Est, dispositif de formation de futurs professionnels au d\u00e9veloppement des compagnies - HIERO STRASBOURG<\/title>\n<meta name=\"robots\" content=\"index, follow, max-snippet:-1, max-image-preview:large, max-video-preview:-1\" \/>\n<link rel=\"canonical\" href=\"https:\/\/hierostrasbourg.com\/index.php\/2023\/02\/07\/projet-elan-de-lagence-culturelle-grand-est-dispositif-de-formation-de-futurs-professionnels-au-developpement-des-compagnies-2\/\" \/>\n<meta property=\"og:locale\" content=\"fr_FR\" \/>\n<meta property=\"og:type\" content=\"article\" \/>\n<meta property=\"og:title\" content=\"projet \u201c\u00c9lan\u201d de l\u2019Agence Culturelle Grand Est, dispositif de formation de futurs professionnels au d\u00e9veloppement des compagnies - HIERO STRASBOURG\" \/>\n<meta property=\"og:description\" content=\"r\u00e9serv\u00e9 aux \u00e9quipes artistiques et bureaux de production du Grand Est en partenariat avec l\u2019Afdas Dans le cadre du Contrat d\u2019Objectif Territorial Culture, initi\u00e9 par la R\u00e9gion en 2020, un travail d\u2019identification des m\u00e9tiers en tension de recrutement dans le secteur culturel a \u00e9t\u00e9 lanc\u00e9. Les m\u00e9tiers dits \u00ab\u00a0supports\u00a0\u00bb \u00e0 la cr\u00e9ation artistique \u00e0 savoir\u00a0diffusion,\u00a0production, et\u00a0administration\u00a0ont \u00e9t\u00e9 relev\u00e9s comme \u00e9tant particuli\u00e8rement sous-repr\u00e9sent\u00e9s sur le march\u00e9 du travail par les professionnels et les partenaires sociaux du secteur. L\u2019Agence culturelle Grand Est, [&hellip;]\" \/>\n<meta property=\"og:url\" content=\"https:\/\/hierostrasbourg.com\/index.php\/2023\/02\/07\/projet-elan-de-lagence-culturelle-grand-est-dispositif-de-formation-de-futurs-professionnels-au-developpement-des-compagnies-2\/\" \/>\n<meta property=\"og:site_name\" content=\"HIERO STRASBOURG\" \/>\n<meta property=\"article:publisher\" content=\"https:\/\/www.facebook.com\/fedehierostrasbourg\" \/>\n<meta property=\"article:published_time\" content=\"2023-02-07T16:42:40+00:00\" \/>\n<meta name=\"twitter:card\" content=\"summary_large_image\" \/>\n<meta name=\"twitter:creator\" content=\"@hierostrasbourg\" \/>\n<meta name=\"twitter:site\" content=\"@hierostrasbourg\" \/>\n<meta name=\"twitter:label1\" content=\"Dur\u00e9e de lecture estim\u00e9e\" \/>\n\t<meta name=\"twitter:data1\" content=\"1 minute\" \/>\n<script type=\"application\/ld+json\" class=\"yoast-schema-graph\">{\"@context\":\"https:\\\/\\\/schema.org\",\"@graph\":[{\"@type\":\"Article\",\"@id\":\"https:\\\/\\\/hierostrasbourg.com\\\/index.php\\\/2023\\\/02\\\/07\\\/projet-elan-de-lagence-culturelle-grand-est-dispositif-de-formation-de-futurs-professionnels-au-developpement-des-compagnies-2\\\/#article\",\"isPartOf\":{\"@id\":\"https:\\\/\\\/hierostrasbourg.com\\\/index.php\\\/2023\\\/02\\\/07\\\/projet-elan-de-lagence-culturelle-grand-est-dispositif-de-formation-de-futurs-professionnels-au-developpement-des-compagnies-2\\\/\"},\"author\":{\"name\":\"\",\"@id\":\"\"},\"headline\":\"projet \u201c\u00c9lan\u201d de l\u2019Agence Culturelle Grand Est, dispositif de formation de futurs professionnels au d\u00e9veloppement des compagnies\",\"datePublished\":\"2023-02-07T16:42:40+00:00\",\"mainEntityOfPage\":{\"@id\":\"https:\\\/\\\/hierostrasbourg.com\\\/index.php\\\/2023\\\/02\\\/07\\\/projet-elan-de-lagence-culturelle-grand-est-dispositif-de-formation-de-futurs-professionnels-au-developpement-des-compagnies-2\\\/\"},\"wordCount\":172,\"publisher\":{\"@id\":\"https:\\\/\\\/hierostrasbourg.com\\\/#organization\"},\"inLanguage\":\"fr-FR\"},{\"@type\":\"WebPage\",\"@id\":\"https:\\\/\\\/hierostrasbourg.com\\\/index.php\\\/2023\\\/02\\\/07\\\/projet-elan-de-lagence-culturelle-grand-est-dispositif-de-formation-de-futurs-professionnels-au-developpement-des-compagnies-2\\\/\",\"url\":\"https:\\\/\\\/hierostrasbourg.com\\\/index.php\\\/2023\\\/02\\\/07\\\/projet-elan-de-lagence-culturelle-grand-est-dispositif-de-formation-de-futurs-professionnels-au-developpement-des-compagnies-2\\\/\",\"name\":\"projet \u201c\u00c9lan\u201d de l\u2019Agence Culturelle Grand Est, dispositif de formation de futurs professionnels au d\u00e9veloppement des compagnies - HIERO STRASBOURG\",\"isPartOf\":{\"@id\":\"https:\\\/\\\/hierostrasbourg.com\\\/#website\"},\"datePublished\":\"2023-02-07T16:42:40+00:00\",\"breadcrumb\":{\"@id\":\"https:\\\/\\\/hierostrasbourg.com\\\/index.php\\\/2023\\\/02\\\/07\\\/projet-elan-de-lagence-culturelle-grand-est-dispositif-de-formation-de-futurs-professionnels-au-developpement-des-compagnies-2\\\/#breadcrumb\"},\"inLanguage\":\"fr-FR\",\"potentialAction\":[{\"@type\":\"ReadAction\",\"target\":[\"https:\\\/\\\/hierostrasbourg.com\\\/index.php\\\/2023\\\/02\\\/07\\\/projet-elan-de-lagence-culturelle-grand-est-dispositif-de-formation-de-futurs-professionnels-au-developpement-des-compagnies-2\\\/\"]}]},{\"@type\":\"BreadcrumbList\",\"@id\":\"https:\\\/\\\/hierostrasbourg.com\\\/index.php\\\/2023\\\/02\\\/07\\\/projet-elan-de-lagence-culturelle-grand-est-dispositif-de-formation-de-futurs-professionnels-au-developpement-des-compagnies-2\\\/#breadcrumb\",\"itemListElement\":[{\"@type\":\"ListItem\",\"position\":1,\"name\":\"Accueil\",\"item\":\"https:\\\/\\\/hierostrasbourg.com\\\/\"},{\"@type\":\"ListItem\",\"position\":2,\"name\":\"projet \u201c\u00c9lan\u201d de l\u2019Agence Culturelle Grand Est, dispositif de formation de futurs professionnels au d\u00e9veloppement des compagnies\"}]},{\"@type\":\"WebSite\",\"@id\":\"https:\\\/\\\/hierostrasbourg.com\\\/#website\",\"url\":\"https:\\\/\\\/hierostrasbourg.com\\\/\",\"name\":\"HIERO STRASBOURG\",\"description\":\"Centre de Ressources Musiques Actuelles\",\"publisher\":{\"@id\":\"https:\\\/\\\/hierostrasbourg.com\\\/#organization\"},\"potentialAction\":[{\"@type\":\"SearchAction\",\"target\":{\"@type\":\"EntryPoint\",\"urlTemplate\":\"https:\\\/\\\/hierostrasbourg.com\\\/?s={search_term_string}\"},\"query-input\":{\"@type\":\"PropertyValueSpecification\",\"valueRequired\":true,\"valueName\":\"search_term_string\"}}],\"inLanguage\":\"fr-FR\"},{\"@type\":\"Organization\",\"@id\":\"https:\\\/\\\/hierostrasbourg.com\\\/#organization\",\"name\":\"F\u00e9d\u00e9ration Hi\u00e9ro Strasbourg\",\"url\":\"https:\\\/\\\/hierostrasbourg.com\\\/\",\"logo\":{\"@type\":\"ImageObject\",\"inLanguage\":\"fr-FR\",\"@id\":\"https:\\\/\\\/hierostrasbourg.com\\\/#\\\/schema\\\/logo\\\/image\\\/\",\"url\":\"https:\\\/\\\/hierostrasbourg.com\\\/wp-content\\\/uploads\\\/2026\\\/04\\\/logo-hiero-strasbourg.jpg\",\"contentUrl\":\"https:\\\/\\\/hierostrasbourg.com\\\/wp-content\\\/uploads\\\/2026\\\/04\\\/logo-hiero-strasbourg.jpg\",\"width\":204,\"height\":192,\"caption\":\"F\u00e9d\u00e9ration Hi\u00e9ro Strasbourg\"},\"image\":{\"@id\":\"https:\\\/\\\/hierostrasbourg.com\\\/#\\\/schema\\\/logo\\\/image\\\/\"},\"sameAs\":[\"https:\\\/\\\/www.facebook.com\\\/fedehierostrasbourg\",\"https:\\\/\\\/x.com\\\/hierostrasbourg\"]}]}<\/script>\n<!-- \/ Yoast SEO plugin. -->","yoast_head_json":{"title":"projet \u201c\u00c9lan\u201d de l\u2019Agence Culturelle Grand Est, dispositif de formation de futurs professionnels au d\u00e9veloppement des compagnies - HIERO STRASBOURG","robots":{"index":"index","follow":"follow","max-snippet":"max-snippet:-1","max-image-preview":"max-image-preview:large","max-video-preview":"max-video-preview:-1"},"canonical":"https:\/\/hierostrasbourg.com\/index.php\/2023\/02\/07\/projet-elan-de-lagence-culturelle-grand-est-dispositif-de-formation-de-futurs-professionnels-au-developpement-des-compagnies-2\/","og_locale":"fr_FR","og_type":"article","og_title":"projet \u201c\u00c9lan\u201d de l\u2019Agence Culturelle Grand Est, dispositif de formation de futurs professionnels au d\u00e9veloppement des compagnies - HIERO STRASBOURG","og_description":"r\u00e9serv\u00e9 aux \u00e9quipes artistiques et bureaux de production du Grand Est en partenariat avec l\u2019Afdas Dans le cadre du Contrat d\u2019Objectif Territorial Culture, initi\u00e9 par la R\u00e9gion en 2020, un travail d\u2019identification des m\u00e9tiers en tension de recrutement dans le secteur culturel a \u00e9t\u00e9 lanc\u00e9. Les m\u00e9tiers dits \u00ab\u00a0supports\u00a0\u00bb \u00e0 la cr\u00e9ation artistique \u00e0 savoir\u00a0diffusion,\u00a0production, et\u00a0administration\u00a0ont \u00e9t\u00e9 relev\u00e9s comme \u00e9tant particuli\u00e8rement sous-repr\u00e9sent\u00e9s sur le march\u00e9 du travail par les professionnels et les partenaires sociaux du secteur. L\u2019Agence culturelle Grand Est, [&hellip;]","og_url":"https:\/\/hierostrasbourg.com\/index.php\/2023\/02\/07\/projet-elan-de-lagence-culturelle-grand-est-dispositif-de-formation-de-futurs-professionnels-au-developpement-des-compagnies-2\/","og_site_name":"HIERO STRASBOURG","article_publisher":"https:\/\/www.facebook.com\/fedehierostrasbourg","article_published_time":"2023-02-07T16:42:40+00:00","twitter_card":"summary_large_image","twitter_creator":"@hierostrasbourg","twitter_site":"@hierostrasbourg","twitter_misc":{"Dur\u00e9e de lecture estim\u00e9e":"1 minute"},"schema":{"@context":"https:\/\/schema.org","@graph":[{"@type":"Article","@id":"https:\/\/hierostrasbourg.com\/index.php\/2023\/02\/07\/projet-elan-de-lagence-culturelle-grand-est-dispositif-de-formation-de-futurs-professionnels-au-developpement-des-compagnies-2\/#article","isPartOf":{"@id":"https:\/\/hierostrasbourg.com\/index.php\/2023\/02\/07\/projet-elan-de-lagence-culturelle-grand-est-dispositif-de-formation-de-futurs-professionnels-au-developpement-des-compagnies-2\/"},"author":{"name":"","@id":""},"headline":"projet \u201c\u00c9lan\u201d de l\u2019Agence Culturelle Grand Est, dispositif de formation de futurs professionnels au d\u00e9veloppement des compagnies","datePublished":"2023-02-07T16:42:40+00:00","mainEntityOfPage":{"@id":"https:\/\/hierostrasbourg.com\/index.php\/2023\/02\/07\/projet-elan-de-lagence-culturelle-grand-est-dispositif-de-formation-de-futurs-professionnels-au-developpement-des-compagnies-2\/"},"wordCount":172,"publisher":{"@id":"https:\/\/hierostrasbourg.com\/#organization"},"inLanguage":"fr-FR"},{"@type":"WebPage","@id":"https:\/\/hierostrasbourg.com\/index.php\/2023\/02\/07\/projet-elan-de-lagence-culturelle-grand-est-dispositif-de-formation-de-futurs-professionnels-au-developpement-des-compagnies-2\/","url":"https:\/\/hierostrasbourg.com\/index.php\/2023\/02\/07\/projet-elan-de-lagence-culturelle-grand-est-dispositif-de-formation-de-futurs-professionnels-au-developpement-des-compagnies-2\/","name":"projet \u201c\u00c9lan\u201d de l\u2019Agence Culturelle Grand Est, dispositif de formation de futurs professionnels au d\u00e9veloppement des compagnies - HIERO STRASBOURG","isPartOf":{"@id":"https:\/\/hierostrasbourg.com\/#website"},"datePublished":"2023-02-07T16:42:40+00:00","breadcrumb":{"@id":"https:\/\/hierostrasbourg.com\/index.php\/2023\/02\/07\/projet-elan-de-lagence-culturelle-grand-est-dispositif-de-formation-de-futurs-professionnels-au-developpement-des-compagnies-2\/#breadcrumb"},"inLanguage":"fr-FR","potentialAction":[{"@type":"ReadAction","target":["https:\/\/hierostrasbourg.com\/index.php\/2023\/02\/07\/projet-elan-de-lagence-culturelle-grand-est-dispositif-de-formation-de-futurs-professionnels-au-developpement-des-compagnies-2\/"]}]},{"@type":"BreadcrumbList","@id":"https:\/\/hierostrasbourg.com\/index.php\/2023\/02\/07\/projet-elan-de-lagence-culturelle-grand-est-dispositif-de-formation-de-futurs-professionnels-au-developpement-des-compagnies-2\/#breadcrumb","itemListElement":[{"@type":"ListItem","position":1,"name":"Accueil","item":"https:\/\/hierostrasbourg.com\/"},{"@type":"ListItem","position":2,"name":"projet \u201c\u00c9lan\u201d de l\u2019Agence Culturelle Grand Est, dispositif de formation de futurs professionnels au d\u00e9veloppement des compagnies"}]},{"@type":"WebSite","@id":"https:\/\/hierostrasbourg.com\/#website","url":"https:\/\/hierostrasbourg.com\/","name":"HIERO STRASBOURG","description":"Centre de Ressources Musiques Actuelles","publisher":{"@id":"https:\/\/hierostrasbourg.com\/#organization"},"potentialAction":[{"@type":"SearchAction","target":{"@type":"EntryPoint","urlTemplate":"https:\/\/hierostrasbourg.com\/?s={search_term_string}"},"query-input":{"@type":"PropertyValueSpecification","valueRequired":true,"valueName":"search_term_string"}}],"inLanguage":"fr-FR"},{"@type":"Organization","@id":"https:\/\/hierostrasbourg.com\/#organization","name":"F\u00e9d\u00e9ration Hi\u00e9ro Strasbourg","url":"https:\/\/hierostrasbourg.com\/","logo":{"@type":"ImageObject","inLanguage":"fr-FR","@id":"https:\/\/hierostrasbourg.com\/#\/schema\/logo\/image\/","url":"https:\/\/hierostrasbourg.com\/wp-content\/uploads\/2026\/04\/logo-hiero-strasbourg.jpg","contentUrl":"https:\/\/hierostrasbourg.com\/wp-content\/uploads\/2026\/04\/logo-hiero-strasbourg.jpg","width":204,"height":192,"caption":"F\u00e9d\u00e9ration Hi\u00e9ro Strasbourg"},"image":{"@id":"https:\/\/hierostrasbourg.com\/#\/schema\/logo\/image\/"},"sameAs":["https:\/\/www.facebook.com\/fedehierostrasbourg","https:\/\/x.com\/hierostrasbourg"]}]}},"_links":{"self":[{"href":"https:\/\/hierostrasbourg.com\/index.php\/wp-json\/wp\/v2\/posts\/5011","targetHints":{"allow":["GET"]}}],"collection":[{"href":"https:\/\/hierostrasbourg.com\/index.php\/wp-json\/wp\/v2\/posts"}],"about":[{"href":"https:\/\/hierostrasbourg.com\/index.php\/wp-json\/wp\/v2\/types\/post"}],"replies":[{"embeddable":true,"href":"https:\/\/hierostrasbourg.com\/index.php\/wp-json\/wp\/v2\/comments?post=5011"}],"version-history":[{"count":0,"href":"https:\/\/hierostrasbourg.com\/index.php\/wp-json\/wp\/v2\/posts\/5011\/revisions"}],"wp:attachment":[{"href":"https:\/\/hierostrasbourg.com\/index.php\/wp-json\/wp\/v2\/media?parent=5011"}],"wp:term":[{"taxonomy":"category","embeddable":true,"href":"https:\/\/hierostrasbourg.com\/index.php\/wp-json\/wp\/v2\/categories?post=5011"},{"taxonomy":"post_tag","embeddable":true,"href":"https:\/\/hierostrasbourg.com\/index.php\/wp-json\/wp\/v2\/tags?post=5011"}],"curies":[{"name":"wp","href":"https:\/\/api.w.org\/{rel}","templated":true}]}}