{"id":5007,"date":"2023-02-07T13:40:22","date_gmt":"2023-02-07T12:40:22","guid":{"rendered":"https:\/\/hierostrasbourg.com\/index.php\/2023\/02\/07\/on-na-pas-fini-nouvelle-video-de-outed-chanson-pop-strasbourg-2\/"},"modified":"2023-02-07T13:40:22","modified_gmt":"2023-02-07T12:40:22","slug":"on-na-pas-fini-nouvelle-video-de-outed-chanson-pop-strasbourg-2","status":"publish","type":"post","link":"https:\/\/hierostrasbourg.com\/index.php\/2023\/02\/07\/on-na-pas-fini-nouvelle-video-de-outed-chanson-pop-strasbourg-2\/","title":{"rendered":"\u201cOn n\u2019a pas fini\u201d, nouvelle vid\u00e9o de OUTED [chanson pop \/ Strasbourg]"},"content":{"rendered":"<p><span>autoportrait<\/span><br \/><em>No\u00e9mie Chevaux et Fred Tavernier se sont crois\u00e9s pour la premi\u00e8re fois il y a plus de trente ans, c\u2019\u00e9tait un soir de f\u00eate de la musique. Depuis, ils ne se sont plus jamais quitt\u00e9s et comme un joli clin d\u2019oeil, ils ont form\u00e9 le duo OUTED d\u00e9but 2020 pour \u00eatre ensemble sur sc\u00e8ne comme dans la vie.<\/em><\/p>\n<p><em>OUTED est un tourbillon de couleurs. Le ton est l\u00e9ger, du moins, en apparence. Leurs chansons sont \u00e0 leur image : sinc\u00e8res, libres, en clair-obscur. Elles refl\u00e8tent leurs moments de joie, leurs d\u00e9lires, leurs engagements, leur vision du monde. Ils les \u00e9crivent pour vous faire du bien, pour vous chatouiller gentiment aussi !<\/em><\/p>\n<p><a href=\"http:\/\/www.outed.info\/\">www.outed.info<\/a><\/p>\n<p>\u00a0<\/p>\n<p><span class=\"mce_SELRES_start\">\ufeff<\/span><\/p>\n<p>L\u2019article <a href=\"https:\/\/musiquesactuelles.net\/on-na-pas-fini-nouvelle-video-de-outed-chanson-pop-strasbourg\/\">\u201cOn n\u2019a pas fini\u201d, nouvelle vid\u00e9o de OUTED [chanson pop \/ Strasbourg]<\/a> est apparu en premier sur <a href=\"https:\/\/musiquesactuelles.net\/\">PLATE-FORME MUSIQUES ACTUELLES GRAND EST ALSACE CHAMPAGNE ARDENNE LORRAINE<\/a>.<\/p>\n<p>L\u2019article <a href=\"https:\/\/popburo.fr\/on-na-pas-fini-nouvelle-video-de-outed-chanson-pop-strasbourg\/\">\u201cOn n\u2019a pas fini\u201d, nouvelle vid\u00e9o de OUTED [chanson pop \/ Strasbourg]<\/a> est apparu en premier sur <a href=\"https:\/\/popburo.fr\/\">POP B\u00dcRO<\/a>.<\/p>\n","protected":false},"excerpt":{"rendered":"<p>autoportraitNo\u00e9mie Chevaux et Fred Tavernier se sont crois\u00e9s pour la premi\u00e8re fois il y a plus de trente ans, c\u2019\u00e9tait un soir de f\u00eate de la musique. Depuis, ils ne se sont plus jamais quitt\u00e9s et comme un joli clin d\u2019oeil, ils ont form\u00e9 le duo OUTED d\u00e9but 2020 pour \u00eatre ensemble sur sc\u00e8ne comme dans la vie. OUTED est un tourbillon de couleurs. Le ton est l\u00e9ger, du moins, en apparence. Leurs chansons sont \u00e0 leur image : sinc\u00e8res, [&hellip;]<\/p>\n","protected":false},"author":0,"featured_media":0,"comment_status":"closed","ping_status":"open","sticky":false,"template":"","format":"standard","meta":{"footnotes":""},"categories":[1],"tags":[],"class_list":["post-5007","post","type-post","status-publish","format-standard","hentry","category-non-classe"],"yoast_head":"<!-- This site is optimized with the Yoast SEO plugin v27.4 - https:\/\/yoast.com\/product\/yoast-seo-wordpress\/ -->\n<title>\u201cOn n\u2019a pas fini\u201d, nouvelle vid\u00e9o de OUTED [chanson pop \/ Strasbourg] - HIERO STRASBOURG<\/title>\n<meta name=\"robots\" content=\"index, follow, max-snippet:-1, max-image-preview:large, max-video-preview:-1\" \/>\n<link rel=\"canonical\" href=\"https:\/\/hierostrasbourg.com\/index.php\/2023\/02\/07\/on-na-pas-fini-nouvelle-video-de-outed-chanson-pop-strasbourg-2\/\" \/>\n<meta property=\"og:locale\" content=\"fr_FR\" \/>\n<meta property=\"og:type\" content=\"article\" \/>\n<meta property=\"og:title\" content=\"\u201cOn n\u2019a pas fini\u201d, nouvelle vid\u00e9o de OUTED [chanson pop \/ Strasbourg] - HIERO STRASBOURG\" \/>\n<meta property=\"og:description\" content=\"autoportraitNo\u00e9mie Chevaux et Fred Tavernier se sont crois\u00e9s pour la premi\u00e8re fois il y a plus de trente ans, c\u2019\u00e9tait un soir de f\u00eate de la musique. Depuis, ils ne se sont plus jamais quitt\u00e9s et comme un joli clin d\u2019oeil, ils ont form\u00e9 le duo OUTED d\u00e9but 2020 pour \u00eatre ensemble sur sc\u00e8ne comme dans la vie. OUTED est un tourbillon de couleurs. Le ton est l\u00e9ger, du moins, en apparence. Leurs chansons sont \u00e0 leur image : sinc\u00e8res, [&hellip;]\" \/>\n<meta property=\"og:url\" content=\"https:\/\/hierostrasbourg.com\/index.php\/2023\/02\/07\/on-na-pas-fini-nouvelle-video-de-outed-chanson-pop-strasbourg-2\/\" \/>\n<meta property=\"og:site_name\" content=\"HIERO STRASBOURG\" \/>\n<meta property=\"article:publisher\" content=\"https:\/\/www.facebook.com\/fedehierostrasbourg\" \/>\n<meta property=\"article:published_time\" content=\"2023-02-07T12:40:22+00:00\" \/>\n<meta name=\"twitter:card\" content=\"summary_large_image\" \/>\n<meta name=\"twitter:creator\" content=\"@hierostrasbourg\" \/>\n<meta name=\"twitter:site\" content=\"@hierostrasbourg\" \/>\n<meta name=\"twitter:label1\" content=\"Dur\u00e9e de lecture estim\u00e9e\" \/>\n\t<meta name=\"twitter:data1\" content=\"1 minute\" \/>\n<script type=\"application\/ld+json\" class=\"yoast-schema-graph\">{\"@context\":\"https:\\\/\\\/schema.org\",\"@graph\":[{\"@type\":\"Article\",\"@id\":\"https:\\\/\\\/hierostrasbourg.com\\\/index.php\\\/2023\\\/02\\\/07\\\/on-na-pas-fini-nouvelle-video-de-outed-chanson-pop-strasbourg-2\\\/#article\",\"isPartOf\":{\"@id\":\"https:\\\/\\\/hierostrasbourg.com\\\/index.php\\\/2023\\\/02\\\/07\\\/on-na-pas-fini-nouvelle-video-de-outed-chanson-pop-strasbourg-2\\\/\"},\"author\":{\"name\":\"\",\"@id\":\"\"},\"headline\":\"\u201cOn n\u2019a pas fini\u201d, nouvelle vid\u00e9o de OUTED [chanson pop \\\/ Strasbourg]\",\"datePublished\":\"2023-02-07T12:40:22+00:00\",\"mainEntityOfPage\":{\"@id\":\"https:\\\/\\\/hierostrasbourg.com\\\/index.php\\\/2023\\\/02\\\/07\\\/on-na-pas-fini-nouvelle-video-de-outed-chanson-pop-strasbourg-2\\\/\"},\"wordCount\":189,\"publisher\":{\"@id\":\"https:\\\/\\\/hierostrasbourg.com\\\/#organization\"},\"inLanguage\":\"fr-FR\"},{\"@type\":\"WebPage\",\"@id\":\"https:\\\/\\\/hierostrasbourg.com\\\/index.php\\\/2023\\\/02\\\/07\\\/on-na-pas-fini-nouvelle-video-de-outed-chanson-pop-strasbourg-2\\\/\",\"url\":\"https:\\\/\\\/hierostrasbourg.com\\\/index.php\\\/2023\\\/02\\\/07\\\/on-na-pas-fini-nouvelle-video-de-outed-chanson-pop-strasbourg-2\\\/\",\"name\":\"\u201cOn n\u2019a pas fini\u201d, nouvelle vid\u00e9o de OUTED [chanson pop \\\/ Strasbourg] - HIERO STRASBOURG\",\"isPartOf\":{\"@id\":\"https:\\\/\\\/hierostrasbourg.com\\\/#website\"},\"datePublished\":\"2023-02-07T12:40:22+00:00\",\"breadcrumb\":{\"@id\":\"https:\\\/\\\/hierostrasbourg.com\\\/index.php\\\/2023\\\/02\\\/07\\\/on-na-pas-fini-nouvelle-video-de-outed-chanson-pop-strasbourg-2\\\/#breadcrumb\"},\"inLanguage\":\"fr-FR\",\"potentialAction\":[{\"@type\":\"ReadAction\",\"target\":[\"https:\\\/\\\/hierostrasbourg.com\\\/index.php\\\/2023\\\/02\\\/07\\\/on-na-pas-fini-nouvelle-video-de-outed-chanson-pop-strasbourg-2\\\/\"]}]},{\"@type\":\"BreadcrumbList\",\"@id\":\"https:\\\/\\\/hierostrasbourg.com\\\/index.php\\\/2023\\\/02\\\/07\\\/on-na-pas-fini-nouvelle-video-de-outed-chanson-pop-strasbourg-2\\\/#breadcrumb\",\"itemListElement\":[{\"@type\":\"ListItem\",\"position\":1,\"name\":\"Accueil\",\"item\":\"https:\\\/\\\/hierostrasbourg.com\\\/\"},{\"@type\":\"ListItem\",\"position\":2,\"name\":\"\u201cOn n\u2019a pas fini\u201d, nouvelle vid\u00e9o de OUTED [chanson pop \\\/ Strasbourg]\"}]},{\"@type\":\"WebSite\",\"@id\":\"https:\\\/\\\/hierostrasbourg.com\\\/#website\",\"url\":\"https:\\\/\\\/hierostrasbourg.com\\\/\",\"name\":\"HIERO STRASBOURG\",\"description\":\"Centre de Ressources Musiques Actuelles\",\"publisher\":{\"@id\":\"https:\\\/\\\/hierostrasbourg.com\\\/#organization\"},\"potentialAction\":[{\"@type\":\"SearchAction\",\"target\":{\"@type\":\"EntryPoint\",\"urlTemplate\":\"https:\\\/\\\/hierostrasbourg.com\\\/?s={search_term_string}\"},\"query-input\":{\"@type\":\"PropertyValueSpecification\",\"valueRequired\":true,\"valueName\":\"search_term_string\"}}],\"inLanguage\":\"fr-FR\"},{\"@type\":\"Organization\",\"@id\":\"https:\\\/\\\/hierostrasbourg.com\\\/#organization\",\"name\":\"F\u00e9d\u00e9ration Hi\u00e9ro Strasbourg\",\"url\":\"https:\\\/\\\/hierostrasbourg.com\\\/\",\"logo\":{\"@type\":\"ImageObject\",\"inLanguage\":\"fr-FR\",\"@id\":\"https:\\\/\\\/hierostrasbourg.com\\\/#\\\/schema\\\/logo\\\/image\\\/\",\"url\":\"https:\\\/\\\/hierostrasbourg.com\\\/wp-content\\\/uploads\\\/2026\\\/04\\\/logo-hiero-strasbourg.jpg\",\"contentUrl\":\"https:\\\/\\\/hierostrasbourg.com\\\/wp-content\\\/uploads\\\/2026\\\/04\\\/logo-hiero-strasbourg.jpg\",\"width\":204,\"height\":192,\"caption\":\"F\u00e9d\u00e9ration Hi\u00e9ro Strasbourg\"},\"image\":{\"@id\":\"https:\\\/\\\/hierostrasbourg.com\\\/#\\\/schema\\\/logo\\\/image\\\/\"},\"sameAs\":[\"https:\\\/\\\/www.facebook.com\\\/fedehierostrasbourg\",\"https:\\\/\\\/x.com\\\/hierostrasbourg\"]}]}<\/script>\n<!-- \/ Yoast SEO plugin. -->","yoast_head_json":{"title":"\u201cOn n\u2019a pas fini\u201d, nouvelle vid\u00e9o de OUTED [chanson pop \/ Strasbourg] - HIERO STRASBOURG","robots":{"index":"index","follow":"follow","max-snippet":"max-snippet:-1","max-image-preview":"max-image-preview:large","max-video-preview":"max-video-preview:-1"},"canonical":"https:\/\/hierostrasbourg.com\/index.php\/2023\/02\/07\/on-na-pas-fini-nouvelle-video-de-outed-chanson-pop-strasbourg-2\/","og_locale":"fr_FR","og_type":"article","og_title":"\u201cOn n\u2019a pas fini\u201d, nouvelle vid\u00e9o de OUTED [chanson pop \/ Strasbourg] - HIERO STRASBOURG","og_description":"autoportraitNo\u00e9mie Chevaux et Fred Tavernier se sont crois\u00e9s pour la premi\u00e8re fois il y a plus de trente ans, c\u2019\u00e9tait un soir de f\u00eate de la musique. Depuis, ils ne se sont plus jamais quitt\u00e9s et comme un joli clin d\u2019oeil, ils ont form\u00e9 le duo OUTED d\u00e9but 2020 pour \u00eatre ensemble sur sc\u00e8ne comme dans la vie. OUTED est un tourbillon de couleurs. Le ton est l\u00e9ger, du moins, en apparence. Leurs chansons sont \u00e0 leur image : sinc\u00e8res, [&hellip;]","og_url":"https:\/\/hierostrasbourg.com\/index.php\/2023\/02\/07\/on-na-pas-fini-nouvelle-video-de-outed-chanson-pop-strasbourg-2\/","og_site_name":"HIERO STRASBOURG","article_publisher":"https:\/\/www.facebook.com\/fedehierostrasbourg","article_published_time":"2023-02-07T12:40:22+00:00","twitter_card":"summary_large_image","twitter_creator":"@hierostrasbourg","twitter_site":"@hierostrasbourg","twitter_misc":{"Dur\u00e9e de lecture estim\u00e9e":"1 minute"},"schema":{"@context":"https:\/\/schema.org","@graph":[{"@type":"Article","@id":"https:\/\/hierostrasbourg.com\/index.php\/2023\/02\/07\/on-na-pas-fini-nouvelle-video-de-outed-chanson-pop-strasbourg-2\/#article","isPartOf":{"@id":"https:\/\/hierostrasbourg.com\/index.php\/2023\/02\/07\/on-na-pas-fini-nouvelle-video-de-outed-chanson-pop-strasbourg-2\/"},"author":{"name":"","@id":""},"headline":"\u201cOn n\u2019a pas fini\u201d, nouvelle vid\u00e9o de OUTED [chanson pop \/ Strasbourg]","datePublished":"2023-02-07T12:40:22+00:00","mainEntityOfPage":{"@id":"https:\/\/hierostrasbourg.com\/index.php\/2023\/02\/07\/on-na-pas-fini-nouvelle-video-de-outed-chanson-pop-strasbourg-2\/"},"wordCount":189,"publisher":{"@id":"https:\/\/hierostrasbourg.com\/#organization"},"inLanguage":"fr-FR"},{"@type":"WebPage","@id":"https:\/\/hierostrasbourg.com\/index.php\/2023\/02\/07\/on-na-pas-fini-nouvelle-video-de-outed-chanson-pop-strasbourg-2\/","url":"https:\/\/hierostrasbourg.com\/index.php\/2023\/02\/07\/on-na-pas-fini-nouvelle-video-de-outed-chanson-pop-strasbourg-2\/","name":"\u201cOn n\u2019a pas fini\u201d, nouvelle vid\u00e9o de OUTED [chanson pop \/ Strasbourg] - HIERO STRASBOURG","isPartOf":{"@id":"https:\/\/hierostrasbourg.com\/#website"},"datePublished":"2023-02-07T12:40:22+00:00","breadcrumb":{"@id":"https:\/\/hierostrasbourg.com\/index.php\/2023\/02\/07\/on-na-pas-fini-nouvelle-video-de-outed-chanson-pop-strasbourg-2\/#breadcrumb"},"inLanguage":"fr-FR","potentialAction":[{"@type":"ReadAction","target":["https:\/\/hierostrasbourg.com\/index.php\/2023\/02\/07\/on-na-pas-fini-nouvelle-video-de-outed-chanson-pop-strasbourg-2\/"]}]},{"@type":"BreadcrumbList","@id":"https:\/\/hierostrasbourg.com\/index.php\/2023\/02\/07\/on-na-pas-fini-nouvelle-video-de-outed-chanson-pop-strasbourg-2\/#breadcrumb","itemListElement":[{"@type":"ListItem","position":1,"name":"Accueil","item":"https:\/\/hierostrasbourg.com\/"},{"@type":"ListItem","position":2,"name":"\u201cOn n\u2019a pas fini\u201d, nouvelle vid\u00e9o de OUTED [chanson pop \/ Strasbourg]"}]},{"@type":"WebSite","@id":"https:\/\/hierostrasbourg.com\/#website","url":"https:\/\/hierostrasbourg.com\/","name":"HIERO STRASBOURG","description":"Centre de Ressources Musiques Actuelles","publisher":{"@id":"https:\/\/hierostrasbourg.com\/#organization"},"potentialAction":[{"@type":"SearchAction","target":{"@type":"EntryPoint","urlTemplate":"https:\/\/hierostrasbourg.com\/?s={search_term_string}"},"query-input":{"@type":"PropertyValueSpecification","valueRequired":true,"valueName":"search_term_string"}}],"inLanguage":"fr-FR"},{"@type":"Organization","@id":"https:\/\/hierostrasbourg.com\/#organization","name":"F\u00e9d\u00e9ration Hi\u00e9ro Strasbourg","url":"https:\/\/hierostrasbourg.com\/","logo":{"@type":"ImageObject","inLanguage":"fr-FR","@id":"https:\/\/hierostrasbourg.com\/#\/schema\/logo\/image\/","url":"https:\/\/hierostrasbourg.com\/wp-content\/uploads\/2026\/04\/logo-hiero-strasbourg.jpg","contentUrl":"https:\/\/hierostrasbourg.com\/wp-content\/uploads\/2026\/04\/logo-hiero-strasbourg.jpg","width":204,"height":192,"caption":"F\u00e9d\u00e9ration Hi\u00e9ro Strasbourg"},"image":{"@id":"https:\/\/hierostrasbourg.com\/#\/schema\/logo\/image\/"},"sameAs":["https:\/\/www.facebook.com\/fedehierostrasbourg","https:\/\/x.com\/hierostrasbourg"]}]}},"_links":{"self":[{"href":"https:\/\/hierostrasbourg.com\/index.php\/wp-json\/wp\/v2\/posts\/5007","targetHints":{"allow":["GET"]}}],"collection":[{"href":"https:\/\/hierostrasbourg.com\/index.php\/wp-json\/wp\/v2\/posts"}],"about":[{"href":"https:\/\/hierostrasbourg.com\/index.php\/wp-json\/wp\/v2\/types\/post"}],"replies":[{"embeddable":true,"href":"https:\/\/hierostrasbourg.com\/index.php\/wp-json\/wp\/v2\/comments?post=5007"}],"version-history":[{"count":0,"href":"https:\/\/hierostrasbourg.com\/index.php\/wp-json\/wp\/v2\/posts\/5007\/revisions"}],"wp:attachment":[{"href":"https:\/\/hierostrasbourg.com\/index.php\/wp-json\/wp\/v2\/media?parent=5007"}],"wp:term":[{"taxonomy":"category","embeddable":true,"href":"https:\/\/hierostrasbourg.com\/index.php\/wp-json\/wp\/v2\/categories?post=5007"},{"taxonomy":"post_tag","embeddable":true,"href":"https:\/\/hierostrasbourg.com\/index.php\/wp-json\/wp\/v2\/tags?post=5007"}],"curies":[{"name":"wp","href":"https:\/\/api.w.org\/{rel}","templated":true}]}}