{"id":5001,"date":"2023-02-05T19:40:24","date_gmt":"2023-02-05T18:40:24","guid":{"rendered":"https:\/\/hierostrasbourg.com\/index.php\/2023\/02\/05\/legacy-nouvel-album-de-emile-londonien-jazz-strasbourg\/"},"modified":"2023-02-05T19:40:24","modified_gmt":"2023-02-05T18:40:24","slug":"legacy-nouvel-album-de-emile-londonien-jazz-strasbourg","status":"publish","type":"post","link":"https:\/\/hierostrasbourg.com\/index.php\/2023\/02\/05\/legacy-nouvel-album-de-emile-londonien-jazz-strasbourg\/","title":{"rendered":"\u201d Legacy\u201d, nouvel album de EMILE LONDONIEN [jazz \/ Strasbourg]"},"content":{"rendered":"<p><a href=\"https:\/\/musiquesactuelles.alsace\/legacy-nouvel-album-de-emile-londonien-jazz-strasbourg\/\" title='\" Legacy\", nouvel album de EMILE LONDONIEN [jazz \/ Strasbourg]'><\/a><\/p>\n<p>autoportrait Ce trio issu du collectif strasbourgeois Omezis (Cheap House..), s\u2019est impr\u00e9gn\u00e9 de la sc\u00e8ne du jazz anglais des quinze derni\u00e8res ann\u00e9es. Leurs influences vont d\u2019Acoustic Ladyland \u00e0 Yussef Kamaal, de Sons of Kemet \u00e0 Mark de Clive Lowe en passant par Gogo Penguin. Leur mission est claire: mettre Strasbourg sur la carte du jazz contemporain, et apporter leur contribution \u00e0 la sc\u00e8ne jazz actuelle, en pleine \u00e9bullition. Leurs premi\u00e8res productions ont fait mouche et les \u00e9loges ne tarissent pas! [\u2026]<\/p>\n<p>L\u2019article <a href=\"https:\/\/musiquesactuelles.alsace\/legacy-nouvel-album-de-emile-londonien-jazz-strasbourg\/\">\u201d Legacy\u201d, nouvel album de EMILE LONDONIEN [jazz \/ Strasbourg]<\/a> est apparu en premier sur <a href=\"https:\/\/musiquesactuelles.alsace\/\">Musiques Actuelles en Alsace<\/a>.<\/p>\n<p>L\u2019article <a href=\"https:\/\/popburo.fr\/legacy-nouvel-album-de-emile-londonien-jazz-strasbourg-2\/\">\u201d Legacy\u201d, nouvel album de EMILE LONDONIEN [jazz \/ Strasbourg]<\/a> est apparu en premier sur <a href=\"https:\/\/popburo.fr\/\">POP B\u00dcRO<\/a>.<\/p>\n","protected":false},"excerpt":{"rendered":"<p>autoportrait Ce trio issu du collectif strasbourgeois Omezis (Cheap House..), s\u2019est impr\u00e9gn\u00e9 de la sc\u00e8ne du jazz anglais des quinze derni\u00e8res ann\u00e9es. Leurs influences vont d\u2019Acoustic Ladyland \u00e0 Yussef Kamaal, de Sons of Kemet \u00e0 Mark de Clive Lowe en passant par Gogo Penguin. Leur mission est claire: mettre Strasbourg sur la carte du jazz contemporain, et apporter leur contribution \u00e0 la sc\u00e8ne jazz actuelle, en pleine \u00e9bullition. Leurs premi\u00e8res productions ont fait mouche et les \u00e9loges ne tarissent pas! [&hellip;]<\/p>\n","protected":false},"author":0,"featured_media":0,"comment_status":"closed","ping_status":"open","sticky":false,"template":"","format":"standard","meta":{"footnotes":""},"categories":[1],"tags":[],"class_list":["post-5001","post","type-post","status-publish","format-standard","hentry","category-non-classe"],"yoast_head":"<!-- This site is optimized with the Yoast SEO plugin v27.4 - https:\/\/yoast.com\/product\/yoast-seo-wordpress\/ -->\n<title>\u201d Legacy\u201d, nouvel album de EMILE LONDONIEN [jazz \/ Strasbourg] - HIERO STRASBOURG<\/title>\n<meta name=\"robots\" content=\"index, follow, max-snippet:-1, max-image-preview:large, max-video-preview:-1\" \/>\n<link rel=\"canonical\" href=\"https:\/\/hierostrasbourg.com\/index.php\/2023\/02\/05\/legacy-nouvel-album-de-emile-londonien-jazz-strasbourg\/\" \/>\n<meta property=\"og:locale\" content=\"fr_FR\" \/>\n<meta property=\"og:type\" content=\"article\" \/>\n<meta property=\"og:title\" content=\"\u201d Legacy\u201d, nouvel album de EMILE LONDONIEN [jazz \/ Strasbourg] - HIERO STRASBOURG\" \/>\n<meta property=\"og:description\" content=\"autoportrait Ce trio issu du collectif strasbourgeois Omezis (Cheap House..), s\u2019est impr\u00e9gn\u00e9 de la sc\u00e8ne du jazz anglais des quinze derni\u00e8res ann\u00e9es. Leurs influences vont d\u2019Acoustic Ladyland \u00e0 Yussef Kamaal, de Sons of Kemet \u00e0 Mark de Clive Lowe en passant par Gogo Penguin. Leur mission est claire: mettre Strasbourg sur la carte du jazz contemporain, et apporter leur contribution \u00e0 la sc\u00e8ne jazz actuelle, en pleine \u00e9bullition. Leurs premi\u00e8res productions ont fait mouche et les \u00e9loges ne tarissent pas! [&hellip;]\" \/>\n<meta property=\"og:url\" content=\"https:\/\/hierostrasbourg.com\/index.php\/2023\/02\/05\/legacy-nouvel-album-de-emile-londonien-jazz-strasbourg\/\" \/>\n<meta property=\"og:site_name\" content=\"HIERO STRASBOURG\" \/>\n<meta property=\"article:publisher\" content=\"https:\/\/www.facebook.com\/fedehierostrasbourg\" \/>\n<meta property=\"article:published_time\" content=\"2023-02-05T18:40:24+00:00\" \/>\n<meta name=\"twitter:card\" content=\"summary_large_image\" \/>\n<meta name=\"twitter:creator\" content=\"@hierostrasbourg\" \/>\n<meta name=\"twitter:site\" content=\"@hierostrasbourg\" \/>\n<meta name=\"twitter:label1\" content=\"Dur\u00e9e de lecture estim\u00e9e\" \/>\n\t<meta name=\"twitter:data1\" content=\"1 minute\" \/>\n<script type=\"application\/ld+json\" class=\"yoast-schema-graph\">{\"@context\":\"https:\\\/\\\/schema.org\",\"@graph\":[{\"@type\":\"Article\",\"@id\":\"https:\\\/\\\/hierostrasbourg.com\\\/index.php\\\/2023\\\/02\\\/05\\\/legacy-nouvel-album-de-emile-londonien-jazz-strasbourg\\\/#article\",\"isPartOf\":{\"@id\":\"https:\\\/\\\/hierostrasbourg.com\\\/index.php\\\/2023\\\/02\\\/05\\\/legacy-nouvel-album-de-emile-londonien-jazz-strasbourg\\\/\"},\"author\":{\"name\":\"\",\"@id\":\"\"},\"headline\":\"\u201d Legacy\u201d, nouvel album de EMILE LONDONIEN [jazz \\\/ Strasbourg]\",\"datePublished\":\"2023-02-05T18:40:24+00:00\",\"mainEntityOfPage\":{\"@id\":\"https:\\\/\\\/hierostrasbourg.com\\\/index.php\\\/2023\\\/02\\\/05\\\/legacy-nouvel-album-de-emile-londonien-jazz-strasbourg\\\/\"},\"wordCount\":130,\"publisher\":{\"@id\":\"https:\\\/\\\/hierostrasbourg.com\\\/#organization\"},\"inLanguage\":\"fr-FR\"},{\"@type\":\"WebPage\",\"@id\":\"https:\\\/\\\/hierostrasbourg.com\\\/index.php\\\/2023\\\/02\\\/05\\\/legacy-nouvel-album-de-emile-londonien-jazz-strasbourg\\\/\",\"url\":\"https:\\\/\\\/hierostrasbourg.com\\\/index.php\\\/2023\\\/02\\\/05\\\/legacy-nouvel-album-de-emile-londonien-jazz-strasbourg\\\/\",\"name\":\"\u201d Legacy\u201d, nouvel album de EMILE LONDONIEN [jazz \\\/ Strasbourg] - HIERO STRASBOURG\",\"isPartOf\":{\"@id\":\"https:\\\/\\\/hierostrasbourg.com\\\/#website\"},\"datePublished\":\"2023-02-05T18:40:24+00:00\",\"breadcrumb\":{\"@id\":\"https:\\\/\\\/hierostrasbourg.com\\\/index.php\\\/2023\\\/02\\\/05\\\/legacy-nouvel-album-de-emile-londonien-jazz-strasbourg\\\/#breadcrumb\"},\"inLanguage\":\"fr-FR\",\"potentialAction\":[{\"@type\":\"ReadAction\",\"target\":[\"https:\\\/\\\/hierostrasbourg.com\\\/index.php\\\/2023\\\/02\\\/05\\\/legacy-nouvel-album-de-emile-londonien-jazz-strasbourg\\\/\"]}]},{\"@type\":\"BreadcrumbList\",\"@id\":\"https:\\\/\\\/hierostrasbourg.com\\\/index.php\\\/2023\\\/02\\\/05\\\/legacy-nouvel-album-de-emile-londonien-jazz-strasbourg\\\/#breadcrumb\",\"itemListElement\":[{\"@type\":\"ListItem\",\"position\":1,\"name\":\"Accueil\",\"item\":\"https:\\\/\\\/hierostrasbourg.com\\\/\"},{\"@type\":\"ListItem\",\"position\":2,\"name\":\"\u201d Legacy\u201d, nouvel album de EMILE LONDONIEN [jazz \\\/ Strasbourg]\"}]},{\"@type\":\"WebSite\",\"@id\":\"https:\\\/\\\/hierostrasbourg.com\\\/#website\",\"url\":\"https:\\\/\\\/hierostrasbourg.com\\\/\",\"name\":\"HIERO STRASBOURG\",\"description\":\"Centre de Ressources Musiques Actuelles\",\"publisher\":{\"@id\":\"https:\\\/\\\/hierostrasbourg.com\\\/#organization\"},\"potentialAction\":[{\"@type\":\"SearchAction\",\"target\":{\"@type\":\"EntryPoint\",\"urlTemplate\":\"https:\\\/\\\/hierostrasbourg.com\\\/?s={search_term_string}\"},\"query-input\":{\"@type\":\"PropertyValueSpecification\",\"valueRequired\":true,\"valueName\":\"search_term_string\"}}],\"inLanguage\":\"fr-FR\"},{\"@type\":\"Organization\",\"@id\":\"https:\\\/\\\/hierostrasbourg.com\\\/#organization\",\"name\":\"F\u00e9d\u00e9ration Hi\u00e9ro Strasbourg\",\"url\":\"https:\\\/\\\/hierostrasbourg.com\\\/\",\"logo\":{\"@type\":\"ImageObject\",\"inLanguage\":\"fr-FR\",\"@id\":\"https:\\\/\\\/hierostrasbourg.com\\\/#\\\/schema\\\/logo\\\/image\\\/\",\"url\":\"https:\\\/\\\/hierostrasbourg.com\\\/wp-content\\\/uploads\\\/2026\\\/04\\\/logo-hiero-strasbourg.jpg\",\"contentUrl\":\"https:\\\/\\\/hierostrasbourg.com\\\/wp-content\\\/uploads\\\/2026\\\/04\\\/logo-hiero-strasbourg.jpg\",\"width\":204,\"height\":192,\"caption\":\"F\u00e9d\u00e9ration Hi\u00e9ro Strasbourg\"},\"image\":{\"@id\":\"https:\\\/\\\/hierostrasbourg.com\\\/#\\\/schema\\\/logo\\\/image\\\/\"},\"sameAs\":[\"https:\\\/\\\/www.facebook.com\\\/fedehierostrasbourg\",\"https:\\\/\\\/x.com\\\/hierostrasbourg\"]}]}<\/script>\n<!-- \/ Yoast SEO plugin. -->","yoast_head_json":{"title":"\u201d Legacy\u201d, nouvel album de EMILE LONDONIEN [jazz \/ Strasbourg] - HIERO STRASBOURG","robots":{"index":"index","follow":"follow","max-snippet":"max-snippet:-1","max-image-preview":"max-image-preview:large","max-video-preview":"max-video-preview:-1"},"canonical":"https:\/\/hierostrasbourg.com\/index.php\/2023\/02\/05\/legacy-nouvel-album-de-emile-londonien-jazz-strasbourg\/","og_locale":"fr_FR","og_type":"article","og_title":"\u201d Legacy\u201d, nouvel album de EMILE LONDONIEN [jazz \/ Strasbourg] - HIERO STRASBOURG","og_description":"autoportrait Ce trio issu du collectif strasbourgeois Omezis (Cheap House..), s\u2019est impr\u00e9gn\u00e9 de la sc\u00e8ne du jazz anglais des quinze derni\u00e8res ann\u00e9es. Leurs influences vont d\u2019Acoustic Ladyland \u00e0 Yussef Kamaal, de Sons of Kemet \u00e0 Mark de Clive Lowe en passant par Gogo Penguin. Leur mission est claire: mettre Strasbourg sur la carte du jazz contemporain, et apporter leur contribution \u00e0 la sc\u00e8ne jazz actuelle, en pleine \u00e9bullition. Leurs premi\u00e8res productions ont fait mouche et les \u00e9loges ne tarissent pas! [&hellip;]","og_url":"https:\/\/hierostrasbourg.com\/index.php\/2023\/02\/05\/legacy-nouvel-album-de-emile-londonien-jazz-strasbourg\/","og_site_name":"HIERO STRASBOURG","article_publisher":"https:\/\/www.facebook.com\/fedehierostrasbourg","article_published_time":"2023-02-05T18:40:24+00:00","twitter_card":"summary_large_image","twitter_creator":"@hierostrasbourg","twitter_site":"@hierostrasbourg","twitter_misc":{"Dur\u00e9e de lecture estim\u00e9e":"1 minute"},"schema":{"@context":"https:\/\/schema.org","@graph":[{"@type":"Article","@id":"https:\/\/hierostrasbourg.com\/index.php\/2023\/02\/05\/legacy-nouvel-album-de-emile-londonien-jazz-strasbourg\/#article","isPartOf":{"@id":"https:\/\/hierostrasbourg.com\/index.php\/2023\/02\/05\/legacy-nouvel-album-de-emile-londonien-jazz-strasbourg\/"},"author":{"name":"","@id":""},"headline":"\u201d Legacy\u201d, nouvel album de EMILE LONDONIEN [jazz \/ Strasbourg]","datePublished":"2023-02-05T18:40:24+00:00","mainEntityOfPage":{"@id":"https:\/\/hierostrasbourg.com\/index.php\/2023\/02\/05\/legacy-nouvel-album-de-emile-londonien-jazz-strasbourg\/"},"wordCount":130,"publisher":{"@id":"https:\/\/hierostrasbourg.com\/#organization"},"inLanguage":"fr-FR"},{"@type":"WebPage","@id":"https:\/\/hierostrasbourg.com\/index.php\/2023\/02\/05\/legacy-nouvel-album-de-emile-londonien-jazz-strasbourg\/","url":"https:\/\/hierostrasbourg.com\/index.php\/2023\/02\/05\/legacy-nouvel-album-de-emile-londonien-jazz-strasbourg\/","name":"\u201d Legacy\u201d, nouvel album de EMILE LONDONIEN [jazz \/ Strasbourg] - HIERO STRASBOURG","isPartOf":{"@id":"https:\/\/hierostrasbourg.com\/#website"},"datePublished":"2023-02-05T18:40:24+00:00","breadcrumb":{"@id":"https:\/\/hierostrasbourg.com\/index.php\/2023\/02\/05\/legacy-nouvel-album-de-emile-londonien-jazz-strasbourg\/#breadcrumb"},"inLanguage":"fr-FR","potentialAction":[{"@type":"ReadAction","target":["https:\/\/hierostrasbourg.com\/index.php\/2023\/02\/05\/legacy-nouvel-album-de-emile-londonien-jazz-strasbourg\/"]}]},{"@type":"BreadcrumbList","@id":"https:\/\/hierostrasbourg.com\/index.php\/2023\/02\/05\/legacy-nouvel-album-de-emile-londonien-jazz-strasbourg\/#breadcrumb","itemListElement":[{"@type":"ListItem","position":1,"name":"Accueil","item":"https:\/\/hierostrasbourg.com\/"},{"@type":"ListItem","position":2,"name":"\u201d Legacy\u201d, nouvel album de EMILE LONDONIEN [jazz \/ Strasbourg]"}]},{"@type":"WebSite","@id":"https:\/\/hierostrasbourg.com\/#website","url":"https:\/\/hierostrasbourg.com\/","name":"HIERO STRASBOURG","description":"Centre de Ressources Musiques Actuelles","publisher":{"@id":"https:\/\/hierostrasbourg.com\/#organization"},"potentialAction":[{"@type":"SearchAction","target":{"@type":"EntryPoint","urlTemplate":"https:\/\/hierostrasbourg.com\/?s={search_term_string}"},"query-input":{"@type":"PropertyValueSpecification","valueRequired":true,"valueName":"search_term_string"}}],"inLanguage":"fr-FR"},{"@type":"Organization","@id":"https:\/\/hierostrasbourg.com\/#organization","name":"F\u00e9d\u00e9ration Hi\u00e9ro Strasbourg","url":"https:\/\/hierostrasbourg.com\/","logo":{"@type":"ImageObject","inLanguage":"fr-FR","@id":"https:\/\/hierostrasbourg.com\/#\/schema\/logo\/image\/","url":"https:\/\/hierostrasbourg.com\/wp-content\/uploads\/2026\/04\/logo-hiero-strasbourg.jpg","contentUrl":"https:\/\/hierostrasbourg.com\/wp-content\/uploads\/2026\/04\/logo-hiero-strasbourg.jpg","width":204,"height":192,"caption":"F\u00e9d\u00e9ration Hi\u00e9ro Strasbourg"},"image":{"@id":"https:\/\/hierostrasbourg.com\/#\/schema\/logo\/image\/"},"sameAs":["https:\/\/www.facebook.com\/fedehierostrasbourg","https:\/\/x.com\/hierostrasbourg"]}]}},"_links":{"self":[{"href":"https:\/\/hierostrasbourg.com\/index.php\/wp-json\/wp\/v2\/posts\/5001","targetHints":{"allow":["GET"]}}],"collection":[{"href":"https:\/\/hierostrasbourg.com\/index.php\/wp-json\/wp\/v2\/posts"}],"about":[{"href":"https:\/\/hierostrasbourg.com\/index.php\/wp-json\/wp\/v2\/types\/post"}],"replies":[{"embeddable":true,"href":"https:\/\/hierostrasbourg.com\/index.php\/wp-json\/wp\/v2\/comments?post=5001"}],"version-history":[{"count":0,"href":"https:\/\/hierostrasbourg.com\/index.php\/wp-json\/wp\/v2\/posts\/5001\/revisions"}],"wp:attachment":[{"href":"https:\/\/hierostrasbourg.com\/index.php\/wp-json\/wp\/v2\/media?parent=5001"}],"wp:term":[{"taxonomy":"category","embeddable":true,"href":"https:\/\/hierostrasbourg.com\/index.php\/wp-json\/wp\/v2\/categories?post=5001"},{"taxonomy":"post_tag","embeddable":true,"href":"https:\/\/hierostrasbourg.com\/index.php\/wp-json\/wp\/v2\/tags?post=5001"}],"curies":[{"name":"wp","href":"https:\/\/api.w.org\/{rel}","templated":true}]}}