{"id":499,"date":"2021-05-10T20:19:37","date_gmt":"2021-05-10T18:19:37","guid":{"rendered":"https:\/\/hierostrasbourg.com\/index.php\/2021\/05\/10\/face-aux-contradictions-de-macron-et-de-bachelot-les-festivals-de-musique-ny-comprennent-plus-rien\/"},"modified":"2021-05-10T20:19:37","modified_gmt":"2021-05-10T18:19:37","slug":"face-aux-contradictions-de-macron-et-de-bachelot-les-festivals-de-musique-ny-comprennent-plus-rien","status":"publish","type":"post","link":"https:\/\/hierostrasbourg.com\/index.php\/2021\/05\/10\/face-aux-contradictions-de-macron-et-de-bachelot-les-festivals-de-musique-ny-comprennent-plus-rien\/","title":{"rendered":"Face aux contradictions de Macron et de Bachelot, les festivals de musique n\u2019y comprennent plus rien"},"content":{"rendered":"<p><em>L\u2019obligation d\u2019un pass sanitaire annonc\u00e9e par l\u2019un, la possibilit\u00e9 d\u2019accueillir du public debout pour l\u2019autre : ces d\u00e9clarations plut\u00f4t antinomiques sont venues bousculer le cadre fix\u00e9 pour la reprise des festivals. Certains, comme le Syndicat des musiques actuelles, s\u2019en \u00e9meuvent.<\/em><\/p>\n<p>Source \/ Lire la suite : <a href=\"https:\/\/www.telerama.fr\/musique\/face-aux-contradictions-de-macron-et-de-bachelot-les-festivals-de-musique-ny-comprennent-plus\">Face aux contradictions de Macron et de Bachelot, les festivals de musique n\u2019y comprennent plus rien<\/a><\/p>\n<p>L\u2019article <a href=\"https:\/\/popburo.fr\/face-aux-contradictions-de-macron-et-de-bachelot-les-festivals-de-musique-ny-comprennent-plus-rien\/\">Face aux contradictions de Macron et de Bachelot, les festivals de musique n\u2019y comprennent plus rien<\/a> est apparu en premier sur <a href=\"https:\/\/popburo.fr\/\">POP B\u00dcRO<\/a>.<\/p>\n","protected":false},"excerpt":{"rendered":"<p>L\u2019obligation d\u2019un pass sanitaire annonc\u00e9e par l\u2019un, la possibilit\u00e9 d\u2019accueillir du public debout pour l\u2019autre : ces d\u00e9clarations plut\u00f4t antinomiques sont venues bousculer le cadre fix\u00e9 pour la reprise des festivals. Certains, comme le Syndicat des musiques actuelles, s\u2019en \u00e9meuvent. Source \/ Lire la suite : Face aux contradictions de Macron et de Bachelot, les festivals de musique n\u2019y comprennent plus rien L\u2019article Face aux contradictions de Macron et de Bachelot, les festivals de musique n\u2019y comprennent plus rien est [&hellip;]<\/p>\n","protected":false},"author":0,"featured_media":0,"comment_status":"closed","ping_status":"open","sticky":false,"template":"","format":"standard","meta":{"footnotes":""},"categories":[1],"tags":[],"class_list":["post-499","post","type-post","status-publish","format-standard","hentry","category-non-classe"],"yoast_head":"<!-- This site is optimized with the Yoast SEO plugin v27.5 - https:\/\/yoast.com\/product\/yoast-seo-wordpress\/ -->\n<title>Face aux contradictions de Macron et de Bachelot, les festivals de musique n\u2019y comprennent plus rien - HIERO STRASBOURG<\/title>\n<meta name=\"robots\" content=\"index, follow, max-snippet:-1, max-image-preview:large, max-video-preview:-1\" \/>\n<link rel=\"canonical\" href=\"https:\/\/hierostrasbourg.com\/index.php\/2021\/05\/10\/face-aux-contradictions-de-macron-et-de-bachelot-les-festivals-de-musique-ny-comprennent-plus-rien\/\" \/>\n<meta property=\"og:locale\" content=\"fr_FR\" \/>\n<meta property=\"og:type\" content=\"article\" \/>\n<meta property=\"og:title\" content=\"Face aux contradictions de Macron et de Bachelot, les festivals de musique n\u2019y comprennent plus rien - HIERO STRASBOURG\" \/>\n<meta property=\"og:description\" content=\"L\u2019obligation d\u2019un pass sanitaire annonc\u00e9e par l\u2019un, la possibilit\u00e9 d\u2019accueillir du public debout pour l\u2019autre : ces d\u00e9clarations plut\u00f4t antinomiques sont venues bousculer le cadre fix\u00e9 pour la reprise des festivals. Certains, comme le Syndicat des musiques actuelles, s\u2019en \u00e9meuvent. Source \/ Lire la suite : Face aux contradictions de Macron et de Bachelot, les festivals de musique n\u2019y comprennent plus rien L\u2019article Face aux contradictions de Macron et de Bachelot, les festivals de musique n\u2019y comprennent plus rien est [&hellip;]\" \/>\n<meta property=\"og:url\" content=\"https:\/\/hierostrasbourg.com\/index.php\/2021\/05\/10\/face-aux-contradictions-de-macron-et-de-bachelot-les-festivals-de-musique-ny-comprennent-plus-rien\/\" \/>\n<meta property=\"og:site_name\" content=\"HIERO STRASBOURG\" \/>\n<meta property=\"article:publisher\" content=\"https:\/\/www.facebook.com\/fedehierostrasbourg\" \/>\n<meta property=\"article:published_time\" content=\"2021-05-10T18:19:37+00:00\" \/>\n<meta name=\"twitter:card\" content=\"summary_large_image\" \/>\n<meta name=\"twitter:creator\" content=\"@hierostrasbourg\" \/>\n<meta name=\"twitter:site\" content=\"@hierostrasbourg\" \/>\n<script type=\"application\/ld+json\" class=\"yoast-schema-graph\">{\"@context\":\"https:\\\/\\\/schema.org\",\"@graph\":[{\"@type\":\"Article\",\"@id\":\"https:\\\/\\\/hierostrasbourg.com\\\/index.php\\\/2021\\\/05\\\/10\\\/face-aux-contradictions-de-macron-et-de-bachelot-les-festivals-de-musique-ny-comprennent-plus-rien\\\/#article\",\"isPartOf\":{\"@id\":\"https:\\\/\\\/hierostrasbourg.com\\\/index.php\\\/2021\\\/05\\\/10\\\/face-aux-contradictions-de-macron-et-de-bachelot-les-festivals-de-musique-ny-comprennent-plus-rien\\\/\"},\"author\":{\"name\":\"\",\"@id\":\"\"},\"headline\":\"Face aux contradictions de Macron et de Bachelot, les festivals de musique n\u2019y comprennent plus rien\",\"datePublished\":\"2021-05-10T18:19:37+00:00\",\"mainEntityOfPage\":{\"@id\":\"https:\\\/\\\/hierostrasbourg.com\\\/index.php\\\/2021\\\/05\\\/10\\\/face-aux-contradictions-de-macron-et-de-bachelot-les-festivals-de-musique-ny-comprennent-plus-rien\\\/\"},\"wordCount\":113,\"publisher\":{\"@id\":\"https:\\\/\\\/hierostrasbourg.com\\\/#organization\"},\"inLanguage\":\"fr-FR\"},{\"@type\":\"WebPage\",\"@id\":\"https:\\\/\\\/hierostrasbourg.com\\\/index.php\\\/2021\\\/05\\\/10\\\/face-aux-contradictions-de-macron-et-de-bachelot-les-festivals-de-musique-ny-comprennent-plus-rien\\\/\",\"url\":\"https:\\\/\\\/hierostrasbourg.com\\\/index.php\\\/2021\\\/05\\\/10\\\/face-aux-contradictions-de-macron-et-de-bachelot-les-festivals-de-musique-ny-comprennent-plus-rien\\\/\",\"name\":\"Face aux contradictions de Macron et de Bachelot, les festivals de musique n\u2019y comprennent plus rien - HIERO STRASBOURG\",\"isPartOf\":{\"@id\":\"https:\\\/\\\/hierostrasbourg.com\\\/#website\"},\"datePublished\":\"2021-05-10T18:19:37+00:00\",\"breadcrumb\":{\"@id\":\"https:\\\/\\\/hierostrasbourg.com\\\/index.php\\\/2021\\\/05\\\/10\\\/face-aux-contradictions-de-macron-et-de-bachelot-les-festivals-de-musique-ny-comprennent-plus-rien\\\/#breadcrumb\"},\"inLanguage\":\"fr-FR\",\"potentialAction\":[{\"@type\":\"ReadAction\",\"target\":[\"https:\\\/\\\/hierostrasbourg.com\\\/index.php\\\/2021\\\/05\\\/10\\\/face-aux-contradictions-de-macron-et-de-bachelot-les-festivals-de-musique-ny-comprennent-plus-rien\\\/\"]}]},{\"@type\":\"BreadcrumbList\",\"@id\":\"https:\\\/\\\/hierostrasbourg.com\\\/index.php\\\/2021\\\/05\\\/10\\\/face-aux-contradictions-de-macron-et-de-bachelot-les-festivals-de-musique-ny-comprennent-plus-rien\\\/#breadcrumb\",\"itemListElement\":[{\"@type\":\"ListItem\",\"position\":1,\"name\":\"Accueil\",\"item\":\"https:\\\/\\\/hierostrasbourg.com\\\/\"},{\"@type\":\"ListItem\",\"position\":2,\"name\":\"Face aux contradictions de Macron et de Bachelot, les festivals de musique n\u2019y comprennent plus rien\"}]},{\"@type\":\"WebSite\",\"@id\":\"https:\\\/\\\/hierostrasbourg.com\\\/#website\",\"url\":\"https:\\\/\\\/hierostrasbourg.com\\\/\",\"name\":\"HIERO STRASBOURG\",\"description\":\"Centre de Ressources Musiques Actuelles\",\"publisher\":{\"@id\":\"https:\\\/\\\/hierostrasbourg.com\\\/#organization\"},\"potentialAction\":[{\"@type\":\"SearchAction\",\"target\":{\"@type\":\"EntryPoint\",\"urlTemplate\":\"https:\\\/\\\/hierostrasbourg.com\\\/?s={search_term_string}\"},\"query-input\":{\"@type\":\"PropertyValueSpecification\",\"valueRequired\":true,\"valueName\":\"search_term_string\"}}],\"inLanguage\":\"fr-FR\"},{\"@type\":\"Organization\",\"@id\":\"https:\\\/\\\/hierostrasbourg.com\\\/#organization\",\"name\":\"F\u00e9d\u00e9ration Hi\u00e9ro Strasbourg\",\"url\":\"https:\\\/\\\/hierostrasbourg.com\\\/\",\"logo\":{\"@type\":\"ImageObject\",\"inLanguage\":\"fr-FR\",\"@id\":\"https:\\\/\\\/hierostrasbourg.com\\\/#\\\/schema\\\/logo\\\/image\\\/\",\"url\":\"https:\\\/\\\/hierostrasbourg.com\\\/wp-content\\\/uploads\\\/2026\\\/04\\\/logo-hiero-strasbourg.jpg\",\"contentUrl\":\"https:\\\/\\\/hierostrasbourg.com\\\/wp-content\\\/uploads\\\/2026\\\/04\\\/logo-hiero-strasbourg.jpg\",\"width\":204,\"height\":192,\"caption\":\"F\u00e9d\u00e9ration Hi\u00e9ro Strasbourg\"},\"image\":{\"@id\":\"https:\\\/\\\/hierostrasbourg.com\\\/#\\\/schema\\\/logo\\\/image\\\/\"},\"sameAs\":[\"https:\\\/\\\/www.facebook.com\\\/fedehierostrasbourg\",\"https:\\\/\\\/x.com\\\/hierostrasbourg\"]}]}<\/script>\n<!-- \/ Yoast SEO plugin. -->","yoast_head_json":{"title":"Face aux contradictions de Macron et de Bachelot, les festivals de musique n\u2019y comprennent plus rien - HIERO STRASBOURG","robots":{"index":"index","follow":"follow","max-snippet":"max-snippet:-1","max-image-preview":"max-image-preview:large","max-video-preview":"max-video-preview:-1"},"canonical":"https:\/\/hierostrasbourg.com\/index.php\/2021\/05\/10\/face-aux-contradictions-de-macron-et-de-bachelot-les-festivals-de-musique-ny-comprennent-plus-rien\/","og_locale":"fr_FR","og_type":"article","og_title":"Face aux contradictions de Macron et de Bachelot, les festivals de musique n\u2019y comprennent plus rien - HIERO STRASBOURG","og_description":"L\u2019obligation d\u2019un pass sanitaire annonc\u00e9e par l\u2019un, la possibilit\u00e9 d\u2019accueillir du public debout pour l\u2019autre : ces d\u00e9clarations plut\u00f4t antinomiques sont venues bousculer le cadre fix\u00e9 pour la reprise des festivals. Certains, comme le Syndicat des musiques actuelles, s\u2019en \u00e9meuvent. Source \/ Lire la suite : Face aux contradictions de Macron et de Bachelot, les festivals de musique n\u2019y comprennent plus rien L\u2019article Face aux contradictions de Macron et de Bachelot, les festivals de musique n\u2019y comprennent plus rien est [&hellip;]","og_url":"https:\/\/hierostrasbourg.com\/index.php\/2021\/05\/10\/face-aux-contradictions-de-macron-et-de-bachelot-les-festivals-de-musique-ny-comprennent-plus-rien\/","og_site_name":"HIERO STRASBOURG","article_publisher":"https:\/\/www.facebook.com\/fedehierostrasbourg","article_published_time":"2021-05-10T18:19:37+00:00","twitter_card":"summary_large_image","twitter_creator":"@hierostrasbourg","twitter_site":"@hierostrasbourg","schema":{"@context":"https:\/\/schema.org","@graph":[{"@type":"Article","@id":"https:\/\/hierostrasbourg.com\/index.php\/2021\/05\/10\/face-aux-contradictions-de-macron-et-de-bachelot-les-festivals-de-musique-ny-comprennent-plus-rien\/#article","isPartOf":{"@id":"https:\/\/hierostrasbourg.com\/index.php\/2021\/05\/10\/face-aux-contradictions-de-macron-et-de-bachelot-les-festivals-de-musique-ny-comprennent-plus-rien\/"},"author":{"name":"","@id":""},"headline":"Face aux contradictions de Macron et de Bachelot, les festivals de musique n\u2019y comprennent plus rien","datePublished":"2021-05-10T18:19:37+00:00","mainEntityOfPage":{"@id":"https:\/\/hierostrasbourg.com\/index.php\/2021\/05\/10\/face-aux-contradictions-de-macron-et-de-bachelot-les-festivals-de-musique-ny-comprennent-plus-rien\/"},"wordCount":113,"publisher":{"@id":"https:\/\/hierostrasbourg.com\/#organization"},"inLanguage":"fr-FR"},{"@type":"WebPage","@id":"https:\/\/hierostrasbourg.com\/index.php\/2021\/05\/10\/face-aux-contradictions-de-macron-et-de-bachelot-les-festivals-de-musique-ny-comprennent-plus-rien\/","url":"https:\/\/hierostrasbourg.com\/index.php\/2021\/05\/10\/face-aux-contradictions-de-macron-et-de-bachelot-les-festivals-de-musique-ny-comprennent-plus-rien\/","name":"Face aux contradictions de Macron et de Bachelot, les festivals de musique n\u2019y comprennent plus rien - HIERO STRASBOURG","isPartOf":{"@id":"https:\/\/hierostrasbourg.com\/#website"},"datePublished":"2021-05-10T18:19:37+00:00","breadcrumb":{"@id":"https:\/\/hierostrasbourg.com\/index.php\/2021\/05\/10\/face-aux-contradictions-de-macron-et-de-bachelot-les-festivals-de-musique-ny-comprennent-plus-rien\/#breadcrumb"},"inLanguage":"fr-FR","potentialAction":[{"@type":"ReadAction","target":["https:\/\/hierostrasbourg.com\/index.php\/2021\/05\/10\/face-aux-contradictions-de-macron-et-de-bachelot-les-festivals-de-musique-ny-comprennent-plus-rien\/"]}]},{"@type":"BreadcrumbList","@id":"https:\/\/hierostrasbourg.com\/index.php\/2021\/05\/10\/face-aux-contradictions-de-macron-et-de-bachelot-les-festivals-de-musique-ny-comprennent-plus-rien\/#breadcrumb","itemListElement":[{"@type":"ListItem","position":1,"name":"Accueil","item":"https:\/\/hierostrasbourg.com\/"},{"@type":"ListItem","position":2,"name":"Face aux contradictions de Macron et de Bachelot, les festivals de musique n\u2019y comprennent plus rien"}]},{"@type":"WebSite","@id":"https:\/\/hierostrasbourg.com\/#website","url":"https:\/\/hierostrasbourg.com\/","name":"HIERO STRASBOURG","description":"Centre de Ressources Musiques Actuelles","publisher":{"@id":"https:\/\/hierostrasbourg.com\/#organization"},"potentialAction":[{"@type":"SearchAction","target":{"@type":"EntryPoint","urlTemplate":"https:\/\/hierostrasbourg.com\/?s={search_term_string}"},"query-input":{"@type":"PropertyValueSpecification","valueRequired":true,"valueName":"search_term_string"}}],"inLanguage":"fr-FR"},{"@type":"Organization","@id":"https:\/\/hierostrasbourg.com\/#organization","name":"F\u00e9d\u00e9ration Hi\u00e9ro Strasbourg","url":"https:\/\/hierostrasbourg.com\/","logo":{"@type":"ImageObject","inLanguage":"fr-FR","@id":"https:\/\/hierostrasbourg.com\/#\/schema\/logo\/image\/","url":"https:\/\/hierostrasbourg.com\/wp-content\/uploads\/2026\/04\/logo-hiero-strasbourg.jpg","contentUrl":"https:\/\/hierostrasbourg.com\/wp-content\/uploads\/2026\/04\/logo-hiero-strasbourg.jpg","width":204,"height":192,"caption":"F\u00e9d\u00e9ration Hi\u00e9ro Strasbourg"},"image":{"@id":"https:\/\/hierostrasbourg.com\/#\/schema\/logo\/image\/"},"sameAs":["https:\/\/www.facebook.com\/fedehierostrasbourg","https:\/\/x.com\/hierostrasbourg"]}]}},"_links":{"self":[{"href":"https:\/\/hierostrasbourg.com\/index.php\/wp-json\/wp\/v2\/posts\/499","targetHints":{"allow":["GET"]}}],"collection":[{"href":"https:\/\/hierostrasbourg.com\/index.php\/wp-json\/wp\/v2\/posts"}],"about":[{"href":"https:\/\/hierostrasbourg.com\/index.php\/wp-json\/wp\/v2\/types\/post"}],"replies":[{"embeddable":true,"href":"https:\/\/hierostrasbourg.com\/index.php\/wp-json\/wp\/v2\/comments?post=499"}],"version-history":[{"count":0,"href":"https:\/\/hierostrasbourg.com\/index.php\/wp-json\/wp\/v2\/posts\/499\/revisions"}],"wp:attachment":[{"href":"https:\/\/hierostrasbourg.com\/index.php\/wp-json\/wp\/v2\/media?parent=499"}],"wp:term":[{"taxonomy":"category","embeddable":true,"href":"https:\/\/hierostrasbourg.com\/index.php\/wp-json\/wp\/v2\/categories?post=499"},{"taxonomy":"post_tag","embeddable":true,"href":"https:\/\/hierostrasbourg.com\/index.php\/wp-json\/wp\/v2\/tags?post=499"}],"curies":[{"name":"wp","href":"https:\/\/api.w.org\/{rel}","templated":true}]}}