{"id":4981,"date":"2023-02-04T14:44:58","date_gmt":"2023-02-04T13:44:58","guid":{"rendered":"https:\/\/hierostrasbourg.com\/index.php\/2023\/02\/04\/oh-moon-nouvelle-video-de-ballerine-folk-strasbourg-40\/"},"modified":"2023-02-04T14:44:58","modified_gmt":"2023-02-04T13:44:58","slug":"oh-moon-nouvelle-video-de-ballerine-folk-strasbourg-40","status":"publish","type":"post","link":"https:\/\/hierostrasbourg.com\/index.php\/2023\/02\/04\/oh-moon-nouvelle-video-de-ballerine-folk-strasbourg-40\/","title":{"rendered":"\u201cOh Moon\u201d, nouvelle vid\u00e9o de BALLERINE [folk \/ Strasbourg]"},"content":{"rendered":"<p>autoportrait Je suis Ballerine, et je chante mes \u00e9motions face \u00e0 la vie. Une ballerine qui chante, c\u2019est peut-\u00eatre peu commun, mais c\u2019est ce que je suis. C\u2019est ainsi que j\u2019ai fait mes premiers pas au Conservatoire, quand j\u2019\u00e9tais petite\u2026 Des grands pli\u00e9s dans ma salle de danse aux ronds de jambe sur les planches d\u2019un Op\u00e9ra, j\u2019ai go\u00fbt\u00e9 tr\u00e8s t\u00f4t au plaisir d\u2019\u00eatre sur sc\u00e8ne. Mais la danse m\u2019a ab\u00eem\u00e9e, et la musique est devenue mon refuge. Enfant, j\u2019ai [\u2026]<\/p>\n<p>L\u2019article <a href=\"https:\/\/musiquesactuelles.alsace\/oh-moon-nouvelle-video-de-ballerine-folk-strasbourg\/\">\u201cOh Moon\u201d, nouvelle vid\u00e9o de BALLERINE [folk \/ Strasbourg]<\/a> est apparu en premier sur <a href=\"https:\/\/musiquesactuelles.alsace\/\">Musiques Actuelles en Alsace<\/a>.<\/p>\n<p>L\u2019article <a href=\"https:\/\/popburo.fr\/oh-moon-nouvelle-video-de-ballerine-folk-strasbourg-40\/\">\u201cOh Moon\u201d, nouvelle vid\u00e9o de BALLERINE [folk \/ Strasbourg]<\/a> est apparu en premier sur <a href=\"https:\/\/popburo.fr\/\">POP B\u00dcRO<\/a>.<\/p>\n","protected":false},"excerpt":{"rendered":"<p>autoportrait Je suis Ballerine, et je chante mes \u00e9motions face \u00e0 la vie. Une ballerine qui chante, c\u2019est peut-\u00eatre peu commun, mais c\u2019est ce que je suis. C\u2019est ainsi que j\u2019ai fait mes premiers pas au Conservatoire, quand j\u2019\u00e9tais petite\u2026 Des grands pli\u00e9s dans ma salle de danse aux ronds de jambe sur les planches d\u2019un Op\u00e9ra, j\u2019ai go\u00fbt\u00e9 tr\u00e8s t\u00f4t au plaisir d\u2019\u00eatre sur sc\u00e8ne. Mais la danse m\u2019a ab\u00eem\u00e9e, et la musique est devenue mon refuge. Enfant, j\u2019ai [&hellip;]<\/p>\n","protected":false},"author":0,"featured_media":0,"comment_status":"closed","ping_status":"open","sticky":false,"template":"","format":"standard","meta":{"footnotes":""},"categories":[1],"tags":[],"class_list":["post-4981","post","type-post","status-publish","format-standard","hentry","category-non-classe"],"yoast_head":"<!-- This site is optimized with the Yoast SEO plugin v27.4 - https:\/\/yoast.com\/product\/yoast-seo-wordpress\/ -->\n<title>\u201cOh Moon\u201d, nouvelle vid\u00e9o de BALLERINE [folk \/ Strasbourg] - HIERO STRASBOURG<\/title>\n<meta name=\"robots\" content=\"index, follow, max-snippet:-1, max-image-preview:large, max-video-preview:-1\" \/>\n<link rel=\"canonical\" href=\"https:\/\/hierostrasbourg.com\/index.php\/2023\/02\/04\/oh-moon-nouvelle-video-de-ballerine-folk-strasbourg-40\/\" \/>\n<meta property=\"og:locale\" content=\"fr_FR\" \/>\n<meta property=\"og:type\" content=\"article\" \/>\n<meta property=\"og:title\" content=\"\u201cOh Moon\u201d, nouvelle vid\u00e9o de BALLERINE [folk \/ Strasbourg] - HIERO STRASBOURG\" \/>\n<meta property=\"og:description\" content=\"autoportrait Je suis Ballerine, et je chante mes \u00e9motions face \u00e0 la vie. Une ballerine qui chante, c\u2019est peut-\u00eatre peu commun, mais c\u2019est ce que je suis. C\u2019est ainsi que j\u2019ai fait mes premiers pas au Conservatoire, quand j\u2019\u00e9tais petite\u2026 Des grands pli\u00e9s dans ma salle de danse aux ronds de jambe sur les planches d\u2019un Op\u00e9ra, j\u2019ai go\u00fbt\u00e9 tr\u00e8s t\u00f4t au plaisir d\u2019\u00eatre sur sc\u00e8ne. Mais la danse m\u2019a ab\u00eem\u00e9e, et la musique est devenue mon refuge. Enfant, j\u2019ai [&hellip;]\" \/>\n<meta property=\"og:url\" content=\"https:\/\/hierostrasbourg.com\/index.php\/2023\/02\/04\/oh-moon-nouvelle-video-de-ballerine-folk-strasbourg-40\/\" \/>\n<meta property=\"og:site_name\" content=\"HIERO STRASBOURG\" \/>\n<meta property=\"article:publisher\" content=\"https:\/\/www.facebook.com\/fedehierostrasbourg\" \/>\n<meta property=\"article:published_time\" content=\"2023-02-04T13:44:58+00:00\" \/>\n<meta name=\"twitter:card\" content=\"summary_large_image\" \/>\n<meta name=\"twitter:creator\" content=\"@hierostrasbourg\" \/>\n<meta name=\"twitter:site\" content=\"@hierostrasbourg\" \/>\n<meta name=\"twitter:label1\" content=\"Dur\u00e9e de lecture estim\u00e9e\" \/>\n\t<meta name=\"twitter:data1\" content=\"1 minute\" \/>\n<script type=\"application\/ld+json\" class=\"yoast-schema-graph\">{\"@context\":\"https:\\\/\\\/schema.org\",\"@graph\":[{\"@type\":\"Article\",\"@id\":\"https:\\\/\\\/hierostrasbourg.com\\\/index.php\\\/2023\\\/02\\\/04\\\/oh-moon-nouvelle-video-de-ballerine-folk-strasbourg-40\\\/#article\",\"isPartOf\":{\"@id\":\"https:\\\/\\\/hierostrasbourg.com\\\/index.php\\\/2023\\\/02\\\/04\\\/oh-moon-nouvelle-video-de-ballerine-folk-strasbourg-40\\\/\"},\"author\":{\"name\":\"\",\"@id\":\"\"},\"headline\":\"\u201cOh Moon\u201d, nouvelle vid\u00e9o de BALLERINE [folk \\\/ Strasbourg]\",\"datePublished\":\"2023-02-04T13:44:58+00:00\",\"mainEntityOfPage\":{\"@id\":\"https:\\\/\\\/hierostrasbourg.com\\\/index.php\\\/2023\\\/02\\\/04\\\/oh-moon-nouvelle-video-de-ballerine-folk-strasbourg-40\\\/\"},\"wordCount\":146,\"publisher\":{\"@id\":\"https:\\\/\\\/hierostrasbourg.com\\\/#organization\"},\"inLanguage\":\"fr-FR\"},{\"@type\":\"WebPage\",\"@id\":\"https:\\\/\\\/hierostrasbourg.com\\\/index.php\\\/2023\\\/02\\\/04\\\/oh-moon-nouvelle-video-de-ballerine-folk-strasbourg-40\\\/\",\"url\":\"https:\\\/\\\/hierostrasbourg.com\\\/index.php\\\/2023\\\/02\\\/04\\\/oh-moon-nouvelle-video-de-ballerine-folk-strasbourg-40\\\/\",\"name\":\"\u201cOh Moon\u201d, nouvelle vid\u00e9o de BALLERINE [folk \\\/ Strasbourg] - HIERO STRASBOURG\",\"isPartOf\":{\"@id\":\"https:\\\/\\\/hierostrasbourg.com\\\/#website\"},\"datePublished\":\"2023-02-04T13:44:58+00:00\",\"breadcrumb\":{\"@id\":\"https:\\\/\\\/hierostrasbourg.com\\\/index.php\\\/2023\\\/02\\\/04\\\/oh-moon-nouvelle-video-de-ballerine-folk-strasbourg-40\\\/#breadcrumb\"},\"inLanguage\":\"fr-FR\",\"potentialAction\":[{\"@type\":\"ReadAction\",\"target\":[\"https:\\\/\\\/hierostrasbourg.com\\\/index.php\\\/2023\\\/02\\\/04\\\/oh-moon-nouvelle-video-de-ballerine-folk-strasbourg-40\\\/\"]}]},{\"@type\":\"BreadcrumbList\",\"@id\":\"https:\\\/\\\/hierostrasbourg.com\\\/index.php\\\/2023\\\/02\\\/04\\\/oh-moon-nouvelle-video-de-ballerine-folk-strasbourg-40\\\/#breadcrumb\",\"itemListElement\":[{\"@type\":\"ListItem\",\"position\":1,\"name\":\"Accueil\",\"item\":\"https:\\\/\\\/hierostrasbourg.com\\\/\"},{\"@type\":\"ListItem\",\"position\":2,\"name\":\"\u201cOh Moon\u201d, nouvelle vid\u00e9o de BALLERINE [folk \\\/ Strasbourg]\"}]},{\"@type\":\"WebSite\",\"@id\":\"https:\\\/\\\/hierostrasbourg.com\\\/#website\",\"url\":\"https:\\\/\\\/hierostrasbourg.com\\\/\",\"name\":\"HIERO STRASBOURG\",\"description\":\"Centre de Ressources Musiques Actuelles\",\"publisher\":{\"@id\":\"https:\\\/\\\/hierostrasbourg.com\\\/#organization\"},\"potentialAction\":[{\"@type\":\"SearchAction\",\"target\":{\"@type\":\"EntryPoint\",\"urlTemplate\":\"https:\\\/\\\/hierostrasbourg.com\\\/?s={search_term_string}\"},\"query-input\":{\"@type\":\"PropertyValueSpecification\",\"valueRequired\":true,\"valueName\":\"search_term_string\"}}],\"inLanguage\":\"fr-FR\"},{\"@type\":\"Organization\",\"@id\":\"https:\\\/\\\/hierostrasbourg.com\\\/#organization\",\"name\":\"F\u00e9d\u00e9ration Hi\u00e9ro Strasbourg\",\"url\":\"https:\\\/\\\/hierostrasbourg.com\\\/\",\"logo\":{\"@type\":\"ImageObject\",\"inLanguage\":\"fr-FR\",\"@id\":\"https:\\\/\\\/hierostrasbourg.com\\\/#\\\/schema\\\/logo\\\/image\\\/\",\"url\":\"https:\\\/\\\/hierostrasbourg.com\\\/wp-content\\\/uploads\\\/2026\\\/04\\\/logo-hiero-strasbourg.jpg\",\"contentUrl\":\"https:\\\/\\\/hierostrasbourg.com\\\/wp-content\\\/uploads\\\/2026\\\/04\\\/logo-hiero-strasbourg.jpg\",\"width\":204,\"height\":192,\"caption\":\"F\u00e9d\u00e9ration Hi\u00e9ro Strasbourg\"},\"image\":{\"@id\":\"https:\\\/\\\/hierostrasbourg.com\\\/#\\\/schema\\\/logo\\\/image\\\/\"},\"sameAs\":[\"https:\\\/\\\/www.facebook.com\\\/fedehierostrasbourg\",\"https:\\\/\\\/x.com\\\/hierostrasbourg\"]}]}<\/script>\n<!-- \/ Yoast SEO plugin. -->","yoast_head_json":{"title":"\u201cOh Moon\u201d, nouvelle vid\u00e9o de BALLERINE [folk \/ Strasbourg] - HIERO STRASBOURG","robots":{"index":"index","follow":"follow","max-snippet":"max-snippet:-1","max-image-preview":"max-image-preview:large","max-video-preview":"max-video-preview:-1"},"canonical":"https:\/\/hierostrasbourg.com\/index.php\/2023\/02\/04\/oh-moon-nouvelle-video-de-ballerine-folk-strasbourg-40\/","og_locale":"fr_FR","og_type":"article","og_title":"\u201cOh Moon\u201d, nouvelle vid\u00e9o de BALLERINE [folk \/ Strasbourg] - HIERO STRASBOURG","og_description":"autoportrait Je suis Ballerine, et je chante mes \u00e9motions face \u00e0 la vie. Une ballerine qui chante, c\u2019est peut-\u00eatre peu commun, mais c\u2019est ce que je suis. C\u2019est ainsi que j\u2019ai fait mes premiers pas au Conservatoire, quand j\u2019\u00e9tais petite\u2026 Des grands pli\u00e9s dans ma salle de danse aux ronds de jambe sur les planches d\u2019un Op\u00e9ra, j\u2019ai go\u00fbt\u00e9 tr\u00e8s t\u00f4t au plaisir d\u2019\u00eatre sur sc\u00e8ne. Mais la danse m\u2019a ab\u00eem\u00e9e, et la musique est devenue mon refuge. Enfant, j\u2019ai [&hellip;]","og_url":"https:\/\/hierostrasbourg.com\/index.php\/2023\/02\/04\/oh-moon-nouvelle-video-de-ballerine-folk-strasbourg-40\/","og_site_name":"HIERO STRASBOURG","article_publisher":"https:\/\/www.facebook.com\/fedehierostrasbourg","article_published_time":"2023-02-04T13:44:58+00:00","twitter_card":"summary_large_image","twitter_creator":"@hierostrasbourg","twitter_site":"@hierostrasbourg","twitter_misc":{"Dur\u00e9e de lecture estim\u00e9e":"1 minute"},"schema":{"@context":"https:\/\/schema.org","@graph":[{"@type":"Article","@id":"https:\/\/hierostrasbourg.com\/index.php\/2023\/02\/04\/oh-moon-nouvelle-video-de-ballerine-folk-strasbourg-40\/#article","isPartOf":{"@id":"https:\/\/hierostrasbourg.com\/index.php\/2023\/02\/04\/oh-moon-nouvelle-video-de-ballerine-folk-strasbourg-40\/"},"author":{"name":"","@id":""},"headline":"\u201cOh Moon\u201d, nouvelle vid\u00e9o de BALLERINE [folk \/ Strasbourg]","datePublished":"2023-02-04T13:44:58+00:00","mainEntityOfPage":{"@id":"https:\/\/hierostrasbourg.com\/index.php\/2023\/02\/04\/oh-moon-nouvelle-video-de-ballerine-folk-strasbourg-40\/"},"wordCount":146,"publisher":{"@id":"https:\/\/hierostrasbourg.com\/#organization"},"inLanguage":"fr-FR"},{"@type":"WebPage","@id":"https:\/\/hierostrasbourg.com\/index.php\/2023\/02\/04\/oh-moon-nouvelle-video-de-ballerine-folk-strasbourg-40\/","url":"https:\/\/hierostrasbourg.com\/index.php\/2023\/02\/04\/oh-moon-nouvelle-video-de-ballerine-folk-strasbourg-40\/","name":"\u201cOh Moon\u201d, nouvelle vid\u00e9o de BALLERINE [folk \/ Strasbourg] - HIERO STRASBOURG","isPartOf":{"@id":"https:\/\/hierostrasbourg.com\/#website"},"datePublished":"2023-02-04T13:44:58+00:00","breadcrumb":{"@id":"https:\/\/hierostrasbourg.com\/index.php\/2023\/02\/04\/oh-moon-nouvelle-video-de-ballerine-folk-strasbourg-40\/#breadcrumb"},"inLanguage":"fr-FR","potentialAction":[{"@type":"ReadAction","target":["https:\/\/hierostrasbourg.com\/index.php\/2023\/02\/04\/oh-moon-nouvelle-video-de-ballerine-folk-strasbourg-40\/"]}]},{"@type":"BreadcrumbList","@id":"https:\/\/hierostrasbourg.com\/index.php\/2023\/02\/04\/oh-moon-nouvelle-video-de-ballerine-folk-strasbourg-40\/#breadcrumb","itemListElement":[{"@type":"ListItem","position":1,"name":"Accueil","item":"https:\/\/hierostrasbourg.com\/"},{"@type":"ListItem","position":2,"name":"\u201cOh Moon\u201d, nouvelle vid\u00e9o de BALLERINE [folk \/ Strasbourg]"}]},{"@type":"WebSite","@id":"https:\/\/hierostrasbourg.com\/#website","url":"https:\/\/hierostrasbourg.com\/","name":"HIERO STRASBOURG","description":"Centre de Ressources Musiques Actuelles","publisher":{"@id":"https:\/\/hierostrasbourg.com\/#organization"},"potentialAction":[{"@type":"SearchAction","target":{"@type":"EntryPoint","urlTemplate":"https:\/\/hierostrasbourg.com\/?s={search_term_string}"},"query-input":{"@type":"PropertyValueSpecification","valueRequired":true,"valueName":"search_term_string"}}],"inLanguage":"fr-FR"},{"@type":"Organization","@id":"https:\/\/hierostrasbourg.com\/#organization","name":"F\u00e9d\u00e9ration Hi\u00e9ro Strasbourg","url":"https:\/\/hierostrasbourg.com\/","logo":{"@type":"ImageObject","inLanguage":"fr-FR","@id":"https:\/\/hierostrasbourg.com\/#\/schema\/logo\/image\/","url":"https:\/\/hierostrasbourg.com\/wp-content\/uploads\/2026\/04\/logo-hiero-strasbourg.jpg","contentUrl":"https:\/\/hierostrasbourg.com\/wp-content\/uploads\/2026\/04\/logo-hiero-strasbourg.jpg","width":204,"height":192,"caption":"F\u00e9d\u00e9ration Hi\u00e9ro Strasbourg"},"image":{"@id":"https:\/\/hierostrasbourg.com\/#\/schema\/logo\/image\/"},"sameAs":["https:\/\/www.facebook.com\/fedehierostrasbourg","https:\/\/x.com\/hierostrasbourg"]}]}},"_links":{"self":[{"href":"https:\/\/hierostrasbourg.com\/index.php\/wp-json\/wp\/v2\/posts\/4981","targetHints":{"allow":["GET"]}}],"collection":[{"href":"https:\/\/hierostrasbourg.com\/index.php\/wp-json\/wp\/v2\/posts"}],"about":[{"href":"https:\/\/hierostrasbourg.com\/index.php\/wp-json\/wp\/v2\/types\/post"}],"replies":[{"embeddable":true,"href":"https:\/\/hierostrasbourg.com\/index.php\/wp-json\/wp\/v2\/comments?post=4981"}],"version-history":[{"count":0,"href":"https:\/\/hierostrasbourg.com\/index.php\/wp-json\/wp\/v2\/posts\/4981\/revisions"}],"wp:attachment":[{"href":"https:\/\/hierostrasbourg.com\/index.php\/wp-json\/wp\/v2\/media?parent=4981"}],"wp:term":[{"taxonomy":"category","embeddable":true,"href":"https:\/\/hierostrasbourg.com\/index.php\/wp-json\/wp\/v2\/categories?post=4981"},{"taxonomy":"post_tag","embeddable":true,"href":"https:\/\/hierostrasbourg.com\/index.php\/wp-json\/wp\/v2\/tags?post=4981"}],"curies":[{"name":"wp","href":"https:\/\/api.w.org\/{rel}","templated":true}]}}