{"id":4980,"date":"2023-02-04T14:44:58","date_gmt":"2023-02-04T13:44:58","guid":{"rendered":"https:\/\/hierostrasbourg.com\/index.php\/2023\/02\/04\/le-kafteur-espace-k-recrute-un-charge-de-billetterie-et-daccueil-f-h\/"},"modified":"2023-02-04T14:44:58","modified_gmt":"2023-02-04T13:44:58","slug":"le-kafteur-espace-k-recrute-un-charge-de-billetterie-et-daccueil-f-h","status":"publish","type":"post","link":"https:\/\/hierostrasbourg.com\/index.php\/2023\/02\/04\/le-kafteur-espace-k-recrute-un-charge-de-billetterie-et-daccueil-f-h\/","title":{"rendered":"LE KAFTEUR \u2013 ESPACE K recrute un charg\u00e9 de billetterie et d\u2019accueil [F\/H]"},"content":{"rendered":"<h2>GESTION DE LA BILLETTERIE ET DE L\u2019ACCUEIL<\/h2>\n<p>Gestion de la billetterie : param\u00e9trage du logiciel, suivi des ventes et des abonnements, suivi des jauges, des quotas de ventes, des livres de caisses, d\u00e9claration trimestrielle sur SIBIL\u2026<br \/>\nGestion du fichier public.<br \/>\nAccueil physique du public, des partenaires et des professionnels.<br \/>\nAccueil du public en billetterie en journ\u00e9e (permanences caisse de jour et lors des repr\u00e9sentations jeune public)<br \/>\nAccueil du public en soir\u00e9e et les week-ends lors des repr\u00e9sentations \u00e0 l\u2019Espace K ou dans d\u2019autres lieux.<\/p>\n<h2>GESTION LOGISTIQUE<\/h2>\n<p>G\u00e9rer l\u2019espace d\u2019accueil du th\u00e9\u00e2tre : affichages, am\u00e9nagements, gestion du stock des boissons du bar, commandes internet et r\u00e9ception des fournitures du bar.<\/p>\n<h2>APPUI SUR LE VOLET COMMUNICATION<\/h2>\n<p>Participer aux missions de communication, en lien avec la responsable de communication (pr\u00e9sence sur diverses manifestations : salons, forums\u2026)<\/p>\n<h2>PROFIL<\/h2>\n<p>Bac + 2 minimum et exp\u00e9rience similaire souhait\u00e9e<br \/>\nGrand int\u00e9r\u00eat pour le milieu culturel<br \/>\nMa\u00eetrise des outils informatiques et bureautiques : la connaissance du logiciel TICKBOSS serait un plus<br \/>\nQualit\u00e9s relationnelles et sens du travail en \u00e9quipe<br \/>\nCapacit\u00e9 \u00e0 g\u00e9rer les priorit\u00e9s, prendre des initiatives, \u00e0 s\u2019adapter<br \/>\nRigueur, r\u00e9activit\u00e9.<br \/>\nFlexibilit\u00e9 au niveau des horaires et disponibilit\u00e9s (travail en soir\u00e9es, week-ends)<br \/>\nAutonomie<\/p>\n<p>TYPE DE CONTRAT : CDI, 35 heures annualis\u00e9es<br \/>\nR\u00c9MUN\u00c9RATION : 1746\u20ac brut (groupe 6 \/ \u00e9chelon 1 par la convention collective nationale des entreprises du secteur priv\u00e9 du spectacle vivant)<\/p>\n<p>Date de prise de fonction : D\u00e8s que possible<\/p>\n<p>Date limite de candidature : 28 f\u00e9vrier 2023<\/p>\n<h2>POUR R\u00c9PONDRE \u00c0 CETTE OFFRE<\/h2>\n<p>Merci d\u2019adresser CV et lettre de motivation par courriel \u00e0 l\u2019adresse suivante : info@espace-k.com<br \/>\nESPACE K, HUMOUR ET AUTRES CURIOSIT\u00c9S<br \/>\n10 RUE DU HOHWALD<br \/>\n67000 STRASBOURG<\/p>\n<p><a href=\"http:\/\/www.espace-k.com\/\">www.espace-k.com<\/a><\/p>\n<p>L\u2019article <a href=\"https:\/\/popburo.fr\/le-kafteur-espace-k-recrute-un-charge-de-billetterie-et-daccueil-f-h\/\">LE KAFTEUR \u2013 ESPACE K recrute un charg\u00e9 de billetterie et d\u2019accueil [F\/H]<\/a> est apparu en premier sur <a href=\"https:\/\/popburo.fr\/\">POP B\u00dcRO<\/a>.<\/p>\n","protected":false},"excerpt":{"rendered":"<p>GESTION DE LA BILLETTERIE ET DE L\u2019ACCUEIL Gestion de la billetterie : param\u00e9trage du logiciel, suivi des ventes et des abonnements, suivi des jauges, des quotas de ventes, des livres de caisses, d\u00e9claration trimestrielle sur SIBIL\u2026 Gestion du fichier public. Accueil physique du public, des partenaires et des professionnels. Accueil du public en billetterie en journ\u00e9e (permanences caisse de jour et lors des repr\u00e9sentations jeune public) Accueil du public en soir\u00e9e et les week-ends lors des repr\u00e9sentations \u00e0 l\u2019Espace K [&hellip;]<\/p>\n","protected":false},"author":0,"featured_media":0,"comment_status":"closed","ping_status":"open","sticky":false,"template":"","format":"standard","meta":{"footnotes":""},"categories":[1],"tags":[],"class_list":["post-4980","post","type-post","status-publish","format-standard","hentry","category-non-classe"],"yoast_head":"<!-- This site is optimized with the Yoast SEO plugin v27.4 - https:\/\/yoast.com\/product\/yoast-seo-wordpress\/ -->\n<title>LE KAFTEUR \u2013 ESPACE K recrute un charg\u00e9 de billetterie et d\u2019accueil [F\/H] - HIERO STRASBOURG<\/title>\n<meta name=\"robots\" content=\"index, follow, max-snippet:-1, max-image-preview:large, max-video-preview:-1\" \/>\n<link rel=\"canonical\" href=\"https:\/\/hierostrasbourg.com\/index.php\/2023\/02\/04\/le-kafteur-espace-k-recrute-un-charge-de-billetterie-et-daccueil-f-h\/\" \/>\n<meta property=\"og:locale\" content=\"fr_FR\" \/>\n<meta property=\"og:type\" content=\"article\" \/>\n<meta property=\"og:title\" content=\"LE KAFTEUR \u2013 ESPACE K recrute un charg\u00e9 de billetterie et d\u2019accueil [F\/H] - HIERO STRASBOURG\" \/>\n<meta property=\"og:description\" content=\"GESTION DE LA BILLETTERIE ET DE L\u2019ACCUEIL Gestion de la billetterie : param\u00e9trage du logiciel, suivi des ventes et des abonnements, suivi des jauges, des quotas de ventes, des livres de caisses, d\u00e9claration trimestrielle sur SIBIL\u2026 Gestion du fichier public. Accueil physique du public, des partenaires et des professionnels. Accueil du public en billetterie en journ\u00e9e (permanences caisse de jour et lors des repr\u00e9sentations jeune public) Accueil du public en soir\u00e9e et les week-ends lors des repr\u00e9sentations \u00e0 l\u2019Espace K [&hellip;]\" \/>\n<meta property=\"og:url\" content=\"https:\/\/hierostrasbourg.com\/index.php\/2023\/02\/04\/le-kafteur-espace-k-recrute-un-charge-de-billetterie-et-daccueil-f-h\/\" \/>\n<meta property=\"og:site_name\" content=\"HIERO STRASBOURG\" \/>\n<meta property=\"article:publisher\" content=\"https:\/\/www.facebook.com\/fedehierostrasbourg\" \/>\n<meta property=\"article:published_time\" content=\"2023-02-04T13:44:58+00:00\" \/>\n<meta name=\"twitter:card\" content=\"summary_large_image\" \/>\n<meta name=\"twitter:creator\" content=\"@hierostrasbourg\" \/>\n<meta name=\"twitter:site\" content=\"@hierostrasbourg\" \/>\n<meta name=\"twitter:label1\" content=\"Dur\u00e9e de lecture estim\u00e9e\" \/>\n\t<meta name=\"twitter:data1\" content=\"2 minutes\" \/>\n<script type=\"application\/ld+json\" class=\"yoast-schema-graph\">{\"@context\":\"https:\\\/\\\/schema.org\",\"@graph\":[{\"@type\":\"Article\",\"@id\":\"https:\\\/\\\/hierostrasbourg.com\\\/index.php\\\/2023\\\/02\\\/04\\\/le-kafteur-espace-k-recrute-un-charge-de-billetterie-et-daccueil-f-h\\\/#article\",\"isPartOf\":{\"@id\":\"https:\\\/\\\/hierostrasbourg.com\\\/index.php\\\/2023\\\/02\\\/04\\\/le-kafteur-espace-k-recrute-un-charge-de-billetterie-et-daccueil-f-h\\\/\"},\"author\":{\"name\":\"\",\"@id\":\"\"},\"headline\":\"LE KAFTEUR \u2013 ESPACE K recrute un charg\u00e9 de billetterie et d\u2019accueil [F\\\/H]\",\"datePublished\":\"2023-02-04T13:44:58+00:00\",\"mainEntityOfPage\":{\"@id\":\"https:\\\/\\\/hierostrasbourg.com\\\/index.php\\\/2023\\\/02\\\/04\\\/le-kafteur-espace-k-recrute-un-charge-de-billetterie-et-daccueil-f-h\\\/\"},\"wordCount\":328,\"publisher\":{\"@id\":\"https:\\\/\\\/hierostrasbourg.com\\\/#organization\"},\"inLanguage\":\"fr-FR\"},{\"@type\":\"WebPage\",\"@id\":\"https:\\\/\\\/hierostrasbourg.com\\\/index.php\\\/2023\\\/02\\\/04\\\/le-kafteur-espace-k-recrute-un-charge-de-billetterie-et-daccueil-f-h\\\/\",\"url\":\"https:\\\/\\\/hierostrasbourg.com\\\/index.php\\\/2023\\\/02\\\/04\\\/le-kafteur-espace-k-recrute-un-charge-de-billetterie-et-daccueil-f-h\\\/\",\"name\":\"LE KAFTEUR \u2013 ESPACE K recrute un charg\u00e9 de billetterie et d\u2019accueil [F\\\/H] - HIERO STRASBOURG\",\"isPartOf\":{\"@id\":\"https:\\\/\\\/hierostrasbourg.com\\\/#website\"},\"datePublished\":\"2023-02-04T13:44:58+00:00\",\"breadcrumb\":{\"@id\":\"https:\\\/\\\/hierostrasbourg.com\\\/index.php\\\/2023\\\/02\\\/04\\\/le-kafteur-espace-k-recrute-un-charge-de-billetterie-et-daccueil-f-h\\\/#breadcrumb\"},\"inLanguage\":\"fr-FR\",\"potentialAction\":[{\"@type\":\"ReadAction\",\"target\":[\"https:\\\/\\\/hierostrasbourg.com\\\/index.php\\\/2023\\\/02\\\/04\\\/le-kafteur-espace-k-recrute-un-charge-de-billetterie-et-daccueil-f-h\\\/\"]}]},{\"@type\":\"BreadcrumbList\",\"@id\":\"https:\\\/\\\/hierostrasbourg.com\\\/index.php\\\/2023\\\/02\\\/04\\\/le-kafteur-espace-k-recrute-un-charge-de-billetterie-et-daccueil-f-h\\\/#breadcrumb\",\"itemListElement\":[{\"@type\":\"ListItem\",\"position\":1,\"name\":\"Accueil\",\"item\":\"https:\\\/\\\/hierostrasbourg.com\\\/\"},{\"@type\":\"ListItem\",\"position\":2,\"name\":\"LE KAFTEUR \u2013 ESPACE K recrute un charg\u00e9 de billetterie et d\u2019accueil [F\\\/H]\"}]},{\"@type\":\"WebSite\",\"@id\":\"https:\\\/\\\/hierostrasbourg.com\\\/#website\",\"url\":\"https:\\\/\\\/hierostrasbourg.com\\\/\",\"name\":\"HIERO STRASBOURG\",\"description\":\"Centre de Ressources Musiques Actuelles\",\"publisher\":{\"@id\":\"https:\\\/\\\/hierostrasbourg.com\\\/#organization\"},\"potentialAction\":[{\"@type\":\"SearchAction\",\"target\":{\"@type\":\"EntryPoint\",\"urlTemplate\":\"https:\\\/\\\/hierostrasbourg.com\\\/?s={search_term_string}\"},\"query-input\":{\"@type\":\"PropertyValueSpecification\",\"valueRequired\":true,\"valueName\":\"search_term_string\"}}],\"inLanguage\":\"fr-FR\"},{\"@type\":\"Organization\",\"@id\":\"https:\\\/\\\/hierostrasbourg.com\\\/#organization\",\"name\":\"F\u00e9d\u00e9ration Hi\u00e9ro Strasbourg\",\"url\":\"https:\\\/\\\/hierostrasbourg.com\\\/\",\"logo\":{\"@type\":\"ImageObject\",\"inLanguage\":\"fr-FR\",\"@id\":\"https:\\\/\\\/hierostrasbourg.com\\\/#\\\/schema\\\/logo\\\/image\\\/\",\"url\":\"https:\\\/\\\/hierostrasbourg.com\\\/wp-content\\\/uploads\\\/2026\\\/04\\\/logo-hiero-strasbourg.jpg\",\"contentUrl\":\"https:\\\/\\\/hierostrasbourg.com\\\/wp-content\\\/uploads\\\/2026\\\/04\\\/logo-hiero-strasbourg.jpg\",\"width\":204,\"height\":192,\"caption\":\"F\u00e9d\u00e9ration Hi\u00e9ro Strasbourg\"},\"image\":{\"@id\":\"https:\\\/\\\/hierostrasbourg.com\\\/#\\\/schema\\\/logo\\\/image\\\/\"},\"sameAs\":[\"https:\\\/\\\/www.facebook.com\\\/fedehierostrasbourg\",\"https:\\\/\\\/x.com\\\/hierostrasbourg\"]}]}<\/script>\n<!-- \/ Yoast SEO plugin. -->","yoast_head_json":{"title":"LE KAFTEUR \u2013 ESPACE K recrute un charg\u00e9 de billetterie et d\u2019accueil [F\/H] - HIERO STRASBOURG","robots":{"index":"index","follow":"follow","max-snippet":"max-snippet:-1","max-image-preview":"max-image-preview:large","max-video-preview":"max-video-preview:-1"},"canonical":"https:\/\/hierostrasbourg.com\/index.php\/2023\/02\/04\/le-kafteur-espace-k-recrute-un-charge-de-billetterie-et-daccueil-f-h\/","og_locale":"fr_FR","og_type":"article","og_title":"LE KAFTEUR \u2013 ESPACE K recrute un charg\u00e9 de billetterie et d\u2019accueil [F\/H] - HIERO STRASBOURG","og_description":"GESTION DE LA BILLETTERIE ET DE L\u2019ACCUEIL Gestion de la billetterie : param\u00e9trage du logiciel, suivi des ventes et des abonnements, suivi des jauges, des quotas de ventes, des livres de caisses, d\u00e9claration trimestrielle sur SIBIL\u2026 Gestion du fichier public. Accueil physique du public, des partenaires et des professionnels. Accueil du public en billetterie en journ\u00e9e (permanences caisse de jour et lors des repr\u00e9sentations jeune public) Accueil du public en soir\u00e9e et les week-ends lors des repr\u00e9sentations \u00e0 l\u2019Espace K [&hellip;]","og_url":"https:\/\/hierostrasbourg.com\/index.php\/2023\/02\/04\/le-kafteur-espace-k-recrute-un-charge-de-billetterie-et-daccueil-f-h\/","og_site_name":"HIERO STRASBOURG","article_publisher":"https:\/\/www.facebook.com\/fedehierostrasbourg","article_published_time":"2023-02-04T13:44:58+00:00","twitter_card":"summary_large_image","twitter_creator":"@hierostrasbourg","twitter_site":"@hierostrasbourg","twitter_misc":{"Dur\u00e9e de lecture estim\u00e9e":"2 minutes"},"schema":{"@context":"https:\/\/schema.org","@graph":[{"@type":"Article","@id":"https:\/\/hierostrasbourg.com\/index.php\/2023\/02\/04\/le-kafteur-espace-k-recrute-un-charge-de-billetterie-et-daccueil-f-h\/#article","isPartOf":{"@id":"https:\/\/hierostrasbourg.com\/index.php\/2023\/02\/04\/le-kafteur-espace-k-recrute-un-charge-de-billetterie-et-daccueil-f-h\/"},"author":{"name":"","@id":""},"headline":"LE KAFTEUR \u2013 ESPACE K recrute un charg\u00e9 de billetterie et d\u2019accueil [F\/H]","datePublished":"2023-02-04T13:44:58+00:00","mainEntityOfPage":{"@id":"https:\/\/hierostrasbourg.com\/index.php\/2023\/02\/04\/le-kafteur-espace-k-recrute-un-charge-de-billetterie-et-daccueil-f-h\/"},"wordCount":328,"publisher":{"@id":"https:\/\/hierostrasbourg.com\/#organization"},"inLanguage":"fr-FR"},{"@type":"WebPage","@id":"https:\/\/hierostrasbourg.com\/index.php\/2023\/02\/04\/le-kafteur-espace-k-recrute-un-charge-de-billetterie-et-daccueil-f-h\/","url":"https:\/\/hierostrasbourg.com\/index.php\/2023\/02\/04\/le-kafteur-espace-k-recrute-un-charge-de-billetterie-et-daccueil-f-h\/","name":"LE KAFTEUR \u2013 ESPACE K recrute un charg\u00e9 de billetterie et d\u2019accueil [F\/H] - HIERO STRASBOURG","isPartOf":{"@id":"https:\/\/hierostrasbourg.com\/#website"},"datePublished":"2023-02-04T13:44:58+00:00","breadcrumb":{"@id":"https:\/\/hierostrasbourg.com\/index.php\/2023\/02\/04\/le-kafteur-espace-k-recrute-un-charge-de-billetterie-et-daccueil-f-h\/#breadcrumb"},"inLanguage":"fr-FR","potentialAction":[{"@type":"ReadAction","target":["https:\/\/hierostrasbourg.com\/index.php\/2023\/02\/04\/le-kafteur-espace-k-recrute-un-charge-de-billetterie-et-daccueil-f-h\/"]}]},{"@type":"BreadcrumbList","@id":"https:\/\/hierostrasbourg.com\/index.php\/2023\/02\/04\/le-kafteur-espace-k-recrute-un-charge-de-billetterie-et-daccueil-f-h\/#breadcrumb","itemListElement":[{"@type":"ListItem","position":1,"name":"Accueil","item":"https:\/\/hierostrasbourg.com\/"},{"@type":"ListItem","position":2,"name":"LE KAFTEUR \u2013 ESPACE K recrute un charg\u00e9 de billetterie et d\u2019accueil [F\/H]"}]},{"@type":"WebSite","@id":"https:\/\/hierostrasbourg.com\/#website","url":"https:\/\/hierostrasbourg.com\/","name":"HIERO STRASBOURG","description":"Centre de Ressources Musiques Actuelles","publisher":{"@id":"https:\/\/hierostrasbourg.com\/#organization"},"potentialAction":[{"@type":"SearchAction","target":{"@type":"EntryPoint","urlTemplate":"https:\/\/hierostrasbourg.com\/?s={search_term_string}"},"query-input":{"@type":"PropertyValueSpecification","valueRequired":true,"valueName":"search_term_string"}}],"inLanguage":"fr-FR"},{"@type":"Organization","@id":"https:\/\/hierostrasbourg.com\/#organization","name":"F\u00e9d\u00e9ration Hi\u00e9ro Strasbourg","url":"https:\/\/hierostrasbourg.com\/","logo":{"@type":"ImageObject","inLanguage":"fr-FR","@id":"https:\/\/hierostrasbourg.com\/#\/schema\/logo\/image\/","url":"https:\/\/hierostrasbourg.com\/wp-content\/uploads\/2026\/04\/logo-hiero-strasbourg.jpg","contentUrl":"https:\/\/hierostrasbourg.com\/wp-content\/uploads\/2026\/04\/logo-hiero-strasbourg.jpg","width":204,"height":192,"caption":"F\u00e9d\u00e9ration Hi\u00e9ro Strasbourg"},"image":{"@id":"https:\/\/hierostrasbourg.com\/#\/schema\/logo\/image\/"},"sameAs":["https:\/\/www.facebook.com\/fedehierostrasbourg","https:\/\/x.com\/hierostrasbourg"]}]}},"_links":{"self":[{"href":"https:\/\/hierostrasbourg.com\/index.php\/wp-json\/wp\/v2\/posts\/4980","targetHints":{"allow":["GET"]}}],"collection":[{"href":"https:\/\/hierostrasbourg.com\/index.php\/wp-json\/wp\/v2\/posts"}],"about":[{"href":"https:\/\/hierostrasbourg.com\/index.php\/wp-json\/wp\/v2\/types\/post"}],"replies":[{"embeddable":true,"href":"https:\/\/hierostrasbourg.com\/index.php\/wp-json\/wp\/v2\/comments?post=4980"}],"version-history":[{"count":0,"href":"https:\/\/hierostrasbourg.com\/index.php\/wp-json\/wp\/v2\/posts\/4980\/revisions"}],"wp:attachment":[{"href":"https:\/\/hierostrasbourg.com\/index.php\/wp-json\/wp\/v2\/media?parent=4980"}],"wp:term":[{"taxonomy":"category","embeddable":true,"href":"https:\/\/hierostrasbourg.com\/index.php\/wp-json\/wp\/v2\/categories?post=4980"},{"taxonomy":"post_tag","embeddable":true,"href":"https:\/\/hierostrasbourg.com\/index.php\/wp-json\/wp\/v2\/tags?post=4980"}],"curies":[{"name":"wp","href":"https:\/\/api.w.org\/{rel}","templated":true}]}}