{"id":4771,"date":"2023-02-03T00:41:14","date_gmt":"2023-02-02T23:41:14","guid":{"rendered":"https:\/\/hierostrasbourg.com\/index.php\/2023\/02\/03\/oh-moon-nouvelle-video-de-ballerine-folk-strasbourg-2\/"},"modified":"2023-02-03T00:41:14","modified_gmt":"2023-02-02T23:41:14","slug":"oh-moon-nouvelle-video-de-ballerine-folk-strasbourg-2","status":"publish","type":"post","link":"https:\/\/hierostrasbourg.com\/index.php\/2023\/02\/03\/oh-moon-nouvelle-video-de-ballerine-folk-strasbourg-2\/","title":{"rendered":"\u201cOh Moon\u201d, nouvelle vid\u00e9o de BALLERINE [folk \/ Strasbourg]"},"content":{"rendered":"<p><span>autoportrait<\/span><br \/><em>Je suis Ballerine, et je chante mes \u00e9motions face \u00e0 la vie.<\/em><br \/><em>Une ballerine qui chante, c\u2019est peut-\u00eatre peu commun, mais c\u2019est ce que je suis. C\u2019est ainsi que j\u2019ai fait mes premiers pas au Conservatoire, quand j\u2019\u00e9tais petite\u2026<\/em><br \/><em>Des grands pli\u00e9s dans ma salle de danse aux ronds de jambe sur les planches d\u2019un Op\u00e9ra, j\u2019ai go\u00fbt\u00e9 tr\u00e8s t\u00f4t au plaisir d\u2019\u00eatre sur sc\u00e8ne.<\/em><br \/><em>Mais la danse m\u2019a ab\u00eem\u00e9e, et la musique est devenue mon refuge.<\/em><br \/><em>Enfant, j\u2019ai d\u00e9couvert le piano, la guitare\u2026 mais c\u2019est le chant que j\u2019ai choisi d\u2019approfondir, comme une seconde langue.<\/em><br \/><em>Et si les bases classiques m\u2019ont \u00e9t\u00e9 enseign\u00e9es, c\u2019est dans ma chambre d\u2019adolescente que je chantais les albums entiers de mes artistes pr\u00e9f\u00e9r\u00e9s.<\/em><br \/><em>A 12 ans, j\u2019ai compos\u00e9 ma premi\u00e8re chanson d\u2019amour, sur ma petite guitare d\u2019enfant.<\/em><br \/><em>Depuis ce jour, c\u2019est dans mes morceaux que j\u2019exprime le plus spontan\u00e9ment mes sentiments.<\/em><br \/><em>A 20 ans, j\u2019ai \u00e9cum\u00e9 les festivals et j\u2019ai ador\u00e9 faire danser les foules avec mon groupe\u2026 de ska !<\/em><br \/><em>Mais rapidement, j\u2019ai \u00e9t\u00e9 rattrap\u00e9e par la musique qui me faisait vraiment vibrer. Le trip-hop et la soul m\u2019ont cueillie et j\u2019ai rejoint le groupe Soulfight, avec qui j\u2019ai d\u00e9couvert la puissance d\u2019une audience calme et attentive.<\/em><br \/><em>A La Laiterie \u00e0 Strasbourg, au Brise-Glace \u00e0 Annecy ou lors du Nancy Jazz Pulsation, j\u2019ai renforc\u00e9 ma conviction : la sc\u00e8ne est ma maison !<\/em><br \/><em>Et puis j\u2019ai rencontr\u00e9 ma famille de c\u0153ur, The International Unplugged Rock\u2019n\u2019Roll Society. Avec cette troupe d\u2019une vingtaine de musiciens confirm\u00e9s, j\u2019ai v\u00e9cu les plus beaux moments de ma vie d\u2019artiste. Petit rouage d\u2019une machine d\u2019amour et de partage, j\u2019ai explor\u00e9 le rock, la pop, et m\u00eame le rap, face \u00e0 un public fid\u00e8le et de plus en plus nombreux, qui nous a pouss\u00e9s \u00e0 jouer dans des salles de plus en plus grandes.<\/em><br \/><em>Gris\u00e9e par cette force collective, j\u2019ai trouv\u00e9 en moi les ressources pour enfin m\u2019exposer, seule, ma guitare \u00e0 la main, un piano sous les doigts et un looper \u00e0 mes pieds, avec mes nombreuses compositions jusqu\u2019alors inexploit\u00e9es\u2026.<\/em><br \/><em>Inspir\u00e9e d\u2019artistes comme Sophie Hunger, K\u2019s Choice ou Portishead, Ballerine est n\u00e9e.<\/em><br \/><em>3 EP depuis 2016, une trentaine de dates en solo et quelques concerts en quatuor \u00e9lectrique, ont confirm\u00e9 mon addiction aux \u00e9changes magiques qui peuvent se produire avec le public.<\/em><br \/><em>Devant 10 personnes dans une m\u00e9diath\u00e8que ou face \u00e0 300 inconnus dans des salles plus conventionnelles, mon ambition est la m\u00eame : construire une bulle dans laquelle je puisse conter mes \u00e9motions et suspendre le temps\u2026<\/em><br \/><em>En 2020, le temps s\u2019est vraiment suspendu, et j\u2019ai failli m\u2019y perdre\u2026<\/em><br \/><em>Puis la guitare de mon enfance m\u2019a souffl\u00e9 quelques notes, et doucement, j\u2019ai retrouv\u00e9 mon chemin.<\/em><br \/><em>\u201cSlow\u201d est n\u00e9, et c\u2019est sur la route que j\u2019ai envie de raconter l\u2019histoire de ce dernier EP\u2026 en concert, dans ma bulle, avec qui voudra bien y entrer\u2026<\/em><\/p>\n<p>R\u00e9alisation et montage : Melody Meyer Di Rosa<br \/>\nCr\u00e9ation, d\u00e9coupage et manipulation : Claire Aprahamian<br \/>\nImages : Matthias Bour<br \/>\nAssistant technique : Gatien Morin<\/p>\n<p><a href=\"http:\/\/www.ballerine.live\/\" target=\"_blank\" rel=\"noopener\">www.ballerine.live<\/a><\/p>\n<p><span class=\"mce_SELRES_start\">\ufeff<\/span><\/p>\n<p>L\u2019article <a href=\"https:\/\/musiquesactuelles.net\/oh-moon-nouvelle-video-de-ballerine-folk-strasbourg\/\">\u201cOh Moon\u201d, nouvelle vid\u00e9o de BALLERINE [folk \/ Strasbourg]<\/a> est apparu en premier sur <a href=\"https:\/\/musiquesactuelles.net\/\">PLATE-FORME MUSIQUES ACTUELLES GRAND EST ALSACE CHAMPAGNE ARDENNE LORRAINE<\/a>.<\/p>\n<p>L\u2019article <a href=\"https:\/\/popburo.fr\/oh-moon-nouvelle-video-de-ballerine-folk-strasbourg\/\">\u201cOh Moon\u201d, nouvelle vid\u00e9o de BALLERINE [folk \/ Strasbourg]<\/a> est apparu en premier sur <a href=\"https:\/\/popburo.fr\/\">POP B\u00dcRO<\/a>.<\/p>\n","protected":false},"excerpt":{"rendered":"<p>autoportraitJe suis Ballerine, et je chante mes \u00e9motions face \u00e0 la vie.Une ballerine qui chante, c\u2019est peut-\u00eatre peu commun, mais c\u2019est ce que je suis. C\u2019est ainsi que j\u2019ai fait mes premiers pas au Conservatoire, quand j\u2019\u00e9tais petite\u2026Des grands pli\u00e9s dans ma salle de danse aux ronds de jambe sur les planches d\u2019un Op\u00e9ra, j\u2019ai go\u00fbt\u00e9 tr\u00e8s t\u00f4t au plaisir d\u2019\u00eatre sur sc\u00e8ne.Mais la danse m\u2019a ab\u00eem\u00e9e, et la musique est devenue mon refuge.Enfant, j\u2019ai d\u00e9couvert le piano, la guitare\u2026 [&hellip;]<\/p>\n","protected":false},"author":0,"featured_media":0,"comment_status":"closed","ping_status":"open","sticky":false,"template":"","format":"standard","meta":{"footnotes":""},"categories":[1],"tags":[],"class_list":["post-4771","post","type-post","status-publish","format-standard","hentry","category-non-classe"],"yoast_head":"<!-- This site is optimized with the Yoast SEO plugin v27.5 - https:\/\/yoast.com\/product\/yoast-seo-wordpress\/ -->\n<title>\u201cOh Moon\u201d, nouvelle vid\u00e9o de BALLERINE [folk \/ Strasbourg] - HIERO STRASBOURG<\/title>\n<meta name=\"robots\" content=\"index, follow, max-snippet:-1, max-image-preview:large, max-video-preview:-1\" \/>\n<link rel=\"canonical\" href=\"https:\/\/hierostrasbourg.com\/index.php\/2023\/02\/03\/oh-moon-nouvelle-video-de-ballerine-folk-strasbourg-2\/\" \/>\n<meta property=\"og:locale\" content=\"fr_FR\" \/>\n<meta property=\"og:type\" content=\"article\" \/>\n<meta property=\"og:title\" content=\"\u201cOh Moon\u201d, nouvelle vid\u00e9o de BALLERINE [folk \/ Strasbourg] - HIERO STRASBOURG\" \/>\n<meta property=\"og:description\" content=\"autoportraitJe suis Ballerine, et je chante mes \u00e9motions face \u00e0 la vie.Une ballerine qui chante, c\u2019est peut-\u00eatre peu commun, mais c\u2019est ce que je suis. C\u2019est ainsi que j\u2019ai fait mes premiers pas au Conservatoire, quand j\u2019\u00e9tais petite\u2026Des grands pli\u00e9s dans ma salle de danse aux ronds de jambe sur les planches d\u2019un Op\u00e9ra, j\u2019ai go\u00fbt\u00e9 tr\u00e8s t\u00f4t au plaisir d\u2019\u00eatre sur sc\u00e8ne.Mais la danse m\u2019a ab\u00eem\u00e9e, et la musique est devenue mon refuge.Enfant, j\u2019ai d\u00e9couvert le piano, la guitare\u2026 [&hellip;]\" \/>\n<meta property=\"og:url\" content=\"https:\/\/hierostrasbourg.com\/index.php\/2023\/02\/03\/oh-moon-nouvelle-video-de-ballerine-folk-strasbourg-2\/\" \/>\n<meta property=\"og:site_name\" content=\"HIERO STRASBOURG\" \/>\n<meta property=\"article:publisher\" content=\"https:\/\/www.facebook.com\/fedehierostrasbourg\" \/>\n<meta property=\"article:published_time\" content=\"2023-02-02T23:41:14+00:00\" \/>\n<meta name=\"twitter:card\" content=\"summary_large_image\" \/>\n<meta name=\"twitter:creator\" content=\"@hierostrasbourg\" \/>\n<meta name=\"twitter:site\" content=\"@hierostrasbourg\" \/>\n<meta name=\"twitter:label1\" content=\"Dur\u00e9e de lecture estim\u00e9e\" \/>\n\t<meta name=\"twitter:data1\" content=\"3 minutes\" \/>\n<script type=\"application\/ld+json\" class=\"yoast-schema-graph\">{\"@context\":\"https:\\\/\\\/schema.org\",\"@graph\":[{\"@type\":\"Article\",\"@id\":\"https:\\\/\\\/hierostrasbourg.com\\\/index.php\\\/2023\\\/02\\\/03\\\/oh-moon-nouvelle-video-de-ballerine-folk-strasbourg-2\\\/#article\",\"isPartOf\":{\"@id\":\"https:\\\/\\\/hierostrasbourg.com\\\/index.php\\\/2023\\\/02\\\/03\\\/oh-moon-nouvelle-video-de-ballerine-folk-strasbourg-2\\\/\"},\"author\":{\"name\":\"\",\"@id\":\"\"},\"headline\":\"\u201cOh Moon\u201d, nouvelle vid\u00e9o de BALLERINE [folk \\\/ Strasbourg]\",\"datePublished\":\"2023-02-02T23:41:14+00:00\",\"mainEntityOfPage\":{\"@id\":\"https:\\\/\\\/hierostrasbourg.com\\\/index.php\\\/2023\\\/02\\\/03\\\/oh-moon-nouvelle-video-de-ballerine-folk-strasbourg-2\\\/\"},\"wordCount\":620,\"publisher\":{\"@id\":\"https:\\\/\\\/hierostrasbourg.com\\\/#organization\"},\"inLanguage\":\"fr-FR\"},{\"@type\":\"WebPage\",\"@id\":\"https:\\\/\\\/hierostrasbourg.com\\\/index.php\\\/2023\\\/02\\\/03\\\/oh-moon-nouvelle-video-de-ballerine-folk-strasbourg-2\\\/\",\"url\":\"https:\\\/\\\/hierostrasbourg.com\\\/index.php\\\/2023\\\/02\\\/03\\\/oh-moon-nouvelle-video-de-ballerine-folk-strasbourg-2\\\/\",\"name\":\"\u201cOh Moon\u201d, nouvelle vid\u00e9o de BALLERINE [folk \\\/ Strasbourg] - HIERO STRASBOURG\",\"isPartOf\":{\"@id\":\"https:\\\/\\\/hierostrasbourg.com\\\/#website\"},\"datePublished\":\"2023-02-02T23:41:14+00:00\",\"breadcrumb\":{\"@id\":\"https:\\\/\\\/hierostrasbourg.com\\\/index.php\\\/2023\\\/02\\\/03\\\/oh-moon-nouvelle-video-de-ballerine-folk-strasbourg-2\\\/#breadcrumb\"},\"inLanguage\":\"fr-FR\",\"potentialAction\":[{\"@type\":\"ReadAction\",\"target\":[\"https:\\\/\\\/hierostrasbourg.com\\\/index.php\\\/2023\\\/02\\\/03\\\/oh-moon-nouvelle-video-de-ballerine-folk-strasbourg-2\\\/\"]}]},{\"@type\":\"BreadcrumbList\",\"@id\":\"https:\\\/\\\/hierostrasbourg.com\\\/index.php\\\/2023\\\/02\\\/03\\\/oh-moon-nouvelle-video-de-ballerine-folk-strasbourg-2\\\/#breadcrumb\",\"itemListElement\":[{\"@type\":\"ListItem\",\"position\":1,\"name\":\"Accueil\",\"item\":\"https:\\\/\\\/hierostrasbourg.com\\\/\"},{\"@type\":\"ListItem\",\"position\":2,\"name\":\"\u201cOh Moon\u201d, nouvelle vid\u00e9o de BALLERINE [folk \\\/ Strasbourg]\"}]},{\"@type\":\"WebSite\",\"@id\":\"https:\\\/\\\/hierostrasbourg.com\\\/#website\",\"url\":\"https:\\\/\\\/hierostrasbourg.com\\\/\",\"name\":\"HIERO STRASBOURG\",\"description\":\"Centre de Ressources Musiques Actuelles\",\"publisher\":{\"@id\":\"https:\\\/\\\/hierostrasbourg.com\\\/#organization\"},\"potentialAction\":[{\"@type\":\"SearchAction\",\"target\":{\"@type\":\"EntryPoint\",\"urlTemplate\":\"https:\\\/\\\/hierostrasbourg.com\\\/?s={search_term_string}\"},\"query-input\":{\"@type\":\"PropertyValueSpecification\",\"valueRequired\":true,\"valueName\":\"search_term_string\"}}],\"inLanguage\":\"fr-FR\"},{\"@type\":\"Organization\",\"@id\":\"https:\\\/\\\/hierostrasbourg.com\\\/#organization\",\"name\":\"F\u00e9d\u00e9ration Hi\u00e9ro Strasbourg\",\"url\":\"https:\\\/\\\/hierostrasbourg.com\\\/\",\"logo\":{\"@type\":\"ImageObject\",\"inLanguage\":\"fr-FR\",\"@id\":\"https:\\\/\\\/hierostrasbourg.com\\\/#\\\/schema\\\/logo\\\/image\\\/\",\"url\":\"https:\\\/\\\/hierostrasbourg.com\\\/wp-content\\\/uploads\\\/2026\\\/04\\\/logo-hiero-strasbourg.jpg\",\"contentUrl\":\"https:\\\/\\\/hierostrasbourg.com\\\/wp-content\\\/uploads\\\/2026\\\/04\\\/logo-hiero-strasbourg.jpg\",\"width\":204,\"height\":192,\"caption\":\"F\u00e9d\u00e9ration Hi\u00e9ro Strasbourg\"},\"image\":{\"@id\":\"https:\\\/\\\/hierostrasbourg.com\\\/#\\\/schema\\\/logo\\\/image\\\/\"},\"sameAs\":[\"https:\\\/\\\/www.facebook.com\\\/fedehierostrasbourg\",\"https:\\\/\\\/x.com\\\/hierostrasbourg\"]}]}<\/script>\n<!-- \/ Yoast SEO plugin. -->","yoast_head_json":{"title":"\u201cOh Moon\u201d, nouvelle vid\u00e9o de BALLERINE [folk \/ Strasbourg] - HIERO STRASBOURG","robots":{"index":"index","follow":"follow","max-snippet":"max-snippet:-1","max-image-preview":"max-image-preview:large","max-video-preview":"max-video-preview:-1"},"canonical":"https:\/\/hierostrasbourg.com\/index.php\/2023\/02\/03\/oh-moon-nouvelle-video-de-ballerine-folk-strasbourg-2\/","og_locale":"fr_FR","og_type":"article","og_title":"\u201cOh Moon\u201d, nouvelle vid\u00e9o de BALLERINE [folk \/ Strasbourg] - HIERO STRASBOURG","og_description":"autoportraitJe suis Ballerine, et je chante mes \u00e9motions face \u00e0 la vie.Une ballerine qui chante, c\u2019est peut-\u00eatre peu commun, mais c\u2019est ce que je suis. C\u2019est ainsi que j\u2019ai fait mes premiers pas au Conservatoire, quand j\u2019\u00e9tais petite\u2026Des grands pli\u00e9s dans ma salle de danse aux ronds de jambe sur les planches d\u2019un Op\u00e9ra, j\u2019ai go\u00fbt\u00e9 tr\u00e8s t\u00f4t au plaisir d\u2019\u00eatre sur sc\u00e8ne.Mais la danse m\u2019a ab\u00eem\u00e9e, et la musique est devenue mon refuge.Enfant, j\u2019ai d\u00e9couvert le piano, la guitare\u2026 [&hellip;]","og_url":"https:\/\/hierostrasbourg.com\/index.php\/2023\/02\/03\/oh-moon-nouvelle-video-de-ballerine-folk-strasbourg-2\/","og_site_name":"HIERO STRASBOURG","article_publisher":"https:\/\/www.facebook.com\/fedehierostrasbourg","article_published_time":"2023-02-02T23:41:14+00:00","twitter_card":"summary_large_image","twitter_creator":"@hierostrasbourg","twitter_site":"@hierostrasbourg","twitter_misc":{"Dur\u00e9e de lecture estim\u00e9e":"3 minutes"},"schema":{"@context":"https:\/\/schema.org","@graph":[{"@type":"Article","@id":"https:\/\/hierostrasbourg.com\/index.php\/2023\/02\/03\/oh-moon-nouvelle-video-de-ballerine-folk-strasbourg-2\/#article","isPartOf":{"@id":"https:\/\/hierostrasbourg.com\/index.php\/2023\/02\/03\/oh-moon-nouvelle-video-de-ballerine-folk-strasbourg-2\/"},"author":{"name":"","@id":""},"headline":"\u201cOh Moon\u201d, nouvelle vid\u00e9o de BALLERINE [folk \/ Strasbourg]","datePublished":"2023-02-02T23:41:14+00:00","mainEntityOfPage":{"@id":"https:\/\/hierostrasbourg.com\/index.php\/2023\/02\/03\/oh-moon-nouvelle-video-de-ballerine-folk-strasbourg-2\/"},"wordCount":620,"publisher":{"@id":"https:\/\/hierostrasbourg.com\/#organization"},"inLanguage":"fr-FR"},{"@type":"WebPage","@id":"https:\/\/hierostrasbourg.com\/index.php\/2023\/02\/03\/oh-moon-nouvelle-video-de-ballerine-folk-strasbourg-2\/","url":"https:\/\/hierostrasbourg.com\/index.php\/2023\/02\/03\/oh-moon-nouvelle-video-de-ballerine-folk-strasbourg-2\/","name":"\u201cOh Moon\u201d, nouvelle vid\u00e9o de BALLERINE [folk \/ Strasbourg] - HIERO STRASBOURG","isPartOf":{"@id":"https:\/\/hierostrasbourg.com\/#website"},"datePublished":"2023-02-02T23:41:14+00:00","breadcrumb":{"@id":"https:\/\/hierostrasbourg.com\/index.php\/2023\/02\/03\/oh-moon-nouvelle-video-de-ballerine-folk-strasbourg-2\/#breadcrumb"},"inLanguage":"fr-FR","potentialAction":[{"@type":"ReadAction","target":["https:\/\/hierostrasbourg.com\/index.php\/2023\/02\/03\/oh-moon-nouvelle-video-de-ballerine-folk-strasbourg-2\/"]}]},{"@type":"BreadcrumbList","@id":"https:\/\/hierostrasbourg.com\/index.php\/2023\/02\/03\/oh-moon-nouvelle-video-de-ballerine-folk-strasbourg-2\/#breadcrumb","itemListElement":[{"@type":"ListItem","position":1,"name":"Accueil","item":"https:\/\/hierostrasbourg.com\/"},{"@type":"ListItem","position":2,"name":"\u201cOh Moon\u201d, nouvelle vid\u00e9o de BALLERINE [folk \/ Strasbourg]"}]},{"@type":"WebSite","@id":"https:\/\/hierostrasbourg.com\/#website","url":"https:\/\/hierostrasbourg.com\/","name":"HIERO STRASBOURG","description":"Centre de Ressources Musiques Actuelles","publisher":{"@id":"https:\/\/hierostrasbourg.com\/#organization"},"potentialAction":[{"@type":"SearchAction","target":{"@type":"EntryPoint","urlTemplate":"https:\/\/hierostrasbourg.com\/?s={search_term_string}"},"query-input":{"@type":"PropertyValueSpecification","valueRequired":true,"valueName":"search_term_string"}}],"inLanguage":"fr-FR"},{"@type":"Organization","@id":"https:\/\/hierostrasbourg.com\/#organization","name":"F\u00e9d\u00e9ration Hi\u00e9ro Strasbourg","url":"https:\/\/hierostrasbourg.com\/","logo":{"@type":"ImageObject","inLanguage":"fr-FR","@id":"https:\/\/hierostrasbourg.com\/#\/schema\/logo\/image\/","url":"https:\/\/hierostrasbourg.com\/wp-content\/uploads\/2026\/04\/logo-hiero-strasbourg.jpg","contentUrl":"https:\/\/hierostrasbourg.com\/wp-content\/uploads\/2026\/04\/logo-hiero-strasbourg.jpg","width":204,"height":192,"caption":"F\u00e9d\u00e9ration Hi\u00e9ro Strasbourg"},"image":{"@id":"https:\/\/hierostrasbourg.com\/#\/schema\/logo\/image\/"},"sameAs":["https:\/\/www.facebook.com\/fedehierostrasbourg","https:\/\/x.com\/hierostrasbourg"]}]}},"_links":{"self":[{"href":"https:\/\/hierostrasbourg.com\/index.php\/wp-json\/wp\/v2\/posts\/4771","targetHints":{"allow":["GET"]}}],"collection":[{"href":"https:\/\/hierostrasbourg.com\/index.php\/wp-json\/wp\/v2\/posts"}],"about":[{"href":"https:\/\/hierostrasbourg.com\/index.php\/wp-json\/wp\/v2\/types\/post"}],"replies":[{"embeddable":true,"href":"https:\/\/hierostrasbourg.com\/index.php\/wp-json\/wp\/v2\/comments?post=4771"}],"version-history":[{"count":0,"href":"https:\/\/hierostrasbourg.com\/index.php\/wp-json\/wp\/v2\/posts\/4771\/revisions"}],"wp:attachment":[{"href":"https:\/\/hierostrasbourg.com\/index.php\/wp-json\/wp\/v2\/media?parent=4771"}],"wp:term":[{"taxonomy":"category","embeddable":true,"href":"https:\/\/hierostrasbourg.com\/index.php\/wp-json\/wp\/v2\/categories?post=4771"},{"taxonomy":"post_tag","embeddable":true,"href":"https:\/\/hierostrasbourg.com\/index.php\/wp-json\/wp\/v2\/tags?post=4771"}],"curies":[{"name":"wp","href":"https:\/\/api.w.org\/{rel}","templated":true}]}}