{"id":477,"date":"2021-05-06T21:19:19","date_gmt":"2021-05-06T19:19:19","guid":{"rendered":"https:\/\/hierostrasbourg.com\/index.php\/2021\/05\/06\/la-communaute-de-communes-du-kochersberg-recrute-un-assistant-denseignant-artistique-formation-musicale-f-h\/"},"modified":"2021-05-06T21:19:19","modified_gmt":"2021-05-06T19:19:19","slug":"la-communaute-de-communes-du-kochersberg-recrute-un-assistant-denseignant-artistique-formation-musicale-f-h","status":"publish","type":"post","link":"https:\/\/hierostrasbourg.com\/index.php\/2021\/05\/06\/la-communaute-de-communes-du-kochersberg-recrute-un-assistant-denseignant-artistique-formation-musicale-f-h\/","title":{"rendered":"LA COMMUNAUTE DE COMMUNES DU KOCHERSBERG recrute un assistant d\u2019Enseignant Artistique \u2013 Formation musicale [F\/H]"},"content":{"rendered":"<p>L\u2019\u00e9cole de musique intercommunale du Kochersberg (450 \u00e9l\u00e8ves) recrute un ou une Assistant(e) d\u2019Enseignement Artistique discipline Formation Musicale.<br \/>\nA partir d\u2019une expertise artistique et p\u00e9dagogique, vous assurez l\u2019enseignement de votre discipline au sein d\u2019un d\u00e9partement structur\u00e9 et compos\u00e9 de plusieurs enseignants.<br \/>\nRattach\u00e9(e) \u00e0 la Directrice de l\u2019\u00e9cole, vous participez \u00e0 la concertation p\u00e9dagogique, \u00e0 l\u2019action culturelle de l\u2019\u00e9tablissement et \u00e0 la mise en \u0153uvre du projet d\u2019\u00e9tablissement dans le domaine de la Formation Musicale.<br \/>\nAmen\u00e9(e) \u00e0 coordonner le d\u00e9partement, vous participez au d\u00e9veloppement de votre discipline au sein de l\u2019\u00e9cole en lien \u00e9troit avec les autres disciplines et les autres d\u00e9partements.<br \/>\nVous \u00eates force de proposition et assurez une veille artistique.<\/p>\n<h2>Missions<\/h2>\n<p><strong>Enseigner une discipline artistique en int\u00e9grant les attendus p\u00e9dagogiques et artistiques de l\u2019\u00e9tablissement :<\/strong><\/p>\n<p>Construire et mettre en place des cursus d\u2019apprentissage adapt\u00e9s \u00e0 un public large et diversifi\u00e9.<\/p>\n<p><strong>Concevoir et appliquer un dispositif p\u00e9dagogique :<\/strong><\/p>\n<p>Participer au d\u00e9veloppement d\u2019une approche collective et \u00e0 la coproduction du projet d\u2019\u00e9tablissement ;<br \/>\nConcevoir et planifier la mise en \u0153uvre des projets p\u00e9dagogiques innovants et interdisciplinaires (rencontres, m\u00e9diation artistique, expositions, actions de diffusion et de cr\u00e9ation,etc.).<\/p>\n<p><strong>Mettre en place et animer des manifestations culturelles dans le cadre de la politique d\u2019animation du service :<\/strong><\/p>\n<p>Se confronter aux diff\u00e9rentes productions artistiques sur sa discipline ;<br \/>\nIdentifier et appliquer de nouvelles techniques et de nouvelles pratiques ;<br \/>\n\u00c9valuer et perfectionner sa pratique artistique et p\u00e9dagogique ;<br \/>\nEffectuer des recherches dans sa sp\u00e9cialit\u00e9 pour faire \u00e9voluer ses qualit\u00e9s d\u2019ex\u00e9cution technique et artistique.<\/p>\n<p><strong>Initier, coordonner et suivre les projets de m\u00e9diation, d\u2019animation, d\u2019action culturelle, d\u2019accueil des groupes, de partenariats :<\/strong><\/p>\n<p>Participer artistiquement au projet d\u2019\u00e9tablissement ;<br \/>\nOrganiser et animer ses r\u00e9seaux professionnels ;<br \/>\nD\u00e9velopper des interventions artistiques et p\u00e9dagogiques en dehors de l\u2019\u00e9tablissement ;<br \/>\nSavoir r\u00e9pondre aux attentes des diff\u00e9rents publics.<\/p>\n<p><strong>\u00c9valuer les \u00e9l\u00e8ves<\/strong><\/p>\n<p>Appliquer le dispositif p\u00e9dagogique individuel et collectif ;<br \/>\nExploiter les r\u00e9sultats de l\u2019\u00e9valuation dans l\u2019ajustement des enseignements ;<br \/>\nOrganiser des modalit\u00e9s de contr\u00f4le des connaissances et des pratiques artistiques et participer \u00e0 \u2018organisation et \u00e0 la conduite de jurys.<\/p>\n<h2>Profils recherch\u00e9s<\/h2>\n<p><strong>Savoirs<\/strong><\/p>\n<p>Titulaire du Dipl\u00f4me d\u2019\u00c9tat ou d\u2019un Dipl\u00f4me d\u2019\u00c9tudes Musicales<br \/>\nPermis B + voiture : d\u00e9placement multi-sites<\/p>\n<p><strong>Savoirs \u00eatre :<\/strong><\/p>\n<p>Qualit\u00e9s d\u2019\u00e9coute ;<br \/>\nDialogue<br \/>\nSensibilit\u00e9s artistiques,.<br \/>\nTravail en \u00e9quipe<br \/>\nImplication dans la vie artistique et p\u00e9dagogique de l\u2019\u00e9tablissement.<\/p>\n<p>Exp\u00e9rience sur un poste similaire souhait\u00e9e.<br \/>\nExpertise dans le domaine des outils num\u00e9riques en musique appr\u00e9ci\u00e9e.<\/p>\n<p>Cong\u00e9s selon le calendrier scolaire.<\/p>\n<p>Temps de travail : Non complet, 15h00 hebdomadaire<br \/>\nPoste \u00e0 pourvoir le 15\/09\/2021<br \/>\nDate limite de candidature 31\/05\/2021<\/p>\n<p>Informations compl\u00e9mentaires<br \/>\nMerci d\u2019adresser votre candidature CV + Lettre de motivation \u00e0 :<br \/>\nMonsieur le Pr\u00e9sident de la Communaut\u00e9 de Communes du Kochersberg et de l\u2019Ackerland<\/p>\n<p>par mail : rh@kochersberg.fr (\u00e0 privil\u00e9gier)<br \/>\npar courrier : Le Tr\u00e8fle \u2013 32, rue des Romains 67370 TRUCHTERSHEIM<\/p>\n<p>COMMUNAUTE DE COMMUNES DU KOCHERSBERG<br \/>\nLe Tr\u00e8fle \u2013 Maison des Services du Kochersberg \u2013 32 rue des Romains<br \/>\n67370 TRUCHTERSHEIM<\/p>\n<p>03 68 33 97 43<br \/>\nrh@kochersberg.fr<\/p>\n<p>L\u2019article <a href=\"https:\/\/popburo.fr\/la-communaute-de-communes-du-kochersberg-recrute-un-assistant-denseignant-artistique-formation-musicale-f-h\/\">LA COMMUNAUTE DE COMMUNES DU KOCHERSBERG recrute un assistant d\u2019Enseignant Artistique \u2013 Formation musicale [F\/H]<\/a> est apparu en premier sur <a href=\"https:\/\/popburo.fr\/\">POP B\u00dcRO<\/a>.<\/p>\n","protected":false},"excerpt":{"rendered":"<p>L\u2019\u00e9cole de musique intercommunale du Kochersberg (450 \u00e9l\u00e8ves) recrute un ou une Assistant(e) d\u2019Enseignement Artistique discipline Formation Musicale. A partir d\u2019une expertise artistique et p\u00e9dagogique, vous assurez l\u2019enseignement de votre discipline au sein d\u2019un d\u00e9partement structur\u00e9 et compos\u00e9 de plusieurs enseignants. Rattach\u00e9(e) \u00e0 la Directrice de l\u2019\u00e9cole, vous participez \u00e0 la concertation p\u00e9dagogique, \u00e0 l\u2019action culturelle de l\u2019\u00e9tablissement et \u00e0 la mise en \u0153uvre du projet d\u2019\u00e9tablissement dans le domaine de la Formation Musicale. Amen\u00e9(e) \u00e0 coordonner le d\u00e9partement, vous [&hellip;]<\/p>\n","protected":false},"author":0,"featured_media":0,"comment_status":"closed","ping_status":"open","sticky":false,"template":"","format":"standard","meta":{"footnotes":""},"categories":[1],"tags":[],"class_list":["post-477","post","type-post","status-publish","format-standard","hentry","category-non-classe"],"yoast_head":"<!-- This site is optimized with the Yoast SEO plugin v27.5 - https:\/\/yoast.com\/product\/yoast-seo-wordpress\/ -->\n<title>LA COMMUNAUTE DE COMMUNES DU KOCHERSBERG recrute un assistant d\u2019Enseignant Artistique \u2013 Formation musicale [F\/H] - HIERO STRASBOURG<\/title>\n<meta name=\"robots\" content=\"index, follow, max-snippet:-1, max-image-preview:large, max-video-preview:-1\" \/>\n<link rel=\"canonical\" href=\"https:\/\/hierostrasbourg.com\/index.php\/2021\/05\/06\/la-communaute-de-communes-du-kochersberg-recrute-un-assistant-denseignant-artistique-formation-musicale-f-h\/\" \/>\n<meta property=\"og:locale\" content=\"fr_FR\" \/>\n<meta property=\"og:type\" content=\"article\" \/>\n<meta property=\"og:title\" content=\"LA COMMUNAUTE DE COMMUNES DU KOCHERSBERG recrute un assistant d\u2019Enseignant Artistique \u2013 Formation musicale [F\/H] - HIERO STRASBOURG\" \/>\n<meta property=\"og:description\" content=\"L\u2019\u00e9cole de musique intercommunale du Kochersberg (450 \u00e9l\u00e8ves) recrute un ou une Assistant(e) d\u2019Enseignement Artistique discipline Formation Musicale. A partir d\u2019une expertise artistique et p\u00e9dagogique, vous assurez l\u2019enseignement de votre discipline au sein d\u2019un d\u00e9partement structur\u00e9 et compos\u00e9 de plusieurs enseignants. Rattach\u00e9(e) \u00e0 la Directrice de l\u2019\u00e9cole, vous participez \u00e0 la concertation p\u00e9dagogique, \u00e0 l\u2019action culturelle de l\u2019\u00e9tablissement et \u00e0 la mise en \u0153uvre du projet d\u2019\u00e9tablissement dans le domaine de la Formation Musicale. Amen\u00e9(e) \u00e0 coordonner le d\u00e9partement, vous [&hellip;]\" \/>\n<meta property=\"og:url\" content=\"https:\/\/hierostrasbourg.com\/index.php\/2021\/05\/06\/la-communaute-de-communes-du-kochersberg-recrute-un-assistant-denseignant-artistique-formation-musicale-f-h\/\" \/>\n<meta property=\"og:site_name\" content=\"HIERO STRASBOURG\" \/>\n<meta property=\"article:publisher\" content=\"https:\/\/www.facebook.com\/fedehierostrasbourg\" \/>\n<meta property=\"article:published_time\" content=\"2021-05-06T19:19:19+00:00\" \/>\n<meta name=\"twitter:card\" content=\"summary_large_image\" \/>\n<meta name=\"twitter:creator\" content=\"@hierostrasbourg\" \/>\n<meta name=\"twitter:site\" content=\"@hierostrasbourg\" \/>\n<meta name=\"twitter:label1\" content=\"Dur\u00e9e de lecture estim\u00e9e\" \/>\n\t<meta name=\"twitter:data1\" content=\"3 minutes\" \/>\n<script type=\"application\/ld+json\" class=\"yoast-schema-graph\">{\"@context\":\"https:\\\/\\\/schema.org\",\"@graph\":[{\"@type\":\"Article\",\"@id\":\"https:\\\/\\\/hierostrasbourg.com\\\/index.php\\\/2021\\\/05\\\/06\\\/la-communaute-de-communes-du-kochersberg-recrute-un-assistant-denseignant-artistique-formation-musicale-f-h\\\/#article\",\"isPartOf\":{\"@id\":\"https:\\\/\\\/hierostrasbourg.com\\\/index.php\\\/2021\\\/05\\\/06\\\/la-communaute-de-communes-du-kochersberg-recrute-un-assistant-denseignant-artistique-formation-musicale-f-h\\\/\"},\"author\":{\"name\":\"\",\"@id\":\"\"},\"headline\":\"LA COMMUNAUTE DE COMMUNES DU KOCHERSBERG recrute un assistant d\u2019Enseignant Artistique \u2013 Formation musicale [F\\\/H]\",\"datePublished\":\"2021-05-06T19:19:19+00:00\",\"mainEntityOfPage\":{\"@id\":\"https:\\\/\\\/hierostrasbourg.com\\\/index.php\\\/2021\\\/05\\\/06\\\/la-communaute-de-communes-du-kochersberg-recrute-un-assistant-denseignant-artistique-formation-musicale-f-h\\\/\"},\"wordCount\":567,\"publisher\":{\"@id\":\"https:\\\/\\\/hierostrasbourg.com\\\/#organization\"},\"inLanguage\":\"fr-FR\"},{\"@type\":\"WebPage\",\"@id\":\"https:\\\/\\\/hierostrasbourg.com\\\/index.php\\\/2021\\\/05\\\/06\\\/la-communaute-de-communes-du-kochersberg-recrute-un-assistant-denseignant-artistique-formation-musicale-f-h\\\/\",\"url\":\"https:\\\/\\\/hierostrasbourg.com\\\/index.php\\\/2021\\\/05\\\/06\\\/la-communaute-de-communes-du-kochersberg-recrute-un-assistant-denseignant-artistique-formation-musicale-f-h\\\/\",\"name\":\"LA COMMUNAUTE DE COMMUNES DU KOCHERSBERG recrute un assistant d\u2019Enseignant Artistique \u2013 Formation musicale [F\\\/H] - HIERO STRASBOURG\",\"isPartOf\":{\"@id\":\"https:\\\/\\\/hierostrasbourg.com\\\/#website\"},\"datePublished\":\"2021-05-06T19:19:19+00:00\",\"breadcrumb\":{\"@id\":\"https:\\\/\\\/hierostrasbourg.com\\\/index.php\\\/2021\\\/05\\\/06\\\/la-communaute-de-communes-du-kochersberg-recrute-un-assistant-denseignant-artistique-formation-musicale-f-h\\\/#breadcrumb\"},\"inLanguage\":\"fr-FR\",\"potentialAction\":[{\"@type\":\"ReadAction\",\"target\":[\"https:\\\/\\\/hierostrasbourg.com\\\/index.php\\\/2021\\\/05\\\/06\\\/la-communaute-de-communes-du-kochersberg-recrute-un-assistant-denseignant-artistique-formation-musicale-f-h\\\/\"]}]},{\"@type\":\"BreadcrumbList\",\"@id\":\"https:\\\/\\\/hierostrasbourg.com\\\/index.php\\\/2021\\\/05\\\/06\\\/la-communaute-de-communes-du-kochersberg-recrute-un-assistant-denseignant-artistique-formation-musicale-f-h\\\/#breadcrumb\",\"itemListElement\":[{\"@type\":\"ListItem\",\"position\":1,\"name\":\"Accueil\",\"item\":\"https:\\\/\\\/hierostrasbourg.com\\\/\"},{\"@type\":\"ListItem\",\"position\":2,\"name\":\"LA COMMUNAUTE DE COMMUNES DU KOCHERSBERG recrute un assistant d\u2019Enseignant Artistique \u2013 Formation musicale [F\\\/H]\"}]},{\"@type\":\"WebSite\",\"@id\":\"https:\\\/\\\/hierostrasbourg.com\\\/#website\",\"url\":\"https:\\\/\\\/hierostrasbourg.com\\\/\",\"name\":\"HIERO STRASBOURG\",\"description\":\"Centre de Ressources Musiques Actuelles\",\"publisher\":{\"@id\":\"https:\\\/\\\/hierostrasbourg.com\\\/#organization\"},\"potentialAction\":[{\"@type\":\"SearchAction\",\"target\":{\"@type\":\"EntryPoint\",\"urlTemplate\":\"https:\\\/\\\/hierostrasbourg.com\\\/?s={search_term_string}\"},\"query-input\":{\"@type\":\"PropertyValueSpecification\",\"valueRequired\":true,\"valueName\":\"search_term_string\"}}],\"inLanguage\":\"fr-FR\"},{\"@type\":\"Organization\",\"@id\":\"https:\\\/\\\/hierostrasbourg.com\\\/#organization\",\"name\":\"F\u00e9d\u00e9ration Hi\u00e9ro Strasbourg\",\"url\":\"https:\\\/\\\/hierostrasbourg.com\\\/\",\"logo\":{\"@type\":\"ImageObject\",\"inLanguage\":\"fr-FR\",\"@id\":\"https:\\\/\\\/hierostrasbourg.com\\\/#\\\/schema\\\/logo\\\/image\\\/\",\"url\":\"https:\\\/\\\/hierostrasbourg.com\\\/wp-content\\\/uploads\\\/2026\\\/04\\\/logo-hiero-strasbourg.jpg\",\"contentUrl\":\"https:\\\/\\\/hierostrasbourg.com\\\/wp-content\\\/uploads\\\/2026\\\/04\\\/logo-hiero-strasbourg.jpg\",\"width\":204,\"height\":192,\"caption\":\"F\u00e9d\u00e9ration Hi\u00e9ro Strasbourg\"},\"image\":{\"@id\":\"https:\\\/\\\/hierostrasbourg.com\\\/#\\\/schema\\\/logo\\\/image\\\/\"},\"sameAs\":[\"https:\\\/\\\/www.facebook.com\\\/fedehierostrasbourg\",\"https:\\\/\\\/x.com\\\/hierostrasbourg\"]}]}<\/script>\n<!-- \/ Yoast SEO plugin. -->","yoast_head_json":{"title":"LA COMMUNAUTE DE COMMUNES DU KOCHERSBERG recrute un assistant d\u2019Enseignant Artistique \u2013 Formation musicale [F\/H] - HIERO STRASBOURG","robots":{"index":"index","follow":"follow","max-snippet":"max-snippet:-1","max-image-preview":"max-image-preview:large","max-video-preview":"max-video-preview:-1"},"canonical":"https:\/\/hierostrasbourg.com\/index.php\/2021\/05\/06\/la-communaute-de-communes-du-kochersberg-recrute-un-assistant-denseignant-artistique-formation-musicale-f-h\/","og_locale":"fr_FR","og_type":"article","og_title":"LA COMMUNAUTE DE COMMUNES DU KOCHERSBERG recrute un assistant d\u2019Enseignant Artistique \u2013 Formation musicale [F\/H] - HIERO STRASBOURG","og_description":"L\u2019\u00e9cole de musique intercommunale du Kochersberg (450 \u00e9l\u00e8ves) recrute un ou une Assistant(e) d\u2019Enseignement Artistique discipline Formation Musicale. A partir d\u2019une expertise artistique et p\u00e9dagogique, vous assurez l\u2019enseignement de votre discipline au sein d\u2019un d\u00e9partement structur\u00e9 et compos\u00e9 de plusieurs enseignants. Rattach\u00e9(e) \u00e0 la Directrice de l\u2019\u00e9cole, vous participez \u00e0 la concertation p\u00e9dagogique, \u00e0 l\u2019action culturelle de l\u2019\u00e9tablissement et \u00e0 la mise en \u0153uvre du projet d\u2019\u00e9tablissement dans le domaine de la Formation Musicale. Amen\u00e9(e) \u00e0 coordonner le d\u00e9partement, vous [&hellip;]","og_url":"https:\/\/hierostrasbourg.com\/index.php\/2021\/05\/06\/la-communaute-de-communes-du-kochersberg-recrute-un-assistant-denseignant-artistique-formation-musicale-f-h\/","og_site_name":"HIERO STRASBOURG","article_publisher":"https:\/\/www.facebook.com\/fedehierostrasbourg","article_published_time":"2021-05-06T19:19:19+00:00","twitter_card":"summary_large_image","twitter_creator":"@hierostrasbourg","twitter_site":"@hierostrasbourg","twitter_misc":{"Dur\u00e9e de lecture estim\u00e9e":"3 minutes"},"schema":{"@context":"https:\/\/schema.org","@graph":[{"@type":"Article","@id":"https:\/\/hierostrasbourg.com\/index.php\/2021\/05\/06\/la-communaute-de-communes-du-kochersberg-recrute-un-assistant-denseignant-artistique-formation-musicale-f-h\/#article","isPartOf":{"@id":"https:\/\/hierostrasbourg.com\/index.php\/2021\/05\/06\/la-communaute-de-communes-du-kochersberg-recrute-un-assistant-denseignant-artistique-formation-musicale-f-h\/"},"author":{"name":"","@id":""},"headline":"LA COMMUNAUTE DE COMMUNES DU KOCHERSBERG recrute un assistant d\u2019Enseignant Artistique \u2013 Formation musicale [F\/H]","datePublished":"2021-05-06T19:19:19+00:00","mainEntityOfPage":{"@id":"https:\/\/hierostrasbourg.com\/index.php\/2021\/05\/06\/la-communaute-de-communes-du-kochersberg-recrute-un-assistant-denseignant-artistique-formation-musicale-f-h\/"},"wordCount":567,"publisher":{"@id":"https:\/\/hierostrasbourg.com\/#organization"},"inLanguage":"fr-FR"},{"@type":"WebPage","@id":"https:\/\/hierostrasbourg.com\/index.php\/2021\/05\/06\/la-communaute-de-communes-du-kochersberg-recrute-un-assistant-denseignant-artistique-formation-musicale-f-h\/","url":"https:\/\/hierostrasbourg.com\/index.php\/2021\/05\/06\/la-communaute-de-communes-du-kochersberg-recrute-un-assistant-denseignant-artistique-formation-musicale-f-h\/","name":"LA COMMUNAUTE DE COMMUNES DU KOCHERSBERG recrute un assistant d\u2019Enseignant Artistique \u2013 Formation musicale [F\/H] - HIERO STRASBOURG","isPartOf":{"@id":"https:\/\/hierostrasbourg.com\/#website"},"datePublished":"2021-05-06T19:19:19+00:00","breadcrumb":{"@id":"https:\/\/hierostrasbourg.com\/index.php\/2021\/05\/06\/la-communaute-de-communes-du-kochersberg-recrute-un-assistant-denseignant-artistique-formation-musicale-f-h\/#breadcrumb"},"inLanguage":"fr-FR","potentialAction":[{"@type":"ReadAction","target":["https:\/\/hierostrasbourg.com\/index.php\/2021\/05\/06\/la-communaute-de-communes-du-kochersberg-recrute-un-assistant-denseignant-artistique-formation-musicale-f-h\/"]}]},{"@type":"BreadcrumbList","@id":"https:\/\/hierostrasbourg.com\/index.php\/2021\/05\/06\/la-communaute-de-communes-du-kochersberg-recrute-un-assistant-denseignant-artistique-formation-musicale-f-h\/#breadcrumb","itemListElement":[{"@type":"ListItem","position":1,"name":"Accueil","item":"https:\/\/hierostrasbourg.com\/"},{"@type":"ListItem","position":2,"name":"LA COMMUNAUTE DE COMMUNES DU KOCHERSBERG recrute un assistant d\u2019Enseignant Artistique \u2013 Formation musicale [F\/H]"}]},{"@type":"WebSite","@id":"https:\/\/hierostrasbourg.com\/#website","url":"https:\/\/hierostrasbourg.com\/","name":"HIERO STRASBOURG","description":"Centre de Ressources Musiques Actuelles","publisher":{"@id":"https:\/\/hierostrasbourg.com\/#organization"},"potentialAction":[{"@type":"SearchAction","target":{"@type":"EntryPoint","urlTemplate":"https:\/\/hierostrasbourg.com\/?s={search_term_string}"},"query-input":{"@type":"PropertyValueSpecification","valueRequired":true,"valueName":"search_term_string"}}],"inLanguage":"fr-FR"},{"@type":"Organization","@id":"https:\/\/hierostrasbourg.com\/#organization","name":"F\u00e9d\u00e9ration Hi\u00e9ro Strasbourg","url":"https:\/\/hierostrasbourg.com\/","logo":{"@type":"ImageObject","inLanguage":"fr-FR","@id":"https:\/\/hierostrasbourg.com\/#\/schema\/logo\/image\/","url":"https:\/\/hierostrasbourg.com\/wp-content\/uploads\/2026\/04\/logo-hiero-strasbourg.jpg","contentUrl":"https:\/\/hierostrasbourg.com\/wp-content\/uploads\/2026\/04\/logo-hiero-strasbourg.jpg","width":204,"height":192,"caption":"F\u00e9d\u00e9ration Hi\u00e9ro Strasbourg"},"image":{"@id":"https:\/\/hierostrasbourg.com\/#\/schema\/logo\/image\/"},"sameAs":["https:\/\/www.facebook.com\/fedehierostrasbourg","https:\/\/x.com\/hierostrasbourg"]}]}},"_links":{"self":[{"href":"https:\/\/hierostrasbourg.com\/index.php\/wp-json\/wp\/v2\/posts\/477","targetHints":{"allow":["GET"]}}],"collection":[{"href":"https:\/\/hierostrasbourg.com\/index.php\/wp-json\/wp\/v2\/posts"}],"about":[{"href":"https:\/\/hierostrasbourg.com\/index.php\/wp-json\/wp\/v2\/types\/post"}],"replies":[{"embeddable":true,"href":"https:\/\/hierostrasbourg.com\/index.php\/wp-json\/wp\/v2\/comments?post=477"}],"version-history":[{"count":0,"href":"https:\/\/hierostrasbourg.com\/index.php\/wp-json\/wp\/v2\/posts\/477\/revisions"}],"wp:attachment":[{"href":"https:\/\/hierostrasbourg.com\/index.php\/wp-json\/wp\/v2\/media?parent=477"}],"wp:term":[{"taxonomy":"category","embeddable":true,"href":"https:\/\/hierostrasbourg.com\/index.php\/wp-json\/wp\/v2\/categories?post=477"},{"taxonomy":"post_tag","embeddable":true,"href":"https:\/\/hierostrasbourg.com\/index.php\/wp-json\/wp\/v2\/tags?post=477"}],"curies":[{"name":"wp","href":"https:\/\/api.w.org\/{rel}","templated":true}]}}