{"id":4766,"date":"2023-02-01T23:41:23","date_gmt":"2023-02-01T22:41:23","guid":{"rendered":"https:\/\/hierostrasbourg.com\/index.php\/2023\/02\/01\/brouillon-autoactualite-des-aides-a-lemploi-2\/"},"modified":"2023-02-01T23:41:23","modified_gmt":"2023-02-01T22:41:23","slug":"brouillon-autoactualite-des-aides-a-lemploi-2","status":"publish","type":"post","link":"https:\/\/hierostrasbourg.com\/index.php\/2023\/02\/01\/brouillon-autoactualite-des-aides-a-lemploi-2\/","title":{"rendered":"Brouillon autoActualit\u00e9 des aides \u00e0 l\u2019emploi"},"content":{"rendered":"<p><a href=\"https:\/\/musiquesactuelles.alsace\/brouillon-autoactualite-des-aides-a-lemploi\/\" title=\"Brouillon autoActualit\u00e9 des aides \u00e0 l\u2019emploi\"><\/a><\/p>\n<p>Quelles aides \u00e0 l\u2019emploi sont mobilisables pour les acteurs associatifs\u00a0? Quelles aides sp\u00e9cifiques pour le secteur culturel\u00a0?Travail de recensement r\u00e9alis\u00e9 en partenariat avec l\u2019Ufisc dans le cadre de sa mission de structuration professionnelle, et de ressource pour les DLA \u2013 janvier 2023. \u00a0 M\u00eame si les dispositifs d\u2019aides \u00e0 l\u2019emploi ont fortement \u00e9t\u00e9 r\u00e9duites ces 5 derni\u00e8res ann\u00e9es (annonce du gouvernement en 2017 de la suppression totale des contrats aid\u00e9s pour 2020), des opportunit\u00e9s subsistent pour les acteurs associatifs et [\u2026]<\/p>\n<p>L\u2019article <a href=\"https:\/\/musiquesactuelles.alsace\/brouillon-autoactualite-des-aides-a-lemploi\/\">Brouillon autoActualit\u00e9 des aides \u00e0 l\u2019emploi<\/a> est apparu en premier sur <a href=\"https:\/\/musiquesactuelles.alsace\/\">Musiques Actuelles en Alsace<\/a>.<\/p>\n<p>L\u2019article <a href=\"https:\/\/popburo.fr\/brouillon-autoactualite-des-aides-a-lemploi-2\/\">Brouillon autoActualit\u00e9 des aides \u00e0 l\u2019emploi<\/a> est apparu en premier sur <a href=\"https:\/\/popburo.fr\/\">POP B\u00dcRO<\/a>.<\/p>\n","protected":false},"excerpt":{"rendered":"<p>Quelles aides \u00e0 l\u2019emploi sont mobilisables pour les acteurs associatifs\u00a0? Quelles aides sp\u00e9cifiques pour le secteur culturel\u00a0?Travail de recensement r\u00e9alis\u00e9 en partenariat avec l\u2019Ufisc dans le cadre de sa mission de structuration professionnelle, et de ressource pour les DLA \u2013 janvier 2023. \u00a0 M\u00eame si les dispositifs d\u2019aides \u00e0 l\u2019emploi ont fortement \u00e9t\u00e9 r\u00e9duites ces 5 derni\u00e8res ann\u00e9es (annonce du gouvernement en 2017 de la suppression totale des contrats aid\u00e9s pour 2020), des opportunit\u00e9s subsistent pour les acteurs associatifs et [&hellip;]<\/p>\n","protected":false},"author":0,"featured_media":0,"comment_status":"closed","ping_status":"open","sticky":false,"template":"","format":"standard","meta":{"footnotes":""},"categories":[1],"tags":[],"class_list":["post-4766","post","type-post","status-publish","format-standard","hentry","category-non-classe"],"yoast_head":"<!-- This site is optimized with the Yoast SEO plugin v27.5 - https:\/\/yoast.com\/product\/yoast-seo-wordpress\/ -->\n<title>Brouillon autoActualit\u00e9 des aides \u00e0 l\u2019emploi - HIERO STRASBOURG<\/title>\n<meta name=\"robots\" content=\"index, follow, max-snippet:-1, max-image-preview:large, max-video-preview:-1\" \/>\n<link rel=\"canonical\" href=\"https:\/\/hierostrasbourg.com\/index.php\/2023\/02\/01\/brouillon-autoactualite-des-aides-a-lemploi-2\/\" \/>\n<meta property=\"og:locale\" content=\"fr_FR\" \/>\n<meta property=\"og:type\" content=\"article\" \/>\n<meta property=\"og:title\" content=\"Brouillon autoActualit\u00e9 des aides \u00e0 l\u2019emploi - HIERO STRASBOURG\" \/>\n<meta property=\"og:description\" content=\"Quelles aides \u00e0 l\u2019emploi sont mobilisables pour les acteurs associatifs\u00a0? Quelles aides sp\u00e9cifiques pour le secteur culturel\u00a0?Travail de recensement r\u00e9alis\u00e9 en partenariat avec l\u2019Ufisc dans le cadre de sa mission de structuration professionnelle, et de ressource pour les DLA \u2013 janvier 2023. \u00a0 M\u00eame si les dispositifs d\u2019aides \u00e0 l\u2019emploi ont fortement \u00e9t\u00e9 r\u00e9duites ces 5 derni\u00e8res ann\u00e9es (annonce du gouvernement en 2017 de la suppression totale des contrats aid\u00e9s pour 2020), des opportunit\u00e9s subsistent pour les acteurs associatifs et [&hellip;]\" \/>\n<meta property=\"og:url\" content=\"https:\/\/hierostrasbourg.com\/index.php\/2023\/02\/01\/brouillon-autoactualite-des-aides-a-lemploi-2\/\" \/>\n<meta property=\"og:site_name\" content=\"HIERO STRASBOURG\" \/>\n<meta property=\"article:publisher\" content=\"https:\/\/www.facebook.com\/fedehierostrasbourg\" \/>\n<meta property=\"article:published_time\" content=\"2023-02-01T22:41:23+00:00\" \/>\n<meta name=\"twitter:card\" content=\"summary_large_image\" \/>\n<meta name=\"twitter:creator\" content=\"@hierostrasbourg\" \/>\n<meta name=\"twitter:site\" content=\"@hierostrasbourg\" \/>\n<meta name=\"twitter:label1\" content=\"Dur\u00e9e de lecture estim\u00e9e\" \/>\n\t<meta name=\"twitter:data1\" content=\"1 minute\" \/>\n<script type=\"application\/ld+json\" class=\"yoast-schema-graph\">{\"@context\":\"https:\\\/\\\/schema.org\",\"@graph\":[{\"@type\":\"Article\",\"@id\":\"https:\\\/\\\/hierostrasbourg.com\\\/index.php\\\/2023\\\/02\\\/01\\\/brouillon-autoactualite-des-aides-a-lemploi-2\\\/#article\",\"isPartOf\":{\"@id\":\"https:\\\/\\\/hierostrasbourg.com\\\/index.php\\\/2023\\\/02\\\/01\\\/brouillon-autoactualite-des-aides-a-lemploi-2\\\/\"},\"author\":{\"name\":\"\",\"@id\":\"\"},\"headline\":\"Brouillon autoActualit\u00e9 des aides \u00e0 l\u2019emploi\",\"datePublished\":\"2023-02-01T22:41:23+00:00\",\"mainEntityOfPage\":{\"@id\":\"https:\\\/\\\/hierostrasbourg.com\\\/index.php\\\/2023\\\/02\\\/01\\\/brouillon-autoactualite-des-aides-a-lemploi-2\\\/\"},\"wordCount\":124,\"publisher\":{\"@id\":\"https:\\\/\\\/hierostrasbourg.com\\\/#organization\"},\"inLanguage\":\"fr-FR\"},{\"@type\":\"WebPage\",\"@id\":\"https:\\\/\\\/hierostrasbourg.com\\\/index.php\\\/2023\\\/02\\\/01\\\/brouillon-autoactualite-des-aides-a-lemploi-2\\\/\",\"url\":\"https:\\\/\\\/hierostrasbourg.com\\\/index.php\\\/2023\\\/02\\\/01\\\/brouillon-autoactualite-des-aides-a-lemploi-2\\\/\",\"name\":\"Brouillon autoActualit\u00e9 des aides \u00e0 l\u2019emploi - HIERO STRASBOURG\",\"isPartOf\":{\"@id\":\"https:\\\/\\\/hierostrasbourg.com\\\/#website\"},\"datePublished\":\"2023-02-01T22:41:23+00:00\",\"breadcrumb\":{\"@id\":\"https:\\\/\\\/hierostrasbourg.com\\\/index.php\\\/2023\\\/02\\\/01\\\/brouillon-autoactualite-des-aides-a-lemploi-2\\\/#breadcrumb\"},\"inLanguage\":\"fr-FR\",\"potentialAction\":[{\"@type\":\"ReadAction\",\"target\":[\"https:\\\/\\\/hierostrasbourg.com\\\/index.php\\\/2023\\\/02\\\/01\\\/brouillon-autoactualite-des-aides-a-lemploi-2\\\/\"]}]},{\"@type\":\"BreadcrumbList\",\"@id\":\"https:\\\/\\\/hierostrasbourg.com\\\/index.php\\\/2023\\\/02\\\/01\\\/brouillon-autoactualite-des-aides-a-lemploi-2\\\/#breadcrumb\",\"itemListElement\":[{\"@type\":\"ListItem\",\"position\":1,\"name\":\"Accueil\",\"item\":\"https:\\\/\\\/hierostrasbourg.com\\\/\"},{\"@type\":\"ListItem\",\"position\":2,\"name\":\"Brouillon autoActualit\u00e9 des aides \u00e0 l\u2019emploi\"}]},{\"@type\":\"WebSite\",\"@id\":\"https:\\\/\\\/hierostrasbourg.com\\\/#website\",\"url\":\"https:\\\/\\\/hierostrasbourg.com\\\/\",\"name\":\"HIERO STRASBOURG\",\"description\":\"Centre de Ressources Musiques Actuelles\",\"publisher\":{\"@id\":\"https:\\\/\\\/hierostrasbourg.com\\\/#organization\"},\"potentialAction\":[{\"@type\":\"SearchAction\",\"target\":{\"@type\":\"EntryPoint\",\"urlTemplate\":\"https:\\\/\\\/hierostrasbourg.com\\\/?s={search_term_string}\"},\"query-input\":{\"@type\":\"PropertyValueSpecification\",\"valueRequired\":true,\"valueName\":\"search_term_string\"}}],\"inLanguage\":\"fr-FR\"},{\"@type\":\"Organization\",\"@id\":\"https:\\\/\\\/hierostrasbourg.com\\\/#organization\",\"name\":\"F\u00e9d\u00e9ration Hi\u00e9ro Strasbourg\",\"url\":\"https:\\\/\\\/hierostrasbourg.com\\\/\",\"logo\":{\"@type\":\"ImageObject\",\"inLanguage\":\"fr-FR\",\"@id\":\"https:\\\/\\\/hierostrasbourg.com\\\/#\\\/schema\\\/logo\\\/image\\\/\",\"url\":\"https:\\\/\\\/hierostrasbourg.com\\\/wp-content\\\/uploads\\\/2026\\\/04\\\/logo-hiero-strasbourg.jpg\",\"contentUrl\":\"https:\\\/\\\/hierostrasbourg.com\\\/wp-content\\\/uploads\\\/2026\\\/04\\\/logo-hiero-strasbourg.jpg\",\"width\":204,\"height\":192,\"caption\":\"F\u00e9d\u00e9ration Hi\u00e9ro Strasbourg\"},\"image\":{\"@id\":\"https:\\\/\\\/hierostrasbourg.com\\\/#\\\/schema\\\/logo\\\/image\\\/\"},\"sameAs\":[\"https:\\\/\\\/www.facebook.com\\\/fedehierostrasbourg\",\"https:\\\/\\\/x.com\\\/hierostrasbourg\"]}]}<\/script>\n<!-- \/ Yoast SEO plugin. -->","yoast_head_json":{"title":"Brouillon autoActualit\u00e9 des aides \u00e0 l\u2019emploi - HIERO STRASBOURG","robots":{"index":"index","follow":"follow","max-snippet":"max-snippet:-1","max-image-preview":"max-image-preview:large","max-video-preview":"max-video-preview:-1"},"canonical":"https:\/\/hierostrasbourg.com\/index.php\/2023\/02\/01\/brouillon-autoactualite-des-aides-a-lemploi-2\/","og_locale":"fr_FR","og_type":"article","og_title":"Brouillon autoActualit\u00e9 des aides \u00e0 l\u2019emploi - HIERO STRASBOURG","og_description":"Quelles aides \u00e0 l\u2019emploi sont mobilisables pour les acteurs associatifs\u00a0? Quelles aides sp\u00e9cifiques pour le secteur culturel\u00a0?Travail de recensement r\u00e9alis\u00e9 en partenariat avec l\u2019Ufisc dans le cadre de sa mission de structuration professionnelle, et de ressource pour les DLA \u2013 janvier 2023. \u00a0 M\u00eame si les dispositifs d\u2019aides \u00e0 l\u2019emploi ont fortement \u00e9t\u00e9 r\u00e9duites ces 5 derni\u00e8res ann\u00e9es (annonce du gouvernement en 2017 de la suppression totale des contrats aid\u00e9s pour 2020), des opportunit\u00e9s subsistent pour les acteurs associatifs et [&hellip;]","og_url":"https:\/\/hierostrasbourg.com\/index.php\/2023\/02\/01\/brouillon-autoactualite-des-aides-a-lemploi-2\/","og_site_name":"HIERO STRASBOURG","article_publisher":"https:\/\/www.facebook.com\/fedehierostrasbourg","article_published_time":"2023-02-01T22:41:23+00:00","twitter_card":"summary_large_image","twitter_creator":"@hierostrasbourg","twitter_site":"@hierostrasbourg","twitter_misc":{"Dur\u00e9e de lecture estim\u00e9e":"1 minute"},"schema":{"@context":"https:\/\/schema.org","@graph":[{"@type":"Article","@id":"https:\/\/hierostrasbourg.com\/index.php\/2023\/02\/01\/brouillon-autoactualite-des-aides-a-lemploi-2\/#article","isPartOf":{"@id":"https:\/\/hierostrasbourg.com\/index.php\/2023\/02\/01\/brouillon-autoactualite-des-aides-a-lemploi-2\/"},"author":{"name":"","@id":""},"headline":"Brouillon autoActualit\u00e9 des aides \u00e0 l\u2019emploi","datePublished":"2023-02-01T22:41:23+00:00","mainEntityOfPage":{"@id":"https:\/\/hierostrasbourg.com\/index.php\/2023\/02\/01\/brouillon-autoactualite-des-aides-a-lemploi-2\/"},"wordCount":124,"publisher":{"@id":"https:\/\/hierostrasbourg.com\/#organization"},"inLanguage":"fr-FR"},{"@type":"WebPage","@id":"https:\/\/hierostrasbourg.com\/index.php\/2023\/02\/01\/brouillon-autoactualite-des-aides-a-lemploi-2\/","url":"https:\/\/hierostrasbourg.com\/index.php\/2023\/02\/01\/brouillon-autoactualite-des-aides-a-lemploi-2\/","name":"Brouillon autoActualit\u00e9 des aides \u00e0 l\u2019emploi - HIERO STRASBOURG","isPartOf":{"@id":"https:\/\/hierostrasbourg.com\/#website"},"datePublished":"2023-02-01T22:41:23+00:00","breadcrumb":{"@id":"https:\/\/hierostrasbourg.com\/index.php\/2023\/02\/01\/brouillon-autoactualite-des-aides-a-lemploi-2\/#breadcrumb"},"inLanguage":"fr-FR","potentialAction":[{"@type":"ReadAction","target":["https:\/\/hierostrasbourg.com\/index.php\/2023\/02\/01\/brouillon-autoactualite-des-aides-a-lemploi-2\/"]}]},{"@type":"BreadcrumbList","@id":"https:\/\/hierostrasbourg.com\/index.php\/2023\/02\/01\/brouillon-autoactualite-des-aides-a-lemploi-2\/#breadcrumb","itemListElement":[{"@type":"ListItem","position":1,"name":"Accueil","item":"https:\/\/hierostrasbourg.com\/"},{"@type":"ListItem","position":2,"name":"Brouillon autoActualit\u00e9 des aides \u00e0 l\u2019emploi"}]},{"@type":"WebSite","@id":"https:\/\/hierostrasbourg.com\/#website","url":"https:\/\/hierostrasbourg.com\/","name":"HIERO STRASBOURG","description":"Centre de Ressources Musiques Actuelles","publisher":{"@id":"https:\/\/hierostrasbourg.com\/#organization"},"potentialAction":[{"@type":"SearchAction","target":{"@type":"EntryPoint","urlTemplate":"https:\/\/hierostrasbourg.com\/?s={search_term_string}"},"query-input":{"@type":"PropertyValueSpecification","valueRequired":true,"valueName":"search_term_string"}}],"inLanguage":"fr-FR"},{"@type":"Organization","@id":"https:\/\/hierostrasbourg.com\/#organization","name":"F\u00e9d\u00e9ration Hi\u00e9ro Strasbourg","url":"https:\/\/hierostrasbourg.com\/","logo":{"@type":"ImageObject","inLanguage":"fr-FR","@id":"https:\/\/hierostrasbourg.com\/#\/schema\/logo\/image\/","url":"https:\/\/hierostrasbourg.com\/wp-content\/uploads\/2026\/04\/logo-hiero-strasbourg.jpg","contentUrl":"https:\/\/hierostrasbourg.com\/wp-content\/uploads\/2026\/04\/logo-hiero-strasbourg.jpg","width":204,"height":192,"caption":"F\u00e9d\u00e9ration Hi\u00e9ro Strasbourg"},"image":{"@id":"https:\/\/hierostrasbourg.com\/#\/schema\/logo\/image\/"},"sameAs":["https:\/\/www.facebook.com\/fedehierostrasbourg","https:\/\/x.com\/hierostrasbourg"]}]}},"_links":{"self":[{"href":"https:\/\/hierostrasbourg.com\/index.php\/wp-json\/wp\/v2\/posts\/4766","targetHints":{"allow":["GET"]}}],"collection":[{"href":"https:\/\/hierostrasbourg.com\/index.php\/wp-json\/wp\/v2\/posts"}],"about":[{"href":"https:\/\/hierostrasbourg.com\/index.php\/wp-json\/wp\/v2\/types\/post"}],"replies":[{"embeddable":true,"href":"https:\/\/hierostrasbourg.com\/index.php\/wp-json\/wp\/v2\/comments?post=4766"}],"version-history":[{"count":0,"href":"https:\/\/hierostrasbourg.com\/index.php\/wp-json\/wp\/v2\/posts\/4766\/revisions"}],"wp:attachment":[{"href":"https:\/\/hierostrasbourg.com\/index.php\/wp-json\/wp\/v2\/media?parent=4766"}],"wp:term":[{"taxonomy":"category","embeddable":true,"href":"https:\/\/hierostrasbourg.com\/index.php\/wp-json\/wp\/v2\/categories?post=4766"},{"taxonomy":"post_tag","embeddable":true,"href":"https:\/\/hierostrasbourg.com\/index.php\/wp-json\/wp\/v2\/tags?post=4766"}],"curies":[{"name":"wp","href":"https:\/\/api.w.org\/{rel}","templated":true}]}}