{"id":4761,"date":"2023-02-01T15:43:26","date_gmt":"2023-02-01T14:43:26","guid":{"rendered":"https:\/\/hierostrasbourg.com\/index.php\/2023\/02\/01\/les-allocataires-indemnises-au-titre-des-annexes-8-et-10-en-2021-2\/"},"modified":"2023-02-01T15:43:26","modified_gmt":"2023-02-01T14:43:26","slug":"les-allocataires-indemnises-au-titre-des-annexes-8-et-10-en-2021-2","status":"publish","type":"post","link":"https:\/\/hierostrasbourg.com\/index.php\/2023\/02\/01\/les-allocataires-indemnises-au-titre-des-annexes-8-et-10-en-2021-2\/","title":{"rendered":"Les allocataires indemnis\u00e9s au titre des annexes 8 et 10 en 2021"},"content":{"rendered":"<p><span>communiqu\u00e9<\/span><br \/><em>En 2021, l\u2019\u00e9volution du nombre d\u2019allocataires indemnis\u00e9s au titre des annexes 8 et 10 et des allocations qu\u2019ils ont per\u00e7ues a \u00e9t\u00e9 encore tr\u00e8s fortement impact\u00e9e par les \u00e9volutions de l\u2019activit\u00e9 du spectacle vivant dans le contexte de crise sanitaire et les <\/em><em>mesures de soutien qui ont \u00e9t\u00e9 prises. Le nombre d\u2019allocataires indemnis\u00e9s au moins une journ\u00e9e (\u00ab mandat\u00e9s \u00bb) au titre des annexes 8 et 10 progresse de 7,1% en 2021 pour atteindre 139 600. Cette hausse du nombre d\u2019allocataires s\u2019explique par le dispositif de prolongation des droits mis en place en cours d\u2019ann\u00e9e 2020 (dispositif dit \u00ab ann\u00e9e blanche \u00bb, [cf. encadr\u00e9 en annexe]) et actif jusqu\u2019en<\/em><br \/><em>fin d\u2019ann\u00e9e. Cette hausse du nombre de mandat\u00e9s est accompagn\u00e9e d\u2019une diminution du nombre de jours indemnis\u00e9s qui se traduit par une diminution de 3,8% de la masse des prestations vers\u00e9es par rapport \u00e0 2020. Cette diminution du nombre de jours indemnis\u00e9s sur un an d\u00e9coule de la reprise progressive de l\u2019activit\u00e9. Le nombre de jours indemnis\u00e9s sur un an en 2020 reste cependant tr\u00e8s sup\u00e9rieur au niveau de 2019.<\/em><br \/><em>Le nombre d\u2019allocataires indemnis\u00e9s en fin d\u2019ann\u00e9e, 121 200 au total, augmente de 1,5%. Il s\u2019agit d\u2019une population d\u2019\u00e2ge moyen (41 ans), \u00e0 forte pr\u00e9dominance masculine (63,1%). Un peu plus de la moiti\u00e9 des allocataires (51,8%) est indemnis\u00e9 au titre de l\u2019annexe 10. Le montant journalier moyen d\u2019indemnisation s\u2019\u00e9tablit \u00e0 58,2 euros (61,2 euros pour l\u2019annexe 8 et 55,4 euros pour l\u2019annexe 10).<\/em><\/p>\n<div class=\"ead-preview\">\n<div class=\"ead-document\">\n<div class=\"ead-iframe-wrapper\"><\/div>\n<div class=\"ead-document-loading\">\n<div class=\"ead-loading-wrap\">\n<div class=\"ead-loading-main\">\n<div class=\"ead-loading\">\n\t\t\t\t\t\t\t<span>En cours de chargement\u2026<\/span>\n\t\t\t\t\t\t<\/div>\n<\/p><\/div>\n<div class=\"ead-loading-foot\">\n<div class=\"ead-loading-foot-title\">\n\t\t\t\t\t\t\t<span>Cela prend trop de temps\u00a0?<\/span>\n\t\t\t\t\t\t<\/div>\n<\/p>\n<div class=\"ead-document-btn ead-reload-btn\">\n\t\t\t\t\t\t\t\t Recharger le document\t\t\t\t\t\t\t<\/div>\n<p>\t\t\t\t\t\t\t<span>|<\/span><br \/>\n\t\t\t\t\t\t\t<a href=\"https:\/\/lamultinationaledelunderground.com\/musiquesactuelles\/wp-content\/uploads\/2023\/02\/si_23.002_allocataires_indemnises_A8et10_en_2021.pdf\" class=\"ead-document-btn\" target=\"_blank\" rel=\"noopener\"><br \/>\n\t\t\t\t\t\t\t\t Ouvrir dans un nouvel onglet\t\t\t\t\t\t\t<\/a>\n\t\t\t\t\t<\/div>\n<\/p><\/div>\n<\/p><\/div>\n<\/p><\/div>\n<p class=\"embed_download\"><a href=\"https:\/\/lamultinationaledelunderground.com\/musiquesactuelles\/wp-content\/uploads\/2023\/02\/si_23.002_allocataires_indemnises_A8et10_en_2021.pdf\">\ufeffT\u00e9l\u00e9charger [532.91 KB] <\/a><\/p>\n<\/div>\n<p>L\u2019article <a href=\"https:\/\/popburo.fr\/les-allocataires-indemnises-au-titre-des-annexes-8-et-10-en-2021\/\">Les allocataires indemnis\u00e9s au titre des annexes 8 et 10 en 2021<\/a> est apparu en premier sur <a href=\"https:\/\/popburo.fr\/\">POP B\u00dcRO<\/a>.<\/p>\n","protected":false},"excerpt":{"rendered":"<p>communiqu\u00e9En 2021, l\u2019\u00e9volution du nombre d\u2019allocataires indemnis\u00e9s au titre des annexes 8 et 10 et des allocations qu\u2019ils ont per\u00e7ues a \u00e9t\u00e9 encore tr\u00e8s fortement impact\u00e9e par les \u00e9volutions de l\u2019activit\u00e9 du spectacle vivant dans le contexte de crise sanitaire et les mesures de soutien qui ont \u00e9t\u00e9 prises. Le nombre d\u2019allocataires indemnis\u00e9s au moins une journ\u00e9e (\u00ab mandat\u00e9s \u00bb) au titre des annexes 8 et 10 progresse de 7,1% en 2021 pour atteindre 139 600. Cette hausse du nombre [&hellip;]<\/p>\n","protected":false},"author":0,"featured_media":0,"comment_status":"closed","ping_status":"open","sticky":false,"template":"","format":"standard","meta":{"footnotes":""},"categories":[1],"tags":[],"class_list":["post-4761","post","type-post","status-publish","format-standard","hentry","category-non-classe"],"yoast_head":"<!-- This site is optimized with the Yoast SEO plugin v27.5 - https:\/\/yoast.com\/product\/yoast-seo-wordpress\/ -->\n<title>Les allocataires indemnis\u00e9s au titre des annexes 8 et 10 en 2021 - HIERO STRASBOURG<\/title>\n<meta name=\"robots\" content=\"index, follow, max-snippet:-1, max-image-preview:large, max-video-preview:-1\" \/>\n<link rel=\"canonical\" href=\"https:\/\/hierostrasbourg.com\/index.php\/2023\/02\/01\/les-allocataires-indemnises-au-titre-des-annexes-8-et-10-en-2021-2\/\" \/>\n<meta property=\"og:locale\" content=\"fr_FR\" \/>\n<meta property=\"og:type\" content=\"article\" \/>\n<meta property=\"og:title\" content=\"Les allocataires indemnis\u00e9s au titre des annexes 8 et 10 en 2021 - HIERO STRASBOURG\" \/>\n<meta property=\"og:description\" content=\"communiqu\u00e9En 2021, l\u2019\u00e9volution du nombre d\u2019allocataires indemnis\u00e9s au titre des annexes 8 et 10 et des allocations qu\u2019ils ont per\u00e7ues a \u00e9t\u00e9 encore tr\u00e8s fortement impact\u00e9e par les \u00e9volutions de l\u2019activit\u00e9 du spectacle vivant dans le contexte de crise sanitaire et les mesures de soutien qui ont \u00e9t\u00e9 prises. Le nombre d\u2019allocataires indemnis\u00e9s au moins une journ\u00e9e (\u00ab mandat\u00e9s \u00bb) au titre des annexes 8 et 10 progresse de 7,1% en 2021 pour atteindre 139 600. Cette hausse du nombre [&hellip;]\" \/>\n<meta property=\"og:url\" content=\"https:\/\/hierostrasbourg.com\/index.php\/2023\/02\/01\/les-allocataires-indemnises-au-titre-des-annexes-8-et-10-en-2021-2\/\" \/>\n<meta property=\"og:site_name\" content=\"HIERO STRASBOURG\" \/>\n<meta property=\"article:publisher\" content=\"https:\/\/www.facebook.com\/fedehierostrasbourg\" \/>\n<meta property=\"article:published_time\" content=\"2023-02-01T14:43:26+00:00\" \/>\n<meta name=\"twitter:card\" content=\"summary_large_image\" \/>\n<meta name=\"twitter:creator\" content=\"@hierostrasbourg\" \/>\n<meta name=\"twitter:site\" content=\"@hierostrasbourg\" \/>\n<meta name=\"twitter:label1\" content=\"Dur\u00e9e de lecture estim\u00e9e\" \/>\n\t<meta name=\"twitter:data1\" content=\"1 minute\" \/>\n<script type=\"application\/ld+json\" class=\"yoast-schema-graph\">{\"@context\":\"https:\\\/\\\/schema.org\",\"@graph\":[{\"@type\":\"Article\",\"@id\":\"https:\\\/\\\/hierostrasbourg.com\\\/index.php\\\/2023\\\/02\\\/01\\\/les-allocataires-indemnises-au-titre-des-annexes-8-et-10-en-2021-2\\\/#article\",\"isPartOf\":{\"@id\":\"https:\\\/\\\/hierostrasbourg.com\\\/index.php\\\/2023\\\/02\\\/01\\\/les-allocataires-indemnises-au-titre-des-annexes-8-et-10-en-2021-2\\\/\"},\"author\":{\"name\":\"\",\"@id\":\"\"},\"headline\":\"Les allocataires indemnis\u00e9s au titre des annexes 8 et 10 en 2021\",\"datePublished\":\"2023-02-01T14:43:26+00:00\",\"mainEntityOfPage\":{\"@id\":\"https:\\\/\\\/hierostrasbourg.com\\\/index.php\\\/2023\\\/02\\\/01\\\/les-allocataires-indemnises-au-titre-des-annexes-8-et-10-en-2021-2\\\/\"},\"wordCount\":305,\"publisher\":{\"@id\":\"https:\\\/\\\/hierostrasbourg.com\\\/#organization\"},\"inLanguage\":\"fr-FR\"},{\"@type\":\"WebPage\",\"@id\":\"https:\\\/\\\/hierostrasbourg.com\\\/index.php\\\/2023\\\/02\\\/01\\\/les-allocataires-indemnises-au-titre-des-annexes-8-et-10-en-2021-2\\\/\",\"url\":\"https:\\\/\\\/hierostrasbourg.com\\\/index.php\\\/2023\\\/02\\\/01\\\/les-allocataires-indemnises-au-titre-des-annexes-8-et-10-en-2021-2\\\/\",\"name\":\"Les allocataires indemnis\u00e9s au titre des annexes 8 et 10 en 2021 - HIERO STRASBOURG\",\"isPartOf\":{\"@id\":\"https:\\\/\\\/hierostrasbourg.com\\\/#website\"},\"datePublished\":\"2023-02-01T14:43:26+00:00\",\"breadcrumb\":{\"@id\":\"https:\\\/\\\/hierostrasbourg.com\\\/index.php\\\/2023\\\/02\\\/01\\\/les-allocataires-indemnises-au-titre-des-annexes-8-et-10-en-2021-2\\\/#breadcrumb\"},\"inLanguage\":\"fr-FR\",\"potentialAction\":[{\"@type\":\"ReadAction\",\"target\":[\"https:\\\/\\\/hierostrasbourg.com\\\/index.php\\\/2023\\\/02\\\/01\\\/les-allocataires-indemnises-au-titre-des-annexes-8-et-10-en-2021-2\\\/\"]}]},{\"@type\":\"BreadcrumbList\",\"@id\":\"https:\\\/\\\/hierostrasbourg.com\\\/index.php\\\/2023\\\/02\\\/01\\\/les-allocataires-indemnises-au-titre-des-annexes-8-et-10-en-2021-2\\\/#breadcrumb\",\"itemListElement\":[{\"@type\":\"ListItem\",\"position\":1,\"name\":\"Accueil\",\"item\":\"https:\\\/\\\/hierostrasbourg.com\\\/\"},{\"@type\":\"ListItem\",\"position\":2,\"name\":\"Les allocataires indemnis\u00e9s au titre des annexes 8 et 10 en 2021\"}]},{\"@type\":\"WebSite\",\"@id\":\"https:\\\/\\\/hierostrasbourg.com\\\/#website\",\"url\":\"https:\\\/\\\/hierostrasbourg.com\\\/\",\"name\":\"HIERO STRASBOURG\",\"description\":\"Centre de Ressources Musiques Actuelles\",\"publisher\":{\"@id\":\"https:\\\/\\\/hierostrasbourg.com\\\/#organization\"},\"potentialAction\":[{\"@type\":\"SearchAction\",\"target\":{\"@type\":\"EntryPoint\",\"urlTemplate\":\"https:\\\/\\\/hierostrasbourg.com\\\/?s={search_term_string}\"},\"query-input\":{\"@type\":\"PropertyValueSpecification\",\"valueRequired\":true,\"valueName\":\"search_term_string\"}}],\"inLanguage\":\"fr-FR\"},{\"@type\":\"Organization\",\"@id\":\"https:\\\/\\\/hierostrasbourg.com\\\/#organization\",\"name\":\"F\u00e9d\u00e9ration Hi\u00e9ro Strasbourg\",\"url\":\"https:\\\/\\\/hierostrasbourg.com\\\/\",\"logo\":{\"@type\":\"ImageObject\",\"inLanguage\":\"fr-FR\",\"@id\":\"https:\\\/\\\/hierostrasbourg.com\\\/#\\\/schema\\\/logo\\\/image\\\/\",\"url\":\"https:\\\/\\\/hierostrasbourg.com\\\/wp-content\\\/uploads\\\/2026\\\/04\\\/logo-hiero-strasbourg.jpg\",\"contentUrl\":\"https:\\\/\\\/hierostrasbourg.com\\\/wp-content\\\/uploads\\\/2026\\\/04\\\/logo-hiero-strasbourg.jpg\",\"width\":204,\"height\":192,\"caption\":\"F\u00e9d\u00e9ration Hi\u00e9ro Strasbourg\"},\"image\":{\"@id\":\"https:\\\/\\\/hierostrasbourg.com\\\/#\\\/schema\\\/logo\\\/image\\\/\"},\"sameAs\":[\"https:\\\/\\\/www.facebook.com\\\/fedehierostrasbourg\",\"https:\\\/\\\/x.com\\\/hierostrasbourg\"]}]}<\/script>\n<!-- \/ Yoast SEO plugin. -->","yoast_head_json":{"title":"Les allocataires indemnis\u00e9s au titre des annexes 8 et 10 en 2021 - HIERO STRASBOURG","robots":{"index":"index","follow":"follow","max-snippet":"max-snippet:-1","max-image-preview":"max-image-preview:large","max-video-preview":"max-video-preview:-1"},"canonical":"https:\/\/hierostrasbourg.com\/index.php\/2023\/02\/01\/les-allocataires-indemnises-au-titre-des-annexes-8-et-10-en-2021-2\/","og_locale":"fr_FR","og_type":"article","og_title":"Les allocataires indemnis\u00e9s au titre des annexes 8 et 10 en 2021 - HIERO STRASBOURG","og_description":"communiqu\u00e9En 2021, l\u2019\u00e9volution du nombre d\u2019allocataires indemnis\u00e9s au titre des annexes 8 et 10 et des allocations qu\u2019ils ont per\u00e7ues a \u00e9t\u00e9 encore tr\u00e8s fortement impact\u00e9e par les \u00e9volutions de l\u2019activit\u00e9 du spectacle vivant dans le contexte de crise sanitaire et les mesures de soutien qui ont \u00e9t\u00e9 prises. Le nombre d\u2019allocataires indemnis\u00e9s au moins une journ\u00e9e (\u00ab mandat\u00e9s \u00bb) au titre des annexes 8 et 10 progresse de 7,1% en 2021 pour atteindre 139 600. Cette hausse du nombre [&hellip;]","og_url":"https:\/\/hierostrasbourg.com\/index.php\/2023\/02\/01\/les-allocataires-indemnises-au-titre-des-annexes-8-et-10-en-2021-2\/","og_site_name":"HIERO STRASBOURG","article_publisher":"https:\/\/www.facebook.com\/fedehierostrasbourg","article_published_time":"2023-02-01T14:43:26+00:00","twitter_card":"summary_large_image","twitter_creator":"@hierostrasbourg","twitter_site":"@hierostrasbourg","twitter_misc":{"Dur\u00e9e de lecture estim\u00e9e":"1 minute"},"schema":{"@context":"https:\/\/schema.org","@graph":[{"@type":"Article","@id":"https:\/\/hierostrasbourg.com\/index.php\/2023\/02\/01\/les-allocataires-indemnises-au-titre-des-annexes-8-et-10-en-2021-2\/#article","isPartOf":{"@id":"https:\/\/hierostrasbourg.com\/index.php\/2023\/02\/01\/les-allocataires-indemnises-au-titre-des-annexes-8-et-10-en-2021-2\/"},"author":{"name":"","@id":""},"headline":"Les allocataires indemnis\u00e9s au titre des annexes 8 et 10 en 2021","datePublished":"2023-02-01T14:43:26+00:00","mainEntityOfPage":{"@id":"https:\/\/hierostrasbourg.com\/index.php\/2023\/02\/01\/les-allocataires-indemnises-au-titre-des-annexes-8-et-10-en-2021-2\/"},"wordCount":305,"publisher":{"@id":"https:\/\/hierostrasbourg.com\/#organization"},"inLanguage":"fr-FR"},{"@type":"WebPage","@id":"https:\/\/hierostrasbourg.com\/index.php\/2023\/02\/01\/les-allocataires-indemnises-au-titre-des-annexes-8-et-10-en-2021-2\/","url":"https:\/\/hierostrasbourg.com\/index.php\/2023\/02\/01\/les-allocataires-indemnises-au-titre-des-annexes-8-et-10-en-2021-2\/","name":"Les allocataires indemnis\u00e9s au titre des annexes 8 et 10 en 2021 - HIERO STRASBOURG","isPartOf":{"@id":"https:\/\/hierostrasbourg.com\/#website"},"datePublished":"2023-02-01T14:43:26+00:00","breadcrumb":{"@id":"https:\/\/hierostrasbourg.com\/index.php\/2023\/02\/01\/les-allocataires-indemnises-au-titre-des-annexes-8-et-10-en-2021-2\/#breadcrumb"},"inLanguage":"fr-FR","potentialAction":[{"@type":"ReadAction","target":["https:\/\/hierostrasbourg.com\/index.php\/2023\/02\/01\/les-allocataires-indemnises-au-titre-des-annexes-8-et-10-en-2021-2\/"]}]},{"@type":"BreadcrumbList","@id":"https:\/\/hierostrasbourg.com\/index.php\/2023\/02\/01\/les-allocataires-indemnises-au-titre-des-annexes-8-et-10-en-2021-2\/#breadcrumb","itemListElement":[{"@type":"ListItem","position":1,"name":"Accueil","item":"https:\/\/hierostrasbourg.com\/"},{"@type":"ListItem","position":2,"name":"Les allocataires indemnis\u00e9s au titre des annexes 8 et 10 en 2021"}]},{"@type":"WebSite","@id":"https:\/\/hierostrasbourg.com\/#website","url":"https:\/\/hierostrasbourg.com\/","name":"HIERO STRASBOURG","description":"Centre de Ressources Musiques Actuelles","publisher":{"@id":"https:\/\/hierostrasbourg.com\/#organization"},"potentialAction":[{"@type":"SearchAction","target":{"@type":"EntryPoint","urlTemplate":"https:\/\/hierostrasbourg.com\/?s={search_term_string}"},"query-input":{"@type":"PropertyValueSpecification","valueRequired":true,"valueName":"search_term_string"}}],"inLanguage":"fr-FR"},{"@type":"Organization","@id":"https:\/\/hierostrasbourg.com\/#organization","name":"F\u00e9d\u00e9ration Hi\u00e9ro Strasbourg","url":"https:\/\/hierostrasbourg.com\/","logo":{"@type":"ImageObject","inLanguage":"fr-FR","@id":"https:\/\/hierostrasbourg.com\/#\/schema\/logo\/image\/","url":"https:\/\/hierostrasbourg.com\/wp-content\/uploads\/2026\/04\/logo-hiero-strasbourg.jpg","contentUrl":"https:\/\/hierostrasbourg.com\/wp-content\/uploads\/2026\/04\/logo-hiero-strasbourg.jpg","width":204,"height":192,"caption":"F\u00e9d\u00e9ration Hi\u00e9ro Strasbourg"},"image":{"@id":"https:\/\/hierostrasbourg.com\/#\/schema\/logo\/image\/"},"sameAs":["https:\/\/www.facebook.com\/fedehierostrasbourg","https:\/\/x.com\/hierostrasbourg"]}]}},"_links":{"self":[{"href":"https:\/\/hierostrasbourg.com\/index.php\/wp-json\/wp\/v2\/posts\/4761","targetHints":{"allow":["GET"]}}],"collection":[{"href":"https:\/\/hierostrasbourg.com\/index.php\/wp-json\/wp\/v2\/posts"}],"about":[{"href":"https:\/\/hierostrasbourg.com\/index.php\/wp-json\/wp\/v2\/types\/post"}],"replies":[{"embeddable":true,"href":"https:\/\/hierostrasbourg.com\/index.php\/wp-json\/wp\/v2\/comments?post=4761"}],"version-history":[{"count":0,"href":"https:\/\/hierostrasbourg.com\/index.php\/wp-json\/wp\/v2\/posts\/4761\/revisions"}],"wp:attachment":[{"href":"https:\/\/hierostrasbourg.com\/index.php\/wp-json\/wp\/v2\/media?parent=4761"}],"wp:term":[{"taxonomy":"category","embeddable":true,"href":"https:\/\/hierostrasbourg.com\/index.php\/wp-json\/wp\/v2\/categories?post=4761"},{"taxonomy":"post_tag","embeddable":true,"href":"https:\/\/hierostrasbourg.com\/index.php\/wp-json\/wp\/v2\/tags?post=4761"}],"curies":[{"name":"wp","href":"https:\/\/api.w.org\/{rel}","templated":true}]}}