{"id":4760,"date":"2023-02-01T15:43:26","date_gmt":"2023-02-01T14:43:26","guid":{"rendered":"https:\/\/hierostrasbourg.com\/index.php\/2023\/02\/01\/les-allocataires-indemnises-au-titre-des-annexes-8-et-10-en-2021\/"},"modified":"2023-02-01T15:43:26","modified_gmt":"2023-02-01T14:43:26","slug":"les-allocataires-indemnises-au-titre-des-annexes-8-et-10-en-2021","status":"publish","type":"post","link":"https:\/\/hierostrasbourg.com\/index.php\/2023\/02\/01\/les-allocataires-indemnises-au-titre-des-annexes-8-et-10-en-2021\/","title":{"rendered":"Les allocataires indemnis\u00e9s au titre des annexes 8 et 10 en 2021"},"content":{"rendered":"<p><a href=\"https:\/\/musiquesactuelles.alsace\/les-allocataires-indemnises-au-titre-des-annexes-8-et-10-en-2021\/\" title=\"Les allocataires indemnis\u00e9s au titre des annexes 8 et 10 en 2021\"><\/a><\/p>\n<p>communiqu\u00e9 En 2021, l\u2019\u00e9volution du nombre d\u2019allocataires indemnis\u00e9s au titre des annexes 8 et 10 et des allocations qu\u2019ils ont per\u00e7ues a \u00e9t\u00e9 encore tr\u00e8s fortement impact\u00e9e par les \u00e9volutions de l\u2019activit\u00e9 du spectacle vivant dans le contexte de crise sanitaire et les mesures de soutien qui ont \u00e9t\u00e9 prises. Le nombre d\u2019allocataires indemnis\u00e9s au moins une journ\u00e9e (\u00ab mandat\u00e9s \u00bb) au titre des annexes 8 et 10 progresse de 7,1% en 2021 pour atteindre 139 600. Cette hausse du [\u2026]<\/p>\n<p>L\u2019article <a href=\"https:\/\/musiquesactuelles.alsace\/les-allocataires-indemnises-au-titre-des-annexes-8-et-10-en-2021\/\">Les allocataires indemnis\u00e9s au titre des annexes 8 et 10 en 2021<\/a> est apparu en premier sur <a href=\"https:\/\/musiquesactuelles.alsace\/\">Musiques Actuelles en Alsace<\/a>.<\/p>\n<p>L\u2019article <a href=\"https:\/\/popburo.fr\/les-allocataires-indemnises-au-titre-des-annexes-8-et-10-en-2021-2\/\">Les allocataires indemnis\u00e9s au titre des annexes 8 et 10 en 2021<\/a> est apparu en premier sur <a href=\"https:\/\/popburo.fr\/\">POP B\u00dcRO<\/a>.<\/p>\n","protected":false},"excerpt":{"rendered":"<p>communiqu\u00e9 En 2021, l\u2019\u00e9volution du nombre d\u2019allocataires indemnis\u00e9s au titre des annexes 8 et 10 et des allocations qu\u2019ils ont per\u00e7ues a \u00e9t\u00e9 encore tr\u00e8s fortement impact\u00e9e par les \u00e9volutions de l\u2019activit\u00e9 du spectacle vivant dans le contexte de crise sanitaire et les mesures de soutien qui ont \u00e9t\u00e9 prises. Le nombre d\u2019allocataires indemnis\u00e9s au moins une journ\u00e9e (\u00ab mandat\u00e9s \u00bb) au titre des annexes 8 et 10 progresse de 7,1% en 2021 pour atteindre 139 600. Cette hausse du [&hellip;]<\/p>\n","protected":false},"author":0,"featured_media":0,"comment_status":"closed","ping_status":"open","sticky":false,"template":"","format":"standard","meta":{"footnotes":""},"categories":[1],"tags":[],"class_list":["post-4760","post","type-post","status-publish","format-standard","hentry","category-non-classe"],"yoast_head":"<!-- This site is optimized with the Yoast SEO plugin v27.5 - https:\/\/yoast.com\/product\/yoast-seo-wordpress\/ -->\n<title>Les allocataires indemnis\u00e9s au titre des annexes 8 et 10 en 2021 - HIERO STRASBOURG<\/title>\n<meta name=\"robots\" content=\"index, follow, max-snippet:-1, max-image-preview:large, max-video-preview:-1\" \/>\n<link rel=\"canonical\" href=\"https:\/\/hierostrasbourg.com\/index.php\/2023\/02\/01\/les-allocataires-indemnises-au-titre-des-annexes-8-et-10-en-2021\/\" \/>\n<meta property=\"og:locale\" content=\"fr_FR\" \/>\n<meta property=\"og:type\" content=\"article\" \/>\n<meta property=\"og:title\" content=\"Les allocataires indemnis\u00e9s au titre des annexes 8 et 10 en 2021 - HIERO STRASBOURG\" \/>\n<meta property=\"og:description\" content=\"communiqu\u00e9 En 2021, l\u2019\u00e9volution du nombre d\u2019allocataires indemnis\u00e9s au titre des annexes 8 et 10 et des allocations qu\u2019ils ont per\u00e7ues a \u00e9t\u00e9 encore tr\u00e8s fortement impact\u00e9e par les \u00e9volutions de l\u2019activit\u00e9 du spectacle vivant dans le contexte de crise sanitaire et les mesures de soutien qui ont \u00e9t\u00e9 prises. Le nombre d\u2019allocataires indemnis\u00e9s au moins une journ\u00e9e (\u00ab mandat\u00e9s \u00bb) au titre des annexes 8 et 10 progresse de 7,1% en 2021 pour atteindre 139 600. Cette hausse du [&hellip;]\" \/>\n<meta property=\"og:url\" content=\"https:\/\/hierostrasbourg.com\/index.php\/2023\/02\/01\/les-allocataires-indemnises-au-titre-des-annexes-8-et-10-en-2021\/\" \/>\n<meta property=\"og:site_name\" content=\"HIERO STRASBOURG\" \/>\n<meta property=\"article:publisher\" content=\"https:\/\/www.facebook.com\/fedehierostrasbourg\" \/>\n<meta property=\"article:published_time\" content=\"2023-02-01T14:43:26+00:00\" \/>\n<meta name=\"twitter:card\" content=\"summary_large_image\" \/>\n<meta name=\"twitter:creator\" content=\"@hierostrasbourg\" \/>\n<meta name=\"twitter:site\" content=\"@hierostrasbourg\" \/>\n<meta name=\"twitter:label1\" content=\"Dur\u00e9e de lecture estim\u00e9e\" \/>\n\t<meta name=\"twitter:data1\" content=\"1 minute\" \/>\n<script type=\"application\/ld+json\" class=\"yoast-schema-graph\">{\"@context\":\"https:\\\/\\\/schema.org\",\"@graph\":[{\"@type\":\"Article\",\"@id\":\"https:\\\/\\\/hierostrasbourg.com\\\/index.php\\\/2023\\\/02\\\/01\\\/les-allocataires-indemnises-au-titre-des-annexes-8-et-10-en-2021\\\/#article\",\"isPartOf\":{\"@id\":\"https:\\\/\\\/hierostrasbourg.com\\\/index.php\\\/2023\\\/02\\\/01\\\/les-allocataires-indemnises-au-titre-des-annexes-8-et-10-en-2021\\\/\"},\"author\":{\"name\":\"\",\"@id\":\"\"},\"headline\":\"Les allocataires indemnis\u00e9s au titre des annexes 8 et 10 en 2021\",\"datePublished\":\"2023-02-01T14:43:26+00:00\",\"mainEntityOfPage\":{\"@id\":\"https:\\\/\\\/hierostrasbourg.com\\\/index.php\\\/2023\\\/02\\\/01\\\/les-allocataires-indemnises-au-titre-des-annexes-8-et-10-en-2021\\\/\"},\"wordCount\":132,\"publisher\":{\"@id\":\"https:\\\/\\\/hierostrasbourg.com\\\/#organization\"},\"inLanguage\":\"fr-FR\"},{\"@type\":\"WebPage\",\"@id\":\"https:\\\/\\\/hierostrasbourg.com\\\/index.php\\\/2023\\\/02\\\/01\\\/les-allocataires-indemnises-au-titre-des-annexes-8-et-10-en-2021\\\/\",\"url\":\"https:\\\/\\\/hierostrasbourg.com\\\/index.php\\\/2023\\\/02\\\/01\\\/les-allocataires-indemnises-au-titre-des-annexes-8-et-10-en-2021\\\/\",\"name\":\"Les allocataires indemnis\u00e9s au titre des annexes 8 et 10 en 2021 - HIERO STRASBOURG\",\"isPartOf\":{\"@id\":\"https:\\\/\\\/hierostrasbourg.com\\\/#website\"},\"datePublished\":\"2023-02-01T14:43:26+00:00\",\"breadcrumb\":{\"@id\":\"https:\\\/\\\/hierostrasbourg.com\\\/index.php\\\/2023\\\/02\\\/01\\\/les-allocataires-indemnises-au-titre-des-annexes-8-et-10-en-2021\\\/#breadcrumb\"},\"inLanguage\":\"fr-FR\",\"potentialAction\":[{\"@type\":\"ReadAction\",\"target\":[\"https:\\\/\\\/hierostrasbourg.com\\\/index.php\\\/2023\\\/02\\\/01\\\/les-allocataires-indemnises-au-titre-des-annexes-8-et-10-en-2021\\\/\"]}]},{\"@type\":\"BreadcrumbList\",\"@id\":\"https:\\\/\\\/hierostrasbourg.com\\\/index.php\\\/2023\\\/02\\\/01\\\/les-allocataires-indemnises-au-titre-des-annexes-8-et-10-en-2021\\\/#breadcrumb\",\"itemListElement\":[{\"@type\":\"ListItem\",\"position\":1,\"name\":\"Accueil\",\"item\":\"https:\\\/\\\/hierostrasbourg.com\\\/\"},{\"@type\":\"ListItem\",\"position\":2,\"name\":\"Les allocataires indemnis\u00e9s au titre des annexes 8 et 10 en 2021\"}]},{\"@type\":\"WebSite\",\"@id\":\"https:\\\/\\\/hierostrasbourg.com\\\/#website\",\"url\":\"https:\\\/\\\/hierostrasbourg.com\\\/\",\"name\":\"HIERO STRASBOURG\",\"description\":\"Centre de Ressources Musiques Actuelles\",\"publisher\":{\"@id\":\"https:\\\/\\\/hierostrasbourg.com\\\/#organization\"},\"potentialAction\":[{\"@type\":\"SearchAction\",\"target\":{\"@type\":\"EntryPoint\",\"urlTemplate\":\"https:\\\/\\\/hierostrasbourg.com\\\/?s={search_term_string}\"},\"query-input\":{\"@type\":\"PropertyValueSpecification\",\"valueRequired\":true,\"valueName\":\"search_term_string\"}}],\"inLanguage\":\"fr-FR\"},{\"@type\":\"Organization\",\"@id\":\"https:\\\/\\\/hierostrasbourg.com\\\/#organization\",\"name\":\"F\u00e9d\u00e9ration Hi\u00e9ro Strasbourg\",\"url\":\"https:\\\/\\\/hierostrasbourg.com\\\/\",\"logo\":{\"@type\":\"ImageObject\",\"inLanguage\":\"fr-FR\",\"@id\":\"https:\\\/\\\/hierostrasbourg.com\\\/#\\\/schema\\\/logo\\\/image\\\/\",\"url\":\"https:\\\/\\\/hierostrasbourg.com\\\/wp-content\\\/uploads\\\/2026\\\/04\\\/logo-hiero-strasbourg.jpg\",\"contentUrl\":\"https:\\\/\\\/hierostrasbourg.com\\\/wp-content\\\/uploads\\\/2026\\\/04\\\/logo-hiero-strasbourg.jpg\",\"width\":204,\"height\":192,\"caption\":\"F\u00e9d\u00e9ration Hi\u00e9ro Strasbourg\"},\"image\":{\"@id\":\"https:\\\/\\\/hierostrasbourg.com\\\/#\\\/schema\\\/logo\\\/image\\\/\"},\"sameAs\":[\"https:\\\/\\\/www.facebook.com\\\/fedehierostrasbourg\",\"https:\\\/\\\/x.com\\\/hierostrasbourg\"]}]}<\/script>\n<!-- \/ Yoast SEO plugin. -->","yoast_head_json":{"title":"Les allocataires indemnis\u00e9s au titre des annexes 8 et 10 en 2021 - HIERO STRASBOURG","robots":{"index":"index","follow":"follow","max-snippet":"max-snippet:-1","max-image-preview":"max-image-preview:large","max-video-preview":"max-video-preview:-1"},"canonical":"https:\/\/hierostrasbourg.com\/index.php\/2023\/02\/01\/les-allocataires-indemnises-au-titre-des-annexes-8-et-10-en-2021\/","og_locale":"fr_FR","og_type":"article","og_title":"Les allocataires indemnis\u00e9s au titre des annexes 8 et 10 en 2021 - HIERO STRASBOURG","og_description":"communiqu\u00e9 En 2021, l\u2019\u00e9volution du nombre d\u2019allocataires indemnis\u00e9s au titre des annexes 8 et 10 et des allocations qu\u2019ils ont per\u00e7ues a \u00e9t\u00e9 encore tr\u00e8s fortement impact\u00e9e par les \u00e9volutions de l\u2019activit\u00e9 du spectacle vivant dans le contexte de crise sanitaire et les mesures de soutien qui ont \u00e9t\u00e9 prises. Le nombre d\u2019allocataires indemnis\u00e9s au moins une journ\u00e9e (\u00ab mandat\u00e9s \u00bb) au titre des annexes 8 et 10 progresse de 7,1% en 2021 pour atteindre 139 600. Cette hausse du [&hellip;]","og_url":"https:\/\/hierostrasbourg.com\/index.php\/2023\/02\/01\/les-allocataires-indemnises-au-titre-des-annexes-8-et-10-en-2021\/","og_site_name":"HIERO STRASBOURG","article_publisher":"https:\/\/www.facebook.com\/fedehierostrasbourg","article_published_time":"2023-02-01T14:43:26+00:00","twitter_card":"summary_large_image","twitter_creator":"@hierostrasbourg","twitter_site":"@hierostrasbourg","twitter_misc":{"Dur\u00e9e de lecture estim\u00e9e":"1 minute"},"schema":{"@context":"https:\/\/schema.org","@graph":[{"@type":"Article","@id":"https:\/\/hierostrasbourg.com\/index.php\/2023\/02\/01\/les-allocataires-indemnises-au-titre-des-annexes-8-et-10-en-2021\/#article","isPartOf":{"@id":"https:\/\/hierostrasbourg.com\/index.php\/2023\/02\/01\/les-allocataires-indemnises-au-titre-des-annexes-8-et-10-en-2021\/"},"author":{"name":"","@id":""},"headline":"Les allocataires indemnis\u00e9s au titre des annexes 8 et 10 en 2021","datePublished":"2023-02-01T14:43:26+00:00","mainEntityOfPage":{"@id":"https:\/\/hierostrasbourg.com\/index.php\/2023\/02\/01\/les-allocataires-indemnises-au-titre-des-annexes-8-et-10-en-2021\/"},"wordCount":132,"publisher":{"@id":"https:\/\/hierostrasbourg.com\/#organization"},"inLanguage":"fr-FR"},{"@type":"WebPage","@id":"https:\/\/hierostrasbourg.com\/index.php\/2023\/02\/01\/les-allocataires-indemnises-au-titre-des-annexes-8-et-10-en-2021\/","url":"https:\/\/hierostrasbourg.com\/index.php\/2023\/02\/01\/les-allocataires-indemnises-au-titre-des-annexes-8-et-10-en-2021\/","name":"Les allocataires indemnis\u00e9s au titre des annexes 8 et 10 en 2021 - HIERO STRASBOURG","isPartOf":{"@id":"https:\/\/hierostrasbourg.com\/#website"},"datePublished":"2023-02-01T14:43:26+00:00","breadcrumb":{"@id":"https:\/\/hierostrasbourg.com\/index.php\/2023\/02\/01\/les-allocataires-indemnises-au-titre-des-annexes-8-et-10-en-2021\/#breadcrumb"},"inLanguage":"fr-FR","potentialAction":[{"@type":"ReadAction","target":["https:\/\/hierostrasbourg.com\/index.php\/2023\/02\/01\/les-allocataires-indemnises-au-titre-des-annexes-8-et-10-en-2021\/"]}]},{"@type":"BreadcrumbList","@id":"https:\/\/hierostrasbourg.com\/index.php\/2023\/02\/01\/les-allocataires-indemnises-au-titre-des-annexes-8-et-10-en-2021\/#breadcrumb","itemListElement":[{"@type":"ListItem","position":1,"name":"Accueil","item":"https:\/\/hierostrasbourg.com\/"},{"@type":"ListItem","position":2,"name":"Les allocataires indemnis\u00e9s au titre des annexes 8 et 10 en 2021"}]},{"@type":"WebSite","@id":"https:\/\/hierostrasbourg.com\/#website","url":"https:\/\/hierostrasbourg.com\/","name":"HIERO STRASBOURG","description":"Centre de Ressources Musiques Actuelles","publisher":{"@id":"https:\/\/hierostrasbourg.com\/#organization"},"potentialAction":[{"@type":"SearchAction","target":{"@type":"EntryPoint","urlTemplate":"https:\/\/hierostrasbourg.com\/?s={search_term_string}"},"query-input":{"@type":"PropertyValueSpecification","valueRequired":true,"valueName":"search_term_string"}}],"inLanguage":"fr-FR"},{"@type":"Organization","@id":"https:\/\/hierostrasbourg.com\/#organization","name":"F\u00e9d\u00e9ration Hi\u00e9ro Strasbourg","url":"https:\/\/hierostrasbourg.com\/","logo":{"@type":"ImageObject","inLanguage":"fr-FR","@id":"https:\/\/hierostrasbourg.com\/#\/schema\/logo\/image\/","url":"https:\/\/hierostrasbourg.com\/wp-content\/uploads\/2026\/04\/logo-hiero-strasbourg.jpg","contentUrl":"https:\/\/hierostrasbourg.com\/wp-content\/uploads\/2026\/04\/logo-hiero-strasbourg.jpg","width":204,"height":192,"caption":"F\u00e9d\u00e9ration Hi\u00e9ro Strasbourg"},"image":{"@id":"https:\/\/hierostrasbourg.com\/#\/schema\/logo\/image\/"},"sameAs":["https:\/\/www.facebook.com\/fedehierostrasbourg","https:\/\/x.com\/hierostrasbourg"]}]}},"_links":{"self":[{"href":"https:\/\/hierostrasbourg.com\/index.php\/wp-json\/wp\/v2\/posts\/4760","targetHints":{"allow":["GET"]}}],"collection":[{"href":"https:\/\/hierostrasbourg.com\/index.php\/wp-json\/wp\/v2\/posts"}],"about":[{"href":"https:\/\/hierostrasbourg.com\/index.php\/wp-json\/wp\/v2\/types\/post"}],"replies":[{"embeddable":true,"href":"https:\/\/hierostrasbourg.com\/index.php\/wp-json\/wp\/v2\/comments?post=4760"}],"version-history":[{"count":0,"href":"https:\/\/hierostrasbourg.com\/index.php\/wp-json\/wp\/v2\/posts\/4760\/revisions"}],"wp:attachment":[{"href":"https:\/\/hierostrasbourg.com\/index.php\/wp-json\/wp\/v2\/media?parent=4760"}],"wp:term":[{"taxonomy":"category","embeddable":true,"href":"https:\/\/hierostrasbourg.com\/index.php\/wp-json\/wp\/v2\/categories?post=4760"},{"taxonomy":"post_tag","embeddable":true,"href":"https:\/\/hierostrasbourg.com\/index.php\/wp-json\/wp\/v2\/tags?post=4760"}],"curies":[{"name":"wp","href":"https:\/\/api.w.org\/{rel}","templated":true}]}}