{"id":4759,"date":"2023-02-01T15:43:25","date_gmt":"2023-02-01T14:43:25","guid":{"rendered":"https:\/\/hierostrasbourg.com\/index.php\/2023\/02\/01\/ouverture-des-candidatures-pour-la-scene-reperage-chanson-francaise-des-tanzmatten-67\/"},"modified":"2023-02-01T15:43:25","modified_gmt":"2023-02-01T14:43:25","slug":"ouverture-des-candidatures-pour-la-scene-reperage-chanson-francaise-des-tanzmatten-67","status":"publish","type":"post","link":"https:\/\/hierostrasbourg.com\/index.php\/2023\/02\/01\/ouverture-des-candidatures-pour-la-scene-reperage-chanson-francaise-des-tanzmatten-67\/","title":{"rendered":"Ouverture des candidatures pour la \u201cSc\u00e8ne Rep\u00e9rage Chanson Fran\u00e7aise\u201d des TANZMATTEN [67]"},"content":{"rendered":"<p><a href=\"https:\/\/musiquesactuelles.alsace\/ouverture-des-candidatures-pour-la-scene-reperage-chanson-francaise-des-tanzmatten-67\/\" title='Ouverture des candidatures pour la \"Sc\u00e8ne Rep\u00e9rage Chanson Fran\u00e7aise\" des TANZMATTEN [67]'><\/a><\/p>\n<p>Dans le cadre du festival, une sc\u00e8ne rep\u00e9rage chanson fran\u00e7aise est propos\u00e9e aux auteurs, compositeurs et interpr\u00e8tes alsaciens. Le futur laur\u00e9at qui sera d\u00e9sign\u00e9 cette ann\u00e9e se produira sur plusieurs sc\u00e8nes off du festival : vendredi 26 mai 2023 \u00e0 la Bouilloire \u00e0 Marckolsheim, samedi 27 mai 2023 au Vivarium \u00e0 Vill\u00e9. Entr\u00e9e libre Laur\u00e9ate de l\u2019\u00e9dition 2022 : C\u00e9aile C\u00e9aile est une artiste multidisciplinaire bas\u00e9e \u00e0 Strasbourg. Auteure-compositeure et interpr\u00e8te, sa musique vogue entre l\u00e9g\u00e8ret\u00e9 et profondeur. Dans une [\u2026]<\/p>\n<p>L\u2019article <a href=\"https:\/\/musiquesactuelles.alsace\/ouverture-des-candidatures-pour-la-scene-reperage-chanson-francaise-des-tanzmatten-67\/\">Ouverture des candidatures pour la \u201cSc\u00e8ne Rep\u00e9rage Chanson Fran\u00e7aise\u201d des TANZMATTEN [67]<\/a> est apparu en premier sur <a href=\"https:\/\/musiquesactuelles.alsace\/\">Musiques Actuelles en Alsace<\/a>.<\/p>\n<p>L\u2019article <a href=\"https:\/\/popburo.fr\/ouverture-des-candidatures-pour-la-scene-reperage-chanson-francaise-des-tanzmatten-67\/\">Ouverture des candidatures pour la \u201cSc\u00e8ne Rep\u00e9rage Chanson Fran\u00e7aise\u201d des TANZMATTEN [67]<\/a> est apparu en premier sur <a href=\"https:\/\/popburo.fr\/\">POP B\u00dcRO<\/a>.<\/p>\n","protected":false},"excerpt":{"rendered":"<p>Dans le cadre du festival, une sc\u00e8ne rep\u00e9rage chanson fran\u00e7aise est propos\u00e9e aux auteurs, compositeurs et interpr\u00e8tes alsaciens. Le futur laur\u00e9at qui sera d\u00e9sign\u00e9 cette ann\u00e9e se produira sur plusieurs sc\u00e8nes off du festival : vendredi 26 mai 2023 \u00e0 la Bouilloire \u00e0 Marckolsheim, samedi 27 mai 2023 au Vivarium \u00e0 Vill\u00e9. Entr\u00e9e libre Laur\u00e9ate de l\u2019\u00e9dition 2022 : C\u00e9aile C\u00e9aile est une artiste multidisciplinaire bas\u00e9e \u00e0 Strasbourg. Auteure-compositeure et interpr\u00e8te, sa musique vogue entre l\u00e9g\u00e8ret\u00e9 et profondeur. Dans une [&hellip;]<\/p>\n","protected":false},"author":0,"featured_media":0,"comment_status":"closed","ping_status":"open","sticky":false,"template":"","format":"standard","meta":{"footnotes":""},"categories":[1],"tags":[],"class_list":["post-4759","post","type-post","status-publish","format-standard","hentry","category-non-classe"],"yoast_head":"<!-- This site is optimized with the Yoast SEO plugin v27.5 - https:\/\/yoast.com\/product\/yoast-seo-wordpress\/ -->\n<title>Ouverture des candidatures pour la \u201cSc\u00e8ne Rep\u00e9rage Chanson Fran\u00e7aise\u201d des TANZMATTEN [67] - HIERO STRASBOURG<\/title>\n<meta name=\"robots\" content=\"index, follow, max-snippet:-1, max-image-preview:large, max-video-preview:-1\" \/>\n<link rel=\"canonical\" href=\"https:\/\/hierostrasbourg.com\/index.php\/2023\/02\/01\/ouverture-des-candidatures-pour-la-scene-reperage-chanson-francaise-des-tanzmatten-67\/\" \/>\n<meta property=\"og:locale\" content=\"fr_FR\" \/>\n<meta property=\"og:type\" content=\"article\" \/>\n<meta property=\"og:title\" content=\"Ouverture des candidatures pour la \u201cSc\u00e8ne Rep\u00e9rage Chanson Fran\u00e7aise\u201d des TANZMATTEN [67] - HIERO STRASBOURG\" \/>\n<meta property=\"og:description\" content=\"Dans le cadre du festival, une sc\u00e8ne rep\u00e9rage chanson fran\u00e7aise est propos\u00e9e aux auteurs, compositeurs et interpr\u00e8tes alsaciens. Le futur laur\u00e9at qui sera d\u00e9sign\u00e9 cette ann\u00e9e se produira sur plusieurs sc\u00e8nes off du festival : vendredi 26 mai 2023 \u00e0 la Bouilloire \u00e0 Marckolsheim, samedi 27 mai 2023 au Vivarium \u00e0 Vill\u00e9. Entr\u00e9e libre Laur\u00e9ate de l\u2019\u00e9dition 2022 : C\u00e9aile C\u00e9aile est une artiste multidisciplinaire bas\u00e9e \u00e0 Strasbourg. Auteure-compositeure et interpr\u00e8te, sa musique vogue entre l\u00e9g\u00e8ret\u00e9 et profondeur. Dans une [&hellip;]\" \/>\n<meta property=\"og:url\" content=\"https:\/\/hierostrasbourg.com\/index.php\/2023\/02\/01\/ouverture-des-candidatures-pour-la-scene-reperage-chanson-francaise-des-tanzmatten-67\/\" \/>\n<meta property=\"og:site_name\" content=\"HIERO STRASBOURG\" \/>\n<meta property=\"article:publisher\" content=\"https:\/\/www.facebook.com\/fedehierostrasbourg\" \/>\n<meta property=\"article:published_time\" content=\"2023-02-01T14:43:25+00:00\" \/>\n<meta name=\"twitter:card\" content=\"summary_large_image\" \/>\n<meta name=\"twitter:creator\" content=\"@hierostrasbourg\" \/>\n<meta name=\"twitter:site\" content=\"@hierostrasbourg\" \/>\n<meta name=\"twitter:label1\" content=\"Dur\u00e9e de lecture estim\u00e9e\" \/>\n\t<meta name=\"twitter:data1\" content=\"1 minute\" \/>\n<script type=\"application\/ld+json\" class=\"yoast-schema-graph\">{\"@context\":\"https:\\\/\\\/schema.org\",\"@graph\":[{\"@type\":\"Article\",\"@id\":\"https:\\\/\\\/hierostrasbourg.com\\\/index.php\\\/2023\\\/02\\\/01\\\/ouverture-des-candidatures-pour-la-scene-reperage-chanson-francaise-des-tanzmatten-67\\\/#article\",\"isPartOf\":{\"@id\":\"https:\\\/\\\/hierostrasbourg.com\\\/index.php\\\/2023\\\/02\\\/01\\\/ouverture-des-candidatures-pour-la-scene-reperage-chanson-francaise-des-tanzmatten-67\\\/\"},\"author\":{\"name\":\"\",\"@id\":\"\"},\"headline\":\"Ouverture des candidatures pour la \u201cSc\u00e8ne Rep\u00e9rage Chanson Fran\u00e7aise\u201d des TANZMATTEN [67]\",\"datePublished\":\"2023-02-01T14:43:25+00:00\",\"mainEntityOfPage\":{\"@id\":\"https:\\\/\\\/hierostrasbourg.com\\\/index.php\\\/2023\\\/02\\\/01\\\/ouverture-des-candidatures-pour-la-scene-reperage-chanson-francaise-des-tanzmatten-67\\\/\"},\"wordCount\":150,\"publisher\":{\"@id\":\"https:\\\/\\\/hierostrasbourg.com\\\/#organization\"},\"inLanguage\":\"fr-FR\"},{\"@type\":\"WebPage\",\"@id\":\"https:\\\/\\\/hierostrasbourg.com\\\/index.php\\\/2023\\\/02\\\/01\\\/ouverture-des-candidatures-pour-la-scene-reperage-chanson-francaise-des-tanzmatten-67\\\/\",\"url\":\"https:\\\/\\\/hierostrasbourg.com\\\/index.php\\\/2023\\\/02\\\/01\\\/ouverture-des-candidatures-pour-la-scene-reperage-chanson-francaise-des-tanzmatten-67\\\/\",\"name\":\"Ouverture des candidatures pour la \u201cSc\u00e8ne Rep\u00e9rage Chanson Fran\u00e7aise\u201d des TANZMATTEN [67] - HIERO STRASBOURG\",\"isPartOf\":{\"@id\":\"https:\\\/\\\/hierostrasbourg.com\\\/#website\"},\"datePublished\":\"2023-02-01T14:43:25+00:00\",\"breadcrumb\":{\"@id\":\"https:\\\/\\\/hierostrasbourg.com\\\/index.php\\\/2023\\\/02\\\/01\\\/ouverture-des-candidatures-pour-la-scene-reperage-chanson-francaise-des-tanzmatten-67\\\/#breadcrumb\"},\"inLanguage\":\"fr-FR\",\"potentialAction\":[{\"@type\":\"ReadAction\",\"target\":[\"https:\\\/\\\/hierostrasbourg.com\\\/index.php\\\/2023\\\/02\\\/01\\\/ouverture-des-candidatures-pour-la-scene-reperage-chanson-francaise-des-tanzmatten-67\\\/\"]}]},{\"@type\":\"BreadcrumbList\",\"@id\":\"https:\\\/\\\/hierostrasbourg.com\\\/index.php\\\/2023\\\/02\\\/01\\\/ouverture-des-candidatures-pour-la-scene-reperage-chanson-francaise-des-tanzmatten-67\\\/#breadcrumb\",\"itemListElement\":[{\"@type\":\"ListItem\",\"position\":1,\"name\":\"Accueil\",\"item\":\"https:\\\/\\\/hierostrasbourg.com\\\/\"},{\"@type\":\"ListItem\",\"position\":2,\"name\":\"Ouverture des candidatures pour la \u201cSc\u00e8ne Rep\u00e9rage Chanson Fran\u00e7aise\u201d des TANZMATTEN [67]\"}]},{\"@type\":\"WebSite\",\"@id\":\"https:\\\/\\\/hierostrasbourg.com\\\/#website\",\"url\":\"https:\\\/\\\/hierostrasbourg.com\\\/\",\"name\":\"HIERO STRASBOURG\",\"description\":\"Centre de Ressources Musiques Actuelles\",\"publisher\":{\"@id\":\"https:\\\/\\\/hierostrasbourg.com\\\/#organization\"},\"potentialAction\":[{\"@type\":\"SearchAction\",\"target\":{\"@type\":\"EntryPoint\",\"urlTemplate\":\"https:\\\/\\\/hierostrasbourg.com\\\/?s={search_term_string}\"},\"query-input\":{\"@type\":\"PropertyValueSpecification\",\"valueRequired\":true,\"valueName\":\"search_term_string\"}}],\"inLanguage\":\"fr-FR\"},{\"@type\":\"Organization\",\"@id\":\"https:\\\/\\\/hierostrasbourg.com\\\/#organization\",\"name\":\"F\u00e9d\u00e9ration Hi\u00e9ro Strasbourg\",\"url\":\"https:\\\/\\\/hierostrasbourg.com\\\/\",\"logo\":{\"@type\":\"ImageObject\",\"inLanguage\":\"fr-FR\",\"@id\":\"https:\\\/\\\/hierostrasbourg.com\\\/#\\\/schema\\\/logo\\\/image\\\/\",\"url\":\"https:\\\/\\\/hierostrasbourg.com\\\/wp-content\\\/uploads\\\/2026\\\/04\\\/logo-hiero-strasbourg.jpg\",\"contentUrl\":\"https:\\\/\\\/hierostrasbourg.com\\\/wp-content\\\/uploads\\\/2026\\\/04\\\/logo-hiero-strasbourg.jpg\",\"width\":204,\"height\":192,\"caption\":\"F\u00e9d\u00e9ration Hi\u00e9ro Strasbourg\"},\"image\":{\"@id\":\"https:\\\/\\\/hierostrasbourg.com\\\/#\\\/schema\\\/logo\\\/image\\\/\"},\"sameAs\":[\"https:\\\/\\\/www.facebook.com\\\/fedehierostrasbourg\",\"https:\\\/\\\/x.com\\\/hierostrasbourg\"]}]}<\/script>\n<!-- \/ Yoast SEO plugin. -->","yoast_head_json":{"title":"Ouverture des candidatures pour la \u201cSc\u00e8ne Rep\u00e9rage Chanson Fran\u00e7aise\u201d des TANZMATTEN [67] - HIERO STRASBOURG","robots":{"index":"index","follow":"follow","max-snippet":"max-snippet:-1","max-image-preview":"max-image-preview:large","max-video-preview":"max-video-preview:-1"},"canonical":"https:\/\/hierostrasbourg.com\/index.php\/2023\/02\/01\/ouverture-des-candidatures-pour-la-scene-reperage-chanson-francaise-des-tanzmatten-67\/","og_locale":"fr_FR","og_type":"article","og_title":"Ouverture des candidatures pour la \u201cSc\u00e8ne Rep\u00e9rage Chanson Fran\u00e7aise\u201d des TANZMATTEN [67] - HIERO STRASBOURG","og_description":"Dans le cadre du festival, une sc\u00e8ne rep\u00e9rage chanson fran\u00e7aise est propos\u00e9e aux auteurs, compositeurs et interpr\u00e8tes alsaciens. Le futur laur\u00e9at qui sera d\u00e9sign\u00e9 cette ann\u00e9e se produira sur plusieurs sc\u00e8nes off du festival : vendredi 26 mai 2023 \u00e0 la Bouilloire \u00e0 Marckolsheim, samedi 27 mai 2023 au Vivarium \u00e0 Vill\u00e9. Entr\u00e9e libre Laur\u00e9ate de l\u2019\u00e9dition 2022 : C\u00e9aile C\u00e9aile est une artiste multidisciplinaire bas\u00e9e \u00e0 Strasbourg. Auteure-compositeure et interpr\u00e8te, sa musique vogue entre l\u00e9g\u00e8ret\u00e9 et profondeur. Dans une [&hellip;]","og_url":"https:\/\/hierostrasbourg.com\/index.php\/2023\/02\/01\/ouverture-des-candidatures-pour-la-scene-reperage-chanson-francaise-des-tanzmatten-67\/","og_site_name":"HIERO STRASBOURG","article_publisher":"https:\/\/www.facebook.com\/fedehierostrasbourg","article_published_time":"2023-02-01T14:43:25+00:00","twitter_card":"summary_large_image","twitter_creator":"@hierostrasbourg","twitter_site":"@hierostrasbourg","twitter_misc":{"Dur\u00e9e de lecture estim\u00e9e":"1 minute"},"schema":{"@context":"https:\/\/schema.org","@graph":[{"@type":"Article","@id":"https:\/\/hierostrasbourg.com\/index.php\/2023\/02\/01\/ouverture-des-candidatures-pour-la-scene-reperage-chanson-francaise-des-tanzmatten-67\/#article","isPartOf":{"@id":"https:\/\/hierostrasbourg.com\/index.php\/2023\/02\/01\/ouverture-des-candidatures-pour-la-scene-reperage-chanson-francaise-des-tanzmatten-67\/"},"author":{"name":"","@id":""},"headline":"Ouverture des candidatures pour la \u201cSc\u00e8ne Rep\u00e9rage Chanson Fran\u00e7aise\u201d des TANZMATTEN [67]","datePublished":"2023-02-01T14:43:25+00:00","mainEntityOfPage":{"@id":"https:\/\/hierostrasbourg.com\/index.php\/2023\/02\/01\/ouverture-des-candidatures-pour-la-scene-reperage-chanson-francaise-des-tanzmatten-67\/"},"wordCount":150,"publisher":{"@id":"https:\/\/hierostrasbourg.com\/#organization"},"inLanguage":"fr-FR"},{"@type":"WebPage","@id":"https:\/\/hierostrasbourg.com\/index.php\/2023\/02\/01\/ouverture-des-candidatures-pour-la-scene-reperage-chanson-francaise-des-tanzmatten-67\/","url":"https:\/\/hierostrasbourg.com\/index.php\/2023\/02\/01\/ouverture-des-candidatures-pour-la-scene-reperage-chanson-francaise-des-tanzmatten-67\/","name":"Ouverture des candidatures pour la \u201cSc\u00e8ne Rep\u00e9rage Chanson Fran\u00e7aise\u201d des TANZMATTEN [67] - HIERO STRASBOURG","isPartOf":{"@id":"https:\/\/hierostrasbourg.com\/#website"},"datePublished":"2023-02-01T14:43:25+00:00","breadcrumb":{"@id":"https:\/\/hierostrasbourg.com\/index.php\/2023\/02\/01\/ouverture-des-candidatures-pour-la-scene-reperage-chanson-francaise-des-tanzmatten-67\/#breadcrumb"},"inLanguage":"fr-FR","potentialAction":[{"@type":"ReadAction","target":["https:\/\/hierostrasbourg.com\/index.php\/2023\/02\/01\/ouverture-des-candidatures-pour-la-scene-reperage-chanson-francaise-des-tanzmatten-67\/"]}]},{"@type":"BreadcrumbList","@id":"https:\/\/hierostrasbourg.com\/index.php\/2023\/02\/01\/ouverture-des-candidatures-pour-la-scene-reperage-chanson-francaise-des-tanzmatten-67\/#breadcrumb","itemListElement":[{"@type":"ListItem","position":1,"name":"Accueil","item":"https:\/\/hierostrasbourg.com\/"},{"@type":"ListItem","position":2,"name":"Ouverture des candidatures pour la \u201cSc\u00e8ne Rep\u00e9rage Chanson Fran\u00e7aise\u201d des TANZMATTEN [67]"}]},{"@type":"WebSite","@id":"https:\/\/hierostrasbourg.com\/#website","url":"https:\/\/hierostrasbourg.com\/","name":"HIERO STRASBOURG","description":"Centre de Ressources Musiques Actuelles","publisher":{"@id":"https:\/\/hierostrasbourg.com\/#organization"},"potentialAction":[{"@type":"SearchAction","target":{"@type":"EntryPoint","urlTemplate":"https:\/\/hierostrasbourg.com\/?s={search_term_string}"},"query-input":{"@type":"PropertyValueSpecification","valueRequired":true,"valueName":"search_term_string"}}],"inLanguage":"fr-FR"},{"@type":"Organization","@id":"https:\/\/hierostrasbourg.com\/#organization","name":"F\u00e9d\u00e9ration Hi\u00e9ro Strasbourg","url":"https:\/\/hierostrasbourg.com\/","logo":{"@type":"ImageObject","inLanguage":"fr-FR","@id":"https:\/\/hierostrasbourg.com\/#\/schema\/logo\/image\/","url":"https:\/\/hierostrasbourg.com\/wp-content\/uploads\/2026\/04\/logo-hiero-strasbourg.jpg","contentUrl":"https:\/\/hierostrasbourg.com\/wp-content\/uploads\/2026\/04\/logo-hiero-strasbourg.jpg","width":204,"height":192,"caption":"F\u00e9d\u00e9ration Hi\u00e9ro Strasbourg"},"image":{"@id":"https:\/\/hierostrasbourg.com\/#\/schema\/logo\/image\/"},"sameAs":["https:\/\/www.facebook.com\/fedehierostrasbourg","https:\/\/x.com\/hierostrasbourg"]}]}},"_links":{"self":[{"href":"https:\/\/hierostrasbourg.com\/index.php\/wp-json\/wp\/v2\/posts\/4759","targetHints":{"allow":["GET"]}}],"collection":[{"href":"https:\/\/hierostrasbourg.com\/index.php\/wp-json\/wp\/v2\/posts"}],"about":[{"href":"https:\/\/hierostrasbourg.com\/index.php\/wp-json\/wp\/v2\/types\/post"}],"replies":[{"embeddable":true,"href":"https:\/\/hierostrasbourg.com\/index.php\/wp-json\/wp\/v2\/comments?post=4759"}],"version-history":[{"count":0,"href":"https:\/\/hierostrasbourg.com\/index.php\/wp-json\/wp\/v2\/posts\/4759\/revisions"}],"wp:attachment":[{"href":"https:\/\/hierostrasbourg.com\/index.php\/wp-json\/wp\/v2\/media?parent=4759"}],"wp:term":[{"taxonomy":"category","embeddable":true,"href":"https:\/\/hierostrasbourg.com\/index.php\/wp-json\/wp\/v2\/categories?post=4759"},{"taxonomy":"post_tag","embeddable":true,"href":"https:\/\/hierostrasbourg.com\/index.php\/wp-json\/wp\/v2\/tags?post=4759"}],"curies":[{"name":"wp","href":"https:\/\/api.w.org\/{rel}","templated":true}]}}