{"id":4758,"date":"2023-02-01T14:41:48","date_gmt":"2023-02-01T13:41:48","guid":{"rendered":"https:\/\/hierostrasbourg.com\/index.php\/2023\/02\/01\/ouverture-des-candidatures-pour-le-tremplin-du-festival-le-jardin-du-michel-54\/"},"modified":"2023-02-01T14:41:48","modified_gmt":"2023-02-01T13:41:48","slug":"ouverture-des-candidatures-pour-le-tremplin-du-festival-le-jardin-du-michel-54","status":"publish","type":"post","link":"https:\/\/hierostrasbourg.com\/index.php\/2023\/02\/01\/ouverture-des-candidatures-pour-le-tremplin-du-festival-le-jardin-du-michel-54\/","title":{"rendered":"Ouverture des candidatures pour le tremplin du festival LE JARDIN DU MICHEL [54]"},"content":{"rendered":"<p><a href=\"https:\/\/musiquesactuelles.alsace\/ouverture-des-candidatures-pour-le-tremplin-du-festival-le-jardin-du-michel-54\/\" title=\"Ouverture des candidatures pour le tremplin du festival LE JARDIN DU MICHEL [54]\"><\/a><\/p>\n<p>UN PEU D\u2019HISTOIRE\u2026 La promotion du territoire est au c\u0153ur du projet du Jardin du Michel. Depuis sa cr\u00e9ation, pr\u00e8s d\u2019un tiers de sa programmation est d\u00e9di\u00e9e aux artistes de la r\u00e9gion Grand Est, qu\u2019ils soient \u00e9mergents ou bien connus du public. De retour en 2019, le Tremplin du Michel a \u00e9galement un objectif bien pr\u00e9cis : mettre en avant les artistes amateurs et accompagner le vainqueur vers la voie professionnelle. La premi\u00e8re version de ce concours a vu le [\u2026]<\/p>\n<p>L\u2019article <a href=\"https:\/\/musiquesactuelles.alsace\/ouverture-des-candidatures-pour-le-tremplin-du-festival-le-jardin-du-michel-54\/\">Ouverture des candidatures pour le tremplin du festival LE JARDIN DU MICHEL [54]<\/a> est apparu en premier sur <a href=\"https:\/\/musiquesactuelles.alsace\/\">Musiques Actuelles en Alsace<\/a>.<\/p>\n<p>L\u2019article <a href=\"https:\/\/popburo.fr\/ouverture-des-candidatures-pour-le-tremplin-du-festival-le-jardin-du-michel-54\/\">Ouverture des candidatures pour le tremplin du festival LE JARDIN DU MICHEL [54]<\/a> est apparu en premier sur <a href=\"https:\/\/popburo.fr\/\">POP B\u00dcRO<\/a>.<\/p>\n","protected":false},"excerpt":{"rendered":"<p>UN PEU D\u2019HISTOIRE\u2026 La promotion du territoire est au c\u0153ur du projet du Jardin du Michel. Depuis sa cr\u00e9ation, pr\u00e8s d\u2019un tiers de sa programmation est d\u00e9di\u00e9e aux artistes de la r\u00e9gion Grand Est, qu\u2019ils soient \u00e9mergents ou bien connus du public. De retour en 2019, le Tremplin du Michel a \u00e9galement un objectif bien pr\u00e9cis : mettre en avant les artistes amateurs et accompagner le vainqueur vers la voie professionnelle. La premi\u00e8re version de ce concours a vu le [&hellip;]<\/p>\n","protected":false},"author":0,"featured_media":0,"comment_status":"closed","ping_status":"open","sticky":false,"template":"","format":"standard","meta":{"footnotes":""},"categories":[1],"tags":[],"class_list":["post-4758","post","type-post","status-publish","format-standard","hentry","category-non-classe"],"yoast_head":"<!-- This site is optimized with the Yoast SEO plugin v27.5 - https:\/\/yoast.com\/product\/yoast-seo-wordpress\/ -->\n<title>Ouverture des candidatures pour le tremplin du festival LE JARDIN DU MICHEL [54] - HIERO STRASBOURG<\/title>\n<meta name=\"robots\" content=\"index, follow, max-snippet:-1, max-image-preview:large, max-video-preview:-1\" \/>\n<link rel=\"canonical\" href=\"https:\/\/hierostrasbourg.com\/index.php\/2023\/02\/01\/ouverture-des-candidatures-pour-le-tremplin-du-festival-le-jardin-du-michel-54\/\" \/>\n<meta property=\"og:locale\" content=\"fr_FR\" \/>\n<meta property=\"og:type\" content=\"article\" \/>\n<meta property=\"og:title\" content=\"Ouverture des candidatures pour le tremplin du festival LE JARDIN DU MICHEL [54] - HIERO STRASBOURG\" \/>\n<meta property=\"og:description\" content=\"UN PEU D\u2019HISTOIRE\u2026 La promotion du territoire est au c\u0153ur du projet du Jardin du Michel. Depuis sa cr\u00e9ation, pr\u00e8s d\u2019un tiers de sa programmation est d\u00e9di\u00e9e aux artistes de la r\u00e9gion Grand Est, qu\u2019ils soient \u00e9mergents ou bien connus du public. De retour en 2019, le Tremplin du Michel a \u00e9galement un objectif bien pr\u00e9cis : mettre en avant les artistes amateurs et accompagner le vainqueur vers la voie professionnelle. La premi\u00e8re version de ce concours a vu le [&hellip;]\" \/>\n<meta property=\"og:url\" content=\"https:\/\/hierostrasbourg.com\/index.php\/2023\/02\/01\/ouverture-des-candidatures-pour-le-tremplin-du-festival-le-jardin-du-michel-54\/\" \/>\n<meta property=\"og:site_name\" content=\"HIERO STRASBOURG\" \/>\n<meta property=\"article:publisher\" content=\"https:\/\/www.facebook.com\/fedehierostrasbourg\" \/>\n<meta property=\"article:published_time\" content=\"2023-02-01T13:41:48+00:00\" \/>\n<meta name=\"twitter:card\" content=\"summary_large_image\" \/>\n<meta name=\"twitter:creator\" content=\"@hierostrasbourg\" \/>\n<meta name=\"twitter:site\" content=\"@hierostrasbourg\" \/>\n<meta name=\"twitter:label1\" content=\"Dur\u00e9e de lecture estim\u00e9e\" \/>\n\t<meta name=\"twitter:data1\" content=\"1 minute\" \/>\n<script type=\"application\/ld+json\" class=\"yoast-schema-graph\">{\"@context\":\"https:\\\/\\\/schema.org\",\"@graph\":[{\"@type\":\"Article\",\"@id\":\"https:\\\/\\\/hierostrasbourg.com\\\/index.php\\\/2023\\\/02\\\/01\\\/ouverture-des-candidatures-pour-le-tremplin-du-festival-le-jardin-du-michel-54\\\/#article\",\"isPartOf\":{\"@id\":\"https:\\\/\\\/hierostrasbourg.com\\\/index.php\\\/2023\\\/02\\\/01\\\/ouverture-des-candidatures-pour-le-tremplin-du-festival-le-jardin-du-michel-54\\\/\"},\"author\":{\"name\":\"\",\"@id\":\"\"},\"headline\":\"Ouverture des candidatures pour le tremplin du festival LE JARDIN DU MICHEL [54]\",\"datePublished\":\"2023-02-01T13:41:48+00:00\",\"mainEntityOfPage\":{\"@id\":\"https:\\\/\\\/hierostrasbourg.com\\\/index.php\\\/2023\\\/02\\\/01\\\/ouverture-des-candidatures-pour-le-tremplin-du-festival-le-jardin-du-michel-54\\\/\"},\"wordCount\":146,\"publisher\":{\"@id\":\"https:\\\/\\\/hierostrasbourg.com\\\/#organization\"},\"inLanguage\":\"fr-FR\"},{\"@type\":\"WebPage\",\"@id\":\"https:\\\/\\\/hierostrasbourg.com\\\/index.php\\\/2023\\\/02\\\/01\\\/ouverture-des-candidatures-pour-le-tremplin-du-festival-le-jardin-du-michel-54\\\/\",\"url\":\"https:\\\/\\\/hierostrasbourg.com\\\/index.php\\\/2023\\\/02\\\/01\\\/ouverture-des-candidatures-pour-le-tremplin-du-festival-le-jardin-du-michel-54\\\/\",\"name\":\"Ouverture des candidatures pour le tremplin du festival LE JARDIN DU MICHEL [54] - HIERO STRASBOURG\",\"isPartOf\":{\"@id\":\"https:\\\/\\\/hierostrasbourg.com\\\/#website\"},\"datePublished\":\"2023-02-01T13:41:48+00:00\",\"breadcrumb\":{\"@id\":\"https:\\\/\\\/hierostrasbourg.com\\\/index.php\\\/2023\\\/02\\\/01\\\/ouverture-des-candidatures-pour-le-tremplin-du-festival-le-jardin-du-michel-54\\\/#breadcrumb\"},\"inLanguage\":\"fr-FR\",\"potentialAction\":[{\"@type\":\"ReadAction\",\"target\":[\"https:\\\/\\\/hierostrasbourg.com\\\/index.php\\\/2023\\\/02\\\/01\\\/ouverture-des-candidatures-pour-le-tremplin-du-festival-le-jardin-du-michel-54\\\/\"]}]},{\"@type\":\"BreadcrumbList\",\"@id\":\"https:\\\/\\\/hierostrasbourg.com\\\/index.php\\\/2023\\\/02\\\/01\\\/ouverture-des-candidatures-pour-le-tremplin-du-festival-le-jardin-du-michel-54\\\/#breadcrumb\",\"itemListElement\":[{\"@type\":\"ListItem\",\"position\":1,\"name\":\"Accueil\",\"item\":\"https:\\\/\\\/hierostrasbourg.com\\\/\"},{\"@type\":\"ListItem\",\"position\":2,\"name\":\"Ouverture des candidatures pour le tremplin du festival LE JARDIN DU MICHEL [54]\"}]},{\"@type\":\"WebSite\",\"@id\":\"https:\\\/\\\/hierostrasbourg.com\\\/#website\",\"url\":\"https:\\\/\\\/hierostrasbourg.com\\\/\",\"name\":\"HIERO STRASBOURG\",\"description\":\"Centre de Ressources Musiques Actuelles\",\"publisher\":{\"@id\":\"https:\\\/\\\/hierostrasbourg.com\\\/#organization\"},\"potentialAction\":[{\"@type\":\"SearchAction\",\"target\":{\"@type\":\"EntryPoint\",\"urlTemplate\":\"https:\\\/\\\/hierostrasbourg.com\\\/?s={search_term_string}\"},\"query-input\":{\"@type\":\"PropertyValueSpecification\",\"valueRequired\":true,\"valueName\":\"search_term_string\"}}],\"inLanguage\":\"fr-FR\"},{\"@type\":\"Organization\",\"@id\":\"https:\\\/\\\/hierostrasbourg.com\\\/#organization\",\"name\":\"F\u00e9d\u00e9ration Hi\u00e9ro Strasbourg\",\"url\":\"https:\\\/\\\/hierostrasbourg.com\\\/\",\"logo\":{\"@type\":\"ImageObject\",\"inLanguage\":\"fr-FR\",\"@id\":\"https:\\\/\\\/hierostrasbourg.com\\\/#\\\/schema\\\/logo\\\/image\\\/\",\"url\":\"https:\\\/\\\/hierostrasbourg.com\\\/wp-content\\\/uploads\\\/2026\\\/04\\\/logo-hiero-strasbourg.jpg\",\"contentUrl\":\"https:\\\/\\\/hierostrasbourg.com\\\/wp-content\\\/uploads\\\/2026\\\/04\\\/logo-hiero-strasbourg.jpg\",\"width\":204,\"height\":192,\"caption\":\"F\u00e9d\u00e9ration Hi\u00e9ro Strasbourg\"},\"image\":{\"@id\":\"https:\\\/\\\/hierostrasbourg.com\\\/#\\\/schema\\\/logo\\\/image\\\/\"},\"sameAs\":[\"https:\\\/\\\/www.facebook.com\\\/fedehierostrasbourg\",\"https:\\\/\\\/x.com\\\/hierostrasbourg\"]}]}<\/script>\n<!-- \/ Yoast SEO plugin. -->","yoast_head_json":{"title":"Ouverture des candidatures pour le tremplin du festival LE JARDIN DU MICHEL [54] - HIERO STRASBOURG","robots":{"index":"index","follow":"follow","max-snippet":"max-snippet:-1","max-image-preview":"max-image-preview:large","max-video-preview":"max-video-preview:-1"},"canonical":"https:\/\/hierostrasbourg.com\/index.php\/2023\/02\/01\/ouverture-des-candidatures-pour-le-tremplin-du-festival-le-jardin-du-michel-54\/","og_locale":"fr_FR","og_type":"article","og_title":"Ouverture des candidatures pour le tremplin du festival LE JARDIN DU MICHEL [54] - HIERO STRASBOURG","og_description":"UN PEU D\u2019HISTOIRE\u2026 La promotion du territoire est au c\u0153ur du projet du Jardin du Michel. Depuis sa cr\u00e9ation, pr\u00e8s d\u2019un tiers de sa programmation est d\u00e9di\u00e9e aux artistes de la r\u00e9gion Grand Est, qu\u2019ils soient \u00e9mergents ou bien connus du public. De retour en 2019, le Tremplin du Michel a \u00e9galement un objectif bien pr\u00e9cis : mettre en avant les artistes amateurs et accompagner le vainqueur vers la voie professionnelle. La premi\u00e8re version de ce concours a vu le [&hellip;]","og_url":"https:\/\/hierostrasbourg.com\/index.php\/2023\/02\/01\/ouverture-des-candidatures-pour-le-tremplin-du-festival-le-jardin-du-michel-54\/","og_site_name":"HIERO STRASBOURG","article_publisher":"https:\/\/www.facebook.com\/fedehierostrasbourg","article_published_time":"2023-02-01T13:41:48+00:00","twitter_card":"summary_large_image","twitter_creator":"@hierostrasbourg","twitter_site":"@hierostrasbourg","twitter_misc":{"Dur\u00e9e de lecture estim\u00e9e":"1 minute"},"schema":{"@context":"https:\/\/schema.org","@graph":[{"@type":"Article","@id":"https:\/\/hierostrasbourg.com\/index.php\/2023\/02\/01\/ouverture-des-candidatures-pour-le-tremplin-du-festival-le-jardin-du-michel-54\/#article","isPartOf":{"@id":"https:\/\/hierostrasbourg.com\/index.php\/2023\/02\/01\/ouverture-des-candidatures-pour-le-tremplin-du-festival-le-jardin-du-michel-54\/"},"author":{"name":"","@id":""},"headline":"Ouverture des candidatures pour le tremplin du festival LE JARDIN DU MICHEL [54]","datePublished":"2023-02-01T13:41:48+00:00","mainEntityOfPage":{"@id":"https:\/\/hierostrasbourg.com\/index.php\/2023\/02\/01\/ouverture-des-candidatures-pour-le-tremplin-du-festival-le-jardin-du-michel-54\/"},"wordCount":146,"publisher":{"@id":"https:\/\/hierostrasbourg.com\/#organization"},"inLanguage":"fr-FR"},{"@type":"WebPage","@id":"https:\/\/hierostrasbourg.com\/index.php\/2023\/02\/01\/ouverture-des-candidatures-pour-le-tremplin-du-festival-le-jardin-du-michel-54\/","url":"https:\/\/hierostrasbourg.com\/index.php\/2023\/02\/01\/ouverture-des-candidatures-pour-le-tremplin-du-festival-le-jardin-du-michel-54\/","name":"Ouverture des candidatures pour le tremplin du festival LE JARDIN DU MICHEL [54] - HIERO STRASBOURG","isPartOf":{"@id":"https:\/\/hierostrasbourg.com\/#website"},"datePublished":"2023-02-01T13:41:48+00:00","breadcrumb":{"@id":"https:\/\/hierostrasbourg.com\/index.php\/2023\/02\/01\/ouverture-des-candidatures-pour-le-tremplin-du-festival-le-jardin-du-michel-54\/#breadcrumb"},"inLanguage":"fr-FR","potentialAction":[{"@type":"ReadAction","target":["https:\/\/hierostrasbourg.com\/index.php\/2023\/02\/01\/ouverture-des-candidatures-pour-le-tremplin-du-festival-le-jardin-du-michel-54\/"]}]},{"@type":"BreadcrumbList","@id":"https:\/\/hierostrasbourg.com\/index.php\/2023\/02\/01\/ouverture-des-candidatures-pour-le-tremplin-du-festival-le-jardin-du-michel-54\/#breadcrumb","itemListElement":[{"@type":"ListItem","position":1,"name":"Accueil","item":"https:\/\/hierostrasbourg.com\/"},{"@type":"ListItem","position":2,"name":"Ouverture des candidatures pour le tremplin du festival LE JARDIN DU MICHEL [54]"}]},{"@type":"WebSite","@id":"https:\/\/hierostrasbourg.com\/#website","url":"https:\/\/hierostrasbourg.com\/","name":"HIERO STRASBOURG","description":"Centre de Ressources Musiques Actuelles","publisher":{"@id":"https:\/\/hierostrasbourg.com\/#organization"},"potentialAction":[{"@type":"SearchAction","target":{"@type":"EntryPoint","urlTemplate":"https:\/\/hierostrasbourg.com\/?s={search_term_string}"},"query-input":{"@type":"PropertyValueSpecification","valueRequired":true,"valueName":"search_term_string"}}],"inLanguage":"fr-FR"},{"@type":"Organization","@id":"https:\/\/hierostrasbourg.com\/#organization","name":"F\u00e9d\u00e9ration Hi\u00e9ro Strasbourg","url":"https:\/\/hierostrasbourg.com\/","logo":{"@type":"ImageObject","inLanguage":"fr-FR","@id":"https:\/\/hierostrasbourg.com\/#\/schema\/logo\/image\/","url":"https:\/\/hierostrasbourg.com\/wp-content\/uploads\/2026\/04\/logo-hiero-strasbourg.jpg","contentUrl":"https:\/\/hierostrasbourg.com\/wp-content\/uploads\/2026\/04\/logo-hiero-strasbourg.jpg","width":204,"height":192,"caption":"F\u00e9d\u00e9ration Hi\u00e9ro Strasbourg"},"image":{"@id":"https:\/\/hierostrasbourg.com\/#\/schema\/logo\/image\/"},"sameAs":["https:\/\/www.facebook.com\/fedehierostrasbourg","https:\/\/x.com\/hierostrasbourg"]}]}},"_links":{"self":[{"href":"https:\/\/hierostrasbourg.com\/index.php\/wp-json\/wp\/v2\/posts\/4758","targetHints":{"allow":["GET"]}}],"collection":[{"href":"https:\/\/hierostrasbourg.com\/index.php\/wp-json\/wp\/v2\/posts"}],"about":[{"href":"https:\/\/hierostrasbourg.com\/index.php\/wp-json\/wp\/v2\/types\/post"}],"replies":[{"embeddable":true,"href":"https:\/\/hierostrasbourg.com\/index.php\/wp-json\/wp\/v2\/comments?post=4758"}],"version-history":[{"count":0,"href":"https:\/\/hierostrasbourg.com\/index.php\/wp-json\/wp\/v2\/posts\/4758\/revisions"}],"wp:attachment":[{"href":"https:\/\/hierostrasbourg.com\/index.php\/wp-json\/wp\/v2\/media?parent=4758"}],"wp:term":[{"taxonomy":"category","embeddable":true,"href":"https:\/\/hierostrasbourg.com\/index.php\/wp-json\/wp\/v2\/categories?post=4758"},{"taxonomy":"post_tag","embeddable":true,"href":"https:\/\/hierostrasbourg.com\/index.php\/wp-json\/wp\/v2\/tags?post=4758"}],"curies":[{"name":"wp","href":"https:\/\/api.w.org\/{rel}","templated":true}]}}