{"id":4757,"date":"2023-02-01T13:40:34","date_gmt":"2023-02-01T12:40:34","guid":{"rendered":"https:\/\/hierostrasbourg.com\/index.php\/2023\/02\/01\/fin-de-leuphorie-en-vue-sur-le-marche-du-vinyle\/"},"modified":"2023-02-01T13:40:34","modified_gmt":"2023-02-01T12:40:34","slug":"fin-de-leuphorie-en-vue-sur-le-marche-du-vinyle","status":"publish","type":"post","link":"https:\/\/hierostrasbourg.com\/index.php\/2023\/02\/01\/fin-de-leuphorie-en-vue-sur-le-marche-du-vinyle\/","title":{"rendered":"Fin de l\u2019euphorie en vue sur le march\u00e9 du vinyle"},"content":{"rendered":"<p><a href=\"https:\/\/musiquesactuelles.alsace\/fin-de-leuphorie-en-vue-sur-le-marche-du-vinyle\/\" title=\"Fin de l'euphorie en vue sur le march\u00e9 du vinyle\"><\/a><\/p>\n<p>Apr\u00e8s plusieurs ann\u00e9es de croissance \u00e0 deux chiffres, la hausse des ventes de 33 tours marque une nette d\u00e9c\u00e9l\u00e9ration aux Etats-Unis. En cause, les difficult\u00e9s de production et la hausse du prix des disques, qui pourrait dissuader une partie des acheteurs. Source \/ Lire la suite : Fin de l\u2019euphorie en vue sur le march\u00e9 du vinyle<\/p>\n<p>L\u2019article <a href=\"https:\/\/musiquesactuelles.alsace\/fin-de-leuphorie-en-vue-sur-le-marche-du-vinyle\/\">Fin de l\u2019euphorie en vue sur le march\u00e9 du vinyle<\/a> est apparu en premier sur <a href=\"https:\/\/musiquesactuelles.alsace\/\">Musiques Actuelles en Alsace<\/a>.<\/p>\n<p>L\u2019article <a href=\"https:\/\/popburo.fr\/fin-de-leuphorie-en-vue-sur-le-marche-du-vinyle\/\">Fin de l\u2019euphorie en vue sur le march\u00e9 du vinyle<\/a> est apparu en premier sur <a href=\"https:\/\/popburo.fr\/\">POP B\u00dcRO<\/a>.<\/p>\n","protected":false},"excerpt":{"rendered":"<p>Apr\u00e8s plusieurs ann\u00e9es de croissance \u00e0 deux chiffres, la hausse des ventes de 33 tours marque une nette d\u00e9c\u00e9l\u00e9ration aux Etats-Unis. En cause, les difficult\u00e9s de production et la hausse du prix des disques, qui pourrait dissuader une partie des acheteurs. Source \/ Lire la suite : Fin de l\u2019euphorie en vue sur le march\u00e9 du vinyle L\u2019article Fin de l\u2019euphorie en vue sur le march\u00e9 du vinyle est apparu en premier sur Musiques Actuelles en Alsace. L\u2019article Fin de [&hellip;]<\/p>\n","protected":false},"author":0,"featured_media":0,"comment_status":"closed","ping_status":"open","sticky":false,"template":"","format":"standard","meta":{"footnotes":""},"categories":[1],"tags":[],"class_list":["post-4757","post","type-post","status-publish","format-standard","hentry","category-non-classe"],"yoast_head":"<!-- This site is optimized with the Yoast SEO plugin v27.5 - https:\/\/yoast.com\/product\/yoast-seo-wordpress\/ -->\n<title>Fin de l\u2019euphorie en vue sur le march\u00e9 du vinyle - HIERO STRASBOURG<\/title>\n<meta name=\"robots\" content=\"index, follow, max-snippet:-1, max-image-preview:large, max-video-preview:-1\" \/>\n<link rel=\"canonical\" href=\"https:\/\/hierostrasbourg.com\/index.php\/2023\/02\/01\/fin-de-leuphorie-en-vue-sur-le-marche-du-vinyle\/\" \/>\n<meta property=\"og:locale\" content=\"fr_FR\" \/>\n<meta property=\"og:type\" content=\"article\" \/>\n<meta property=\"og:title\" content=\"Fin de l\u2019euphorie en vue sur le march\u00e9 du vinyle - HIERO STRASBOURG\" \/>\n<meta property=\"og:description\" content=\"Apr\u00e8s plusieurs ann\u00e9es de croissance \u00e0 deux chiffres, la hausse des ventes de 33 tours marque une nette d\u00e9c\u00e9l\u00e9ration aux Etats-Unis. En cause, les difficult\u00e9s de production et la hausse du prix des disques, qui pourrait dissuader une partie des acheteurs. Source \/ Lire la suite : Fin de l\u2019euphorie en vue sur le march\u00e9 du vinyle L\u2019article Fin de l\u2019euphorie en vue sur le march\u00e9 du vinyle est apparu en premier sur Musiques Actuelles en Alsace. L\u2019article Fin de [&hellip;]\" \/>\n<meta property=\"og:url\" content=\"https:\/\/hierostrasbourg.com\/index.php\/2023\/02\/01\/fin-de-leuphorie-en-vue-sur-le-marche-du-vinyle\/\" \/>\n<meta property=\"og:site_name\" content=\"HIERO STRASBOURG\" \/>\n<meta property=\"article:publisher\" content=\"https:\/\/www.facebook.com\/fedehierostrasbourg\" \/>\n<meta property=\"article:published_time\" content=\"2023-02-01T12:40:34+00:00\" \/>\n<meta name=\"twitter:card\" content=\"summary_large_image\" \/>\n<meta name=\"twitter:creator\" content=\"@hierostrasbourg\" \/>\n<meta name=\"twitter:site\" content=\"@hierostrasbourg\" \/>\n<meta name=\"twitter:label1\" content=\"Dur\u00e9e de lecture estim\u00e9e\" \/>\n\t<meta name=\"twitter:data1\" content=\"1 minute\" \/>\n<script type=\"application\/ld+json\" class=\"yoast-schema-graph\">{\"@context\":\"https:\\\/\\\/schema.org\",\"@graph\":[{\"@type\":\"Article\",\"@id\":\"https:\\\/\\\/hierostrasbourg.com\\\/index.php\\\/2023\\\/02\\\/01\\\/fin-de-leuphorie-en-vue-sur-le-marche-du-vinyle\\\/#article\",\"isPartOf\":{\"@id\":\"https:\\\/\\\/hierostrasbourg.com\\\/index.php\\\/2023\\\/02\\\/01\\\/fin-de-leuphorie-en-vue-sur-le-marche-du-vinyle\\\/\"},\"author\":{\"name\":\"\",\"@id\":\"\"},\"headline\":\"Fin de l\u2019euphorie en vue sur le march\u00e9 du vinyle\",\"datePublished\":\"2023-02-01T12:40:34+00:00\",\"mainEntityOfPage\":{\"@id\":\"https:\\\/\\\/hierostrasbourg.com\\\/index.php\\\/2023\\\/02\\\/01\\\/fin-de-leuphorie-en-vue-sur-le-marche-du-vinyle\\\/\"},\"wordCount\":114,\"publisher\":{\"@id\":\"https:\\\/\\\/hierostrasbourg.com\\\/#organization\"},\"inLanguage\":\"fr-FR\"},{\"@type\":\"WebPage\",\"@id\":\"https:\\\/\\\/hierostrasbourg.com\\\/index.php\\\/2023\\\/02\\\/01\\\/fin-de-leuphorie-en-vue-sur-le-marche-du-vinyle\\\/\",\"url\":\"https:\\\/\\\/hierostrasbourg.com\\\/index.php\\\/2023\\\/02\\\/01\\\/fin-de-leuphorie-en-vue-sur-le-marche-du-vinyle\\\/\",\"name\":\"Fin de l\u2019euphorie en vue sur le march\u00e9 du vinyle - HIERO STRASBOURG\",\"isPartOf\":{\"@id\":\"https:\\\/\\\/hierostrasbourg.com\\\/#website\"},\"datePublished\":\"2023-02-01T12:40:34+00:00\",\"breadcrumb\":{\"@id\":\"https:\\\/\\\/hierostrasbourg.com\\\/index.php\\\/2023\\\/02\\\/01\\\/fin-de-leuphorie-en-vue-sur-le-marche-du-vinyle\\\/#breadcrumb\"},\"inLanguage\":\"fr-FR\",\"potentialAction\":[{\"@type\":\"ReadAction\",\"target\":[\"https:\\\/\\\/hierostrasbourg.com\\\/index.php\\\/2023\\\/02\\\/01\\\/fin-de-leuphorie-en-vue-sur-le-marche-du-vinyle\\\/\"]}]},{\"@type\":\"BreadcrumbList\",\"@id\":\"https:\\\/\\\/hierostrasbourg.com\\\/index.php\\\/2023\\\/02\\\/01\\\/fin-de-leuphorie-en-vue-sur-le-marche-du-vinyle\\\/#breadcrumb\",\"itemListElement\":[{\"@type\":\"ListItem\",\"position\":1,\"name\":\"Accueil\",\"item\":\"https:\\\/\\\/hierostrasbourg.com\\\/\"},{\"@type\":\"ListItem\",\"position\":2,\"name\":\"Fin de l\u2019euphorie en vue sur le march\u00e9 du vinyle\"}]},{\"@type\":\"WebSite\",\"@id\":\"https:\\\/\\\/hierostrasbourg.com\\\/#website\",\"url\":\"https:\\\/\\\/hierostrasbourg.com\\\/\",\"name\":\"HIERO STRASBOURG\",\"description\":\"Centre de Ressources Musiques Actuelles\",\"publisher\":{\"@id\":\"https:\\\/\\\/hierostrasbourg.com\\\/#organization\"},\"potentialAction\":[{\"@type\":\"SearchAction\",\"target\":{\"@type\":\"EntryPoint\",\"urlTemplate\":\"https:\\\/\\\/hierostrasbourg.com\\\/?s={search_term_string}\"},\"query-input\":{\"@type\":\"PropertyValueSpecification\",\"valueRequired\":true,\"valueName\":\"search_term_string\"}}],\"inLanguage\":\"fr-FR\"},{\"@type\":\"Organization\",\"@id\":\"https:\\\/\\\/hierostrasbourg.com\\\/#organization\",\"name\":\"F\u00e9d\u00e9ration Hi\u00e9ro Strasbourg\",\"url\":\"https:\\\/\\\/hierostrasbourg.com\\\/\",\"logo\":{\"@type\":\"ImageObject\",\"inLanguage\":\"fr-FR\",\"@id\":\"https:\\\/\\\/hierostrasbourg.com\\\/#\\\/schema\\\/logo\\\/image\\\/\",\"url\":\"https:\\\/\\\/hierostrasbourg.com\\\/wp-content\\\/uploads\\\/2026\\\/04\\\/logo-hiero-strasbourg.jpg\",\"contentUrl\":\"https:\\\/\\\/hierostrasbourg.com\\\/wp-content\\\/uploads\\\/2026\\\/04\\\/logo-hiero-strasbourg.jpg\",\"width\":204,\"height\":192,\"caption\":\"F\u00e9d\u00e9ration Hi\u00e9ro Strasbourg\"},\"image\":{\"@id\":\"https:\\\/\\\/hierostrasbourg.com\\\/#\\\/schema\\\/logo\\\/image\\\/\"},\"sameAs\":[\"https:\\\/\\\/www.facebook.com\\\/fedehierostrasbourg\",\"https:\\\/\\\/x.com\\\/hierostrasbourg\"]}]}<\/script>\n<!-- \/ Yoast SEO plugin. -->","yoast_head_json":{"title":"Fin de l\u2019euphorie en vue sur le march\u00e9 du vinyle - HIERO STRASBOURG","robots":{"index":"index","follow":"follow","max-snippet":"max-snippet:-1","max-image-preview":"max-image-preview:large","max-video-preview":"max-video-preview:-1"},"canonical":"https:\/\/hierostrasbourg.com\/index.php\/2023\/02\/01\/fin-de-leuphorie-en-vue-sur-le-marche-du-vinyle\/","og_locale":"fr_FR","og_type":"article","og_title":"Fin de l\u2019euphorie en vue sur le march\u00e9 du vinyle - HIERO STRASBOURG","og_description":"Apr\u00e8s plusieurs ann\u00e9es de croissance \u00e0 deux chiffres, la hausse des ventes de 33 tours marque une nette d\u00e9c\u00e9l\u00e9ration aux Etats-Unis. En cause, les difficult\u00e9s de production et la hausse du prix des disques, qui pourrait dissuader une partie des acheteurs. Source \/ Lire la suite : Fin de l\u2019euphorie en vue sur le march\u00e9 du vinyle L\u2019article Fin de l\u2019euphorie en vue sur le march\u00e9 du vinyle est apparu en premier sur Musiques Actuelles en Alsace. L\u2019article Fin de [&hellip;]","og_url":"https:\/\/hierostrasbourg.com\/index.php\/2023\/02\/01\/fin-de-leuphorie-en-vue-sur-le-marche-du-vinyle\/","og_site_name":"HIERO STRASBOURG","article_publisher":"https:\/\/www.facebook.com\/fedehierostrasbourg","article_published_time":"2023-02-01T12:40:34+00:00","twitter_card":"summary_large_image","twitter_creator":"@hierostrasbourg","twitter_site":"@hierostrasbourg","twitter_misc":{"Dur\u00e9e de lecture estim\u00e9e":"1 minute"},"schema":{"@context":"https:\/\/schema.org","@graph":[{"@type":"Article","@id":"https:\/\/hierostrasbourg.com\/index.php\/2023\/02\/01\/fin-de-leuphorie-en-vue-sur-le-marche-du-vinyle\/#article","isPartOf":{"@id":"https:\/\/hierostrasbourg.com\/index.php\/2023\/02\/01\/fin-de-leuphorie-en-vue-sur-le-marche-du-vinyle\/"},"author":{"name":"","@id":""},"headline":"Fin de l\u2019euphorie en vue sur le march\u00e9 du vinyle","datePublished":"2023-02-01T12:40:34+00:00","mainEntityOfPage":{"@id":"https:\/\/hierostrasbourg.com\/index.php\/2023\/02\/01\/fin-de-leuphorie-en-vue-sur-le-marche-du-vinyle\/"},"wordCount":114,"publisher":{"@id":"https:\/\/hierostrasbourg.com\/#organization"},"inLanguage":"fr-FR"},{"@type":"WebPage","@id":"https:\/\/hierostrasbourg.com\/index.php\/2023\/02\/01\/fin-de-leuphorie-en-vue-sur-le-marche-du-vinyle\/","url":"https:\/\/hierostrasbourg.com\/index.php\/2023\/02\/01\/fin-de-leuphorie-en-vue-sur-le-marche-du-vinyle\/","name":"Fin de l\u2019euphorie en vue sur le march\u00e9 du vinyle - HIERO STRASBOURG","isPartOf":{"@id":"https:\/\/hierostrasbourg.com\/#website"},"datePublished":"2023-02-01T12:40:34+00:00","breadcrumb":{"@id":"https:\/\/hierostrasbourg.com\/index.php\/2023\/02\/01\/fin-de-leuphorie-en-vue-sur-le-marche-du-vinyle\/#breadcrumb"},"inLanguage":"fr-FR","potentialAction":[{"@type":"ReadAction","target":["https:\/\/hierostrasbourg.com\/index.php\/2023\/02\/01\/fin-de-leuphorie-en-vue-sur-le-marche-du-vinyle\/"]}]},{"@type":"BreadcrumbList","@id":"https:\/\/hierostrasbourg.com\/index.php\/2023\/02\/01\/fin-de-leuphorie-en-vue-sur-le-marche-du-vinyle\/#breadcrumb","itemListElement":[{"@type":"ListItem","position":1,"name":"Accueil","item":"https:\/\/hierostrasbourg.com\/"},{"@type":"ListItem","position":2,"name":"Fin de l\u2019euphorie en vue sur le march\u00e9 du vinyle"}]},{"@type":"WebSite","@id":"https:\/\/hierostrasbourg.com\/#website","url":"https:\/\/hierostrasbourg.com\/","name":"HIERO STRASBOURG","description":"Centre de Ressources Musiques Actuelles","publisher":{"@id":"https:\/\/hierostrasbourg.com\/#organization"},"potentialAction":[{"@type":"SearchAction","target":{"@type":"EntryPoint","urlTemplate":"https:\/\/hierostrasbourg.com\/?s={search_term_string}"},"query-input":{"@type":"PropertyValueSpecification","valueRequired":true,"valueName":"search_term_string"}}],"inLanguage":"fr-FR"},{"@type":"Organization","@id":"https:\/\/hierostrasbourg.com\/#organization","name":"F\u00e9d\u00e9ration Hi\u00e9ro Strasbourg","url":"https:\/\/hierostrasbourg.com\/","logo":{"@type":"ImageObject","inLanguage":"fr-FR","@id":"https:\/\/hierostrasbourg.com\/#\/schema\/logo\/image\/","url":"https:\/\/hierostrasbourg.com\/wp-content\/uploads\/2026\/04\/logo-hiero-strasbourg.jpg","contentUrl":"https:\/\/hierostrasbourg.com\/wp-content\/uploads\/2026\/04\/logo-hiero-strasbourg.jpg","width":204,"height":192,"caption":"F\u00e9d\u00e9ration Hi\u00e9ro Strasbourg"},"image":{"@id":"https:\/\/hierostrasbourg.com\/#\/schema\/logo\/image\/"},"sameAs":["https:\/\/www.facebook.com\/fedehierostrasbourg","https:\/\/x.com\/hierostrasbourg"]}]}},"_links":{"self":[{"href":"https:\/\/hierostrasbourg.com\/index.php\/wp-json\/wp\/v2\/posts\/4757","targetHints":{"allow":["GET"]}}],"collection":[{"href":"https:\/\/hierostrasbourg.com\/index.php\/wp-json\/wp\/v2\/posts"}],"about":[{"href":"https:\/\/hierostrasbourg.com\/index.php\/wp-json\/wp\/v2\/types\/post"}],"replies":[{"embeddable":true,"href":"https:\/\/hierostrasbourg.com\/index.php\/wp-json\/wp\/v2\/comments?post=4757"}],"version-history":[{"count":0,"href":"https:\/\/hierostrasbourg.com\/index.php\/wp-json\/wp\/v2\/posts\/4757\/revisions"}],"wp:attachment":[{"href":"https:\/\/hierostrasbourg.com\/index.php\/wp-json\/wp\/v2\/media?parent=4757"}],"wp:term":[{"taxonomy":"category","embeddable":true,"href":"https:\/\/hierostrasbourg.com\/index.php\/wp-json\/wp\/v2\/categories?post=4757"},{"taxonomy":"post_tag","embeddable":true,"href":"https:\/\/hierostrasbourg.com\/index.php\/wp-json\/wp\/v2\/tags?post=4757"}],"curies":[{"name":"wp","href":"https:\/\/api.w.org\/{rel}","templated":true}]}}