{"id":475,"date":"2021-05-06T14:18:41","date_gmt":"2021-05-06T12:18:41","guid":{"rendered":"https:\/\/hierostrasbourg.com\/index.php\/2021\/05\/06\/les-festivals-debout-avec-4m2-par-festivalier-autorises-a-partir-du-1er-juillet\/"},"modified":"2021-05-06T14:18:41","modified_gmt":"2021-05-06T12:18:41","slug":"les-festivals-debout-avec-4m2-par-festivalier-autorises-a-partir-du-1er-juillet","status":"publish","type":"post","link":"https:\/\/hierostrasbourg.com\/index.php\/2021\/05\/06\/les-festivals-debout-avec-4m2-par-festivalier-autorises-a-partir-du-1er-juillet\/","title":{"rendered":"Les festivals debout avec \u201c4m2 par festivalier\u201d autoris\u00e9s \u00e0 partir du 1er juillet"},"content":{"rendered":"<p class=\"headline__subtitle\"><em>Roselyne Bachelot a annonc\u00e9 une nouvelle jauge pour les festivals de l\u2019\u00e9t\u00e9. Mais pour les professionnels, cette mesure est \u201cing\u00e9rable\u201d.<\/em><\/p>\n<p class=\"headline__title\">Source \/ Lire la suite : <a href=\"https:\/\/www.huffingtonpost.fr\/entry\/les-festivals-debout-avec-4m2-par-festivalier-autorises-a-partir-du-1er-juillet_fr_6093bdd3e4b0b9042d9b31d7\">Les festivals debout avec \u201c4m2 par festivalier\u201d autoris\u00e9s \u00e0 partir du 1er juillet<\/a><\/p>\n<p>L\u2019article <a href=\"https:\/\/popburo.fr\/les-festivals-debout-avec-4m2-par-festivalier-autorises-a-partir-du-1er-juillet\/\">Les festivals debout avec \u201c4m2 par festivalier\u201d autoris\u00e9s \u00e0 partir du 1er juillet<\/a> est apparu en premier sur <a href=\"https:\/\/popburo.fr\/\">POP B\u00dcRO<\/a>.<\/p>\n","protected":false},"excerpt":{"rendered":"<p>Roselyne Bachelot a annonc\u00e9 une nouvelle jauge pour les festivals de l\u2019\u00e9t\u00e9. Mais pour les professionnels, cette mesure est \u201cing\u00e9rable\u201d. Source \/ Lire la suite : Les festivals debout avec \u201c4m2 par festivalier\u201d autoris\u00e9s \u00e0 partir du 1er juillet L\u2019article Les festivals debout avec \u201c4m2 par festivalier\u201d autoris\u00e9s \u00e0 partir du 1er juillet est apparu en premier sur POP B\u00dcRO.<\/p>\n","protected":false},"author":0,"featured_media":0,"comment_status":"closed","ping_status":"open","sticky":false,"template":"","format":"standard","meta":{"footnotes":""},"categories":[1],"tags":[],"class_list":["post-475","post","type-post","status-publish","format-standard","hentry","category-non-classe"],"yoast_head":"<!-- This site is optimized with the Yoast SEO plugin v27.5 - https:\/\/yoast.com\/product\/yoast-seo-wordpress\/ -->\n<title>Les festivals debout avec \u201c4m2 par festivalier\u201d autoris\u00e9s \u00e0 partir du 1er juillet - HIERO STRASBOURG<\/title>\n<meta name=\"robots\" content=\"index, follow, max-snippet:-1, max-image-preview:large, max-video-preview:-1\" \/>\n<link rel=\"canonical\" href=\"https:\/\/hierostrasbourg.com\/index.php\/2021\/05\/06\/les-festivals-debout-avec-4m2-par-festivalier-autorises-a-partir-du-1er-juillet\/\" \/>\n<meta property=\"og:locale\" content=\"fr_FR\" \/>\n<meta property=\"og:type\" content=\"article\" \/>\n<meta property=\"og:title\" content=\"Les festivals debout avec \u201c4m2 par festivalier\u201d autoris\u00e9s \u00e0 partir du 1er juillet - HIERO STRASBOURG\" \/>\n<meta property=\"og:description\" content=\"Roselyne Bachelot a annonc\u00e9 une nouvelle jauge pour les festivals de l\u2019\u00e9t\u00e9. Mais pour les professionnels, cette mesure est \u201cing\u00e9rable\u201d. Source \/ Lire la suite : Les festivals debout avec \u201c4m2 par festivalier\u201d autoris\u00e9s \u00e0 partir du 1er juillet L\u2019article Les festivals debout avec \u201c4m2 par festivalier\u201d autoris\u00e9s \u00e0 partir du 1er juillet est apparu en premier sur POP B\u00dcRO.\" \/>\n<meta property=\"og:url\" content=\"https:\/\/hierostrasbourg.com\/index.php\/2021\/05\/06\/les-festivals-debout-avec-4m2-par-festivalier-autorises-a-partir-du-1er-juillet\/\" \/>\n<meta property=\"og:site_name\" content=\"HIERO STRASBOURG\" \/>\n<meta property=\"article:publisher\" content=\"https:\/\/www.facebook.com\/fedehierostrasbourg\" \/>\n<meta property=\"article:published_time\" content=\"2021-05-06T12:18:41+00:00\" \/>\n<meta name=\"twitter:card\" content=\"summary_large_image\" \/>\n<meta name=\"twitter:creator\" content=\"@hierostrasbourg\" \/>\n<meta name=\"twitter:site\" content=\"@hierostrasbourg\" \/>\n<script type=\"application\/ld+json\" class=\"yoast-schema-graph\">{\"@context\":\"https:\\\/\\\/schema.org\",\"@graph\":[{\"@type\":\"Article\",\"@id\":\"https:\\\/\\\/hierostrasbourg.com\\\/index.php\\\/2021\\\/05\\\/06\\\/les-festivals-debout-avec-4m2-par-festivalier-autorises-a-partir-du-1er-juillet\\\/#article\",\"isPartOf\":{\"@id\":\"https:\\\/\\\/hierostrasbourg.com\\\/index.php\\\/2021\\\/05\\\/06\\\/les-festivals-debout-avec-4m2-par-festivalier-autorises-a-partir-du-1er-juillet\\\/\"},\"author\":{\"name\":\"\",\"@id\":\"\"},\"headline\":\"Les festivals debout avec \u201c4m2 par festivalier\u201d autoris\u00e9s \u00e0 partir du 1er juillet\",\"datePublished\":\"2021-05-06T12:18:41+00:00\",\"mainEntityOfPage\":{\"@id\":\"https:\\\/\\\/hierostrasbourg.com\\\/index.php\\\/2021\\\/05\\\/06\\\/les-festivals-debout-avec-4m2-par-festivalier-autorises-a-partir-du-1er-juillet\\\/\"},\"wordCount\":75,\"publisher\":{\"@id\":\"https:\\\/\\\/hierostrasbourg.com\\\/#organization\"},\"inLanguage\":\"fr-FR\"},{\"@type\":\"WebPage\",\"@id\":\"https:\\\/\\\/hierostrasbourg.com\\\/index.php\\\/2021\\\/05\\\/06\\\/les-festivals-debout-avec-4m2-par-festivalier-autorises-a-partir-du-1er-juillet\\\/\",\"url\":\"https:\\\/\\\/hierostrasbourg.com\\\/index.php\\\/2021\\\/05\\\/06\\\/les-festivals-debout-avec-4m2-par-festivalier-autorises-a-partir-du-1er-juillet\\\/\",\"name\":\"Les festivals debout avec \u201c4m2 par festivalier\u201d autoris\u00e9s \u00e0 partir du 1er juillet - HIERO STRASBOURG\",\"isPartOf\":{\"@id\":\"https:\\\/\\\/hierostrasbourg.com\\\/#website\"},\"datePublished\":\"2021-05-06T12:18:41+00:00\",\"breadcrumb\":{\"@id\":\"https:\\\/\\\/hierostrasbourg.com\\\/index.php\\\/2021\\\/05\\\/06\\\/les-festivals-debout-avec-4m2-par-festivalier-autorises-a-partir-du-1er-juillet\\\/#breadcrumb\"},\"inLanguage\":\"fr-FR\",\"potentialAction\":[{\"@type\":\"ReadAction\",\"target\":[\"https:\\\/\\\/hierostrasbourg.com\\\/index.php\\\/2021\\\/05\\\/06\\\/les-festivals-debout-avec-4m2-par-festivalier-autorises-a-partir-du-1er-juillet\\\/\"]}]},{\"@type\":\"BreadcrumbList\",\"@id\":\"https:\\\/\\\/hierostrasbourg.com\\\/index.php\\\/2021\\\/05\\\/06\\\/les-festivals-debout-avec-4m2-par-festivalier-autorises-a-partir-du-1er-juillet\\\/#breadcrumb\",\"itemListElement\":[{\"@type\":\"ListItem\",\"position\":1,\"name\":\"Accueil\",\"item\":\"https:\\\/\\\/hierostrasbourg.com\\\/\"},{\"@type\":\"ListItem\",\"position\":2,\"name\":\"Les festivals debout avec \u201c4m2 par festivalier\u201d autoris\u00e9s \u00e0 partir du 1er juillet\"}]},{\"@type\":\"WebSite\",\"@id\":\"https:\\\/\\\/hierostrasbourg.com\\\/#website\",\"url\":\"https:\\\/\\\/hierostrasbourg.com\\\/\",\"name\":\"HIERO STRASBOURG\",\"description\":\"Centre de Ressources Musiques Actuelles\",\"publisher\":{\"@id\":\"https:\\\/\\\/hierostrasbourg.com\\\/#organization\"},\"potentialAction\":[{\"@type\":\"SearchAction\",\"target\":{\"@type\":\"EntryPoint\",\"urlTemplate\":\"https:\\\/\\\/hierostrasbourg.com\\\/?s={search_term_string}\"},\"query-input\":{\"@type\":\"PropertyValueSpecification\",\"valueRequired\":true,\"valueName\":\"search_term_string\"}}],\"inLanguage\":\"fr-FR\"},{\"@type\":\"Organization\",\"@id\":\"https:\\\/\\\/hierostrasbourg.com\\\/#organization\",\"name\":\"F\u00e9d\u00e9ration Hi\u00e9ro Strasbourg\",\"url\":\"https:\\\/\\\/hierostrasbourg.com\\\/\",\"logo\":{\"@type\":\"ImageObject\",\"inLanguage\":\"fr-FR\",\"@id\":\"https:\\\/\\\/hierostrasbourg.com\\\/#\\\/schema\\\/logo\\\/image\\\/\",\"url\":\"https:\\\/\\\/hierostrasbourg.com\\\/wp-content\\\/uploads\\\/2026\\\/04\\\/logo-hiero-strasbourg.jpg\",\"contentUrl\":\"https:\\\/\\\/hierostrasbourg.com\\\/wp-content\\\/uploads\\\/2026\\\/04\\\/logo-hiero-strasbourg.jpg\",\"width\":204,\"height\":192,\"caption\":\"F\u00e9d\u00e9ration Hi\u00e9ro Strasbourg\"},\"image\":{\"@id\":\"https:\\\/\\\/hierostrasbourg.com\\\/#\\\/schema\\\/logo\\\/image\\\/\"},\"sameAs\":[\"https:\\\/\\\/www.facebook.com\\\/fedehierostrasbourg\",\"https:\\\/\\\/x.com\\\/hierostrasbourg\"]}]}<\/script>\n<!-- \/ Yoast SEO plugin. -->","yoast_head_json":{"title":"Les festivals debout avec \u201c4m2 par festivalier\u201d autoris\u00e9s \u00e0 partir du 1er juillet - HIERO STRASBOURG","robots":{"index":"index","follow":"follow","max-snippet":"max-snippet:-1","max-image-preview":"max-image-preview:large","max-video-preview":"max-video-preview:-1"},"canonical":"https:\/\/hierostrasbourg.com\/index.php\/2021\/05\/06\/les-festivals-debout-avec-4m2-par-festivalier-autorises-a-partir-du-1er-juillet\/","og_locale":"fr_FR","og_type":"article","og_title":"Les festivals debout avec \u201c4m2 par festivalier\u201d autoris\u00e9s \u00e0 partir du 1er juillet - HIERO STRASBOURG","og_description":"Roselyne Bachelot a annonc\u00e9 une nouvelle jauge pour les festivals de l\u2019\u00e9t\u00e9. Mais pour les professionnels, cette mesure est \u201cing\u00e9rable\u201d. Source \/ Lire la suite : Les festivals debout avec \u201c4m2 par festivalier\u201d autoris\u00e9s \u00e0 partir du 1er juillet L\u2019article Les festivals debout avec \u201c4m2 par festivalier\u201d autoris\u00e9s \u00e0 partir du 1er juillet est apparu en premier sur POP B\u00dcRO.","og_url":"https:\/\/hierostrasbourg.com\/index.php\/2021\/05\/06\/les-festivals-debout-avec-4m2-par-festivalier-autorises-a-partir-du-1er-juillet\/","og_site_name":"HIERO STRASBOURG","article_publisher":"https:\/\/www.facebook.com\/fedehierostrasbourg","article_published_time":"2021-05-06T12:18:41+00:00","twitter_card":"summary_large_image","twitter_creator":"@hierostrasbourg","twitter_site":"@hierostrasbourg","schema":{"@context":"https:\/\/schema.org","@graph":[{"@type":"Article","@id":"https:\/\/hierostrasbourg.com\/index.php\/2021\/05\/06\/les-festivals-debout-avec-4m2-par-festivalier-autorises-a-partir-du-1er-juillet\/#article","isPartOf":{"@id":"https:\/\/hierostrasbourg.com\/index.php\/2021\/05\/06\/les-festivals-debout-avec-4m2-par-festivalier-autorises-a-partir-du-1er-juillet\/"},"author":{"name":"","@id":""},"headline":"Les festivals debout avec \u201c4m2 par festivalier\u201d autoris\u00e9s \u00e0 partir du 1er juillet","datePublished":"2021-05-06T12:18:41+00:00","mainEntityOfPage":{"@id":"https:\/\/hierostrasbourg.com\/index.php\/2021\/05\/06\/les-festivals-debout-avec-4m2-par-festivalier-autorises-a-partir-du-1er-juillet\/"},"wordCount":75,"publisher":{"@id":"https:\/\/hierostrasbourg.com\/#organization"},"inLanguage":"fr-FR"},{"@type":"WebPage","@id":"https:\/\/hierostrasbourg.com\/index.php\/2021\/05\/06\/les-festivals-debout-avec-4m2-par-festivalier-autorises-a-partir-du-1er-juillet\/","url":"https:\/\/hierostrasbourg.com\/index.php\/2021\/05\/06\/les-festivals-debout-avec-4m2-par-festivalier-autorises-a-partir-du-1er-juillet\/","name":"Les festivals debout avec \u201c4m2 par festivalier\u201d autoris\u00e9s \u00e0 partir du 1er juillet - HIERO STRASBOURG","isPartOf":{"@id":"https:\/\/hierostrasbourg.com\/#website"},"datePublished":"2021-05-06T12:18:41+00:00","breadcrumb":{"@id":"https:\/\/hierostrasbourg.com\/index.php\/2021\/05\/06\/les-festivals-debout-avec-4m2-par-festivalier-autorises-a-partir-du-1er-juillet\/#breadcrumb"},"inLanguage":"fr-FR","potentialAction":[{"@type":"ReadAction","target":["https:\/\/hierostrasbourg.com\/index.php\/2021\/05\/06\/les-festivals-debout-avec-4m2-par-festivalier-autorises-a-partir-du-1er-juillet\/"]}]},{"@type":"BreadcrumbList","@id":"https:\/\/hierostrasbourg.com\/index.php\/2021\/05\/06\/les-festivals-debout-avec-4m2-par-festivalier-autorises-a-partir-du-1er-juillet\/#breadcrumb","itemListElement":[{"@type":"ListItem","position":1,"name":"Accueil","item":"https:\/\/hierostrasbourg.com\/"},{"@type":"ListItem","position":2,"name":"Les festivals debout avec \u201c4m2 par festivalier\u201d autoris\u00e9s \u00e0 partir du 1er juillet"}]},{"@type":"WebSite","@id":"https:\/\/hierostrasbourg.com\/#website","url":"https:\/\/hierostrasbourg.com\/","name":"HIERO STRASBOURG","description":"Centre de Ressources Musiques Actuelles","publisher":{"@id":"https:\/\/hierostrasbourg.com\/#organization"},"potentialAction":[{"@type":"SearchAction","target":{"@type":"EntryPoint","urlTemplate":"https:\/\/hierostrasbourg.com\/?s={search_term_string}"},"query-input":{"@type":"PropertyValueSpecification","valueRequired":true,"valueName":"search_term_string"}}],"inLanguage":"fr-FR"},{"@type":"Organization","@id":"https:\/\/hierostrasbourg.com\/#organization","name":"F\u00e9d\u00e9ration Hi\u00e9ro Strasbourg","url":"https:\/\/hierostrasbourg.com\/","logo":{"@type":"ImageObject","inLanguage":"fr-FR","@id":"https:\/\/hierostrasbourg.com\/#\/schema\/logo\/image\/","url":"https:\/\/hierostrasbourg.com\/wp-content\/uploads\/2026\/04\/logo-hiero-strasbourg.jpg","contentUrl":"https:\/\/hierostrasbourg.com\/wp-content\/uploads\/2026\/04\/logo-hiero-strasbourg.jpg","width":204,"height":192,"caption":"F\u00e9d\u00e9ration Hi\u00e9ro Strasbourg"},"image":{"@id":"https:\/\/hierostrasbourg.com\/#\/schema\/logo\/image\/"},"sameAs":["https:\/\/www.facebook.com\/fedehierostrasbourg","https:\/\/x.com\/hierostrasbourg"]}]}},"_links":{"self":[{"href":"https:\/\/hierostrasbourg.com\/index.php\/wp-json\/wp\/v2\/posts\/475","targetHints":{"allow":["GET"]}}],"collection":[{"href":"https:\/\/hierostrasbourg.com\/index.php\/wp-json\/wp\/v2\/posts"}],"about":[{"href":"https:\/\/hierostrasbourg.com\/index.php\/wp-json\/wp\/v2\/types\/post"}],"replies":[{"embeddable":true,"href":"https:\/\/hierostrasbourg.com\/index.php\/wp-json\/wp\/v2\/comments?post=475"}],"version-history":[{"count":0,"href":"https:\/\/hierostrasbourg.com\/index.php\/wp-json\/wp\/v2\/posts\/475\/revisions"}],"wp:attachment":[{"href":"https:\/\/hierostrasbourg.com\/index.php\/wp-json\/wp\/v2\/media?parent=475"}],"wp:term":[{"taxonomy":"category","embeddable":true,"href":"https:\/\/hierostrasbourg.com\/index.php\/wp-json\/wp\/v2\/categories?post=475"},{"taxonomy":"post_tag","embeddable":true,"href":"https:\/\/hierostrasbourg.com\/index.php\/wp-json\/wp\/v2\/tags?post=475"}],"curies":[{"name":"wp","href":"https:\/\/api.w.org\/{rel}","templated":true}]}}