{"id":4728,"date":"2023-01-29T22:42:28","date_gmt":"2023-01-29T21:42:28","guid":{"rendered":"https:\/\/hierostrasbourg.com\/index.php\/2023\/01\/29\/enquete-certification-encadrer-un-groupe-de-pratiques-vocales-collectives-en-musiques-actuelles\/"},"modified":"2023-01-29T22:42:28","modified_gmt":"2023-01-29T21:42:28","slug":"enquete-certification-encadrer-un-groupe-de-pratiques-vocales-collectives-en-musiques-actuelles","status":"publish","type":"post","link":"https:\/\/hierostrasbourg.com\/index.php\/2023\/01\/29\/enquete-certification-encadrer-un-groupe-de-pratiques-vocales-collectives-en-musiques-actuelles\/","title":{"rendered":"Enqu\u00eate \u201cCertification Encadrer un groupe de pratiques vocales collectives en musiques actuelles\u201d"},"content":{"rendered":"<p><a href=\"https:\/\/musiquesactuelles.alsace\/enquete-certification-encadrer-un-groupe-de-pratiques-vocales-collectives-en-musiques-actuelles\/\" title='Enqu\u00eate \"Certification Encadrer un groupe de pratiques vocales collectives en musiques actuelles\"'><\/a><\/p>\n<p>communiqu\u00e9 Nous nous permettons de vous solliciter pour r\u00e9pondre \u00e0 une rapide enqu\u00eate sur l\u2019enjeu des recrutements au sein votre structure. Merci pour votre participation, elle est pr\u00e9cieuse dans le cadre de notre d\u00e9marche. La certification Encadrer un groupe de pratique vocale collective en musiques actuelles a \u00e9t\u00e9 cr\u00e9\u00e9e en 2018. Elle est n\u00e9e d\u2019une observation de terrain faite par les centres de ressources d\u00e9volus aux pratiques vocales collectives. Celle-ci a pour but de reconna\u00eetre des comp\u00e9tences acquises sur le [\u2026]<\/p>\n<p>L\u2019article <a href=\"https:\/\/musiquesactuelles.alsace\/enquete-certification-encadrer-un-groupe-de-pratiques-vocales-collectives-en-musiques-actuelles\/\">Enqu\u00eate \u201cCertification Encadrer un groupe de pratiques vocales collectives en musiques actuelles\u201d<\/a> est apparu en premier sur <a href=\"https:\/\/musiquesactuelles.alsace\/\">Musiques Actuelles en Alsace<\/a>.<\/p>\n<p>L\u2019article <a href=\"https:\/\/popburo.fr\/enquete-certification-encadrer-un-groupe-de-pratiques-vocales-collectives-en-musiques-actuelles\/\">Enqu\u00eate \u201cCertification Encadrer un groupe de pratiques vocales collectives en musiques actuelles\u201d<\/a> est apparu en premier sur <a href=\"https:\/\/popburo.fr\/\">POP B\u00dcRO<\/a>.<\/p>\n","protected":false},"excerpt":{"rendered":"<p>communiqu\u00e9 Nous nous permettons de vous solliciter pour r\u00e9pondre \u00e0 une rapide enqu\u00eate sur l\u2019enjeu des recrutements au sein votre structure. Merci pour votre participation, elle est pr\u00e9cieuse dans le cadre de notre d\u00e9marche. La certification Encadrer un groupe de pratique vocale collective en musiques actuelles a \u00e9t\u00e9 cr\u00e9\u00e9e en 2018. Elle est n\u00e9e d\u2019une observation de terrain faite par les centres de ressources d\u00e9volus aux pratiques vocales collectives. Celle-ci a pour but de reconna\u00eetre des comp\u00e9tences acquises sur le [&hellip;]<\/p>\n","protected":false},"author":0,"featured_media":0,"comment_status":"closed","ping_status":"open","sticky":false,"template":"","format":"standard","meta":{"footnotes":""},"categories":[1],"tags":[],"class_list":["post-4728","post","type-post","status-publish","format-standard","hentry","category-non-classe"],"yoast_head":"<!-- This site is optimized with the Yoast SEO plugin v27.5 - https:\/\/yoast.com\/product\/yoast-seo-wordpress\/ -->\n<title>Enqu\u00eate \u201cCertification Encadrer un groupe de pratiques vocales collectives en musiques actuelles\u201d - HIERO STRASBOURG<\/title>\n<meta name=\"robots\" content=\"index, follow, max-snippet:-1, max-image-preview:large, max-video-preview:-1\" \/>\n<link rel=\"canonical\" href=\"https:\/\/hierostrasbourg.com\/index.php\/2023\/01\/29\/enquete-certification-encadrer-un-groupe-de-pratiques-vocales-collectives-en-musiques-actuelles\/\" \/>\n<meta property=\"og:locale\" content=\"fr_FR\" \/>\n<meta property=\"og:type\" content=\"article\" \/>\n<meta property=\"og:title\" content=\"Enqu\u00eate \u201cCertification Encadrer un groupe de pratiques vocales collectives en musiques actuelles\u201d - HIERO STRASBOURG\" \/>\n<meta property=\"og:description\" content=\"communiqu\u00e9 Nous nous permettons de vous solliciter pour r\u00e9pondre \u00e0 une rapide enqu\u00eate sur l\u2019enjeu des recrutements au sein votre structure. Merci pour votre participation, elle est pr\u00e9cieuse dans le cadre de notre d\u00e9marche. La certification Encadrer un groupe de pratique vocale collective en musiques actuelles a \u00e9t\u00e9 cr\u00e9\u00e9e en 2018. Elle est n\u00e9e d\u2019une observation de terrain faite par les centres de ressources d\u00e9volus aux pratiques vocales collectives. Celle-ci a pour but de reconna\u00eetre des comp\u00e9tences acquises sur le [&hellip;]\" \/>\n<meta property=\"og:url\" content=\"https:\/\/hierostrasbourg.com\/index.php\/2023\/01\/29\/enquete-certification-encadrer-un-groupe-de-pratiques-vocales-collectives-en-musiques-actuelles\/\" \/>\n<meta property=\"og:site_name\" content=\"HIERO STRASBOURG\" \/>\n<meta property=\"article:publisher\" content=\"https:\/\/www.facebook.com\/fedehierostrasbourg\" \/>\n<meta property=\"article:published_time\" content=\"2023-01-29T21:42:28+00:00\" \/>\n<meta name=\"twitter:card\" content=\"summary_large_image\" \/>\n<meta name=\"twitter:creator\" content=\"@hierostrasbourg\" \/>\n<meta name=\"twitter:site\" content=\"@hierostrasbourg\" \/>\n<meta name=\"twitter:label1\" content=\"Dur\u00e9e de lecture estim\u00e9e\" \/>\n\t<meta name=\"twitter:data1\" content=\"1 minute\" \/>\n<script type=\"application\/ld+json\" class=\"yoast-schema-graph\">{\"@context\":\"https:\\\/\\\/schema.org\",\"@graph\":[{\"@type\":\"Article\",\"@id\":\"https:\\\/\\\/hierostrasbourg.com\\\/index.php\\\/2023\\\/01\\\/29\\\/enquete-certification-encadrer-un-groupe-de-pratiques-vocales-collectives-en-musiques-actuelles\\\/#article\",\"isPartOf\":{\"@id\":\"https:\\\/\\\/hierostrasbourg.com\\\/index.php\\\/2023\\\/01\\\/29\\\/enquete-certification-encadrer-un-groupe-de-pratiques-vocales-collectives-en-musiques-actuelles\\\/\"},\"author\":{\"name\":\"\",\"@id\":\"\"},\"headline\":\"Enqu\u00eate \u201cCertification Encadrer un groupe de pratiques vocales collectives en musiques actuelles\u201d\",\"datePublished\":\"2023-01-29T21:42:28+00:00\",\"mainEntityOfPage\":{\"@id\":\"https:\\\/\\\/hierostrasbourg.com\\\/index.php\\\/2023\\\/01\\\/29\\\/enquete-certification-encadrer-un-groupe-de-pratiques-vocales-collectives-en-musiques-actuelles\\\/\"},\"wordCount\":149,\"publisher\":{\"@id\":\"https:\\\/\\\/hierostrasbourg.com\\\/#organization\"},\"inLanguage\":\"fr-FR\"},{\"@type\":\"WebPage\",\"@id\":\"https:\\\/\\\/hierostrasbourg.com\\\/index.php\\\/2023\\\/01\\\/29\\\/enquete-certification-encadrer-un-groupe-de-pratiques-vocales-collectives-en-musiques-actuelles\\\/\",\"url\":\"https:\\\/\\\/hierostrasbourg.com\\\/index.php\\\/2023\\\/01\\\/29\\\/enquete-certification-encadrer-un-groupe-de-pratiques-vocales-collectives-en-musiques-actuelles\\\/\",\"name\":\"Enqu\u00eate \u201cCertification Encadrer un groupe de pratiques vocales collectives en musiques actuelles\u201d - HIERO STRASBOURG\",\"isPartOf\":{\"@id\":\"https:\\\/\\\/hierostrasbourg.com\\\/#website\"},\"datePublished\":\"2023-01-29T21:42:28+00:00\",\"breadcrumb\":{\"@id\":\"https:\\\/\\\/hierostrasbourg.com\\\/index.php\\\/2023\\\/01\\\/29\\\/enquete-certification-encadrer-un-groupe-de-pratiques-vocales-collectives-en-musiques-actuelles\\\/#breadcrumb\"},\"inLanguage\":\"fr-FR\",\"potentialAction\":[{\"@type\":\"ReadAction\",\"target\":[\"https:\\\/\\\/hierostrasbourg.com\\\/index.php\\\/2023\\\/01\\\/29\\\/enquete-certification-encadrer-un-groupe-de-pratiques-vocales-collectives-en-musiques-actuelles\\\/\"]}]},{\"@type\":\"BreadcrumbList\",\"@id\":\"https:\\\/\\\/hierostrasbourg.com\\\/index.php\\\/2023\\\/01\\\/29\\\/enquete-certification-encadrer-un-groupe-de-pratiques-vocales-collectives-en-musiques-actuelles\\\/#breadcrumb\",\"itemListElement\":[{\"@type\":\"ListItem\",\"position\":1,\"name\":\"Accueil\",\"item\":\"https:\\\/\\\/hierostrasbourg.com\\\/\"},{\"@type\":\"ListItem\",\"position\":2,\"name\":\"Enqu\u00eate \u201cCertification Encadrer un groupe de pratiques vocales collectives en musiques actuelles\u201d\"}]},{\"@type\":\"WebSite\",\"@id\":\"https:\\\/\\\/hierostrasbourg.com\\\/#website\",\"url\":\"https:\\\/\\\/hierostrasbourg.com\\\/\",\"name\":\"HIERO STRASBOURG\",\"description\":\"Centre de Ressources Musiques Actuelles\",\"publisher\":{\"@id\":\"https:\\\/\\\/hierostrasbourg.com\\\/#organization\"},\"potentialAction\":[{\"@type\":\"SearchAction\",\"target\":{\"@type\":\"EntryPoint\",\"urlTemplate\":\"https:\\\/\\\/hierostrasbourg.com\\\/?s={search_term_string}\"},\"query-input\":{\"@type\":\"PropertyValueSpecification\",\"valueRequired\":true,\"valueName\":\"search_term_string\"}}],\"inLanguage\":\"fr-FR\"},{\"@type\":\"Organization\",\"@id\":\"https:\\\/\\\/hierostrasbourg.com\\\/#organization\",\"name\":\"F\u00e9d\u00e9ration Hi\u00e9ro Strasbourg\",\"url\":\"https:\\\/\\\/hierostrasbourg.com\\\/\",\"logo\":{\"@type\":\"ImageObject\",\"inLanguage\":\"fr-FR\",\"@id\":\"https:\\\/\\\/hierostrasbourg.com\\\/#\\\/schema\\\/logo\\\/image\\\/\",\"url\":\"https:\\\/\\\/hierostrasbourg.com\\\/wp-content\\\/uploads\\\/2026\\\/04\\\/logo-hiero-strasbourg.jpg\",\"contentUrl\":\"https:\\\/\\\/hierostrasbourg.com\\\/wp-content\\\/uploads\\\/2026\\\/04\\\/logo-hiero-strasbourg.jpg\",\"width\":204,\"height\":192,\"caption\":\"F\u00e9d\u00e9ration Hi\u00e9ro Strasbourg\"},\"image\":{\"@id\":\"https:\\\/\\\/hierostrasbourg.com\\\/#\\\/schema\\\/logo\\\/image\\\/\"},\"sameAs\":[\"https:\\\/\\\/www.facebook.com\\\/fedehierostrasbourg\",\"https:\\\/\\\/x.com\\\/hierostrasbourg\"]}]}<\/script>\n<!-- \/ Yoast SEO plugin. -->","yoast_head_json":{"title":"Enqu\u00eate \u201cCertification Encadrer un groupe de pratiques vocales collectives en musiques actuelles\u201d - HIERO STRASBOURG","robots":{"index":"index","follow":"follow","max-snippet":"max-snippet:-1","max-image-preview":"max-image-preview:large","max-video-preview":"max-video-preview:-1"},"canonical":"https:\/\/hierostrasbourg.com\/index.php\/2023\/01\/29\/enquete-certification-encadrer-un-groupe-de-pratiques-vocales-collectives-en-musiques-actuelles\/","og_locale":"fr_FR","og_type":"article","og_title":"Enqu\u00eate \u201cCertification Encadrer un groupe de pratiques vocales collectives en musiques actuelles\u201d - HIERO STRASBOURG","og_description":"communiqu\u00e9 Nous nous permettons de vous solliciter pour r\u00e9pondre \u00e0 une rapide enqu\u00eate sur l\u2019enjeu des recrutements au sein votre structure. Merci pour votre participation, elle est pr\u00e9cieuse dans le cadre de notre d\u00e9marche. La certification Encadrer un groupe de pratique vocale collective en musiques actuelles a \u00e9t\u00e9 cr\u00e9\u00e9e en 2018. Elle est n\u00e9e d\u2019une observation de terrain faite par les centres de ressources d\u00e9volus aux pratiques vocales collectives. Celle-ci a pour but de reconna\u00eetre des comp\u00e9tences acquises sur le [&hellip;]","og_url":"https:\/\/hierostrasbourg.com\/index.php\/2023\/01\/29\/enquete-certification-encadrer-un-groupe-de-pratiques-vocales-collectives-en-musiques-actuelles\/","og_site_name":"HIERO STRASBOURG","article_publisher":"https:\/\/www.facebook.com\/fedehierostrasbourg","article_published_time":"2023-01-29T21:42:28+00:00","twitter_card":"summary_large_image","twitter_creator":"@hierostrasbourg","twitter_site":"@hierostrasbourg","twitter_misc":{"Dur\u00e9e de lecture estim\u00e9e":"1 minute"},"schema":{"@context":"https:\/\/schema.org","@graph":[{"@type":"Article","@id":"https:\/\/hierostrasbourg.com\/index.php\/2023\/01\/29\/enquete-certification-encadrer-un-groupe-de-pratiques-vocales-collectives-en-musiques-actuelles\/#article","isPartOf":{"@id":"https:\/\/hierostrasbourg.com\/index.php\/2023\/01\/29\/enquete-certification-encadrer-un-groupe-de-pratiques-vocales-collectives-en-musiques-actuelles\/"},"author":{"name":"","@id":""},"headline":"Enqu\u00eate \u201cCertification Encadrer un groupe de pratiques vocales collectives en musiques actuelles\u201d","datePublished":"2023-01-29T21:42:28+00:00","mainEntityOfPage":{"@id":"https:\/\/hierostrasbourg.com\/index.php\/2023\/01\/29\/enquete-certification-encadrer-un-groupe-de-pratiques-vocales-collectives-en-musiques-actuelles\/"},"wordCount":149,"publisher":{"@id":"https:\/\/hierostrasbourg.com\/#organization"},"inLanguage":"fr-FR"},{"@type":"WebPage","@id":"https:\/\/hierostrasbourg.com\/index.php\/2023\/01\/29\/enquete-certification-encadrer-un-groupe-de-pratiques-vocales-collectives-en-musiques-actuelles\/","url":"https:\/\/hierostrasbourg.com\/index.php\/2023\/01\/29\/enquete-certification-encadrer-un-groupe-de-pratiques-vocales-collectives-en-musiques-actuelles\/","name":"Enqu\u00eate \u201cCertification Encadrer un groupe de pratiques vocales collectives en musiques actuelles\u201d - HIERO STRASBOURG","isPartOf":{"@id":"https:\/\/hierostrasbourg.com\/#website"},"datePublished":"2023-01-29T21:42:28+00:00","breadcrumb":{"@id":"https:\/\/hierostrasbourg.com\/index.php\/2023\/01\/29\/enquete-certification-encadrer-un-groupe-de-pratiques-vocales-collectives-en-musiques-actuelles\/#breadcrumb"},"inLanguage":"fr-FR","potentialAction":[{"@type":"ReadAction","target":["https:\/\/hierostrasbourg.com\/index.php\/2023\/01\/29\/enquete-certification-encadrer-un-groupe-de-pratiques-vocales-collectives-en-musiques-actuelles\/"]}]},{"@type":"BreadcrumbList","@id":"https:\/\/hierostrasbourg.com\/index.php\/2023\/01\/29\/enquete-certification-encadrer-un-groupe-de-pratiques-vocales-collectives-en-musiques-actuelles\/#breadcrumb","itemListElement":[{"@type":"ListItem","position":1,"name":"Accueil","item":"https:\/\/hierostrasbourg.com\/"},{"@type":"ListItem","position":2,"name":"Enqu\u00eate \u201cCertification Encadrer un groupe de pratiques vocales collectives en musiques actuelles\u201d"}]},{"@type":"WebSite","@id":"https:\/\/hierostrasbourg.com\/#website","url":"https:\/\/hierostrasbourg.com\/","name":"HIERO STRASBOURG","description":"Centre de Ressources Musiques Actuelles","publisher":{"@id":"https:\/\/hierostrasbourg.com\/#organization"},"potentialAction":[{"@type":"SearchAction","target":{"@type":"EntryPoint","urlTemplate":"https:\/\/hierostrasbourg.com\/?s={search_term_string}"},"query-input":{"@type":"PropertyValueSpecification","valueRequired":true,"valueName":"search_term_string"}}],"inLanguage":"fr-FR"},{"@type":"Organization","@id":"https:\/\/hierostrasbourg.com\/#organization","name":"F\u00e9d\u00e9ration Hi\u00e9ro Strasbourg","url":"https:\/\/hierostrasbourg.com\/","logo":{"@type":"ImageObject","inLanguage":"fr-FR","@id":"https:\/\/hierostrasbourg.com\/#\/schema\/logo\/image\/","url":"https:\/\/hierostrasbourg.com\/wp-content\/uploads\/2026\/04\/logo-hiero-strasbourg.jpg","contentUrl":"https:\/\/hierostrasbourg.com\/wp-content\/uploads\/2026\/04\/logo-hiero-strasbourg.jpg","width":204,"height":192,"caption":"F\u00e9d\u00e9ration Hi\u00e9ro Strasbourg"},"image":{"@id":"https:\/\/hierostrasbourg.com\/#\/schema\/logo\/image\/"},"sameAs":["https:\/\/www.facebook.com\/fedehierostrasbourg","https:\/\/x.com\/hierostrasbourg"]}]}},"_links":{"self":[{"href":"https:\/\/hierostrasbourg.com\/index.php\/wp-json\/wp\/v2\/posts\/4728","targetHints":{"allow":["GET"]}}],"collection":[{"href":"https:\/\/hierostrasbourg.com\/index.php\/wp-json\/wp\/v2\/posts"}],"about":[{"href":"https:\/\/hierostrasbourg.com\/index.php\/wp-json\/wp\/v2\/types\/post"}],"replies":[{"embeddable":true,"href":"https:\/\/hierostrasbourg.com\/index.php\/wp-json\/wp\/v2\/comments?post=4728"}],"version-history":[{"count":0,"href":"https:\/\/hierostrasbourg.com\/index.php\/wp-json\/wp\/v2\/posts\/4728\/revisions"}],"wp:attachment":[{"href":"https:\/\/hierostrasbourg.com\/index.php\/wp-json\/wp\/v2\/media?parent=4728"}],"wp:term":[{"taxonomy":"category","embeddable":true,"href":"https:\/\/hierostrasbourg.com\/index.php\/wp-json\/wp\/v2\/categories?post=4728"},{"taxonomy":"post_tag","embeddable":true,"href":"https:\/\/hierostrasbourg.com\/index.php\/wp-json\/wp\/v2\/tags?post=4728"}],"curies":[{"name":"wp","href":"https:\/\/api.w.org\/{rel}","templated":true}]}}