{"id":4726,"date":"2023-01-29T20:41:17","date_gmt":"2023-01-29T19:41:17","guid":{"rendered":"https:\/\/hierostrasbourg.com\/index.php\/2023\/01\/29\/la-collectivite-europeenne-dalsace-recrute-un-charge-de-grands-projets-culturels-f-h\/"},"modified":"2023-01-29T20:41:17","modified_gmt":"2023-01-29T19:41:17","slug":"la-collectivite-europeenne-dalsace-recrute-un-charge-de-grands-projets-culturels-f-h","status":"publish","type":"post","link":"https:\/\/hierostrasbourg.com\/index.php\/2023\/01\/29\/la-collectivite-europeenne-dalsace-recrute-un-charge-de-grands-projets-culturels-f-h\/","title":{"rendered":"LA COLLECTIVIT\u00c9 EUROP\u00c9ENNE D&rsquo;ALSACE recrute un charg\u00e9 de grands projets culturels [F\/H]"},"content":{"rendered":"<h2>MISSIONS<\/h2>\n<p>La Direction de la Culture et du Patrimoine a pour objectif de g\u00e9n\u00e9raliser l\u2019\u00e9gal acc\u00e8s \u00e0 l\u2019\u00e9ducation artistique et culturelle, et au patrimoine alsacien, dans une d\u00e9marche inclusive.<\/p>\n<p>Dans le cadre d\u2019une politique culturelle d\u00e9finie par la Collectivit\u00e9 europ\u00e9enne d\u2019Alsace et pilot\u00e9e au sein de la Direction de la culture et du patrimoine, le charg\u00e9 de mission grand projet assiste le directeur dans le pilotage et la mise en \u0153uvre de la politique et l\u2019animation manag\u00e9riale des \u00e9quipes.<\/p>\n<h4>FONCTION<\/h4>\n<p><strong>1. Assistance au pilotage de la Direction<\/strong><\/p>\n<p>Seconder le directeur dans l\u2019aide \u00e0 la d\u00e9cision des \u00e9lus (pr\u00e9paration des bureaux, mission, commissions th\u00e9matiques et territoriales)<br \/>\nContribuer au pilotage des politiques culturelles, au sein du collectif de cadres de la direction<br \/>\nParticiper et contribuer aux diff\u00e9rentes instances de pilotage de la direction et plus largement de la collectivit\u00e9<\/p>\n<p><strong>2. Chefferie de projets culturels embl\u00e9matiques<\/strong><\/p>\n<p>Les grandes actions culturelles sont par essence transversales et n\u00e9cessitent un pilotage en mode projet. Pour chaque projet sous la direction de projet du directeur de la culture et du patrimoine :<\/p>\n<p>Identifier l\u2019ensemble des t\u00e2ches \u00e0 r\u00e9aliser et les conditions et moyens de r\u00e9ussite<br \/>\nMobiliser les \u00e9quipes th\u00e9matiques et territoriales d\u00e8s le d\u00e9but des actions autour de comit\u00e9 de suivi d\u00e9di\u00e9<br \/>\nAccompagner la validation administrative et politique \u00e0 plusieurs \u00e9tapes strat\u00e9giques des actions pour en consolider le portage et le rayonnement<br \/>\nConstituer des \u00e9quipes par projet<br \/>\nIdentifier les ressources internes et externes \u00e0 mobiliser<br \/>\nGarantir la r\u00e9alisation des projets dans les d\u00e9lais et la qualit\u00e9 attendues<br \/>\nGarantir la s\u00e9curit\u00e9 juridique et financi\u00e8re des projets<br \/>\nCoconstruire et mettre en \u0153uvre une proc\u00e9dure compl\u00e8te et solide d\u2019organisations d\u2019\u00e9v\u00e8nements<\/p>\n<p>Parmi ces projets plusieurs sont inscrits comme outils embl\u00e9matiques du mandat comme :<\/p>\n<p>S\u2019isch ebs los ! La saison culturelle de la Collectivit\u00e9 europ\u00e9enne d\u2019Alsace :\u00a0une programmation th\u00e9matique annuelle \u00e9ditorialis\u00e9e autour de 6 temps forts invitant \u00e0 la coproduction et la coop\u00e9rations d\u2019acteurs culturels en Alsace<br \/>\nM\u00e9dia rh\u00e9nan :\u00a0en lien avec le cabinet du Pr\u00e9sident et la direction de la communication, construction d\u2019un m\u00e9dia tri national, bilingue, multicanal dot\u00e9 d\u2019une ligne \u00e9ditoriale autonome permettant de diffuser un contenu de qualit\u00e9 \u00e0 destination de tous publics et disposant d\u2019une forte orientation pour la jeunesse<br \/>\nActions culturelles et \u00e9ducatives de coop\u00e9rations europ\u00e9ennes d\u00e9centralis\u00e9es :\u00a0fruit de la comp\u00e9tence de chef de fil\u00e2t de l\u2019action de coop\u00e9ration transfrontali\u00e8re et de l\u2019engagement europ\u00e9en de la CeA. En 203-2024, F\u00eatons l\u2019Europe ! dans le cadre des 70 ans du Parlement europ\u00e9en, jumelage artistique et p\u00e9dagogique sur deux ans de 1400 jeunes et 45 \u00e9tablissements dans les 27 pays de l\u2019UE<\/p>\n<p><strong>3. R\u00e9daction de contenu de communication<\/strong><\/p>\n<p>Coordonner la mise \u00e0 jour continue des contenus de tous les supports de communication de la direction en lien avec la direction de la communication<br \/>\nFaire vivre l\u2019outil Culture Alsace, outil d\u00e9velopp\u00e9 de d\u00e9couvrabilit\u00e9 num\u00e9rique des ressources culturelles alsaciennes<br \/>\nD\u00e9velopper un agenda culturel alsacien<br \/>\nCoordonner le community management de la DCP<\/p>\n<h2>PROFIL RECHERCH\u00c9<\/h2>\n<h4>SAVOIR G\u00c9N\u00c9RAUX<\/h4>\n<p>Dipl\u00f4m\u00e9 d\u2019un bac + 3 au minimum, vous avez des connaissances dans les domaines culturels, techniques, juridiques, comptables, scientifiques et \u00e9conomiques, tant publics que priv\u00e9s<br \/>\nDot\u00e9 d\u2019une bonne\u00a0capacit\u00e9 \u00e0 manager, vous avez des comp\u00e9tences en mati\u00e8re de gestion de ressources humaines, de comptabilit\u00e9 publique et d\u2019\u00e9valuation des dispositifs<br \/>\nM\u00e9thodique et organis\u00e9, vous savez impulser des projets et des actions, et les coordonner<br \/>\nBon communicant, vous savez porter devant vos collaborateurs et partenaires les messages et d\u00e9cisions<\/p>\n<h4>STATUT ET PARTICULARIT\u00c9S LI\u00c9ES AU POSTE<\/h4>\n<p>Recrutement statutaire ou \u00e0 d\u00e9faut par voie contractuelle sur le cadre d\u2019emploi : Attach\u00e9 territoriaux ou<br \/>\nAttach\u00e9 de conservation du Patrimoine<\/p>\n<p>Poste \u00e0 temps complet \u00e0 pourvoir d\u00e8s que possible \u00e0 l\u2019H\u00f4tel de la Collectivit\u00e9 Europ\u00e9enne d\u2019Alsace, 1 Place du Quartier Blanc \u00e0 Strasbourg<\/p>\n<p>Date limite de d\u00e9p\u00f4t des candidatures : 24\/02\/2023<\/p>\n<p>Poste n\u00b067-6031<br \/>\nAu sein de la Direction de la Culture et du Patrimoine<br \/>\nPoste \u00e0 pourvoir d\u00e8s que possible !<\/p>\n<p><a class=\"maxbutton-1 maxbutton maxbutton-inscription\" href=\"https:\/\/www.alsace.eu\/postuler-a-une-offre-d-emploi\/id\/3166\/title\/Une%20ou%20un%20Charg%C3%A9%20de%20grands%20projets%20culturels%20F-H%20(Poste%20n%C2%B067-6031)\/contrat\/Emploi\/\"><span class=\"mb-text\">POSTULEZ<\/span><\/a><\/p>\n<p>L\u2019article <a href=\"https:\/\/popburo.fr\/la-collectivite-europeenne-dalsace-recrute-un-charge-de-grands-projets-culturels-f-h\/\">LA COLLECTIVIT\u00c9 EUROP\u00c9ENNE D&rsquo;ALSACE recrute un charg\u00e9 de grands projets culturels [F\/H]<\/a> est apparu en premier sur <a href=\"https:\/\/popburo.fr\/\">POP B\u00dcRO<\/a>.<\/p>\n","protected":false},"excerpt":{"rendered":"<p>MISSIONS La Direction de la Culture et du Patrimoine a pour objectif de g\u00e9n\u00e9raliser l\u2019\u00e9gal acc\u00e8s \u00e0 l\u2019\u00e9ducation artistique et culturelle, et au patrimoine alsacien, dans une d\u00e9marche inclusive. Dans le cadre d\u2019une politique culturelle d\u00e9finie par la Collectivit\u00e9 europ\u00e9enne d\u2019Alsace et pilot\u00e9e au sein de la Direction de la culture et du patrimoine, le charg\u00e9 de mission grand projet assiste le directeur dans le pilotage et la mise en \u0153uvre de la politique et l\u2019animation manag\u00e9riale des \u00e9quipes. FONCTION [&hellip;]<\/p>\n","protected":false},"author":0,"featured_media":0,"comment_status":"closed","ping_status":"open","sticky":false,"template":"","format":"standard","meta":{"footnotes":""},"categories":[1],"tags":[],"class_list":["post-4726","post","type-post","status-publish","format-standard","hentry","category-non-classe"],"yoast_head":"<!-- This site is optimized with the Yoast SEO plugin v27.5 - https:\/\/yoast.com\/product\/yoast-seo-wordpress\/ -->\n<title>LA COLLECTIVIT\u00c9 EUROP\u00c9ENNE D&#039;ALSACE recrute un charg\u00e9 de grands projets culturels [F\/H] - HIERO STRASBOURG<\/title>\n<meta name=\"robots\" content=\"index, follow, max-snippet:-1, max-image-preview:large, max-video-preview:-1\" \/>\n<link rel=\"canonical\" href=\"https:\/\/hierostrasbourg.com\/index.php\/2023\/01\/29\/la-collectivite-europeenne-dalsace-recrute-un-charge-de-grands-projets-culturels-f-h\/\" \/>\n<meta property=\"og:locale\" content=\"fr_FR\" \/>\n<meta property=\"og:type\" content=\"article\" \/>\n<meta property=\"og:title\" content=\"LA COLLECTIVIT\u00c9 EUROP\u00c9ENNE D&#039;ALSACE recrute un charg\u00e9 de grands projets culturels [F\/H] - HIERO STRASBOURG\" \/>\n<meta property=\"og:description\" content=\"MISSIONS La Direction de la Culture et du Patrimoine a pour objectif de g\u00e9n\u00e9raliser l\u2019\u00e9gal acc\u00e8s \u00e0 l\u2019\u00e9ducation artistique et culturelle, et au patrimoine alsacien, dans une d\u00e9marche inclusive. Dans le cadre d\u2019une politique culturelle d\u00e9finie par la Collectivit\u00e9 europ\u00e9enne d\u2019Alsace et pilot\u00e9e au sein de la Direction de la culture et du patrimoine, le charg\u00e9 de mission grand projet assiste le directeur dans le pilotage et la mise en \u0153uvre de la politique et l\u2019animation manag\u00e9riale des \u00e9quipes. FONCTION [&hellip;]\" \/>\n<meta property=\"og:url\" content=\"https:\/\/hierostrasbourg.com\/index.php\/2023\/01\/29\/la-collectivite-europeenne-dalsace-recrute-un-charge-de-grands-projets-culturels-f-h\/\" \/>\n<meta property=\"og:site_name\" content=\"HIERO STRASBOURG\" \/>\n<meta property=\"article:publisher\" content=\"https:\/\/www.facebook.com\/fedehierostrasbourg\" \/>\n<meta property=\"article:published_time\" content=\"2023-01-29T19:41:17+00:00\" \/>\n<meta name=\"twitter:card\" content=\"summary_large_image\" \/>\n<meta name=\"twitter:creator\" content=\"@hierostrasbourg\" \/>\n<meta name=\"twitter:site\" content=\"@hierostrasbourg\" \/>\n<meta name=\"twitter:label1\" content=\"Dur\u00e9e de lecture estim\u00e9e\" \/>\n\t<meta name=\"twitter:data1\" content=\"4 minutes\" \/>\n<script type=\"application\/ld+json\" class=\"yoast-schema-graph\">{\"@context\":\"https:\\\/\\\/schema.org\",\"@graph\":[{\"@type\":\"Article\",\"@id\":\"https:\\\/\\\/hierostrasbourg.com\\\/index.php\\\/2023\\\/01\\\/29\\\/la-collectivite-europeenne-dalsace-recrute-un-charge-de-grands-projets-culturels-f-h\\\/#article\",\"isPartOf\":{\"@id\":\"https:\\\/\\\/hierostrasbourg.com\\\/index.php\\\/2023\\\/01\\\/29\\\/la-collectivite-europeenne-dalsace-recrute-un-charge-de-grands-projets-culturels-f-h\\\/\"},\"author\":{\"name\":\"\",\"@id\":\"\"},\"headline\":\"LA COLLECTIVIT\u00c9 EUROP\u00c9ENNE D&rsquo;ALSACE recrute un charg\u00e9 de grands projets culturels [F\\\/H]\",\"datePublished\":\"2023-01-29T19:41:17+00:00\",\"mainEntityOfPage\":{\"@id\":\"https:\\\/\\\/hierostrasbourg.com\\\/index.php\\\/2023\\\/01\\\/29\\\/la-collectivite-europeenne-dalsace-recrute-un-charge-de-grands-projets-culturels-f-h\\\/\"},\"wordCount\":746,\"publisher\":{\"@id\":\"https:\\\/\\\/hierostrasbourg.com\\\/#organization\"},\"inLanguage\":\"fr-FR\"},{\"@type\":\"WebPage\",\"@id\":\"https:\\\/\\\/hierostrasbourg.com\\\/index.php\\\/2023\\\/01\\\/29\\\/la-collectivite-europeenne-dalsace-recrute-un-charge-de-grands-projets-culturels-f-h\\\/\",\"url\":\"https:\\\/\\\/hierostrasbourg.com\\\/index.php\\\/2023\\\/01\\\/29\\\/la-collectivite-europeenne-dalsace-recrute-un-charge-de-grands-projets-culturels-f-h\\\/\",\"name\":\"LA COLLECTIVIT\u00c9 EUROP\u00c9ENNE D'ALSACE recrute un charg\u00e9 de grands projets culturels [F\\\/H] - HIERO STRASBOURG\",\"isPartOf\":{\"@id\":\"https:\\\/\\\/hierostrasbourg.com\\\/#website\"},\"datePublished\":\"2023-01-29T19:41:17+00:00\",\"breadcrumb\":{\"@id\":\"https:\\\/\\\/hierostrasbourg.com\\\/index.php\\\/2023\\\/01\\\/29\\\/la-collectivite-europeenne-dalsace-recrute-un-charge-de-grands-projets-culturels-f-h\\\/#breadcrumb\"},\"inLanguage\":\"fr-FR\",\"potentialAction\":[{\"@type\":\"ReadAction\",\"target\":[\"https:\\\/\\\/hierostrasbourg.com\\\/index.php\\\/2023\\\/01\\\/29\\\/la-collectivite-europeenne-dalsace-recrute-un-charge-de-grands-projets-culturels-f-h\\\/\"]}]},{\"@type\":\"BreadcrumbList\",\"@id\":\"https:\\\/\\\/hierostrasbourg.com\\\/index.php\\\/2023\\\/01\\\/29\\\/la-collectivite-europeenne-dalsace-recrute-un-charge-de-grands-projets-culturels-f-h\\\/#breadcrumb\",\"itemListElement\":[{\"@type\":\"ListItem\",\"position\":1,\"name\":\"Accueil\",\"item\":\"https:\\\/\\\/hierostrasbourg.com\\\/\"},{\"@type\":\"ListItem\",\"position\":2,\"name\":\"LA COLLECTIVIT\u00c9 EUROP\u00c9ENNE D&#8217;ALSACE recrute un charg\u00e9 de grands projets culturels [F\\\/H]\"}]},{\"@type\":\"WebSite\",\"@id\":\"https:\\\/\\\/hierostrasbourg.com\\\/#website\",\"url\":\"https:\\\/\\\/hierostrasbourg.com\\\/\",\"name\":\"HIERO STRASBOURG\",\"description\":\"Centre de Ressources Musiques Actuelles\",\"publisher\":{\"@id\":\"https:\\\/\\\/hierostrasbourg.com\\\/#organization\"},\"potentialAction\":[{\"@type\":\"SearchAction\",\"target\":{\"@type\":\"EntryPoint\",\"urlTemplate\":\"https:\\\/\\\/hierostrasbourg.com\\\/?s={search_term_string}\"},\"query-input\":{\"@type\":\"PropertyValueSpecification\",\"valueRequired\":true,\"valueName\":\"search_term_string\"}}],\"inLanguage\":\"fr-FR\"},{\"@type\":\"Organization\",\"@id\":\"https:\\\/\\\/hierostrasbourg.com\\\/#organization\",\"name\":\"F\u00e9d\u00e9ration Hi\u00e9ro Strasbourg\",\"url\":\"https:\\\/\\\/hierostrasbourg.com\\\/\",\"logo\":{\"@type\":\"ImageObject\",\"inLanguage\":\"fr-FR\",\"@id\":\"https:\\\/\\\/hierostrasbourg.com\\\/#\\\/schema\\\/logo\\\/image\\\/\",\"url\":\"https:\\\/\\\/hierostrasbourg.com\\\/wp-content\\\/uploads\\\/2026\\\/04\\\/logo-hiero-strasbourg.jpg\",\"contentUrl\":\"https:\\\/\\\/hierostrasbourg.com\\\/wp-content\\\/uploads\\\/2026\\\/04\\\/logo-hiero-strasbourg.jpg\",\"width\":204,\"height\":192,\"caption\":\"F\u00e9d\u00e9ration Hi\u00e9ro Strasbourg\"},\"image\":{\"@id\":\"https:\\\/\\\/hierostrasbourg.com\\\/#\\\/schema\\\/logo\\\/image\\\/\"},\"sameAs\":[\"https:\\\/\\\/www.facebook.com\\\/fedehierostrasbourg\",\"https:\\\/\\\/x.com\\\/hierostrasbourg\"]}]}<\/script>\n<!-- \/ Yoast SEO plugin. -->","yoast_head_json":{"title":"LA COLLECTIVIT\u00c9 EUROP\u00c9ENNE D'ALSACE recrute un charg\u00e9 de grands projets culturels [F\/H] - HIERO STRASBOURG","robots":{"index":"index","follow":"follow","max-snippet":"max-snippet:-1","max-image-preview":"max-image-preview:large","max-video-preview":"max-video-preview:-1"},"canonical":"https:\/\/hierostrasbourg.com\/index.php\/2023\/01\/29\/la-collectivite-europeenne-dalsace-recrute-un-charge-de-grands-projets-culturels-f-h\/","og_locale":"fr_FR","og_type":"article","og_title":"LA COLLECTIVIT\u00c9 EUROP\u00c9ENNE D'ALSACE recrute un charg\u00e9 de grands projets culturels [F\/H] - HIERO STRASBOURG","og_description":"MISSIONS La Direction de la Culture et du Patrimoine a pour objectif de g\u00e9n\u00e9raliser l\u2019\u00e9gal acc\u00e8s \u00e0 l\u2019\u00e9ducation artistique et culturelle, et au patrimoine alsacien, dans une d\u00e9marche inclusive. Dans le cadre d\u2019une politique culturelle d\u00e9finie par la Collectivit\u00e9 europ\u00e9enne d\u2019Alsace et pilot\u00e9e au sein de la Direction de la culture et du patrimoine, le charg\u00e9 de mission grand projet assiste le directeur dans le pilotage et la mise en \u0153uvre de la politique et l\u2019animation manag\u00e9riale des \u00e9quipes. FONCTION [&hellip;]","og_url":"https:\/\/hierostrasbourg.com\/index.php\/2023\/01\/29\/la-collectivite-europeenne-dalsace-recrute-un-charge-de-grands-projets-culturels-f-h\/","og_site_name":"HIERO STRASBOURG","article_publisher":"https:\/\/www.facebook.com\/fedehierostrasbourg","article_published_time":"2023-01-29T19:41:17+00:00","twitter_card":"summary_large_image","twitter_creator":"@hierostrasbourg","twitter_site":"@hierostrasbourg","twitter_misc":{"Dur\u00e9e de lecture estim\u00e9e":"4 minutes"},"schema":{"@context":"https:\/\/schema.org","@graph":[{"@type":"Article","@id":"https:\/\/hierostrasbourg.com\/index.php\/2023\/01\/29\/la-collectivite-europeenne-dalsace-recrute-un-charge-de-grands-projets-culturels-f-h\/#article","isPartOf":{"@id":"https:\/\/hierostrasbourg.com\/index.php\/2023\/01\/29\/la-collectivite-europeenne-dalsace-recrute-un-charge-de-grands-projets-culturels-f-h\/"},"author":{"name":"","@id":""},"headline":"LA COLLECTIVIT\u00c9 EUROP\u00c9ENNE D&rsquo;ALSACE recrute un charg\u00e9 de grands projets culturels [F\/H]","datePublished":"2023-01-29T19:41:17+00:00","mainEntityOfPage":{"@id":"https:\/\/hierostrasbourg.com\/index.php\/2023\/01\/29\/la-collectivite-europeenne-dalsace-recrute-un-charge-de-grands-projets-culturels-f-h\/"},"wordCount":746,"publisher":{"@id":"https:\/\/hierostrasbourg.com\/#organization"},"inLanguage":"fr-FR"},{"@type":"WebPage","@id":"https:\/\/hierostrasbourg.com\/index.php\/2023\/01\/29\/la-collectivite-europeenne-dalsace-recrute-un-charge-de-grands-projets-culturels-f-h\/","url":"https:\/\/hierostrasbourg.com\/index.php\/2023\/01\/29\/la-collectivite-europeenne-dalsace-recrute-un-charge-de-grands-projets-culturels-f-h\/","name":"LA COLLECTIVIT\u00c9 EUROP\u00c9ENNE D'ALSACE recrute un charg\u00e9 de grands projets culturels [F\/H] - HIERO STRASBOURG","isPartOf":{"@id":"https:\/\/hierostrasbourg.com\/#website"},"datePublished":"2023-01-29T19:41:17+00:00","breadcrumb":{"@id":"https:\/\/hierostrasbourg.com\/index.php\/2023\/01\/29\/la-collectivite-europeenne-dalsace-recrute-un-charge-de-grands-projets-culturels-f-h\/#breadcrumb"},"inLanguage":"fr-FR","potentialAction":[{"@type":"ReadAction","target":["https:\/\/hierostrasbourg.com\/index.php\/2023\/01\/29\/la-collectivite-europeenne-dalsace-recrute-un-charge-de-grands-projets-culturels-f-h\/"]}]},{"@type":"BreadcrumbList","@id":"https:\/\/hierostrasbourg.com\/index.php\/2023\/01\/29\/la-collectivite-europeenne-dalsace-recrute-un-charge-de-grands-projets-culturels-f-h\/#breadcrumb","itemListElement":[{"@type":"ListItem","position":1,"name":"Accueil","item":"https:\/\/hierostrasbourg.com\/"},{"@type":"ListItem","position":2,"name":"LA COLLECTIVIT\u00c9 EUROP\u00c9ENNE D&#8217;ALSACE recrute un charg\u00e9 de grands projets culturels [F\/H]"}]},{"@type":"WebSite","@id":"https:\/\/hierostrasbourg.com\/#website","url":"https:\/\/hierostrasbourg.com\/","name":"HIERO STRASBOURG","description":"Centre de Ressources Musiques Actuelles","publisher":{"@id":"https:\/\/hierostrasbourg.com\/#organization"},"potentialAction":[{"@type":"SearchAction","target":{"@type":"EntryPoint","urlTemplate":"https:\/\/hierostrasbourg.com\/?s={search_term_string}"},"query-input":{"@type":"PropertyValueSpecification","valueRequired":true,"valueName":"search_term_string"}}],"inLanguage":"fr-FR"},{"@type":"Organization","@id":"https:\/\/hierostrasbourg.com\/#organization","name":"F\u00e9d\u00e9ration Hi\u00e9ro Strasbourg","url":"https:\/\/hierostrasbourg.com\/","logo":{"@type":"ImageObject","inLanguage":"fr-FR","@id":"https:\/\/hierostrasbourg.com\/#\/schema\/logo\/image\/","url":"https:\/\/hierostrasbourg.com\/wp-content\/uploads\/2026\/04\/logo-hiero-strasbourg.jpg","contentUrl":"https:\/\/hierostrasbourg.com\/wp-content\/uploads\/2026\/04\/logo-hiero-strasbourg.jpg","width":204,"height":192,"caption":"F\u00e9d\u00e9ration Hi\u00e9ro Strasbourg"},"image":{"@id":"https:\/\/hierostrasbourg.com\/#\/schema\/logo\/image\/"},"sameAs":["https:\/\/www.facebook.com\/fedehierostrasbourg","https:\/\/x.com\/hierostrasbourg"]}]}},"_links":{"self":[{"href":"https:\/\/hierostrasbourg.com\/index.php\/wp-json\/wp\/v2\/posts\/4726","targetHints":{"allow":["GET"]}}],"collection":[{"href":"https:\/\/hierostrasbourg.com\/index.php\/wp-json\/wp\/v2\/posts"}],"about":[{"href":"https:\/\/hierostrasbourg.com\/index.php\/wp-json\/wp\/v2\/types\/post"}],"replies":[{"embeddable":true,"href":"https:\/\/hierostrasbourg.com\/index.php\/wp-json\/wp\/v2\/comments?post=4726"}],"version-history":[{"count":0,"href":"https:\/\/hierostrasbourg.com\/index.php\/wp-json\/wp\/v2\/posts\/4726\/revisions"}],"wp:attachment":[{"href":"https:\/\/hierostrasbourg.com\/index.php\/wp-json\/wp\/v2\/media?parent=4726"}],"wp:term":[{"taxonomy":"category","embeddable":true,"href":"https:\/\/hierostrasbourg.com\/index.php\/wp-json\/wp\/v2\/categories?post=4726"},{"taxonomy":"post_tag","embeddable":true,"href":"https:\/\/hierostrasbourg.com\/index.php\/wp-json\/wp\/v2\/tags?post=4726"}],"curies":[{"name":"wp","href":"https:\/\/api.w.org\/{rel}","templated":true}]}}