{"id":4718,"date":"2023-01-27T21:42:33","date_gmt":"2023-01-27T20:42:33","guid":{"rendered":"https:\/\/hierostrasbourg.com\/index.php\/2023\/01\/27\/drastic-on-plastic-france-pour-les-festivals-on-fait-le-bilan\/"},"modified":"2023-01-27T21:42:33","modified_gmt":"2023-01-27T20:42:33","slug":"drastic-on-plastic-france-pour-les-festivals-on-fait-le-bilan","status":"publish","type":"post","link":"https:\/\/hierostrasbourg.com\/index.php\/2023\/01\/27\/drastic-on-plastic-france-pour-les-festivals-on-fait-le-bilan\/","title":{"rendered":"Drastic on Plastic France pour les festivals, on fait le bilan !"},"content":{"rendered":"<p><a href=\"https:\/\/musiquesactuelles.alsace\/drastic-on-plastic-france-pour-les-festivals-on-fait-le-bilan\/\" title=\"Drastic on Plastic France pour les festivals, on fait le bilan !\"><\/a><\/p>\n<p>Souvenez-vous, lors de la pr\u00e9c\u00e9dente \u00e9dition des BIS, une centaine de festivals s\u2019engageaient \u00e0 bannir les plastiques \u00e0 usage unique. Entre pand\u00e9mie, nouvelles prises de conscience, d\u00e9veloppement des pratiques d\u2019\u00e9conomies circulaires, retour sur trois ann\u00e9es chaotiques, et les perspectives du projet. Avec Marion Ser, coordinatrice, Drastic on Plastic France Mod\u00e9r\u00e9 par Dominique B\u00e9har, coordinateur du Reeve Espace DD \u2013 Visions durables pour la culture \u00b7 BIS 2023 : Drastic on Plastic France pour les festivals, on fait le bilan !<\/p>\n<p>L\u2019article <a href=\"https:\/\/musiquesactuelles.alsace\/drastic-on-plastic-france-pour-les-festivals-on-fait-le-bilan\/\">Drastic on Plastic France pour les festivals, on fait le bilan !<\/a> est apparu en premier sur <a href=\"https:\/\/musiquesactuelles.alsace\/\">Musiques Actuelles en Alsace<\/a>.<\/p>\n<p>L\u2019article <a href=\"https:\/\/popburo.fr\/drastic-on-plastic-france-pour-les-festivals-on-fait-le-bilan\/\">Drastic on Plastic France pour les festivals, on fait le bilan !<\/a> est apparu en premier sur <a href=\"https:\/\/popburo.fr\/\">POP B\u00dcRO<\/a>.<\/p>\n","protected":false},"excerpt":{"rendered":"<p>Souvenez-vous, lors de la pr\u00e9c\u00e9dente \u00e9dition des BIS, une centaine de festivals s\u2019engageaient \u00e0 bannir les plastiques \u00e0 usage unique. Entre pand\u00e9mie, nouvelles prises de conscience, d\u00e9veloppement des pratiques d\u2019\u00e9conomies circulaires, retour sur trois ann\u00e9es chaotiques, et les perspectives du projet. Avec Marion Ser, coordinatrice, Drastic on Plastic France Mod\u00e9r\u00e9 par Dominique B\u00e9har, coordinateur du Reeve Espace DD \u2013 Visions durables pour la culture \u00b7 BIS 2023 : Drastic on Plastic France pour les festivals, on fait le bilan ! [&hellip;]<\/p>\n","protected":false},"author":0,"featured_media":0,"comment_status":"closed","ping_status":"open","sticky":false,"template":"","format":"standard","meta":{"footnotes":""},"categories":[1],"tags":[],"class_list":["post-4718","post","type-post","status-publish","format-standard","hentry","category-non-classe"],"yoast_head":"<!-- This site is optimized with the Yoast SEO plugin v27.5 - https:\/\/yoast.com\/product\/yoast-seo-wordpress\/ -->\n<title>Drastic on Plastic France pour les festivals, on fait le bilan ! - HIERO STRASBOURG<\/title>\n<meta name=\"robots\" content=\"index, follow, max-snippet:-1, max-image-preview:large, max-video-preview:-1\" \/>\n<link rel=\"canonical\" href=\"https:\/\/hierostrasbourg.com\/index.php\/2023\/01\/27\/drastic-on-plastic-france-pour-les-festivals-on-fait-le-bilan\/\" \/>\n<meta property=\"og:locale\" content=\"fr_FR\" \/>\n<meta property=\"og:type\" content=\"article\" \/>\n<meta property=\"og:title\" content=\"Drastic on Plastic France pour les festivals, on fait le bilan ! - HIERO STRASBOURG\" \/>\n<meta property=\"og:description\" content=\"Souvenez-vous, lors de la pr\u00e9c\u00e9dente \u00e9dition des BIS, une centaine de festivals s\u2019engageaient \u00e0 bannir les plastiques \u00e0 usage unique. Entre pand\u00e9mie, nouvelles prises de conscience, d\u00e9veloppement des pratiques d\u2019\u00e9conomies circulaires, retour sur trois ann\u00e9es chaotiques, et les perspectives du projet. Avec Marion Ser, coordinatrice, Drastic on Plastic France Mod\u00e9r\u00e9 par Dominique B\u00e9har, coordinateur du Reeve Espace DD \u2013 Visions durables pour la culture \u00b7 BIS 2023 : Drastic on Plastic France pour les festivals, on fait le bilan ! [&hellip;]\" \/>\n<meta property=\"og:url\" content=\"https:\/\/hierostrasbourg.com\/index.php\/2023\/01\/27\/drastic-on-plastic-france-pour-les-festivals-on-fait-le-bilan\/\" \/>\n<meta property=\"og:site_name\" content=\"HIERO STRASBOURG\" \/>\n<meta property=\"article:publisher\" content=\"https:\/\/www.facebook.com\/fedehierostrasbourg\" \/>\n<meta property=\"article:published_time\" content=\"2023-01-27T20:42:33+00:00\" \/>\n<meta name=\"twitter:card\" content=\"summary_large_image\" \/>\n<meta name=\"twitter:creator\" content=\"@hierostrasbourg\" \/>\n<meta name=\"twitter:site\" content=\"@hierostrasbourg\" \/>\n<meta name=\"twitter:label1\" content=\"Dur\u00e9e de lecture estim\u00e9e\" \/>\n\t<meta name=\"twitter:data1\" content=\"1 minute\" \/>\n<script type=\"application\/ld+json\" class=\"yoast-schema-graph\">{\"@context\":\"https:\\\/\\\/schema.org\",\"@graph\":[{\"@type\":\"Article\",\"@id\":\"https:\\\/\\\/hierostrasbourg.com\\\/index.php\\\/2023\\\/01\\\/27\\\/drastic-on-plastic-france-pour-les-festivals-on-fait-le-bilan\\\/#article\",\"isPartOf\":{\"@id\":\"https:\\\/\\\/hierostrasbourg.com\\\/index.php\\\/2023\\\/01\\\/27\\\/drastic-on-plastic-france-pour-les-festivals-on-fait-le-bilan\\\/\"},\"author\":{\"name\":\"\",\"@id\":\"\"},\"headline\":\"Drastic on Plastic France pour les festivals, on fait le bilan !\",\"datePublished\":\"2023-01-27T20:42:33+00:00\",\"mainEntityOfPage\":{\"@id\":\"https:\\\/\\\/hierostrasbourg.com\\\/index.php\\\/2023\\\/01\\\/27\\\/drastic-on-plastic-france-pour-les-festivals-on-fait-le-bilan\\\/\"},\"wordCount\":136,\"publisher\":{\"@id\":\"https:\\\/\\\/hierostrasbourg.com\\\/#organization\"},\"inLanguage\":\"fr-FR\"},{\"@type\":\"WebPage\",\"@id\":\"https:\\\/\\\/hierostrasbourg.com\\\/index.php\\\/2023\\\/01\\\/27\\\/drastic-on-plastic-france-pour-les-festivals-on-fait-le-bilan\\\/\",\"url\":\"https:\\\/\\\/hierostrasbourg.com\\\/index.php\\\/2023\\\/01\\\/27\\\/drastic-on-plastic-france-pour-les-festivals-on-fait-le-bilan\\\/\",\"name\":\"Drastic on Plastic France pour les festivals, on fait le bilan ! - HIERO STRASBOURG\",\"isPartOf\":{\"@id\":\"https:\\\/\\\/hierostrasbourg.com\\\/#website\"},\"datePublished\":\"2023-01-27T20:42:33+00:00\",\"breadcrumb\":{\"@id\":\"https:\\\/\\\/hierostrasbourg.com\\\/index.php\\\/2023\\\/01\\\/27\\\/drastic-on-plastic-france-pour-les-festivals-on-fait-le-bilan\\\/#breadcrumb\"},\"inLanguage\":\"fr-FR\",\"potentialAction\":[{\"@type\":\"ReadAction\",\"target\":[\"https:\\\/\\\/hierostrasbourg.com\\\/index.php\\\/2023\\\/01\\\/27\\\/drastic-on-plastic-france-pour-les-festivals-on-fait-le-bilan\\\/\"]}]},{\"@type\":\"BreadcrumbList\",\"@id\":\"https:\\\/\\\/hierostrasbourg.com\\\/index.php\\\/2023\\\/01\\\/27\\\/drastic-on-plastic-france-pour-les-festivals-on-fait-le-bilan\\\/#breadcrumb\",\"itemListElement\":[{\"@type\":\"ListItem\",\"position\":1,\"name\":\"Accueil\",\"item\":\"https:\\\/\\\/hierostrasbourg.com\\\/\"},{\"@type\":\"ListItem\",\"position\":2,\"name\":\"Drastic on Plastic France pour les festivals, on fait le bilan !\"}]},{\"@type\":\"WebSite\",\"@id\":\"https:\\\/\\\/hierostrasbourg.com\\\/#website\",\"url\":\"https:\\\/\\\/hierostrasbourg.com\\\/\",\"name\":\"HIERO STRASBOURG\",\"description\":\"Centre de Ressources Musiques Actuelles\",\"publisher\":{\"@id\":\"https:\\\/\\\/hierostrasbourg.com\\\/#organization\"},\"potentialAction\":[{\"@type\":\"SearchAction\",\"target\":{\"@type\":\"EntryPoint\",\"urlTemplate\":\"https:\\\/\\\/hierostrasbourg.com\\\/?s={search_term_string}\"},\"query-input\":{\"@type\":\"PropertyValueSpecification\",\"valueRequired\":true,\"valueName\":\"search_term_string\"}}],\"inLanguage\":\"fr-FR\"},{\"@type\":\"Organization\",\"@id\":\"https:\\\/\\\/hierostrasbourg.com\\\/#organization\",\"name\":\"F\u00e9d\u00e9ration Hi\u00e9ro Strasbourg\",\"url\":\"https:\\\/\\\/hierostrasbourg.com\\\/\",\"logo\":{\"@type\":\"ImageObject\",\"inLanguage\":\"fr-FR\",\"@id\":\"https:\\\/\\\/hierostrasbourg.com\\\/#\\\/schema\\\/logo\\\/image\\\/\",\"url\":\"https:\\\/\\\/hierostrasbourg.com\\\/wp-content\\\/uploads\\\/2026\\\/04\\\/logo-hiero-strasbourg.jpg\",\"contentUrl\":\"https:\\\/\\\/hierostrasbourg.com\\\/wp-content\\\/uploads\\\/2026\\\/04\\\/logo-hiero-strasbourg.jpg\",\"width\":204,\"height\":192,\"caption\":\"F\u00e9d\u00e9ration Hi\u00e9ro Strasbourg\"},\"image\":{\"@id\":\"https:\\\/\\\/hierostrasbourg.com\\\/#\\\/schema\\\/logo\\\/image\\\/\"},\"sameAs\":[\"https:\\\/\\\/www.facebook.com\\\/fedehierostrasbourg\",\"https:\\\/\\\/x.com\\\/hierostrasbourg\"]}]}<\/script>\n<!-- \/ Yoast SEO plugin. -->","yoast_head_json":{"title":"Drastic on Plastic France pour les festivals, on fait le bilan ! - HIERO STRASBOURG","robots":{"index":"index","follow":"follow","max-snippet":"max-snippet:-1","max-image-preview":"max-image-preview:large","max-video-preview":"max-video-preview:-1"},"canonical":"https:\/\/hierostrasbourg.com\/index.php\/2023\/01\/27\/drastic-on-plastic-france-pour-les-festivals-on-fait-le-bilan\/","og_locale":"fr_FR","og_type":"article","og_title":"Drastic on Plastic France pour les festivals, on fait le bilan ! - HIERO STRASBOURG","og_description":"Souvenez-vous, lors de la pr\u00e9c\u00e9dente \u00e9dition des BIS, une centaine de festivals s\u2019engageaient \u00e0 bannir les plastiques \u00e0 usage unique. Entre pand\u00e9mie, nouvelles prises de conscience, d\u00e9veloppement des pratiques d\u2019\u00e9conomies circulaires, retour sur trois ann\u00e9es chaotiques, et les perspectives du projet. Avec Marion Ser, coordinatrice, Drastic on Plastic France Mod\u00e9r\u00e9 par Dominique B\u00e9har, coordinateur du Reeve Espace DD \u2013 Visions durables pour la culture \u00b7 BIS 2023 : Drastic on Plastic France pour les festivals, on fait le bilan ! [&hellip;]","og_url":"https:\/\/hierostrasbourg.com\/index.php\/2023\/01\/27\/drastic-on-plastic-france-pour-les-festivals-on-fait-le-bilan\/","og_site_name":"HIERO STRASBOURG","article_publisher":"https:\/\/www.facebook.com\/fedehierostrasbourg","article_published_time":"2023-01-27T20:42:33+00:00","twitter_card":"summary_large_image","twitter_creator":"@hierostrasbourg","twitter_site":"@hierostrasbourg","twitter_misc":{"Dur\u00e9e de lecture estim\u00e9e":"1 minute"},"schema":{"@context":"https:\/\/schema.org","@graph":[{"@type":"Article","@id":"https:\/\/hierostrasbourg.com\/index.php\/2023\/01\/27\/drastic-on-plastic-france-pour-les-festivals-on-fait-le-bilan\/#article","isPartOf":{"@id":"https:\/\/hierostrasbourg.com\/index.php\/2023\/01\/27\/drastic-on-plastic-france-pour-les-festivals-on-fait-le-bilan\/"},"author":{"name":"","@id":""},"headline":"Drastic on Plastic France pour les festivals, on fait le bilan !","datePublished":"2023-01-27T20:42:33+00:00","mainEntityOfPage":{"@id":"https:\/\/hierostrasbourg.com\/index.php\/2023\/01\/27\/drastic-on-plastic-france-pour-les-festivals-on-fait-le-bilan\/"},"wordCount":136,"publisher":{"@id":"https:\/\/hierostrasbourg.com\/#organization"},"inLanguage":"fr-FR"},{"@type":"WebPage","@id":"https:\/\/hierostrasbourg.com\/index.php\/2023\/01\/27\/drastic-on-plastic-france-pour-les-festivals-on-fait-le-bilan\/","url":"https:\/\/hierostrasbourg.com\/index.php\/2023\/01\/27\/drastic-on-plastic-france-pour-les-festivals-on-fait-le-bilan\/","name":"Drastic on Plastic France pour les festivals, on fait le bilan ! - HIERO STRASBOURG","isPartOf":{"@id":"https:\/\/hierostrasbourg.com\/#website"},"datePublished":"2023-01-27T20:42:33+00:00","breadcrumb":{"@id":"https:\/\/hierostrasbourg.com\/index.php\/2023\/01\/27\/drastic-on-plastic-france-pour-les-festivals-on-fait-le-bilan\/#breadcrumb"},"inLanguage":"fr-FR","potentialAction":[{"@type":"ReadAction","target":["https:\/\/hierostrasbourg.com\/index.php\/2023\/01\/27\/drastic-on-plastic-france-pour-les-festivals-on-fait-le-bilan\/"]}]},{"@type":"BreadcrumbList","@id":"https:\/\/hierostrasbourg.com\/index.php\/2023\/01\/27\/drastic-on-plastic-france-pour-les-festivals-on-fait-le-bilan\/#breadcrumb","itemListElement":[{"@type":"ListItem","position":1,"name":"Accueil","item":"https:\/\/hierostrasbourg.com\/"},{"@type":"ListItem","position":2,"name":"Drastic on Plastic France pour les festivals, on fait le bilan !"}]},{"@type":"WebSite","@id":"https:\/\/hierostrasbourg.com\/#website","url":"https:\/\/hierostrasbourg.com\/","name":"HIERO STRASBOURG","description":"Centre de Ressources Musiques Actuelles","publisher":{"@id":"https:\/\/hierostrasbourg.com\/#organization"},"potentialAction":[{"@type":"SearchAction","target":{"@type":"EntryPoint","urlTemplate":"https:\/\/hierostrasbourg.com\/?s={search_term_string}"},"query-input":{"@type":"PropertyValueSpecification","valueRequired":true,"valueName":"search_term_string"}}],"inLanguage":"fr-FR"},{"@type":"Organization","@id":"https:\/\/hierostrasbourg.com\/#organization","name":"F\u00e9d\u00e9ration Hi\u00e9ro Strasbourg","url":"https:\/\/hierostrasbourg.com\/","logo":{"@type":"ImageObject","inLanguage":"fr-FR","@id":"https:\/\/hierostrasbourg.com\/#\/schema\/logo\/image\/","url":"https:\/\/hierostrasbourg.com\/wp-content\/uploads\/2026\/04\/logo-hiero-strasbourg.jpg","contentUrl":"https:\/\/hierostrasbourg.com\/wp-content\/uploads\/2026\/04\/logo-hiero-strasbourg.jpg","width":204,"height":192,"caption":"F\u00e9d\u00e9ration Hi\u00e9ro Strasbourg"},"image":{"@id":"https:\/\/hierostrasbourg.com\/#\/schema\/logo\/image\/"},"sameAs":["https:\/\/www.facebook.com\/fedehierostrasbourg","https:\/\/x.com\/hierostrasbourg"]}]}},"_links":{"self":[{"href":"https:\/\/hierostrasbourg.com\/index.php\/wp-json\/wp\/v2\/posts\/4718","targetHints":{"allow":["GET"]}}],"collection":[{"href":"https:\/\/hierostrasbourg.com\/index.php\/wp-json\/wp\/v2\/posts"}],"about":[{"href":"https:\/\/hierostrasbourg.com\/index.php\/wp-json\/wp\/v2\/types\/post"}],"replies":[{"embeddable":true,"href":"https:\/\/hierostrasbourg.com\/index.php\/wp-json\/wp\/v2\/comments?post=4718"}],"version-history":[{"count":0,"href":"https:\/\/hierostrasbourg.com\/index.php\/wp-json\/wp\/v2\/posts\/4718\/revisions"}],"wp:attachment":[{"href":"https:\/\/hierostrasbourg.com\/index.php\/wp-json\/wp\/v2\/media?parent=4718"}],"wp:term":[{"taxonomy":"category","embeddable":true,"href":"https:\/\/hierostrasbourg.com\/index.php\/wp-json\/wp\/v2\/categories?post=4718"},{"taxonomy":"post_tag","embeddable":true,"href":"https:\/\/hierostrasbourg.com\/index.php\/wp-json\/wp\/v2\/tags?post=4718"}],"curies":[{"name":"wp","href":"https:\/\/api.w.org\/{rel}","templated":true}]}}