{"id":4717,"date":"2023-01-27T21:42:33","date_gmt":"2023-01-27T20:42:33","guid":{"rendered":"https:\/\/hierostrasbourg.com\/index.php\/2023\/01\/27\/la-commission-europeenne-publie-un-rapport-sur-la-contribution-de-la-culture-au-developpement-durable\/"},"modified":"2023-01-27T21:42:33","modified_gmt":"2023-01-27T20:42:33","slug":"la-commission-europeenne-publie-un-rapport-sur-la-contribution-de-la-culture-au-developpement-durable","status":"publish","type":"post","link":"https:\/\/hierostrasbourg.com\/index.php\/2023\/01\/27\/la-commission-europeenne-publie-un-rapport-sur-la-contribution-de-la-culture-au-developpement-durable\/","title":{"rendered":"La Commission europ\u00e9enne publie un rapport sur la contribution de la culture au d\u00e9veloppement durable"},"content":{"rendered":"<p><a href=\"https:\/\/musiquesactuelles.alsace\/la-commission-europeenne-publie-un-rapport-sur-la-contribution-de-la-culture-au-developpement-durable\/\" title=\"La Commission europ\u00e9enne publie un rapport sur la contribution de la culture au d\u00e9veloppement durable\"><\/a><\/p>\n<p>Les objectifs de d\u00e9veloppement durable (ODD) sont li\u00e9s \u00e0 plusieurs domaines politiques. La Commission Europ\u00e9enne s\u2019engage pleinement \u00e0 concr\u00e9tiser toutes les diff\u00e9rentes dimensions du d\u00e9veloppement durable . Sur le r\u00f4le de la culture, la Commission a soulign\u00e9 la dimension culturelle du d\u00e9veloppement durable dans le Nouvel agenda europ\u00e9en de la culture 2018 et s\u2019est engag\u00e9 \u00e0 l\u2019utiliser pour aider \u00e0 mettre en \u0153uvre l\u2019agenda pour le d\u00e9veloppement durable de l\u2019ONU 2030 Dans sa r\u00e9solution sur la dimension culturelle du d\u00e9veloppement [\u2026]<\/p>\n<p>L\u2019article <a href=\"https:\/\/musiquesactuelles.alsace\/la-commission-europeenne-publie-un-rapport-sur-la-contribution-de-la-culture-au-developpement-durable\/\">La Commission europ\u00e9enne publie un rapport sur la contribution de la culture au d\u00e9veloppement durable<\/a> est apparu en premier sur <a href=\"https:\/\/musiquesactuelles.alsace\/\">Musiques Actuelles en Alsace<\/a>.<\/p>\n<p>L\u2019article <a href=\"https:\/\/popburo.fr\/la-commission-europeenne-publie-un-rapport-sur-la-contribution-de-la-culture-au-developpement-durable\/\">La Commission europ\u00e9enne publie un rapport sur la contribution de la culture au d\u00e9veloppement durable<\/a> est apparu en premier sur <a href=\"https:\/\/popburo.fr\/\">POP B\u00dcRO<\/a>.<\/p>\n","protected":false},"excerpt":{"rendered":"<p>Les objectifs de d\u00e9veloppement durable (ODD) sont li\u00e9s \u00e0 plusieurs domaines politiques. La Commission Europ\u00e9enne s\u2019engage pleinement \u00e0 concr\u00e9tiser toutes les diff\u00e9rentes dimensions du d\u00e9veloppement durable . Sur le r\u00f4le de la culture, la Commission a soulign\u00e9 la dimension culturelle du d\u00e9veloppement durable dans le Nouvel agenda europ\u00e9en de la culture 2018 et s\u2019est engag\u00e9 \u00e0 l\u2019utiliser pour aider \u00e0 mettre en \u0153uvre l\u2019agenda pour le d\u00e9veloppement durable de l\u2019ONU 2030 Dans sa r\u00e9solution sur la dimension culturelle du d\u00e9veloppement [&hellip;]<\/p>\n","protected":false},"author":0,"featured_media":0,"comment_status":"closed","ping_status":"open","sticky":false,"template":"","format":"standard","meta":{"footnotes":""},"categories":[1],"tags":[],"class_list":["post-4717","post","type-post","status-publish","format-standard","hentry","category-non-classe"],"yoast_head":"<!-- This site is optimized with the Yoast SEO plugin v27.5 - https:\/\/yoast.com\/product\/yoast-seo-wordpress\/ -->\n<title>La Commission europ\u00e9enne publie un rapport sur la contribution de la culture au d\u00e9veloppement durable - HIERO STRASBOURG<\/title>\n<meta name=\"robots\" content=\"index, follow, max-snippet:-1, max-image-preview:large, max-video-preview:-1\" \/>\n<link rel=\"canonical\" href=\"https:\/\/hierostrasbourg.com\/index.php\/2023\/01\/27\/la-commission-europeenne-publie-un-rapport-sur-la-contribution-de-la-culture-au-developpement-durable\/\" \/>\n<meta property=\"og:locale\" content=\"fr_FR\" \/>\n<meta property=\"og:type\" content=\"article\" \/>\n<meta property=\"og:title\" content=\"La Commission europ\u00e9enne publie un rapport sur la contribution de la culture au d\u00e9veloppement durable - HIERO STRASBOURG\" \/>\n<meta property=\"og:description\" content=\"Les objectifs de d\u00e9veloppement durable (ODD) sont li\u00e9s \u00e0 plusieurs domaines politiques. La Commission Europ\u00e9enne s\u2019engage pleinement \u00e0 concr\u00e9tiser toutes les diff\u00e9rentes dimensions du d\u00e9veloppement durable . Sur le r\u00f4le de la culture, la Commission a soulign\u00e9 la dimension culturelle du d\u00e9veloppement durable dans le Nouvel agenda europ\u00e9en de la culture 2018 et s\u2019est engag\u00e9 \u00e0 l\u2019utiliser pour aider \u00e0 mettre en \u0153uvre l\u2019agenda pour le d\u00e9veloppement durable de l\u2019ONU 2030 Dans sa r\u00e9solution sur la dimension culturelle du d\u00e9veloppement [&hellip;]\" \/>\n<meta property=\"og:url\" content=\"https:\/\/hierostrasbourg.com\/index.php\/2023\/01\/27\/la-commission-europeenne-publie-un-rapport-sur-la-contribution-de-la-culture-au-developpement-durable\/\" \/>\n<meta property=\"og:site_name\" content=\"HIERO STRASBOURG\" \/>\n<meta property=\"article:publisher\" content=\"https:\/\/www.facebook.com\/fedehierostrasbourg\" \/>\n<meta property=\"article:published_time\" content=\"2023-01-27T20:42:33+00:00\" \/>\n<meta name=\"twitter:card\" content=\"summary_large_image\" \/>\n<meta name=\"twitter:creator\" content=\"@hierostrasbourg\" \/>\n<meta name=\"twitter:site\" content=\"@hierostrasbourg\" \/>\n<meta name=\"twitter:label1\" content=\"Dur\u00e9e de lecture estim\u00e9e\" \/>\n\t<meta name=\"twitter:data1\" content=\"1 minute\" \/>\n<script type=\"application\/ld+json\" class=\"yoast-schema-graph\">{\"@context\":\"https:\\\/\\\/schema.org\",\"@graph\":[{\"@type\":\"Article\",\"@id\":\"https:\\\/\\\/hierostrasbourg.com\\\/index.php\\\/2023\\\/01\\\/27\\\/la-commission-europeenne-publie-un-rapport-sur-la-contribution-de-la-culture-au-developpement-durable\\\/#article\",\"isPartOf\":{\"@id\":\"https:\\\/\\\/hierostrasbourg.com\\\/index.php\\\/2023\\\/01\\\/27\\\/la-commission-europeenne-publie-un-rapport-sur-la-contribution-de-la-culture-au-developpement-durable\\\/\"},\"author\":{\"name\":\"\",\"@id\":\"\"},\"headline\":\"La Commission europ\u00e9enne publie un rapport sur la contribution de la culture au d\u00e9veloppement durable\",\"datePublished\":\"2023-01-27T20:42:33+00:00\",\"mainEntityOfPage\":{\"@id\":\"https:\\\/\\\/hierostrasbourg.com\\\/index.php\\\/2023\\\/01\\\/27\\\/la-commission-europeenne-publie-un-rapport-sur-la-contribution-de-la-culture-au-developpement-durable\\\/\"},\"wordCount\":162,\"publisher\":{\"@id\":\"https:\\\/\\\/hierostrasbourg.com\\\/#organization\"},\"inLanguage\":\"fr-FR\"},{\"@type\":\"WebPage\",\"@id\":\"https:\\\/\\\/hierostrasbourg.com\\\/index.php\\\/2023\\\/01\\\/27\\\/la-commission-europeenne-publie-un-rapport-sur-la-contribution-de-la-culture-au-developpement-durable\\\/\",\"url\":\"https:\\\/\\\/hierostrasbourg.com\\\/index.php\\\/2023\\\/01\\\/27\\\/la-commission-europeenne-publie-un-rapport-sur-la-contribution-de-la-culture-au-developpement-durable\\\/\",\"name\":\"La Commission europ\u00e9enne publie un rapport sur la contribution de la culture au d\u00e9veloppement durable - HIERO STRASBOURG\",\"isPartOf\":{\"@id\":\"https:\\\/\\\/hierostrasbourg.com\\\/#website\"},\"datePublished\":\"2023-01-27T20:42:33+00:00\",\"breadcrumb\":{\"@id\":\"https:\\\/\\\/hierostrasbourg.com\\\/index.php\\\/2023\\\/01\\\/27\\\/la-commission-europeenne-publie-un-rapport-sur-la-contribution-de-la-culture-au-developpement-durable\\\/#breadcrumb\"},\"inLanguage\":\"fr-FR\",\"potentialAction\":[{\"@type\":\"ReadAction\",\"target\":[\"https:\\\/\\\/hierostrasbourg.com\\\/index.php\\\/2023\\\/01\\\/27\\\/la-commission-europeenne-publie-un-rapport-sur-la-contribution-de-la-culture-au-developpement-durable\\\/\"]}]},{\"@type\":\"BreadcrumbList\",\"@id\":\"https:\\\/\\\/hierostrasbourg.com\\\/index.php\\\/2023\\\/01\\\/27\\\/la-commission-europeenne-publie-un-rapport-sur-la-contribution-de-la-culture-au-developpement-durable\\\/#breadcrumb\",\"itemListElement\":[{\"@type\":\"ListItem\",\"position\":1,\"name\":\"Accueil\",\"item\":\"https:\\\/\\\/hierostrasbourg.com\\\/\"},{\"@type\":\"ListItem\",\"position\":2,\"name\":\"La Commission europ\u00e9enne publie un rapport sur la contribution de la culture au d\u00e9veloppement durable\"}]},{\"@type\":\"WebSite\",\"@id\":\"https:\\\/\\\/hierostrasbourg.com\\\/#website\",\"url\":\"https:\\\/\\\/hierostrasbourg.com\\\/\",\"name\":\"HIERO STRASBOURG\",\"description\":\"Centre de Ressources Musiques Actuelles\",\"publisher\":{\"@id\":\"https:\\\/\\\/hierostrasbourg.com\\\/#organization\"},\"potentialAction\":[{\"@type\":\"SearchAction\",\"target\":{\"@type\":\"EntryPoint\",\"urlTemplate\":\"https:\\\/\\\/hierostrasbourg.com\\\/?s={search_term_string}\"},\"query-input\":{\"@type\":\"PropertyValueSpecification\",\"valueRequired\":true,\"valueName\":\"search_term_string\"}}],\"inLanguage\":\"fr-FR\"},{\"@type\":\"Organization\",\"@id\":\"https:\\\/\\\/hierostrasbourg.com\\\/#organization\",\"name\":\"F\u00e9d\u00e9ration Hi\u00e9ro Strasbourg\",\"url\":\"https:\\\/\\\/hierostrasbourg.com\\\/\",\"logo\":{\"@type\":\"ImageObject\",\"inLanguage\":\"fr-FR\",\"@id\":\"https:\\\/\\\/hierostrasbourg.com\\\/#\\\/schema\\\/logo\\\/image\\\/\",\"url\":\"https:\\\/\\\/hierostrasbourg.com\\\/wp-content\\\/uploads\\\/2026\\\/04\\\/logo-hiero-strasbourg.jpg\",\"contentUrl\":\"https:\\\/\\\/hierostrasbourg.com\\\/wp-content\\\/uploads\\\/2026\\\/04\\\/logo-hiero-strasbourg.jpg\",\"width\":204,\"height\":192,\"caption\":\"F\u00e9d\u00e9ration Hi\u00e9ro Strasbourg\"},\"image\":{\"@id\":\"https:\\\/\\\/hierostrasbourg.com\\\/#\\\/schema\\\/logo\\\/image\\\/\"},\"sameAs\":[\"https:\\\/\\\/www.facebook.com\\\/fedehierostrasbourg\",\"https:\\\/\\\/x.com\\\/hierostrasbourg\"]}]}<\/script>\n<!-- \/ Yoast SEO plugin. -->","yoast_head_json":{"title":"La Commission europ\u00e9enne publie un rapport sur la contribution de la culture au d\u00e9veloppement durable - HIERO STRASBOURG","robots":{"index":"index","follow":"follow","max-snippet":"max-snippet:-1","max-image-preview":"max-image-preview:large","max-video-preview":"max-video-preview:-1"},"canonical":"https:\/\/hierostrasbourg.com\/index.php\/2023\/01\/27\/la-commission-europeenne-publie-un-rapport-sur-la-contribution-de-la-culture-au-developpement-durable\/","og_locale":"fr_FR","og_type":"article","og_title":"La Commission europ\u00e9enne publie un rapport sur la contribution de la culture au d\u00e9veloppement durable - HIERO STRASBOURG","og_description":"Les objectifs de d\u00e9veloppement durable (ODD) sont li\u00e9s \u00e0 plusieurs domaines politiques. La Commission Europ\u00e9enne s\u2019engage pleinement \u00e0 concr\u00e9tiser toutes les diff\u00e9rentes dimensions du d\u00e9veloppement durable . Sur le r\u00f4le de la culture, la Commission a soulign\u00e9 la dimension culturelle du d\u00e9veloppement durable dans le Nouvel agenda europ\u00e9en de la culture 2018 et s\u2019est engag\u00e9 \u00e0 l\u2019utiliser pour aider \u00e0 mettre en \u0153uvre l\u2019agenda pour le d\u00e9veloppement durable de l\u2019ONU 2030 Dans sa r\u00e9solution sur la dimension culturelle du d\u00e9veloppement [&hellip;]","og_url":"https:\/\/hierostrasbourg.com\/index.php\/2023\/01\/27\/la-commission-europeenne-publie-un-rapport-sur-la-contribution-de-la-culture-au-developpement-durable\/","og_site_name":"HIERO STRASBOURG","article_publisher":"https:\/\/www.facebook.com\/fedehierostrasbourg","article_published_time":"2023-01-27T20:42:33+00:00","twitter_card":"summary_large_image","twitter_creator":"@hierostrasbourg","twitter_site":"@hierostrasbourg","twitter_misc":{"Dur\u00e9e de lecture estim\u00e9e":"1 minute"},"schema":{"@context":"https:\/\/schema.org","@graph":[{"@type":"Article","@id":"https:\/\/hierostrasbourg.com\/index.php\/2023\/01\/27\/la-commission-europeenne-publie-un-rapport-sur-la-contribution-de-la-culture-au-developpement-durable\/#article","isPartOf":{"@id":"https:\/\/hierostrasbourg.com\/index.php\/2023\/01\/27\/la-commission-europeenne-publie-un-rapport-sur-la-contribution-de-la-culture-au-developpement-durable\/"},"author":{"name":"","@id":""},"headline":"La Commission europ\u00e9enne publie un rapport sur la contribution de la culture au d\u00e9veloppement durable","datePublished":"2023-01-27T20:42:33+00:00","mainEntityOfPage":{"@id":"https:\/\/hierostrasbourg.com\/index.php\/2023\/01\/27\/la-commission-europeenne-publie-un-rapport-sur-la-contribution-de-la-culture-au-developpement-durable\/"},"wordCount":162,"publisher":{"@id":"https:\/\/hierostrasbourg.com\/#organization"},"inLanguage":"fr-FR"},{"@type":"WebPage","@id":"https:\/\/hierostrasbourg.com\/index.php\/2023\/01\/27\/la-commission-europeenne-publie-un-rapport-sur-la-contribution-de-la-culture-au-developpement-durable\/","url":"https:\/\/hierostrasbourg.com\/index.php\/2023\/01\/27\/la-commission-europeenne-publie-un-rapport-sur-la-contribution-de-la-culture-au-developpement-durable\/","name":"La Commission europ\u00e9enne publie un rapport sur la contribution de la culture au d\u00e9veloppement durable - HIERO STRASBOURG","isPartOf":{"@id":"https:\/\/hierostrasbourg.com\/#website"},"datePublished":"2023-01-27T20:42:33+00:00","breadcrumb":{"@id":"https:\/\/hierostrasbourg.com\/index.php\/2023\/01\/27\/la-commission-europeenne-publie-un-rapport-sur-la-contribution-de-la-culture-au-developpement-durable\/#breadcrumb"},"inLanguage":"fr-FR","potentialAction":[{"@type":"ReadAction","target":["https:\/\/hierostrasbourg.com\/index.php\/2023\/01\/27\/la-commission-europeenne-publie-un-rapport-sur-la-contribution-de-la-culture-au-developpement-durable\/"]}]},{"@type":"BreadcrumbList","@id":"https:\/\/hierostrasbourg.com\/index.php\/2023\/01\/27\/la-commission-europeenne-publie-un-rapport-sur-la-contribution-de-la-culture-au-developpement-durable\/#breadcrumb","itemListElement":[{"@type":"ListItem","position":1,"name":"Accueil","item":"https:\/\/hierostrasbourg.com\/"},{"@type":"ListItem","position":2,"name":"La Commission europ\u00e9enne publie un rapport sur la contribution de la culture au d\u00e9veloppement durable"}]},{"@type":"WebSite","@id":"https:\/\/hierostrasbourg.com\/#website","url":"https:\/\/hierostrasbourg.com\/","name":"HIERO STRASBOURG","description":"Centre de Ressources Musiques Actuelles","publisher":{"@id":"https:\/\/hierostrasbourg.com\/#organization"},"potentialAction":[{"@type":"SearchAction","target":{"@type":"EntryPoint","urlTemplate":"https:\/\/hierostrasbourg.com\/?s={search_term_string}"},"query-input":{"@type":"PropertyValueSpecification","valueRequired":true,"valueName":"search_term_string"}}],"inLanguage":"fr-FR"},{"@type":"Organization","@id":"https:\/\/hierostrasbourg.com\/#organization","name":"F\u00e9d\u00e9ration Hi\u00e9ro Strasbourg","url":"https:\/\/hierostrasbourg.com\/","logo":{"@type":"ImageObject","inLanguage":"fr-FR","@id":"https:\/\/hierostrasbourg.com\/#\/schema\/logo\/image\/","url":"https:\/\/hierostrasbourg.com\/wp-content\/uploads\/2026\/04\/logo-hiero-strasbourg.jpg","contentUrl":"https:\/\/hierostrasbourg.com\/wp-content\/uploads\/2026\/04\/logo-hiero-strasbourg.jpg","width":204,"height":192,"caption":"F\u00e9d\u00e9ration Hi\u00e9ro Strasbourg"},"image":{"@id":"https:\/\/hierostrasbourg.com\/#\/schema\/logo\/image\/"},"sameAs":["https:\/\/www.facebook.com\/fedehierostrasbourg","https:\/\/x.com\/hierostrasbourg"]}]}},"_links":{"self":[{"href":"https:\/\/hierostrasbourg.com\/index.php\/wp-json\/wp\/v2\/posts\/4717","targetHints":{"allow":["GET"]}}],"collection":[{"href":"https:\/\/hierostrasbourg.com\/index.php\/wp-json\/wp\/v2\/posts"}],"about":[{"href":"https:\/\/hierostrasbourg.com\/index.php\/wp-json\/wp\/v2\/types\/post"}],"replies":[{"embeddable":true,"href":"https:\/\/hierostrasbourg.com\/index.php\/wp-json\/wp\/v2\/comments?post=4717"}],"version-history":[{"count":0,"href":"https:\/\/hierostrasbourg.com\/index.php\/wp-json\/wp\/v2\/posts\/4717\/revisions"}],"wp:attachment":[{"href":"https:\/\/hierostrasbourg.com\/index.php\/wp-json\/wp\/v2\/media?parent=4717"}],"wp:term":[{"taxonomy":"category","embeddable":true,"href":"https:\/\/hierostrasbourg.com\/index.php\/wp-json\/wp\/v2\/categories?post=4717"},{"taxonomy":"post_tag","embeddable":true,"href":"https:\/\/hierostrasbourg.com\/index.php\/wp-json\/wp\/v2\/tags?post=4717"}],"curies":[{"name":"wp","href":"https:\/\/api.w.org\/{rel}","templated":true}]}}