{"id":4713,"date":"2023-01-27T20:45:18","date_gmt":"2023-01-27T19:45:18","guid":{"rendered":"https:\/\/hierostrasbourg.com\/index.php\/2023\/01\/27\/les-groupements-culturels-cooperatifs\/"},"modified":"2023-01-27T20:45:18","modified_gmt":"2023-01-27T19:45:18","slug":"les-groupements-culturels-cooperatifs","status":"publish","type":"post","link":"https:\/\/hierostrasbourg.com\/index.php\/2023\/01\/27\/les-groupements-culturels-cooperatifs\/","title":{"rendered":"Les groupements culturels coop\u00e9ratifs"},"content":{"rendered":"<h2>\u00c9dito<\/h2>\n<p><em>Ces derni\u00e8res d\u00e9cennies ont vu fleurir dans le domaine de la culture de nouvelles formes d\u2019organisation coop\u00e9rative. Lieu culturel partag\u00e9, grappe d\u2019entreprises culturelles, coop\u00e9rative d\u2019activit\u00e9 et d\u2019emploi, groupement d\u2019employeurs, structure collective de soutien et d\u2019accompagnement, ces nouvelles formes d\u2019exp\u00e9rimentation concernent particuli\u00e8rement le spectacle vivant ou les arts visuels.<\/em><br \/><em>S\u2019appuyant sur des exemples d\u00e9taill\u00e9s, Philippe Henry d\u00e9crit ici le potentiel de ces entit\u00e9s en termes de d\u00e9veloppement des projets ou des organisations et la sp\u00e9cificit\u00e9 de leurs modes de fonctionnement, mais aussi les freins qui s\u2019expriment et les d\u00e9fis de leur d\u00e9veloppement \u00e0 plus grande \u00e9chelle.<\/em><br \/><em>Il explore enfin les synergies qui impliquent, peu ou prou, un engagement des pouvoirs publics : p\u00f4les territoriaux de coop\u00e9ration \u00e9conomique, tiers-lieux culturels, projets culturels de territoire, contrats de fili\u00e8re culturelle, etc.<\/em><br \/><em>L\u2019ouvrage pr\u00e9sente ainsi une palette d\u2019enjeux qui tracent les contours d\u2019une identit\u00e9 propre \u00e0 ces groupements culturels, et insiste sur des dimensions \u00e0 consid\u00e9rer pour leur mont\u00e9e en puissance ou, au moins, pour leur assurer une meilleure p\u00e9rennit\u00e9<\/em><\/p>\n<div class=\"ead-preview\">\n<div class=\"ead-document\">\n<div class=\"ead-iframe-wrapper\"><\/div>\n<div class=\"ead-document-loading\">\n<div class=\"ead-loading-wrap\">\n<div class=\"ead-loading-main\">\n<div class=\"ead-loading\">\n\t\t\t\t\t\t\t<span>En cours de chargement\u2026<\/span>\n\t\t\t\t\t\t<\/div>\n<\/p><\/div>\n<div class=\"ead-loading-foot\">\n<div class=\"ead-loading-foot-title\">\n\t\t\t\t\t\t\t<span>Cela prend trop de temps\u00a0?<\/span>\n\t\t\t\t\t\t<\/div>\n<\/p>\n<div class=\"ead-document-btn ead-reload-btn\">\n\t\t\t\t\t\t\t\t Recharger le document\t\t\t\t\t\t\t<\/div>\n<p>\t\t\t\t\t\t\t<span>|<\/span><br \/>\n\t\t\t\t\t\t\t<a href=\"https:\/\/lamultinationaledelunderground.com\/musiquesactuelles\/wp-content\/uploads\/2023\/01\/23_extraitgcc_phenry.pdf\" class=\"ead-document-btn\" target=\"_blank\" rel=\"noopener\"><br \/>\n\t\t\t\t\t\t\t\t Ouvrir dans un nouvel onglet\t\t\t\t\t\t\t<\/a>\n\t\t\t\t\t<\/div>\n<\/p><\/div>\n<\/p><\/div>\n<\/p><\/div>\n<p class=\"embed_download\"><a href=\"https:\/\/lamultinationaledelunderground.com\/musiquesactuelles\/wp-content\/uploads\/2023\/01\/23_extraitgcc_phenry.pdf\">\ufeffT\u00e9l\u00e9charger [0.96 MB] <\/a><\/p>\n<\/div>\n<p>L\u2019article <a href=\"https:\/\/popburo.fr\/les-groupements-culturels-cooperatifs\/\">Les groupements culturels coop\u00e9ratifs<\/a> est apparu en premier sur <a href=\"https:\/\/popburo.fr\/\">POP B\u00dcRO<\/a>.<\/p>\n","protected":false},"excerpt":{"rendered":"<p>\u00c9dito Ces derni\u00e8res d\u00e9cennies ont vu fleurir dans le domaine de la culture de nouvelles formes d\u2019organisation coop\u00e9rative. Lieu culturel partag\u00e9, grappe d\u2019entreprises culturelles, coop\u00e9rative d\u2019activit\u00e9 et d\u2019emploi, groupement d\u2019employeurs, structure collective de soutien et d\u2019accompagnement, ces nouvelles formes d\u2019exp\u00e9rimentation concernent particuli\u00e8rement le spectacle vivant ou les arts visuels.S\u2019appuyant sur des exemples d\u00e9taill\u00e9s, Philippe Henry d\u00e9crit ici le potentiel de ces entit\u00e9s en termes de d\u00e9veloppement des projets ou des organisations et la sp\u00e9cificit\u00e9 de leurs modes de fonctionnement, mais [&hellip;]<\/p>\n","protected":false},"author":0,"featured_media":0,"comment_status":"closed","ping_status":"open","sticky":false,"template":"","format":"standard","meta":{"footnotes":""},"categories":[1],"tags":[],"class_list":["post-4713","post","type-post","status-publish","format-standard","hentry","category-non-classe"],"yoast_head":"<!-- This site is optimized with the Yoast SEO plugin v27.5 - https:\/\/yoast.com\/product\/yoast-seo-wordpress\/ -->\n<title>Les groupements culturels coop\u00e9ratifs - HIERO STRASBOURG<\/title>\n<meta name=\"robots\" content=\"index, follow, max-snippet:-1, max-image-preview:large, max-video-preview:-1\" \/>\n<link rel=\"canonical\" href=\"https:\/\/hierostrasbourg.com\/index.php\/2023\/01\/27\/les-groupements-culturels-cooperatifs\/\" \/>\n<meta property=\"og:locale\" content=\"fr_FR\" \/>\n<meta property=\"og:type\" content=\"article\" \/>\n<meta property=\"og:title\" content=\"Les groupements culturels coop\u00e9ratifs - HIERO STRASBOURG\" \/>\n<meta property=\"og:description\" content=\"\u00c9dito Ces derni\u00e8res d\u00e9cennies ont vu fleurir dans le domaine de la culture de nouvelles formes d\u2019organisation coop\u00e9rative. Lieu culturel partag\u00e9, grappe d\u2019entreprises culturelles, coop\u00e9rative d\u2019activit\u00e9 et d\u2019emploi, groupement d\u2019employeurs, structure collective de soutien et d\u2019accompagnement, ces nouvelles formes d\u2019exp\u00e9rimentation concernent particuli\u00e8rement le spectacle vivant ou les arts visuels.S\u2019appuyant sur des exemples d\u00e9taill\u00e9s, Philippe Henry d\u00e9crit ici le potentiel de ces entit\u00e9s en termes de d\u00e9veloppement des projets ou des organisations et la sp\u00e9cificit\u00e9 de leurs modes de fonctionnement, mais [&hellip;]\" \/>\n<meta property=\"og:url\" content=\"https:\/\/hierostrasbourg.com\/index.php\/2023\/01\/27\/les-groupements-culturels-cooperatifs\/\" \/>\n<meta property=\"og:site_name\" content=\"HIERO STRASBOURG\" \/>\n<meta property=\"article:publisher\" content=\"https:\/\/www.facebook.com\/fedehierostrasbourg\" \/>\n<meta property=\"article:published_time\" content=\"2023-01-27T19:45:18+00:00\" \/>\n<meta name=\"twitter:card\" content=\"summary_large_image\" \/>\n<meta name=\"twitter:creator\" content=\"@hierostrasbourg\" \/>\n<meta name=\"twitter:site\" content=\"@hierostrasbourg\" \/>\n<meta name=\"twitter:label1\" content=\"Dur\u00e9e de lecture estim\u00e9e\" \/>\n\t<meta name=\"twitter:data1\" content=\"1 minute\" \/>\n<script type=\"application\/ld+json\" class=\"yoast-schema-graph\">{\"@context\":\"https:\\\/\\\/schema.org\",\"@graph\":[{\"@type\":\"Article\",\"@id\":\"https:\\\/\\\/hierostrasbourg.com\\\/index.php\\\/2023\\\/01\\\/27\\\/les-groupements-culturels-cooperatifs\\\/#article\",\"isPartOf\":{\"@id\":\"https:\\\/\\\/hierostrasbourg.com\\\/index.php\\\/2023\\\/01\\\/27\\\/les-groupements-culturels-cooperatifs\\\/\"},\"author\":{\"name\":\"\",\"@id\":\"\"},\"headline\":\"Les groupements culturels coop\u00e9ratifs\",\"datePublished\":\"2023-01-27T19:45:18+00:00\",\"mainEntityOfPage\":{\"@id\":\"https:\\\/\\\/hierostrasbourg.com\\\/index.php\\\/2023\\\/01\\\/27\\\/les-groupements-culturels-cooperatifs\\\/\"},\"wordCount\":236,\"publisher\":{\"@id\":\"https:\\\/\\\/hierostrasbourg.com\\\/#organization\"},\"inLanguage\":\"fr-FR\"},{\"@type\":\"WebPage\",\"@id\":\"https:\\\/\\\/hierostrasbourg.com\\\/index.php\\\/2023\\\/01\\\/27\\\/les-groupements-culturels-cooperatifs\\\/\",\"url\":\"https:\\\/\\\/hierostrasbourg.com\\\/index.php\\\/2023\\\/01\\\/27\\\/les-groupements-culturels-cooperatifs\\\/\",\"name\":\"Les groupements culturels coop\u00e9ratifs - HIERO STRASBOURG\",\"isPartOf\":{\"@id\":\"https:\\\/\\\/hierostrasbourg.com\\\/#website\"},\"datePublished\":\"2023-01-27T19:45:18+00:00\",\"breadcrumb\":{\"@id\":\"https:\\\/\\\/hierostrasbourg.com\\\/index.php\\\/2023\\\/01\\\/27\\\/les-groupements-culturels-cooperatifs\\\/#breadcrumb\"},\"inLanguage\":\"fr-FR\",\"potentialAction\":[{\"@type\":\"ReadAction\",\"target\":[\"https:\\\/\\\/hierostrasbourg.com\\\/index.php\\\/2023\\\/01\\\/27\\\/les-groupements-culturels-cooperatifs\\\/\"]}]},{\"@type\":\"BreadcrumbList\",\"@id\":\"https:\\\/\\\/hierostrasbourg.com\\\/index.php\\\/2023\\\/01\\\/27\\\/les-groupements-culturels-cooperatifs\\\/#breadcrumb\",\"itemListElement\":[{\"@type\":\"ListItem\",\"position\":1,\"name\":\"Accueil\",\"item\":\"https:\\\/\\\/hierostrasbourg.com\\\/\"},{\"@type\":\"ListItem\",\"position\":2,\"name\":\"Les groupements culturels coop\u00e9ratifs\"}]},{\"@type\":\"WebSite\",\"@id\":\"https:\\\/\\\/hierostrasbourg.com\\\/#website\",\"url\":\"https:\\\/\\\/hierostrasbourg.com\\\/\",\"name\":\"HIERO STRASBOURG\",\"description\":\"Centre de Ressources Musiques Actuelles\",\"publisher\":{\"@id\":\"https:\\\/\\\/hierostrasbourg.com\\\/#organization\"},\"potentialAction\":[{\"@type\":\"SearchAction\",\"target\":{\"@type\":\"EntryPoint\",\"urlTemplate\":\"https:\\\/\\\/hierostrasbourg.com\\\/?s={search_term_string}\"},\"query-input\":{\"@type\":\"PropertyValueSpecification\",\"valueRequired\":true,\"valueName\":\"search_term_string\"}}],\"inLanguage\":\"fr-FR\"},{\"@type\":\"Organization\",\"@id\":\"https:\\\/\\\/hierostrasbourg.com\\\/#organization\",\"name\":\"F\u00e9d\u00e9ration Hi\u00e9ro Strasbourg\",\"url\":\"https:\\\/\\\/hierostrasbourg.com\\\/\",\"logo\":{\"@type\":\"ImageObject\",\"inLanguage\":\"fr-FR\",\"@id\":\"https:\\\/\\\/hierostrasbourg.com\\\/#\\\/schema\\\/logo\\\/image\\\/\",\"url\":\"https:\\\/\\\/hierostrasbourg.com\\\/wp-content\\\/uploads\\\/2026\\\/04\\\/logo-hiero-strasbourg.jpg\",\"contentUrl\":\"https:\\\/\\\/hierostrasbourg.com\\\/wp-content\\\/uploads\\\/2026\\\/04\\\/logo-hiero-strasbourg.jpg\",\"width\":204,\"height\":192,\"caption\":\"F\u00e9d\u00e9ration Hi\u00e9ro Strasbourg\"},\"image\":{\"@id\":\"https:\\\/\\\/hierostrasbourg.com\\\/#\\\/schema\\\/logo\\\/image\\\/\"},\"sameAs\":[\"https:\\\/\\\/www.facebook.com\\\/fedehierostrasbourg\",\"https:\\\/\\\/x.com\\\/hierostrasbourg\"]}]}<\/script>\n<!-- \/ Yoast SEO plugin. -->","yoast_head_json":{"title":"Les groupements culturels coop\u00e9ratifs - HIERO STRASBOURG","robots":{"index":"index","follow":"follow","max-snippet":"max-snippet:-1","max-image-preview":"max-image-preview:large","max-video-preview":"max-video-preview:-1"},"canonical":"https:\/\/hierostrasbourg.com\/index.php\/2023\/01\/27\/les-groupements-culturels-cooperatifs\/","og_locale":"fr_FR","og_type":"article","og_title":"Les groupements culturels coop\u00e9ratifs - HIERO STRASBOURG","og_description":"\u00c9dito Ces derni\u00e8res d\u00e9cennies ont vu fleurir dans le domaine de la culture de nouvelles formes d\u2019organisation coop\u00e9rative. Lieu culturel partag\u00e9, grappe d\u2019entreprises culturelles, coop\u00e9rative d\u2019activit\u00e9 et d\u2019emploi, groupement d\u2019employeurs, structure collective de soutien et d\u2019accompagnement, ces nouvelles formes d\u2019exp\u00e9rimentation concernent particuli\u00e8rement le spectacle vivant ou les arts visuels.S\u2019appuyant sur des exemples d\u00e9taill\u00e9s, Philippe Henry d\u00e9crit ici le potentiel de ces entit\u00e9s en termes de d\u00e9veloppement des projets ou des organisations et la sp\u00e9cificit\u00e9 de leurs modes de fonctionnement, mais [&hellip;]","og_url":"https:\/\/hierostrasbourg.com\/index.php\/2023\/01\/27\/les-groupements-culturels-cooperatifs\/","og_site_name":"HIERO STRASBOURG","article_publisher":"https:\/\/www.facebook.com\/fedehierostrasbourg","article_published_time":"2023-01-27T19:45:18+00:00","twitter_card":"summary_large_image","twitter_creator":"@hierostrasbourg","twitter_site":"@hierostrasbourg","twitter_misc":{"Dur\u00e9e de lecture estim\u00e9e":"1 minute"},"schema":{"@context":"https:\/\/schema.org","@graph":[{"@type":"Article","@id":"https:\/\/hierostrasbourg.com\/index.php\/2023\/01\/27\/les-groupements-culturels-cooperatifs\/#article","isPartOf":{"@id":"https:\/\/hierostrasbourg.com\/index.php\/2023\/01\/27\/les-groupements-culturels-cooperatifs\/"},"author":{"name":"","@id":""},"headline":"Les groupements culturels coop\u00e9ratifs","datePublished":"2023-01-27T19:45:18+00:00","mainEntityOfPage":{"@id":"https:\/\/hierostrasbourg.com\/index.php\/2023\/01\/27\/les-groupements-culturels-cooperatifs\/"},"wordCount":236,"publisher":{"@id":"https:\/\/hierostrasbourg.com\/#organization"},"inLanguage":"fr-FR"},{"@type":"WebPage","@id":"https:\/\/hierostrasbourg.com\/index.php\/2023\/01\/27\/les-groupements-culturels-cooperatifs\/","url":"https:\/\/hierostrasbourg.com\/index.php\/2023\/01\/27\/les-groupements-culturels-cooperatifs\/","name":"Les groupements culturels coop\u00e9ratifs - HIERO STRASBOURG","isPartOf":{"@id":"https:\/\/hierostrasbourg.com\/#website"},"datePublished":"2023-01-27T19:45:18+00:00","breadcrumb":{"@id":"https:\/\/hierostrasbourg.com\/index.php\/2023\/01\/27\/les-groupements-culturels-cooperatifs\/#breadcrumb"},"inLanguage":"fr-FR","potentialAction":[{"@type":"ReadAction","target":["https:\/\/hierostrasbourg.com\/index.php\/2023\/01\/27\/les-groupements-culturels-cooperatifs\/"]}]},{"@type":"BreadcrumbList","@id":"https:\/\/hierostrasbourg.com\/index.php\/2023\/01\/27\/les-groupements-culturels-cooperatifs\/#breadcrumb","itemListElement":[{"@type":"ListItem","position":1,"name":"Accueil","item":"https:\/\/hierostrasbourg.com\/"},{"@type":"ListItem","position":2,"name":"Les groupements culturels coop\u00e9ratifs"}]},{"@type":"WebSite","@id":"https:\/\/hierostrasbourg.com\/#website","url":"https:\/\/hierostrasbourg.com\/","name":"HIERO STRASBOURG","description":"Centre de Ressources Musiques Actuelles","publisher":{"@id":"https:\/\/hierostrasbourg.com\/#organization"},"potentialAction":[{"@type":"SearchAction","target":{"@type":"EntryPoint","urlTemplate":"https:\/\/hierostrasbourg.com\/?s={search_term_string}"},"query-input":{"@type":"PropertyValueSpecification","valueRequired":true,"valueName":"search_term_string"}}],"inLanguage":"fr-FR"},{"@type":"Organization","@id":"https:\/\/hierostrasbourg.com\/#organization","name":"F\u00e9d\u00e9ration Hi\u00e9ro Strasbourg","url":"https:\/\/hierostrasbourg.com\/","logo":{"@type":"ImageObject","inLanguage":"fr-FR","@id":"https:\/\/hierostrasbourg.com\/#\/schema\/logo\/image\/","url":"https:\/\/hierostrasbourg.com\/wp-content\/uploads\/2026\/04\/logo-hiero-strasbourg.jpg","contentUrl":"https:\/\/hierostrasbourg.com\/wp-content\/uploads\/2026\/04\/logo-hiero-strasbourg.jpg","width":204,"height":192,"caption":"F\u00e9d\u00e9ration Hi\u00e9ro Strasbourg"},"image":{"@id":"https:\/\/hierostrasbourg.com\/#\/schema\/logo\/image\/"},"sameAs":["https:\/\/www.facebook.com\/fedehierostrasbourg","https:\/\/x.com\/hierostrasbourg"]}]}},"_links":{"self":[{"href":"https:\/\/hierostrasbourg.com\/index.php\/wp-json\/wp\/v2\/posts\/4713","targetHints":{"allow":["GET"]}}],"collection":[{"href":"https:\/\/hierostrasbourg.com\/index.php\/wp-json\/wp\/v2\/posts"}],"about":[{"href":"https:\/\/hierostrasbourg.com\/index.php\/wp-json\/wp\/v2\/types\/post"}],"replies":[{"embeddable":true,"href":"https:\/\/hierostrasbourg.com\/index.php\/wp-json\/wp\/v2\/comments?post=4713"}],"version-history":[{"count":0,"href":"https:\/\/hierostrasbourg.com\/index.php\/wp-json\/wp\/v2\/posts\/4713\/revisions"}],"wp:attachment":[{"href":"https:\/\/hierostrasbourg.com\/index.php\/wp-json\/wp\/v2\/media?parent=4713"}],"wp:term":[{"taxonomy":"category","embeddable":true,"href":"https:\/\/hierostrasbourg.com\/index.php\/wp-json\/wp\/v2\/categories?post=4713"},{"taxonomy":"post_tag","embeddable":true,"href":"https:\/\/hierostrasbourg.com\/index.php\/wp-json\/wp\/v2\/tags?post=4713"}],"curies":[{"name":"wp","href":"https:\/\/api.w.org\/{rel}","templated":true}]}}