{"id":4706,"date":"2023-01-26T21:45:00","date_gmt":"2023-01-26T20:45:00","guid":{"rendered":"https:\/\/hierostrasbourg.com\/index.php\/2023\/01\/26\/appel-a-candidatures-aux-artistes-de-la-region-grand-est-pour-le-festival-la-poule-des-champs-51\/"},"modified":"2023-01-26T21:45:00","modified_gmt":"2023-01-26T20:45:00","slug":"appel-a-candidatures-aux-artistes-de-la-region-grand-est-pour-le-festival-la-poule-des-champs-51","status":"publish","type":"post","link":"https:\/\/hierostrasbourg.com\/index.php\/2023\/01\/26\/appel-a-candidatures-aux-artistes-de-la-region-grand-est-pour-le-festival-la-poule-des-champs-51\/","title":{"rendered":"Appel \u00e0 candidatures aux artistes de la R\u00e9gion Grand Est pour le festival LA POULE DES CHAMPS [51]"},"content":{"rendered":"<p><a href=\"https:\/\/musiquesactuelles.alsace\/appel-a-candidatures-aux-artistes-de-la-region-grand-est-pour-le-festival-la-poule-des-champs-51\/\" title=\"Appel \u00e0 candidatures aux artistes de la R\u00e9gion Grand Est pour le festival LA POULE DES CHAMPS [51]\"><\/a><\/p>\n<p>pr\u00e9sentation L\u2019association Alba Riva, cr\u00e9\u00e9e en 1995,\u00a0a pour vocation de dynamiser le village d\u2019Aub\u00e9rive (51). C\u2019est ainsi que\u00a0tout au long de l\u2019ann\u00e9e, diff\u00e9rents \u00e9v\u00e9nements sont organis\u00e9s\u00a0tels que la f\u00eate patronale ou divers tournois. En 2005, l\u2019association a souhait\u00e9 s\u2019investir dans la r\u00e9alisation d\u2019un \u00e9v\u00e9nement musical\u00a0qui permettrait de favoriser l\u2019acc\u00e8s \u00e0 la culture en milieu rural, tout en f\u00e9d\u00e9rant un territoire, ses acteurs et ses habitants. 2006 fut l\u2019ann\u00e9e du passage \u00e0 l\u2019acte :\u00a0la naissance du festival de la Poule des [\u2026]<\/p>\n<p>L\u2019article <a href=\"https:\/\/musiquesactuelles.alsace\/appel-a-candidatures-aux-artistes-de-la-region-grand-est-pour-le-festival-la-poule-des-champs-51\/\">Appel \u00e0 candidatures aux artistes de la R\u00e9gion Grand Est pour le festival LA POULE DES CHAMPS [51]<\/a> est apparu en premier sur <a href=\"https:\/\/musiquesactuelles.alsace\/\">Musiques Actuelles en Alsace<\/a>.<\/p>\n<p>L\u2019article <a href=\"https:\/\/popburo.fr\/appel-a-candidatures-aux-artistes-de-la-region-grand-est-pour-le-festival-la-poule-des-champs-51\/\">Appel \u00e0 candidatures aux artistes de la R\u00e9gion Grand Est pour le festival LA POULE DES CHAMPS [51]<\/a> est apparu en premier sur <a href=\"https:\/\/popburo.fr\/\">POP B\u00dcRO<\/a>.<\/p>\n","protected":false},"excerpt":{"rendered":"<p>pr\u00e9sentation L\u2019association Alba Riva, cr\u00e9\u00e9e en 1995,\u00a0a pour vocation de dynamiser le village d\u2019Aub\u00e9rive (51). C\u2019est ainsi que\u00a0tout au long de l\u2019ann\u00e9e, diff\u00e9rents \u00e9v\u00e9nements sont organis\u00e9s\u00a0tels que la f\u00eate patronale ou divers tournois. En 2005, l\u2019association a souhait\u00e9 s\u2019investir dans la r\u00e9alisation d\u2019un \u00e9v\u00e9nement musical\u00a0qui permettrait de favoriser l\u2019acc\u00e8s \u00e0 la culture en milieu rural, tout en f\u00e9d\u00e9rant un territoire, ses acteurs et ses habitants. 2006 fut l\u2019ann\u00e9e du passage \u00e0 l\u2019acte :\u00a0la naissance du festival de la Poule des [&hellip;]<\/p>\n","protected":false},"author":0,"featured_media":0,"comment_status":"closed","ping_status":"open","sticky":false,"template":"","format":"standard","meta":{"footnotes":""},"categories":[1],"tags":[],"class_list":["post-4706","post","type-post","status-publish","format-standard","hentry","category-non-classe"],"yoast_head":"<!-- This site is optimized with the Yoast SEO plugin v27.5 - https:\/\/yoast.com\/product\/yoast-seo-wordpress\/ -->\n<title>Appel \u00e0 candidatures aux artistes de la R\u00e9gion Grand Est pour le festival LA POULE DES CHAMPS [51] - HIERO STRASBOURG<\/title>\n<meta name=\"robots\" content=\"index, follow, max-snippet:-1, max-image-preview:large, max-video-preview:-1\" \/>\n<link rel=\"canonical\" href=\"https:\/\/hierostrasbourg.com\/index.php\/2023\/01\/26\/appel-a-candidatures-aux-artistes-de-la-region-grand-est-pour-le-festival-la-poule-des-champs-51\/\" \/>\n<meta property=\"og:locale\" content=\"fr_FR\" \/>\n<meta property=\"og:type\" content=\"article\" \/>\n<meta property=\"og:title\" content=\"Appel \u00e0 candidatures aux artistes de la R\u00e9gion Grand Est pour le festival LA POULE DES CHAMPS [51] - HIERO STRASBOURG\" \/>\n<meta property=\"og:description\" content=\"pr\u00e9sentation L\u2019association Alba Riva, cr\u00e9\u00e9e en 1995,\u00a0a pour vocation de dynamiser le village d\u2019Aub\u00e9rive (51). C\u2019est ainsi que\u00a0tout au long de l\u2019ann\u00e9e, diff\u00e9rents \u00e9v\u00e9nements sont organis\u00e9s\u00a0tels que la f\u00eate patronale ou divers tournois. En 2005, l\u2019association a souhait\u00e9 s\u2019investir dans la r\u00e9alisation d\u2019un \u00e9v\u00e9nement musical\u00a0qui permettrait de favoriser l\u2019acc\u00e8s \u00e0 la culture en milieu rural, tout en f\u00e9d\u00e9rant un territoire, ses acteurs et ses habitants. 2006 fut l\u2019ann\u00e9e du passage \u00e0 l\u2019acte :\u00a0la naissance du festival de la Poule des [&hellip;]\" \/>\n<meta property=\"og:url\" content=\"https:\/\/hierostrasbourg.com\/index.php\/2023\/01\/26\/appel-a-candidatures-aux-artistes-de-la-region-grand-est-pour-le-festival-la-poule-des-champs-51\/\" \/>\n<meta property=\"og:site_name\" content=\"HIERO STRASBOURG\" \/>\n<meta property=\"article:publisher\" content=\"https:\/\/www.facebook.com\/fedehierostrasbourg\" \/>\n<meta property=\"article:published_time\" content=\"2023-01-26T20:45:00+00:00\" \/>\n<meta name=\"twitter:card\" content=\"summary_large_image\" \/>\n<meta name=\"twitter:creator\" content=\"@hierostrasbourg\" \/>\n<meta name=\"twitter:site\" content=\"@hierostrasbourg\" \/>\n<meta name=\"twitter:label1\" content=\"Dur\u00e9e de lecture estim\u00e9e\" \/>\n\t<meta name=\"twitter:data1\" content=\"1 minute\" \/>\n<script type=\"application\/ld+json\" class=\"yoast-schema-graph\">{\"@context\":\"https:\\\/\\\/schema.org\",\"@graph\":[{\"@type\":\"Article\",\"@id\":\"https:\\\/\\\/hierostrasbourg.com\\\/index.php\\\/2023\\\/01\\\/26\\\/appel-a-candidatures-aux-artistes-de-la-region-grand-est-pour-le-festival-la-poule-des-champs-51\\\/#article\",\"isPartOf\":{\"@id\":\"https:\\\/\\\/hierostrasbourg.com\\\/index.php\\\/2023\\\/01\\\/26\\\/appel-a-candidatures-aux-artistes-de-la-region-grand-est-pour-le-festival-la-poule-des-champs-51\\\/\"},\"author\":{\"name\":\"\",\"@id\":\"\"},\"headline\":\"Appel \u00e0 candidatures aux artistes de la R\u00e9gion Grand Est pour le festival LA POULE DES CHAMPS [51]\",\"datePublished\":\"2023-01-26T20:45:00+00:00\",\"mainEntityOfPage\":{\"@id\":\"https:\\\/\\\/hierostrasbourg.com\\\/index.php\\\/2023\\\/01\\\/26\\\/appel-a-candidatures-aux-artistes-de-la-region-grand-est-pour-le-festival-la-poule-des-champs-51\\\/\"},\"wordCount\":174,\"publisher\":{\"@id\":\"https:\\\/\\\/hierostrasbourg.com\\\/#organization\"},\"inLanguage\":\"fr-FR\"},{\"@type\":\"WebPage\",\"@id\":\"https:\\\/\\\/hierostrasbourg.com\\\/index.php\\\/2023\\\/01\\\/26\\\/appel-a-candidatures-aux-artistes-de-la-region-grand-est-pour-le-festival-la-poule-des-champs-51\\\/\",\"url\":\"https:\\\/\\\/hierostrasbourg.com\\\/index.php\\\/2023\\\/01\\\/26\\\/appel-a-candidatures-aux-artistes-de-la-region-grand-est-pour-le-festival-la-poule-des-champs-51\\\/\",\"name\":\"Appel \u00e0 candidatures aux artistes de la R\u00e9gion Grand Est pour le festival LA POULE DES CHAMPS [51] - HIERO STRASBOURG\",\"isPartOf\":{\"@id\":\"https:\\\/\\\/hierostrasbourg.com\\\/#website\"},\"datePublished\":\"2023-01-26T20:45:00+00:00\",\"breadcrumb\":{\"@id\":\"https:\\\/\\\/hierostrasbourg.com\\\/index.php\\\/2023\\\/01\\\/26\\\/appel-a-candidatures-aux-artistes-de-la-region-grand-est-pour-le-festival-la-poule-des-champs-51\\\/#breadcrumb\"},\"inLanguage\":\"fr-FR\",\"potentialAction\":[{\"@type\":\"ReadAction\",\"target\":[\"https:\\\/\\\/hierostrasbourg.com\\\/index.php\\\/2023\\\/01\\\/26\\\/appel-a-candidatures-aux-artistes-de-la-region-grand-est-pour-le-festival-la-poule-des-champs-51\\\/\"]}]},{\"@type\":\"BreadcrumbList\",\"@id\":\"https:\\\/\\\/hierostrasbourg.com\\\/index.php\\\/2023\\\/01\\\/26\\\/appel-a-candidatures-aux-artistes-de-la-region-grand-est-pour-le-festival-la-poule-des-champs-51\\\/#breadcrumb\",\"itemListElement\":[{\"@type\":\"ListItem\",\"position\":1,\"name\":\"Accueil\",\"item\":\"https:\\\/\\\/hierostrasbourg.com\\\/\"},{\"@type\":\"ListItem\",\"position\":2,\"name\":\"Appel \u00e0 candidatures aux artistes de la R\u00e9gion Grand Est pour le festival LA POULE DES CHAMPS [51]\"}]},{\"@type\":\"WebSite\",\"@id\":\"https:\\\/\\\/hierostrasbourg.com\\\/#website\",\"url\":\"https:\\\/\\\/hierostrasbourg.com\\\/\",\"name\":\"HIERO STRASBOURG\",\"description\":\"Centre de Ressources Musiques Actuelles\",\"publisher\":{\"@id\":\"https:\\\/\\\/hierostrasbourg.com\\\/#organization\"},\"potentialAction\":[{\"@type\":\"SearchAction\",\"target\":{\"@type\":\"EntryPoint\",\"urlTemplate\":\"https:\\\/\\\/hierostrasbourg.com\\\/?s={search_term_string}\"},\"query-input\":{\"@type\":\"PropertyValueSpecification\",\"valueRequired\":true,\"valueName\":\"search_term_string\"}}],\"inLanguage\":\"fr-FR\"},{\"@type\":\"Organization\",\"@id\":\"https:\\\/\\\/hierostrasbourg.com\\\/#organization\",\"name\":\"F\u00e9d\u00e9ration Hi\u00e9ro Strasbourg\",\"url\":\"https:\\\/\\\/hierostrasbourg.com\\\/\",\"logo\":{\"@type\":\"ImageObject\",\"inLanguage\":\"fr-FR\",\"@id\":\"https:\\\/\\\/hierostrasbourg.com\\\/#\\\/schema\\\/logo\\\/image\\\/\",\"url\":\"https:\\\/\\\/hierostrasbourg.com\\\/wp-content\\\/uploads\\\/2026\\\/04\\\/logo-hiero-strasbourg.jpg\",\"contentUrl\":\"https:\\\/\\\/hierostrasbourg.com\\\/wp-content\\\/uploads\\\/2026\\\/04\\\/logo-hiero-strasbourg.jpg\",\"width\":204,\"height\":192,\"caption\":\"F\u00e9d\u00e9ration Hi\u00e9ro Strasbourg\"},\"image\":{\"@id\":\"https:\\\/\\\/hierostrasbourg.com\\\/#\\\/schema\\\/logo\\\/image\\\/\"},\"sameAs\":[\"https:\\\/\\\/www.facebook.com\\\/fedehierostrasbourg\",\"https:\\\/\\\/x.com\\\/hierostrasbourg\"]}]}<\/script>\n<!-- \/ Yoast SEO plugin. -->","yoast_head_json":{"title":"Appel \u00e0 candidatures aux artistes de la R\u00e9gion Grand Est pour le festival LA POULE DES CHAMPS [51] - HIERO STRASBOURG","robots":{"index":"index","follow":"follow","max-snippet":"max-snippet:-1","max-image-preview":"max-image-preview:large","max-video-preview":"max-video-preview:-1"},"canonical":"https:\/\/hierostrasbourg.com\/index.php\/2023\/01\/26\/appel-a-candidatures-aux-artistes-de-la-region-grand-est-pour-le-festival-la-poule-des-champs-51\/","og_locale":"fr_FR","og_type":"article","og_title":"Appel \u00e0 candidatures aux artistes de la R\u00e9gion Grand Est pour le festival LA POULE DES CHAMPS [51] - HIERO STRASBOURG","og_description":"pr\u00e9sentation L\u2019association Alba Riva, cr\u00e9\u00e9e en 1995,\u00a0a pour vocation de dynamiser le village d\u2019Aub\u00e9rive (51). C\u2019est ainsi que\u00a0tout au long de l\u2019ann\u00e9e, diff\u00e9rents \u00e9v\u00e9nements sont organis\u00e9s\u00a0tels que la f\u00eate patronale ou divers tournois. En 2005, l\u2019association a souhait\u00e9 s\u2019investir dans la r\u00e9alisation d\u2019un \u00e9v\u00e9nement musical\u00a0qui permettrait de favoriser l\u2019acc\u00e8s \u00e0 la culture en milieu rural, tout en f\u00e9d\u00e9rant un territoire, ses acteurs et ses habitants. 2006 fut l\u2019ann\u00e9e du passage \u00e0 l\u2019acte :\u00a0la naissance du festival de la Poule des [&hellip;]","og_url":"https:\/\/hierostrasbourg.com\/index.php\/2023\/01\/26\/appel-a-candidatures-aux-artistes-de-la-region-grand-est-pour-le-festival-la-poule-des-champs-51\/","og_site_name":"HIERO STRASBOURG","article_publisher":"https:\/\/www.facebook.com\/fedehierostrasbourg","article_published_time":"2023-01-26T20:45:00+00:00","twitter_card":"summary_large_image","twitter_creator":"@hierostrasbourg","twitter_site":"@hierostrasbourg","twitter_misc":{"Dur\u00e9e de lecture estim\u00e9e":"1 minute"},"schema":{"@context":"https:\/\/schema.org","@graph":[{"@type":"Article","@id":"https:\/\/hierostrasbourg.com\/index.php\/2023\/01\/26\/appel-a-candidatures-aux-artistes-de-la-region-grand-est-pour-le-festival-la-poule-des-champs-51\/#article","isPartOf":{"@id":"https:\/\/hierostrasbourg.com\/index.php\/2023\/01\/26\/appel-a-candidatures-aux-artistes-de-la-region-grand-est-pour-le-festival-la-poule-des-champs-51\/"},"author":{"name":"","@id":""},"headline":"Appel \u00e0 candidatures aux artistes de la R\u00e9gion Grand Est pour le festival LA POULE DES CHAMPS [51]","datePublished":"2023-01-26T20:45:00+00:00","mainEntityOfPage":{"@id":"https:\/\/hierostrasbourg.com\/index.php\/2023\/01\/26\/appel-a-candidatures-aux-artistes-de-la-region-grand-est-pour-le-festival-la-poule-des-champs-51\/"},"wordCount":174,"publisher":{"@id":"https:\/\/hierostrasbourg.com\/#organization"},"inLanguage":"fr-FR"},{"@type":"WebPage","@id":"https:\/\/hierostrasbourg.com\/index.php\/2023\/01\/26\/appel-a-candidatures-aux-artistes-de-la-region-grand-est-pour-le-festival-la-poule-des-champs-51\/","url":"https:\/\/hierostrasbourg.com\/index.php\/2023\/01\/26\/appel-a-candidatures-aux-artistes-de-la-region-grand-est-pour-le-festival-la-poule-des-champs-51\/","name":"Appel \u00e0 candidatures aux artistes de la R\u00e9gion Grand Est pour le festival LA POULE DES CHAMPS [51] - HIERO STRASBOURG","isPartOf":{"@id":"https:\/\/hierostrasbourg.com\/#website"},"datePublished":"2023-01-26T20:45:00+00:00","breadcrumb":{"@id":"https:\/\/hierostrasbourg.com\/index.php\/2023\/01\/26\/appel-a-candidatures-aux-artistes-de-la-region-grand-est-pour-le-festival-la-poule-des-champs-51\/#breadcrumb"},"inLanguage":"fr-FR","potentialAction":[{"@type":"ReadAction","target":["https:\/\/hierostrasbourg.com\/index.php\/2023\/01\/26\/appel-a-candidatures-aux-artistes-de-la-region-grand-est-pour-le-festival-la-poule-des-champs-51\/"]}]},{"@type":"BreadcrumbList","@id":"https:\/\/hierostrasbourg.com\/index.php\/2023\/01\/26\/appel-a-candidatures-aux-artistes-de-la-region-grand-est-pour-le-festival-la-poule-des-champs-51\/#breadcrumb","itemListElement":[{"@type":"ListItem","position":1,"name":"Accueil","item":"https:\/\/hierostrasbourg.com\/"},{"@type":"ListItem","position":2,"name":"Appel \u00e0 candidatures aux artistes de la R\u00e9gion Grand Est pour le festival LA POULE DES CHAMPS [51]"}]},{"@type":"WebSite","@id":"https:\/\/hierostrasbourg.com\/#website","url":"https:\/\/hierostrasbourg.com\/","name":"HIERO STRASBOURG","description":"Centre de Ressources Musiques Actuelles","publisher":{"@id":"https:\/\/hierostrasbourg.com\/#organization"},"potentialAction":[{"@type":"SearchAction","target":{"@type":"EntryPoint","urlTemplate":"https:\/\/hierostrasbourg.com\/?s={search_term_string}"},"query-input":{"@type":"PropertyValueSpecification","valueRequired":true,"valueName":"search_term_string"}}],"inLanguage":"fr-FR"},{"@type":"Organization","@id":"https:\/\/hierostrasbourg.com\/#organization","name":"F\u00e9d\u00e9ration Hi\u00e9ro Strasbourg","url":"https:\/\/hierostrasbourg.com\/","logo":{"@type":"ImageObject","inLanguage":"fr-FR","@id":"https:\/\/hierostrasbourg.com\/#\/schema\/logo\/image\/","url":"https:\/\/hierostrasbourg.com\/wp-content\/uploads\/2026\/04\/logo-hiero-strasbourg.jpg","contentUrl":"https:\/\/hierostrasbourg.com\/wp-content\/uploads\/2026\/04\/logo-hiero-strasbourg.jpg","width":204,"height":192,"caption":"F\u00e9d\u00e9ration Hi\u00e9ro Strasbourg"},"image":{"@id":"https:\/\/hierostrasbourg.com\/#\/schema\/logo\/image\/"},"sameAs":["https:\/\/www.facebook.com\/fedehierostrasbourg","https:\/\/x.com\/hierostrasbourg"]}]}},"_links":{"self":[{"href":"https:\/\/hierostrasbourg.com\/index.php\/wp-json\/wp\/v2\/posts\/4706","targetHints":{"allow":["GET"]}}],"collection":[{"href":"https:\/\/hierostrasbourg.com\/index.php\/wp-json\/wp\/v2\/posts"}],"about":[{"href":"https:\/\/hierostrasbourg.com\/index.php\/wp-json\/wp\/v2\/types\/post"}],"replies":[{"embeddable":true,"href":"https:\/\/hierostrasbourg.com\/index.php\/wp-json\/wp\/v2\/comments?post=4706"}],"version-history":[{"count":0,"href":"https:\/\/hierostrasbourg.com\/index.php\/wp-json\/wp\/v2\/posts\/4706\/revisions"}],"wp:attachment":[{"href":"https:\/\/hierostrasbourg.com\/index.php\/wp-json\/wp\/v2\/media?parent=4706"}],"wp:term":[{"taxonomy":"category","embeddable":true,"href":"https:\/\/hierostrasbourg.com\/index.php\/wp-json\/wp\/v2\/categories?post=4706"},{"taxonomy":"post_tag","embeddable":true,"href":"https:\/\/hierostrasbourg.com\/index.php\/wp-json\/wp\/v2\/tags?post=4706"}],"curies":[{"name":"wp","href":"https:\/\/api.w.org\/{rel}","templated":true}]}}