{"id":4698,"date":"2023-01-25T19:43:54","date_gmt":"2023-01-25T18:43:54","guid":{"rendered":"https:\/\/hierostrasbourg.com\/index.php\/2023\/01\/25\/mme-rima-abdul-malak-ministre-de-la-culture-annonce-la-prolongation-du-fonds-national-pour-lemploi-perenne-dans-le-spectacle-fonpeps-une-ambition-reaffirmee-pour-lemploi-durable\/"},"modified":"2023-01-25T19:43:54","modified_gmt":"2023-01-25T18:43:54","slug":"mme-rima-abdul-malak-ministre-de-la-culture-annonce-la-prolongation-du-fonds-national-pour-lemploi-perenne-dans-le-spectacle-fonpeps-une-ambition-reaffirmee-pour-lemploi-durable","status":"publish","type":"post","link":"https:\/\/hierostrasbourg.com\/index.php\/2023\/01\/25\/mme-rima-abdul-malak-ministre-de-la-culture-annonce-la-prolongation-du-fonds-national-pour-lemploi-perenne-dans-le-spectacle-fonpeps-une-ambition-reaffirmee-pour-lemploi-durable\/","title":{"rendered":"Mme Rima Abdul Malak, ministre de la Culture, annonce la prolongation du Fonds national pour l\u2019emploi p\u00e9renne dans le spectacle (FONPEPS), une ambition r\u00e9affirm\u00e9e pour l\u2019emploi durable dans le spectacle"},"content":{"rendered":"<p><a href=\"https:\/\/musiquesactuelles.alsace\/mme-rima-abdul-malak-ministre-de-la-culture-annonce-la-prolongation-du-fonds-national-pour-lemploi-perenne-dans-le-spectacle-fonpeps-une-ambition-reaffirmee-pour-lemploi-durable-da\/\" title=\"Mme Rima Abdul Malak, ministre de la Culture, annonce la prolongation du Fonds national pour l'emploi p\u00e9renne dans le spectacle (FONPEPS), une ambition r\u00e9affirm\u00e9e pour l\u2019emploi durable dans le spectacle\"><\/a><\/p>\n<p>communiqu\u00e9 Prolong\u00e9 jusqu\u2019au 31 d\u00e9cembre 2025, le FONPEPS apporte, par trois mesures principales, une r\u00e9ponse concr\u00e8te, concert\u00e9e avec les partenaires sociaux du Conseil national des professions du spectacle, aux enjeux de l\u2019emploi dans le spectacle vivant et enregistr\u00e9, dans le secteur public comme dans le secteur priv\u00e9. L\u2019aide \u00e0 l\u2019embauche en contrat \u00e0 dur\u00e9e ind\u00e9termin\u00e9e ou en contrat \u00e0 dur\u00e9e d\u00e9termin\u00e9e dans le secteur du spectacle (AESP), soutient l\u2019emploi p\u00e9renne en premier lieu, mais aussi, l\u2019emploi de longue dur\u00e9e, y [\u2026]<\/p>\n<p>L\u2019article <a href=\"https:\/\/musiquesactuelles.alsace\/mme-rima-abdul-malak-ministre-de-la-culture-annonce-la-prolongation-du-fonds-national-pour-lemploi-perenne-dans-le-spectacle-fonpeps-une-ambition-reaffirmee-pour-lemploi-durable-da\/\">Mme Rima Abdul Malak, ministre de la Culture, annonce la prolongation du Fonds national pour l\u2019emploi p\u00e9renne dans le spectacle (FONPEPS), une ambition r\u00e9affirm\u00e9e pour l\u2019emploi durable dans le spectacle<\/a> est apparu en premier sur <a href=\"https:\/\/musiquesactuelles.alsace\/\">Musiques Actuelles en Alsace<\/a>.<\/p>\n<p>L\u2019article <a href=\"https:\/\/popburo.fr\/mme-rima-abdul-malak-ministre-de-la-culture-annonce-la-prolongation-du-fonds-national-pour-lemploi-perenne-dans-le-spectacle-fonpeps-une-ambition-reaffirmee-pour-lemploi-durable-dans-l\/\">Mme Rima Abdul Malak, ministre de la Culture, annonce la prolongation du Fonds national pour l\u2019emploi p\u00e9renne dans le spectacle (FONPEPS), une ambition r\u00e9affirm\u00e9e pour l\u2019emploi durable dans le spectacle<\/a> est apparu en premier sur <a href=\"https:\/\/popburo.fr\/\">POP B\u00dcRO<\/a>.<\/p>\n","protected":false},"excerpt":{"rendered":"<p>communiqu\u00e9 Prolong\u00e9 jusqu\u2019au 31 d\u00e9cembre 2025, le FONPEPS apporte, par trois mesures principales, une r\u00e9ponse concr\u00e8te, concert\u00e9e avec les partenaires sociaux du Conseil national des professions du spectacle, aux enjeux de l\u2019emploi dans le spectacle vivant et enregistr\u00e9, dans le secteur public comme dans le secteur priv\u00e9. L\u2019aide \u00e0 l\u2019embauche en contrat \u00e0 dur\u00e9e ind\u00e9termin\u00e9e ou en contrat \u00e0 dur\u00e9e d\u00e9termin\u00e9e dans le secteur du spectacle (AESP), soutient l\u2019emploi p\u00e9renne en premier lieu, mais aussi, l\u2019emploi de longue dur\u00e9e, y [&hellip;]<\/p>\n","protected":false},"author":0,"featured_media":0,"comment_status":"closed","ping_status":"open","sticky":false,"template":"","format":"standard","meta":{"footnotes":""},"categories":[1],"tags":[],"class_list":["post-4698","post","type-post","status-publish","format-standard","hentry","category-non-classe"],"yoast_head":"<!-- This site is optimized with the Yoast SEO plugin v27.5 - https:\/\/yoast.com\/product\/yoast-seo-wordpress\/ -->\n<title>Mme Rima Abdul Malak, ministre de la Culture, annonce la prolongation du Fonds national pour l\u2019emploi p\u00e9renne dans le spectacle (FONPEPS), une ambition r\u00e9affirm\u00e9e pour l\u2019emploi durable dans le spectacle - HIERO STRASBOURG<\/title>\n<meta name=\"robots\" content=\"index, follow, max-snippet:-1, max-image-preview:large, max-video-preview:-1\" \/>\n<link rel=\"canonical\" href=\"https:\/\/hierostrasbourg.com\/index.php\/2023\/01\/25\/mme-rima-abdul-malak-ministre-de-la-culture-annonce-la-prolongation-du-fonds-national-pour-lemploi-perenne-dans-le-spectacle-fonpeps-une-ambition-reaffirmee-pour-lemploi-durable\/\" \/>\n<meta property=\"og:locale\" content=\"fr_FR\" \/>\n<meta property=\"og:type\" content=\"article\" \/>\n<meta property=\"og:title\" content=\"Mme Rima Abdul Malak, ministre de la Culture, annonce la prolongation du Fonds national pour l\u2019emploi p\u00e9renne dans le spectacle (FONPEPS), une ambition r\u00e9affirm\u00e9e pour l\u2019emploi durable dans le spectacle - HIERO STRASBOURG\" \/>\n<meta property=\"og:description\" content=\"communiqu\u00e9 Prolong\u00e9 jusqu\u2019au 31 d\u00e9cembre 2025, le FONPEPS apporte, par trois mesures principales, une r\u00e9ponse concr\u00e8te, concert\u00e9e avec les partenaires sociaux du Conseil national des professions du spectacle, aux enjeux de l\u2019emploi dans le spectacle vivant et enregistr\u00e9, dans le secteur public comme dans le secteur priv\u00e9. L\u2019aide \u00e0 l\u2019embauche en contrat \u00e0 dur\u00e9e ind\u00e9termin\u00e9e ou en contrat \u00e0 dur\u00e9e d\u00e9termin\u00e9e dans le secteur du spectacle (AESP), soutient l\u2019emploi p\u00e9renne en premier lieu, mais aussi, l\u2019emploi de longue dur\u00e9e, y [&hellip;]\" \/>\n<meta property=\"og:url\" content=\"https:\/\/hierostrasbourg.com\/index.php\/2023\/01\/25\/mme-rima-abdul-malak-ministre-de-la-culture-annonce-la-prolongation-du-fonds-national-pour-lemploi-perenne-dans-le-spectacle-fonpeps-une-ambition-reaffirmee-pour-lemploi-durable\/\" \/>\n<meta property=\"og:site_name\" content=\"HIERO STRASBOURG\" \/>\n<meta property=\"article:publisher\" content=\"https:\/\/www.facebook.com\/fedehierostrasbourg\" \/>\n<meta property=\"article:published_time\" content=\"2023-01-25T18:43:54+00:00\" \/>\n<meta name=\"twitter:card\" content=\"summary_large_image\" \/>\n<meta name=\"twitter:creator\" content=\"@hierostrasbourg\" \/>\n<meta name=\"twitter:site\" content=\"@hierostrasbourg\" \/>\n<meta name=\"twitter:label1\" content=\"Dur\u00e9e de lecture estim\u00e9e\" \/>\n\t<meta name=\"twitter:data1\" content=\"1 minute\" \/>\n<script type=\"application\/ld+json\" class=\"yoast-schema-graph\">{\"@context\":\"https:\\\/\\\/schema.org\",\"@graph\":[{\"@type\":\"Article\",\"@id\":\"https:\\\/\\\/hierostrasbourg.com\\\/index.php\\\/2023\\\/01\\\/25\\\/mme-rima-abdul-malak-ministre-de-la-culture-annonce-la-prolongation-du-fonds-national-pour-lemploi-perenne-dans-le-spectacle-fonpeps-une-ambition-reaffirmee-pour-lemploi-durable\\\/#article\",\"isPartOf\":{\"@id\":\"https:\\\/\\\/hierostrasbourg.com\\\/index.php\\\/2023\\\/01\\\/25\\\/mme-rima-abdul-malak-ministre-de-la-culture-annonce-la-prolongation-du-fonds-national-pour-lemploi-perenne-dans-le-spectacle-fonpeps-une-ambition-reaffirmee-pour-lemploi-durable\\\/\"},\"author\":{\"name\":\"\",\"@id\":\"\"},\"headline\":\"Mme Rima Abdul Malak, ministre de la Culture, annonce la prolongation du Fonds national pour l\u2019emploi p\u00e9renne dans le spectacle (FONPEPS), une ambition r\u00e9affirm\u00e9e pour l\u2019emploi durable dans le spectacle\",\"datePublished\":\"2023-01-25T18:43:54+00:00\",\"mainEntityOfPage\":{\"@id\":\"https:\\\/\\\/hierostrasbourg.com\\\/index.php\\\/2023\\\/01\\\/25\\\/mme-rima-abdul-malak-ministre-de-la-culture-annonce-la-prolongation-du-fonds-national-pour-lemploi-perenne-dans-le-spectacle-fonpeps-une-ambition-reaffirmee-pour-lemploi-durable\\\/\"},\"wordCount\":219,\"publisher\":{\"@id\":\"https:\\\/\\\/hierostrasbourg.com\\\/#organization\"},\"inLanguage\":\"fr-FR\"},{\"@type\":\"WebPage\",\"@id\":\"https:\\\/\\\/hierostrasbourg.com\\\/index.php\\\/2023\\\/01\\\/25\\\/mme-rima-abdul-malak-ministre-de-la-culture-annonce-la-prolongation-du-fonds-national-pour-lemploi-perenne-dans-le-spectacle-fonpeps-une-ambition-reaffirmee-pour-lemploi-durable\\\/\",\"url\":\"https:\\\/\\\/hierostrasbourg.com\\\/index.php\\\/2023\\\/01\\\/25\\\/mme-rima-abdul-malak-ministre-de-la-culture-annonce-la-prolongation-du-fonds-national-pour-lemploi-perenne-dans-le-spectacle-fonpeps-une-ambition-reaffirmee-pour-lemploi-durable\\\/\",\"name\":\"Mme Rima Abdul Malak, ministre de la Culture, annonce la prolongation du Fonds national pour l\u2019emploi p\u00e9renne dans le spectacle (FONPEPS), une ambition r\u00e9affirm\u00e9e pour l\u2019emploi durable dans le spectacle - HIERO STRASBOURG\",\"isPartOf\":{\"@id\":\"https:\\\/\\\/hierostrasbourg.com\\\/#website\"},\"datePublished\":\"2023-01-25T18:43:54+00:00\",\"breadcrumb\":{\"@id\":\"https:\\\/\\\/hierostrasbourg.com\\\/index.php\\\/2023\\\/01\\\/25\\\/mme-rima-abdul-malak-ministre-de-la-culture-annonce-la-prolongation-du-fonds-national-pour-lemploi-perenne-dans-le-spectacle-fonpeps-une-ambition-reaffirmee-pour-lemploi-durable\\\/#breadcrumb\"},\"inLanguage\":\"fr-FR\",\"potentialAction\":[{\"@type\":\"ReadAction\",\"target\":[\"https:\\\/\\\/hierostrasbourg.com\\\/index.php\\\/2023\\\/01\\\/25\\\/mme-rima-abdul-malak-ministre-de-la-culture-annonce-la-prolongation-du-fonds-national-pour-lemploi-perenne-dans-le-spectacle-fonpeps-une-ambition-reaffirmee-pour-lemploi-durable\\\/\"]}]},{\"@type\":\"BreadcrumbList\",\"@id\":\"https:\\\/\\\/hierostrasbourg.com\\\/index.php\\\/2023\\\/01\\\/25\\\/mme-rima-abdul-malak-ministre-de-la-culture-annonce-la-prolongation-du-fonds-national-pour-lemploi-perenne-dans-le-spectacle-fonpeps-une-ambition-reaffirmee-pour-lemploi-durable\\\/#breadcrumb\",\"itemListElement\":[{\"@type\":\"ListItem\",\"position\":1,\"name\":\"Accueil\",\"item\":\"https:\\\/\\\/hierostrasbourg.com\\\/\"},{\"@type\":\"ListItem\",\"position\":2,\"name\":\"Mme Rima Abdul Malak, ministre de la Culture, annonce la prolongation du Fonds national pour l\u2019emploi p\u00e9renne dans le spectacle (FONPEPS), une ambition r\u00e9affirm\u00e9e pour l\u2019emploi durable dans le spectacle\"}]},{\"@type\":\"WebSite\",\"@id\":\"https:\\\/\\\/hierostrasbourg.com\\\/#website\",\"url\":\"https:\\\/\\\/hierostrasbourg.com\\\/\",\"name\":\"HIERO STRASBOURG\",\"description\":\"Centre de Ressources Musiques Actuelles\",\"publisher\":{\"@id\":\"https:\\\/\\\/hierostrasbourg.com\\\/#organization\"},\"potentialAction\":[{\"@type\":\"SearchAction\",\"target\":{\"@type\":\"EntryPoint\",\"urlTemplate\":\"https:\\\/\\\/hierostrasbourg.com\\\/?s={search_term_string}\"},\"query-input\":{\"@type\":\"PropertyValueSpecification\",\"valueRequired\":true,\"valueName\":\"search_term_string\"}}],\"inLanguage\":\"fr-FR\"},{\"@type\":\"Organization\",\"@id\":\"https:\\\/\\\/hierostrasbourg.com\\\/#organization\",\"name\":\"F\u00e9d\u00e9ration Hi\u00e9ro Strasbourg\",\"url\":\"https:\\\/\\\/hierostrasbourg.com\\\/\",\"logo\":{\"@type\":\"ImageObject\",\"inLanguage\":\"fr-FR\",\"@id\":\"https:\\\/\\\/hierostrasbourg.com\\\/#\\\/schema\\\/logo\\\/image\\\/\",\"url\":\"https:\\\/\\\/hierostrasbourg.com\\\/wp-content\\\/uploads\\\/2026\\\/04\\\/logo-hiero-strasbourg.jpg\",\"contentUrl\":\"https:\\\/\\\/hierostrasbourg.com\\\/wp-content\\\/uploads\\\/2026\\\/04\\\/logo-hiero-strasbourg.jpg\",\"width\":204,\"height\":192,\"caption\":\"F\u00e9d\u00e9ration Hi\u00e9ro Strasbourg\"},\"image\":{\"@id\":\"https:\\\/\\\/hierostrasbourg.com\\\/#\\\/schema\\\/logo\\\/image\\\/\"},\"sameAs\":[\"https:\\\/\\\/www.facebook.com\\\/fedehierostrasbourg\",\"https:\\\/\\\/x.com\\\/hierostrasbourg\"]}]}<\/script>\n<!-- \/ Yoast SEO plugin. -->","yoast_head_json":{"title":"Mme Rima Abdul Malak, ministre de la Culture, annonce la prolongation du Fonds national pour l\u2019emploi p\u00e9renne dans le spectacle (FONPEPS), une ambition r\u00e9affirm\u00e9e pour l\u2019emploi durable dans le spectacle - HIERO STRASBOURG","robots":{"index":"index","follow":"follow","max-snippet":"max-snippet:-1","max-image-preview":"max-image-preview:large","max-video-preview":"max-video-preview:-1"},"canonical":"https:\/\/hierostrasbourg.com\/index.php\/2023\/01\/25\/mme-rima-abdul-malak-ministre-de-la-culture-annonce-la-prolongation-du-fonds-national-pour-lemploi-perenne-dans-le-spectacle-fonpeps-une-ambition-reaffirmee-pour-lemploi-durable\/","og_locale":"fr_FR","og_type":"article","og_title":"Mme Rima Abdul Malak, ministre de la Culture, annonce la prolongation du Fonds national pour l\u2019emploi p\u00e9renne dans le spectacle (FONPEPS), une ambition r\u00e9affirm\u00e9e pour l\u2019emploi durable dans le spectacle - HIERO STRASBOURG","og_description":"communiqu\u00e9 Prolong\u00e9 jusqu\u2019au 31 d\u00e9cembre 2025, le FONPEPS apporte, par trois mesures principales, une r\u00e9ponse concr\u00e8te, concert\u00e9e avec les partenaires sociaux du Conseil national des professions du spectacle, aux enjeux de l\u2019emploi dans le spectacle vivant et enregistr\u00e9, dans le secteur public comme dans le secteur priv\u00e9. L\u2019aide \u00e0 l\u2019embauche en contrat \u00e0 dur\u00e9e ind\u00e9termin\u00e9e ou en contrat \u00e0 dur\u00e9e d\u00e9termin\u00e9e dans le secteur du spectacle (AESP), soutient l\u2019emploi p\u00e9renne en premier lieu, mais aussi, l\u2019emploi de longue dur\u00e9e, y [&hellip;]","og_url":"https:\/\/hierostrasbourg.com\/index.php\/2023\/01\/25\/mme-rima-abdul-malak-ministre-de-la-culture-annonce-la-prolongation-du-fonds-national-pour-lemploi-perenne-dans-le-spectacle-fonpeps-une-ambition-reaffirmee-pour-lemploi-durable\/","og_site_name":"HIERO STRASBOURG","article_publisher":"https:\/\/www.facebook.com\/fedehierostrasbourg","article_published_time":"2023-01-25T18:43:54+00:00","twitter_card":"summary_large_image","twitter_creator":"@hierostrasbourg","twitter_site":"@hierostrasbourg","twitter_misc":{"Dur\u00e9e de lecture estim\u00e9e":"1 minute"},"schema":{"@context":"https:\/\/schema.org","@graph":[{"@type":"Article","@id":"https:\/\/hierostrasbourg.com\/index.php\/2023\/01\/25\/mme-rima-abdul-malak-ministre-de-la-culture-annonce-la-prolongation-du-fonds-national-pour-lemploi-perenne-dans-le-spectacle-fonpeps-une-ambition-reaffirmee-pour-lemploi-durable\/#article","isPartOf":{"@id":"https:\/\/hierostrasbourg.com\/index.php\/2023\/01\/25\/mme-rima-abdul-malak-ministre-de-la-culture-annonce-la-prolongation-du-fonds-national-pour-lemploi-perenne-dans-le-spectacle-fonpeps-une-ambition-reaffirmee-pour-lemploi-durable\/"},"author":{"name":"","@id":""},"headline":"Mme Rima Abdul Malak, ministre de la Culture, annonce la prolongation du Fonds national pour l\u2019emploi p\u00e9renne dans le spectacle (FONPEPS), une ambition r\u00e9affirm\u00e9e pour l\u2019emploi durable dans le spectacle","datePublished":"2023-01-25T18:43:54+00:00","mainEntityOfPage":{"@id":"https:\/\/hierostrasbourg.com\/index.php\/2023\/01\/25\/mme-rima-abdul-malak-ministre-de-la-culture-annonce-la-prolongation-du-fonds-national-pour-lemploi-perenne-dans-le-spectacle-fonpeps-une-ambition-reaffirmee-pour-lemploi-durable\/"},"wordCount":219,"publisher":{"@id":"https:\/\/hierostrasbourg.com\/#organization"},"inLanguage":"fr-FR"},{"@type":"WebPage","@id":"https:\/\/hierostrasbourg.com\/index.php\/2023\/01\/25\/mme-rima-abdul-malak-ministre-de-la-culture-annonce-la-prolongation-du-fonds-national-pour-lemploi-perenne-dans-le-spectacle-fonpeps-une-ambition-reaffirmee-pour-lemploi-durable\/","url":"https:\/\/hierostrasbourg.com\/index.php\/2023\/01\/25\/mme-rima-abdul-malak-ministre-de-la-culture-annonce-la-prolongation-du-fonds-national-pour-lemploi-perenne-dans-le-spectacle-fonpeps-une-ambition-reaffirmee-pour-lemploi-durable\/","name":"Mme Rima Abdul Malak, ministre de la Culture, annonce la prolongation du Fonds national pour l\u2019emploi p\u00e9renne dans le spectacle (FONPEPS), une ambition r\u00e9affirm\u00e9e pour l\u2019emploi durable dans le spectacle - HIERO STRASBOURG","isPartOf":{"@id":"https:\/\/hierostrasbourg.com\/#website"},"datePublished":"2023-01-25T18:43:54+00:00","breadcrumb":{"@id":"https:\/\/hierostrasbourg.com\/index.php\/2023\/01\/25\/mme-rima-abdul-malak-ministre-de-la-culture-annonce-la-prolongation-du-fonds-national-pour-lemploi-perenne-dans-le-spectacle-fonpeps-une-ambition-reaffirmee-pour-lemploi-durable\/#breadcrumb"},"inLanguage":"fr-FR","potentialAction":[{"@type":"ReadAction","target":["https:\/\/hierostrasbourg.com\/index.php\/2023\/01\/25\/mme-rima-abdul-malak-ministre-de-la-culture-annonce-la-prolongation-du-fonds-national-pour-lemploi-perenne-dans-le-spectacle-fonpeps-une-ambition-reaffirmee-pour-lemploi-durable\/"]}]},{"@type":"BreadcrumbList","@id":"https:\/\/hierostrasbourg.com\/index.php\/2023\/01\/25\/mme-rima-abdul-malak-ministre-de-la-culture-annonce-la-prolongation-du-fonds-national-pour-lemploi-perenne-dans-le-spectacle-fonpeps-une-ambition-reaffirmee-pour-lemploi-durable\/#breadcrumb","itemListElement":[{"@type":"ListItem","position":1,"name":"Accueil","item":"https:\/\/hierostrasbourg.com\/"},{"@type":"ListItem","position":2,"name":"Mme Rima Abdul Malak, ministre de la Culture, annonce la prolongation du Fonds national pour l\u2019emploi p\u00e9renne dans le spectacle (FONPEPS), une ambition r\u00e9affirm\u00e9e pour l\u2019emploi durable dans le spectacle"}]},{"@type":"WebSite","@id":"https:\/\/hierostrasbourg.com\/#website","url":"https:\/\/hierostrasbourg.com\/","name":"HIERO STRASBOURG","description":"Centre de Ressources Musiques Actuelles","publisher":{"@id":"https:\/\/hierostrasbourg.com\/#organization"},"potentialAction":[{"@type":"SearchAction","target":{"@type":"EntryPoint","urlTemplate":"https:\/\/hierostrasbourg.com\/?s={search_term_string}"},"query-input":{"@type":"PropertyValueSpecification","valueRequired":true,"valueName":"search_term_string"}}],"inLanguage":"fr-FR"},{"@type":"Organization","@id":"https:\/\/hierostrasbourg.com\/#organization","name":"F\u00e9d\u00e9ration Hi\u00e9ro Strasbourg","url":"https:\/\/hierostrasbourg.com\/","logo":{"@type":"ImageObject","inLanguage":"fr-FR","@id":"https:\/\/hierostrasbourg.com\/#\/schema\/logo\/image\/","url":"https:\/\/hierostrasbourg.com\/wp-content\/uploads\/2026\/04\/logo-hiero-strasbourg.jpg","contentUrl":"https:\/\/hierostrasbourg.com\/wp-content\/uploads\/2026\/04\/logo-hiero-strasbourg.jpg","width":204,"height":192,"caption":"F\u00e9d\u00e9ration Hi\u00e9ro Strasbourg"},"image":{"@id":"https:\/\/hierostrasbourg.com\/#\/schema\/logo\/image\/"},"sameAs":["https:\/\/www.facebook.com\/fedehierostrasbourg","https:\/\/x.com\/hierostrasbourg"]}]}},"_links":{"self":[{"href":"https:\/\/hierostrasbourg.com\/index.php\/wp-json\/wp\/v2\/posts\/4698","targetHints":{"allow":["GET"]}}],"collection":[{"href":"https:\/\/hierostrasbourg.com\/index.php\/wp-json\/wp\/v2\/posts"}],"about":[{"href":"https:\/\/hierostrasbourg.com\/index.php\/wp-json\/wp\/v2\/types\/post"}],"replies":[{"embeddable":true,"href":"https:\/\/hierostrasbourg.com\/index.php\/wp-json\/wp\/v2\/comments?post=4698"}],"version-history":[{"count":0,"href":"https:\/\/hierostrasbourg.com\/index.php\/wp-json\/wp\/v2\/posts\/4698\/revisions"}],"wp:attachment":[{"href":"https:\/\/hierostrasbourg.com\/index.php\/wp-json\/wp\/v2\/media?parent=4698"}],"wp:term":[{"taxonomy":"category","embeddable":true,"href":"https:\/\/hierostrasbourg.com\/index.php\/wp-json\/wp\/v2\/categories?post=4698"},{"taxonomy":"post_tag","embeddable":true,"href":"https:\/\/hierostrasbourg.com\/index.php\/wp-json\/wp\/v2\/tags?post=4698"}],"curies":[{"name":"wp","href":"https:\/\/api.w.org\/{rel}","templated":true}]}}