{"id":4688,"date":"2023-01-24T19:41:23","date_gmt":"2023-01-24T18:41:23","guid":{"rendered":"https:\/\/hierostrasbourg.com\/index.php\/2023\/01\/24\/une-mise-en-valeur-et-une-reflexion-autour-du-100-education-artistique-et-culturelle-a-la-drac-grand-est\/"},"modified":"2023-01-24T19:41:23","modified_gmt":"2023-01-24T18:41:23","slug":"une-mise-en-valeur-et-une-reflexion-autour-du-100-education-artistique-et-culturelle-a-la-drac-grand-est","status":"publish","type":"post","link":"https:\/\/hierostrasbourg.com\/index.php\/2023\/01\/24\/une-mise-en-valeur-et-une-reflexion-autour-du-100-education-artistique-et-culturelle-a-la-drac-grand-est\/","title":{"rendered":"Une mise en valeur et une r\u00e9flexion autour du \u00ab 100% Education artistique et culturelle \u00bb \u00e0 la DRAC Grand Est"},"content":{"rendered":"<p><a href=\"https:\/\/musiquesactuelles.alsace\/une-mise-en-valeur-et-une-reflexion-autour-du-100-education-artistique-et-culturelle-a-la-drac-grand-est\/\" title=\"Une mise en valeur et une r\u00e9flexion autour du \u00ab 100% Education artistique et culturelle \u00bb \u00e0 la DRAC Grand Est\"><\/a><\/p>\n<p>communiqu\u00e9 De nombreuses personnalit\u00e9s seront pr\u00e9sentes \u00e0 la c\u00e9r\u00e9monie officialisant l\u2019attribution du label \u00ab 100% Education artistique et culturelle \u00bb aux repr\u00e9sentants des collectivit\u00e9s concern\u00e9es, le vendredi 20 janvier 2023, au Palais du Rhin, si\u00e8ge de la DRAC Grand Est, \u00e0 Strasbourg. Josiane Chevalier, pr\u00e9f\u00e8te de la r\u00e9gion Grand Est ;\u00a0Richard Laganier, recteur de la r\u00e9gion acad\u00e9mique Grand Est, recteur de l\u2019acad\u00e9mie de Nancy-Metz ; Olivier Brandouy, recteur de l\u2019acad\u00e9mie de Reims et Olivier Faron, recteur de l\u2019acad\u00e9mie de Strasbourg, [\u2026]<\/p>\n<p>L\u2019article <a href=\"https:\/\/musiquesactuelles.alsace\/une-mise-en-valeur-et-une-reflexion-autour-du-100-education-artistique-et-culturelle-a-la-drac-grand-est\/\">Une mise en valeur et une r\u00e9flexion autour du \u00ab 100% Education artistique et culturelle \u00bb \u00e0 la DRAC Grand Est<\/a> est apparu en premier sur <a href=\"https:\/\/musiquesactuelles.alsace\/\">Musiques Actuelles en Alsace<\/a>.<\/p>\n<p>L\u2019article <a href=\"https:\/\/popburo.fr\/une-mise-en-valeur-et-une-reflexion-autour-du-100-education-artistique-et-culturelle-a-la-drac-grand-est\/\">Une mise en valeur et une r\u00e9flexion autour du \u00ab 100% Education artistique et culturelle \u00bb \u00e0 la DRAC Grand Est<\/a> est apparu en premier sur <a href=\"https:\/\/popburo.fr\/\">POP B\u00dcRO<\/a>.<\/p>\n","protected":false},"excerpt":{"rendered":"<p>communiqu\u00e9 De nombreuses personnalit\u00e9s seront pr\u00e9sentes \u00e0 la c\u00e9r\u00e9monie officialisant l\u2019attribution du label \u00ab 100% Education artistique et culturelle \u00bb aux repr\u00e9sentants des collectivit\u00e9s concern\u00e9es, le vendredi 20 janvier 2023, au Palais du Rhin, si\u00e8ge de la DRAC Grand Est, \u00e0 Strasbourg. Josiane Chevalier, pr\u00e9f\u00e8te de la r\u00e9gion Grand Est ;\u00a0Richard Laganier, recteur de la r\u00e9gion acad\u00e9mique Grand Est, recteur de l\u2019acad\u00e9mie de Nancy-Metz ; Olivier Brandouy, recteur de l\u2019acad\u00e9mie de Reims et Olivier Faron, recteur de l\u2019acad\u00e9mie de Strasbourg, [&hellip;]<\/p>\n","protected":false},"author":0,"featured_media":0,"comment_status":"closed","ping_status":"open","sticky":false,"template":"","format":"standard","meta":{"footnotes":""},"categories":[1],"tags":[],"class_list":["post-4688","post","type-post","status-publish","format-standard","hentry","category-non-classe"],"yoast_head":"<!-- This site is optimized with the Yoast SEO plugin v27.5 - https:\/\/yoast.com\/product\/yoast-seo-wordpress\/ -->\n<title>Une mise en valeur et une r\u00e9flexion autour du \u00ab 100% Education artistique et culturelle \u00bb \u00e0 la DRAC Grand Est - HIERO STRASBOURG<\/title>\n<meta name=\"robots\" content=\"index, follow, max-snippet:-1, max-image-preview:large, max-video-preview:-1\" \/>\n<link rel=\"canonical\" href=\"https:\/\/hierostrasbourg.com\/index.php\/2023\/01\/24\/une-mise-en-valeur-et-une-reflexion-autour-du-100-education-artistique-et-culturelle-a-la-drac-grand-est\/\" \/>\n<meta property=\"og:locale\" content=\"fr_FR\" \/>\n<meta property=\"og:type\" content=\"article\" \/>\n<meta property=\"og:title\" content=\"Une mise en valeur et une r\u00e9flexion autour du \u00ab 100% Education artistique et culturelle \u00bb \u00e0 la DRAC Grand Est - HIERO STRASBOURG\" \/>\n<meta property=\"og:description\" content=\"communiqu\u00e9 De nombreuses personnalit\u00e9s seront pr\u00e9sentes \u00e0 la c\u00e9r\u00e9monie officialisant l\u2019attribution du label \u00ab 100% Education artistique et culturelle \u00bb aux repr\u00e9sentants des collectivit\u00e9s concern\u00e9es, le vendredi 20 janvier 2023, au Palais du Rhin, si\u00e8ge de la DRAC Grand Est, \u00e0 Strasbourg. Josiane Chevalier, pr\u00e9f\u00e8te de la r\u00e9gion Grand Est ;\u00a0Richard Laganier, recteur de la r\u00e9gion acad\u00e9mique Grand Est, recteur de l\u2019acad\u00e9mie de Nancy-Metz ; Olivier Brandouy, recteur de l\u2019acad\u00e9mie de Reims et Olivier Faron, recteur de l\u2019acad\u00e9mie de Strasbourg, [&hellip;]\" \/>\n<meta property=\"og:url\" content=\"https:\/\/hierostrasbourg.com\/index.php\/2023\/01\/24\/une-mise-en-valeur-et-une-reflexion-autour-du-100-education-artistique-et-culturelle-a-la-drac-grand-est\/\" \/>\n<meta property=\"og:site_name\" content=\"HIERO STRASBOURG\" \/>\n<meta property=\"article:publisher\" content=\"https:\/\/www.facebook.com\/fedehierostrasbourg\" \/>\n<meta property=\"article:published_time\" content=\"2023-01-24T18:41:23+00:00\" \/>\n<meta name=\"twitter:card\" content=\"summary_large_image\" \/>\n<meta name=\"twitter:creator\" content=\"@hierostrasbourg\" \/>\n<meta name=\"twitter:site\" content=\"@hierostrasbourg\" \/>\n<meta name=\"twitter:label1\" content=\"Dur\u00e9e de lecture estim\u00e9e\" \/>\n\t<meta name=\"twitter:data1\" content=\"1 minute\" \/>\n<script type=\"application\/ld+json\" class=\"yoast-schema-graph\">{\"@context\":\"https:\\\/\\\/schema.org\",\"@graph\":[{\"@type\":\"Article\",\"@id\":\"https:\\\/\\\/hierostrasbourg.com\\\/index.php\\\/2023\\\/01\\\/24\\\/une-mise-en-valeur-et-une-reflexion-autour-du-100-education-artistique-et-culturelle-a-la-drac-grand-est\\\/#article\",\"isPartOf\":{\"@id\":\"https:\\\/\\\/hierostrasbourg.com\\\/index.php\\\/2023\\\/01\\\/24\\\/une-mise-en-valeur-et-une-reflexion-autour-du-100-education-artistique-et-culturelle-a-la-drac-grand-est\\\/\"},\"author\":{\"name\":\"\",\"@id\":\"\"},\"headline\":\"Une mise en valeur et une r\u00e9flexion autour du \u00ab 100% Education artistique et culturelle \u00bb \u00e0 la DRAC Grand Est\",\"datePublished\":\"2023-01-24T18:41:23+00:00\",\"mainEntityOfPage\":{\"@id\":\"https:\\\/\\\/hierostrasbourg.com\\\/index.php\\\/2023\\\/01\\\/24\\\/une-mise-en-valeur-et-une-reflexion-autour-du-100-education-artistique-et-culturelle-a-la-drac-grand-est\\\/\"},\"wordCount\":167,\"publisher\":{\"@id\":\"https:\\\/\\\/hierostrasbourg.com\\\/#organization\"},\"inLanguage\":\"fr-FR\"},{\"@type\":\"WebPage\",\"@id\":\"https:\\\/\\\/hierostrasbourg.com\\\/index.php\\\/2023\\\/01\\\/24\\\/une-mise-en-valeur-et-une-reflexion-autour-du-100-education-artistique-et-culturelle-a-la-drac-grand-est\\\/\",\"url\":\"https:\\\/\\\/hierostrasbourg.com\\\/index.php\\\/2023\\\/01\\\/24\\\/une-mise-en-valeur-et-une-reflexion-autour-du-100-education-artistique-et-culturelle-a-la-drac-grand-est\\\/\",\"name\":\"Une mise en valeur et une r\u00e9flexion autour du \u00ab 100% Education artistique et culturelle \u00bb \u00e0 la DRAC Grand Est - HIERO STRASBOURG\",\"isPartOf\":{\"@id\":\"https:\\\/\\\/hierostrasbourg.com\\\/#website\"},\"datePublished\":\"2023-01-24T18:41:23+00:00\",\"breadcrumb\":{\"@id\":\"https:\\\/\\\/hierostrasbourg.com\\\/index.php\\\/2023\\\/01\\\/24\\\/une-mise-en-valeur-et-une-reflexion-autour-du-100-education-artistique-et-culturelle-a-la-drac-grand-est\\\/#breadcrumb\"},\"inLanguage\":\"fr-FR\",\"potentialAction\":[{\"@type\":\"ReadAction\",\"target\":[\"https:\\\/\\\/hierostrasbourg.com\\\/index.php\\\/2023\\\/01\\\/24\\\/une-mise-en-valeur-et-une-reflexion-autour-du-100-education-artistique-et-culturelle-a-la-drac-grand-est\\\/\"]}]},{\"@type\":\"BreadcrumbList\",\"@id\":\"https:\\\/\\\/hierostrasbourg.com\\\/index.php\\\/2023\\\/01\\\/24\\\/une-mise-en-valeur-et-une-reflexion-autour-du-100-education-artistique-et-culturelle-a-la-drac-grand-est\\\/#breadcrumb\",\"itemListElement\":[{\"@type\":\"ListItem\",\"position\":1,\"name\":\"Accueil\",\"item\":\"https:\\\/\\\/hierostrasbourg.com\\\/\"},{\"@type\":\"ListItem\",\"position\":2,\"name\":\"Une mise en valeur et une r\u00e9flexion autour du \u00ab 100% Education artistique et culturelle \u00bb \u00e0 la DRAC Grand Est\"}]},{\"@type\":\"WebSite\",\"@id\":\"https:\\\/\\\/hierostrasbourg.com\\\/#website\",\"url\":\"https:\\\/\\\/hierostrasbourg.com\\\/\",\"name\":\"HIERO STRASBOURG\",\"description\":\"Centre de Ressources Musiques Actuelles\",\"publisher\":{\"@id\":\"https:\\\/\\\/hierostrasbourg.com\\\/#organization\"},\"potentialAction\":[{\"@type\":\"SearchAction\",\"target\":{\"@type\":\"EntryPoint\",\"urlTemplate\":\"https:\\\/\\\/hierostrasbourg.com\\\/?s={search_term_string}\"},\"query-input\":{\"@type\":\"PropertyValueSpecification\",\"valueRequired\":true,\"valueName\":\"search_term_string\"}}],\"inLanguage\":\"fr-FR\"},{\"@type\":\"Organization\",\"@id\":\"https:\\\/\\\/hierostrasbourg.com\\\/#organization\",\"name\":\"F\u00e9d\u00e9ration Hi\u00e9ro Strasbourg\",\"url\":\"https:\\\/\\\/hierostrasbourg.com\\\/\",\"logo\":{\"@type\":\"ImageObject\",\"inLanguage\":\"fr-FR\",\"@id\":\"https:\\\/\\\/hierostrasbourg.com\\\/#\\\/schema\\\/logo\\\/image\\\/\",\"url\":\"https:\\\/\\\/hierostrasbourg.com\\\/wp-content\\\/uploads\\\/2026\\\/04\\\/logo-hiero-strasbourg.jpg\",\"contentUrl\":\"https:\\\/\\\/hierostrasbourg.com\\\/wp-content\\\/uploads\\\/2026\\\/04\\\/logo-hiero-strasbourg.jpg\",\"width\":204,\"height\":192,\"caption\":\"F\u00e9d\u00e9ration Hi\u00e9ro Strasbourg\"},\"image\":{\"@id\":\"https:\\\/\\\/hierostrasbourg.com\\\/#\\\/schema\\\/logo\\\/image\\\/\"},\"sameAs\":[\"https:\\\/\\\/www.facebook.com\\\/fedehierostrasbourg\",\"https:\\\/\\\/x.com\\\/hierostrasbourg\"]}]}<\/script>\n<!-- \/ Yoast SEO plugin. -->","yoast_head_json":{"title":"Une mise en valeur et une r\u00e9flexion autour du \u00ab 100% Education artistique et culturelle \u00bb \u00e0 la DRAC Grand Est - HIERO STRASBOURG","robots":{"index":"index","follow":"follow","max-snippet":"max-snippet:-1","max-image-preview":"max-image-preview:large","max-video-preview":"max-video-preview:-1"},"canonical":"https:\/\/hierostrasbourg.com\/index.php\/2023\/01\/24\/une-mise-en-valeur-et-une-reflexion-autour-du-100-education-artistique-et-culturelle-a-la-drac-grand-est\/","og_locale":"fr_FR","og_type":"article","og_title":"Une mise en valeur et une r\u00e9flexion autour du \u00ab 100% Education artistique et culturelle \u00bb \u00e0 la DRAC Grand Est - HIERO STRASBOURG","og_description":"communiqu\u00e9 De nombreuses personnalit\u00e9s seront pr\u00e9sentes \u00e0 la c\u00e9r\u00e9monie officialisant l\u2019attribution du label \u00ab 100% Education artistique et culturelle \u00bb aux repr\u00e9sentants des collectivit\u00e9s concern\u00e9es, le vendredi 20 janvier 2023, au Palais du Rhin, si\u00e8ge de la DRAC Grand Est, \u00e0 Strasbourg. Josiane Chevalier, pr\u00e9f\u00e8te de la r\u00e9gion Grand Est ;\u00a0Richard Laganier, recteur de la r\u00e9gion acad\u00e9mique Grand Est, recteur de l\u2019acad\u00e9mie de Nancy-Metz ; Olivier Brandouy, recteur de l\u2019acad\u00e9mie de Reims et Olivier Faron, recteur de l\u2019acad\u00e9mie de Strasbourg, [&hellip;]","og_url":"https:\/\/hierostrasbourg.com\/index.php\/2023\/01\/24\/une-mise-en-valeur-et-une-reflexion-autour-du-100-education-artistique-et-culturelle-a-la-drac-grand-est\/","og_site_name":"HIERO STRASBOURG","article_publisher":"https:\/\/www.facebook.com\/fedehierostrasbourg","article_published_time":"2023-01-24T18:41:23+00:00","twitter_card":"summary_large_image","twitter_creator":"@hierostrasbourg","twitter_site":"@hierostrasbourg","twitter_misc":{"Dur\u00e9e de lecture estim\u00e9e":"1 minute"},"schema":{"@context":"https:\/\/schema.org","@graph":[{"@type":"Article","@id":"https:\/\/hierostrasbourg.com\/index.php\/2023\/01\/24\/une-mise-en-valeur-et-une-reflexion-autour-du-100-education-artistique-et-culturelle-a-la-drac-grand-est\/#article","isPartOf":{"@id":"https:\/\/hierostrasbourg.com\/index.php\/2023\/01\/24\/une-mise-en-valeur-et-une-reflexion-autour-du-100-education-artistique-et-culturelle-a-la-drac-grand-est\/"},"author":{"name":"","@id":""},"headline":"Une mise en valeur et une r\u00e9flexion autour du \u00ab 100% Education artistique et culturelle \u00bb \u00e0 la DRAC Grand Est","datePublished":"2023-01-24T18:41:23+00:00","mainEntityOfPage":{"@id":"https:\/\/hierostrasbourg.com\/index.php\/2023\/01\/24\/une-mise-en-valeur-et-une-reflexion-autour-du-100-education-artistique-et-culturelle-a-la-drac-grand-est\/"},"wordCount":167,"publisher":{"@id":"https:\/\/hierostrasbourg.com\/#organization"},"inLanguage":"fr-FR"},{"@type":"WebPage","@id":"https:\/\/hierostrasbourg.com\/index.php\/2023\/01\/24\/une-mise-en-valeur-et-une-reflexion-autour-du-100-education-artistique-et-culturelle-a-la-drac-grand-est\/","url":"https:\/\/hierostrasbourg.com\/index.php\/2023\/01\/24\/une-mise-en-valeur-et-une-reflexion-autour-du-100-education-artistique-et-culturelle-a-la-drac-grand-est\/","name":"Une mise en valeur et une r\u00e9flexion autour du \u00ab 100% Education artistique et culturelle \u00bb \u00e0 la DRAC Grand Est - HIERO STRASBOURG","isPartOf":{"@id":"https:\/\/hierostrasbourg.com\/#website"},"datePublished":"2023-01-24T18:41:23+00:00","breadcrumb":{"@id":"https:\/\/hierostrasbourg.com\/index.php\/2023\/01\/24\/une-mise-en-valeur-et-une-reflexion-autour-du-100-education-artistique-et-culturelle-a-la-drac-grand-est\/#breadcrumb"},"inLanguage":"fr-FR","potentialAction":[{"@type":"ReadAction","target":["https:\/\/hierostrasbourg.com\/index.php\/2023\/01\/24\/une-mise-en-valeur-et-une-reflexion-autour-du-100-education-artistique-et-culturelle-a-la-drac-grand-est\/"]}]},{"@type":"BreadcrumbList","@id":"https:\/\/hierostrasbourg.com\/index.php\/2023\/01\/24\/une-mise-en-valeur-et-une-reflexion-autour-du-100-education-artistique-et-culturelle-a-la-drac-grand-est\/#breadcrumb","itemListElement":[{"@type":"ListItem","position":1,"name":"Accueil","item":"https:\/\/hierostrasbourg.com\/"},{"@type":"ListItem","position":2,"name":"Une mise en valeur et une r\u00e9flexion autour du \u00ab 100% Education artistique et culturelle \u00bb \u00e0 la DRAC Grand Est"}]},{"@type":"WebSite","@id":"https:\/\/hierostrasbourg.com\/#website","url":"https:\/\/hierostrasbourg.com\/","name":"HIERO STRASBOURG","description":"Centre de Ressources Musiques Actuelles","publisher":{"@id":"https:\/\/hierostrasbourg.com\/#organization"},"potentialAction":[{"@type":"SearchAction","target":{"@type":"EntryPoint","urlTemplate":"https:\/\/hierostrasbourg.com\/?s={search_term_string}"},"query-input":{"@type":"PropertyValueSpecification","valueRequired":true,"valueName":"search_term_string"}}],"inLanguage":"fr-FR"},{"@type":"Organization","@id":"https:\/\/hierostrasbourg.com\/#organization","name":"F\u00e9d\u00e9ration Hi\u00e9ro Strasbourg","url":"https:\/\/hierostrasbourg.com\/","logo":{"@type":"ImageObject","inLanguage":"fr-FR","@id":"https:\/\/hierostrasbourg.com\/#\/schema\/logo\/image\/","url":"https:\/\/hierostrasbourg.com\/wp-content\/uploads\/2026\/04\/logo-hiero-strasbourg.jpg","contentUrl":"https:\/\/hierostrasbourg.com\/wp-content\/uploads\/2026\/04\/logo-hiero-strasbourg.jpg","width":204,"height":192,"caption":"F\u00e9d\u00e9ration Hi\u00e9ro Strasbourg"},"image":{"@id":"https:\/\/hierostrasbourg.com\/#\/schema\/logo\/image\/"},"sameAs":["https:\/\/www.facebook.com\/fedehierostrasbourg","https:\/\/x.com\/hierostrasbourg"]}]}},"_links":{"self":[{"href":"https:\/\/hierostrasbourg.com\/index.php\/wp-json\/wp\/v2\/posts\/4688","targetHints":{"allow":["GET"]}}],"collection":[{"href":"https:\/\/hierostrasbourg.com\/index.php\/wp-json\/wp\/v2\/posts"}],"about":[{"href":"https:\/\/hierostrasbourg.com\/index.php\/wp-json\/wp\/v2\/types\/post"}],"replies":[{"embeddable":true,"href":"https:\/\/hierostrasbourg.com\/index.php\/wp-json\/wp\/v2\/comments?post=4688"}],"version-history":[{"count":0,"href":"https:\/\/hierostrasbourg.com\/index.php\/wp-json\/wp\/v2\/posts\/4688\/revisions"}],"wp:attachment":[{"href":"https:\/\/hierostrasbourg.com\/index.php\/wp-json\/wp\/v2\/media?parent=4688"}],"wp:term":[{"taxonomy":"category","embeddable":true,"href":"https:\/\/hierostrasbourg.com\/index.php\/wp-json\/wp\/v2\/categories?post=4688"},{"taxonomy":"post_tag","embeddable":true,"href":"https:\/\/hierostrasbourg.com\/index.php\/wp-json\/wp\/v2\/tags?post=4688"}],"curies":[{"name":"wp","href":"https:\/\/api.w.org\/{rel}","templated":true}]}}