{"id":4687,"date":"2023-01-24T18:40:23","date_gmt":"2023-01-24T17:40:23","guid":{"rendered":"https:\/\/hierostrasbourg.com\/index.php\/2023\/01\/24\/cadence-recrute-un-charge-dinformation-et-de-ressources-f-h\/"},"modified":"2023-01-24T18:40:23","modified_gmt":"2023-01-24T17:40:23","slug":"cadence-recrute-un-charge-dinformation-et-de-ressources-f-h","status":"publish","type":"post","link":"https:\/\/hierostrasbourg.com\/index.php\/2023\/01\/24\/cadence-recrute-un-charge-dinformation-et-de-ressources-f-h\/","title":{"rendered":"CADENCE recrute un charg\u00e9 d&rsquo;information et de ressources [F\/H]"},"content":{"rendered":"<p>Cadence est une association qui \u0153uvre pour le d\u00e9veloppement et la structuration des pratiques collectives de la musique en amateur par le soutien et l\u2019initiative de projets, la formation, l\u2019accompagnement, l\u2019observation et la mise en r\u00e9seau des acteurs du territoire r\u00e9gional.<br \/>\nLe p\u00f4le musical intervient aupr\u00e8s d\u2019un large public, en de nombreux endroits o\u00f9 la musique peut se pratiquer collectivement. Son domaine d\u2019intervention se situe \u00e0 la crois\u00e9e des pratiques artistiques, de l\u2019\u00e9ducation artistique et culturelle et de l\u2019enseignement artistique.<br \/>\nEn tant que structure ressource, Cadence propose des actions, accompagne les porteurs de projets, apporte de l\u2019expertise et du conseil aux acteurs et r\u00e9pond aux sollicitations des ensembles musicaux amateurs, des encadrants, des \u00e9coles de musique et des collectivit\u00e9s territoriales.<\/p>\n<p>Pour la r\u00e9alisation de son projet, Cadence b\u00e9n\u00e9ficie du soutien de la DRAC Grand Est, de la R\u00e9gion Grand Est et de la Collectivit\u00e9 europ\u00e9enne d\u2019Alsace dans le cadre d\u2019une convention triannuelle.<\/p>\n<h4>LES MISSIONS DE CADENCE<\/h4>\n<p>Former les publics<br \/>\nAccompagner les initiatives et les projets de territoire<br \/>\nConcevoir et mettre en \u0153uvre des actions artistiques<br \/>\nAnimer des r\u00e9seaux et tisser des liens entre les acteurs<br \/>\nObserver les pratiques et partager l\u2019information<\/p>\n<h2>Missions<\/h2>\n<p>Plac\u00e9\u00b7e sous l\u2019autorit\u00e9 de la directrice, le\/la charg\u00e9\u00b7e d\u2019information et de ressources aura pour mission d\u2019informer les publics de Cadence et de faire circuler les ressources li\u00e9es aux pratiques musicales en amateur. Il\/elle travaillera en \u00e9troite collaboration avec les charg\u00e9s de projets et la charg\u00e9e de communication.<\/p>\n<h4>Ses principales missions :<\/h4>\n<p>Coordonner la r\u00e9alisation d\u2019une gazette trimestrielle des ensembles amateurs en tant que chef\u00b7fe de projet (organisation des comit\u00e9s de r\u00e9daction, centralisation des contenus, formalisation et relecture, liens avec les auteurs\u2026)<br \/>\nEffectuer une veille des informations et des actualit\u00e9s du secteur (concerts, stages, recrutements, portes ouvertes\u2026)<br \/>\nQualifier, structurer et diffuser l\u2019information<br \/>\nActualiser les articles ressources et alimenter r\u00e9guli\u00e8rement le site Internet<br \/>\nG\u00e9rer et alimenter l\u2019Agenda en r\u00e9gion sur le site Internet<br \/>\nParticiper \u00e0 l\u2019\u00e9laboration de nouveaux contenus d\u2019information (articles, vid\u00e9os, podcast\u2026)<br \/>\nAnimer et administrer un r\u00e9seau virtuel des ensembles amateurs sur Facebook<br \/>\nMettre \u00e0 jour et alimenter la base de donn\u00e9es<br \/>\nParticiper \u00e0 une r\u00e9flexion globale sur le collectage et la diffusion de l\u2019information, rechercher et proposer de nouveaux outils<\/p>\n<h2>Profil recherch\u00e9<\/h2>\n<p>Formation sup\u00e9rieure ou exp\u00e9rience significative dans le domaine de l\u2019information et\/ou dans le domaine musical<br \/>\nConnaissance du milieu musical et du secteur des pratiques en amateur<br \/>\nExp\u00e9rience dans l\u2019administration d\u2019un site Internet<br \/>\nCapacit\u00e9 \u00e0 g\u00e9rer des r\u00e9seaux sociaux<br \/>\nMa\u00eetrise des outils de veille<br \/>\nTr\u00e8s bonne expression \u00e9crite, aisance r\u00e9dactionnelle<br \/>\nCapacit\u00e9 \u00e0 synth\u00e9tiser et \u00e0 formaliser<br \/>\nGrande curiosit\u00e9<br \/>\nCapacit\u00e9 \u00e0 innover et \u00e0 cr\u00e9er<br \/>\nQualit\u00e9s relationnelles et capacit\u00e9 \u00e0 travailler en \u00e9quipe<br \/>\nRigueur et sens de l\u2019organisation<\/p>\n<p>Date de prise de fonction : D\u00e8s que possible<br \/>\nDate limite de candidature : 1er mars 2023<br \/>\nR\u00e9mun\u00e9ration envisag\u00e9e : Groupe D \u2013 convention collective Eclat<br \/>\nTemps complet<br \/>\nTravail de terrain et d\u00e9placements ponctuels en r\u00e9gion<\/p>\n<p>Cadence, p\u00f4le musical r\u00e9gional<br \/>\n2 rue Baldung Grien<br \/>\n67 000 Strasbourg<\/p>\n<p><a href=\"https:\/\/cadence-musique.fr\/\">www.cadence-musique.fr<\/a><\/p>\n<p>L\u2019article <a href=\"https:\/\/popburo.fr\/cadence-recrute-un-charge-dinformation-et-de-ressources-f-h\/\">CADENCE recrute un charg\u00e9 d&rsquo;information et de ressources [F\/H]<\/a> est apparu en premier sur <a href=\"https:\/\/popburo.fr\/\">POP B\u00dcRO<\/a>.<\/p>\n","protected":false},"excerpt":{"rendered":"<p>Cadence est une association qui \u0153uvre pour le d\u00e9veloppement et la structuration des pratiques collectives de la musique en amateur par le soutien et l\u2019initiative de projets, la formation, l\u2019accompagnement, l\u2019observation et la mise en r\u00e9seau des acteurs du territoire r\u00e9gional. Le p\u00f4le musical intervient aupr\u00e8s d\u2019un large public, en de nombreux endroits o\u00f9 la musique peut se pratiquer collectivement. Son domaine d\u2019intervention se situe \u00e0 la crois\u00e9e des pratiques artistiques, de l\u2019\u00e9ducation artistique et culturelle et de l\u2019enseignement artistique. [&hellip;]<\/p>\n","protected":false},"author":0,"featured_media":0,"comment_status":"closed","ping_status":"open","sticky":false,"template":"","format":"standard","meta":{"footnotes":""},"categories":[1],"tags":[],"class_list":["post-4687","post","type-post","status-publish","format-standard","hentry","category-non-classe"],"yoast_head":"<!-- This site is optimized with the Yoast SEO plugin v27.5 - https:\/\/yoast.com\/product\/yoast-seo-wordpress\/ -->\n<title>CADENCE recrute un charg\u00e9 d&#039;information et de ressources [F\/H] - HIERO STRASBOURG<\/title>\n<meta name=\"robots\" content=\"index, follow, max-snippet:-1, max-image-preview:large, max-video-preview:-1\" \/>\n<link rel=\"canonical\" href=\"https:\/\/hierostrasbourg.com\/index.php\/2023\/01\/24\/cadence-recrute-un-charge-dinformation-et-de-ressources-f-h\/\" \/>\n<meta property=\"og:locale\" content=\"fr_FR\" \/>\n<meta property=\"og:type\" content=\"article\" \/>\n<meta property=\"og:title\" content=\"CADENCE recrute un charg\u00e9 d&#039;information et de ressources [F\/H] - HIERO STRASBOURG\" \/>\n<meta property=\"og:description\" content=\"Cadence est une association qui \u0153uvre pour le d\u00e9veloppement et la structuration des pratiques collectives de la musique en amateur par le soutien et l\u2019initiative de projets, la formation, l\u2019accompagnement, l\u2019observation et la mise en r\u00e9seau des acteurs du territoire r\u00e9gional. Le p\u00f4le musical intervient aupr\u00e8s d\u2019un large public, en de nombreux endroits o\u00f9 la musique peut se pratiquer collectivement. Son domaine d\u2019intervention se situe \u00e0 la crois\u00e9e des pratiques artistiques, de l\u2019\u00e9ducation artistique et culturelle et de l\u2019enseignement artistique. [&hellip;]\" \/>\n<meta property=\"og:url\" content=\"https:\/\/hierostrasbourg.com\/index.php\/2023\/01\/24\/cadence-recrute-un-charge-dinformation-et-de-ressources-f-h\/\" \/>\n<meta property=\"og:site_name\" content=\"HIERO STRASBOURG\" \/>\n<meta property=\"article:publisher\" content=\"https:\/\/www.facebook.com\/fedehierostrasbourg\" \/>\n<meta property=\"article:published_time\" content=\"2023-01-24T17:40:23+00:00\" \/>\n<meta name=\"twitter:card\" content=\"summary_large_image\" \/>\n<meta name=\"twitter:creator\" content=\"@hierostrasbourg\" \/>\n<meta name=\"twitter:site\" content=\"@hierostrasbourg\" \/>\n<meta name=\"twitter:label1\" content=\"Dur\u00e9e de lecture estim\u00e9e\" \/>\n\t<meta name=\"twitter:data1\" content=\"3 minutes\" \/>\n<script type=\"application\/ld+json\" class=\"yoast-schema-graph\">{\"@context\":\"https:\\\/\\\/schema.org\",\"@graph\":[{\"@type\":\"Article\",\"@id\":\"https:\\\/\\\/hierostrasbourg.com\\\/index.php\\\/2023\\\/01\\\/24\\\/cadence-recrute-un-charge-dinformation-et-de-ressources-f-h\\\/#article\",\"isPartOf\":{\"@id\":\"https:\\\/\\\/hierostrasbourg.com\\\/index.php\\\/2023\\\/01\\\/24\\\/cadence-recrute-un-charge-dinformation-et-de-ressources-f-h\\\/\"},\"author\":{\"name\":\"\",\"@id\":\"\"},\"headline\":\"CADENCE recrute un charg\u00e9 d&rsquo;information et de ressources [F\\\/H]\",\"datePublished\":\"2023-01-24T17:40:23+00:00\",\"mainEntityOfPage\":{\"@id\":\"https:\\\/\\\/hierostrasbourg.com\\\/index.php\\\/2023\\\/01\\\/24\\\/cadence-recrute-un-charge-dinformation-et-de-ressources-f-h\\\/\"},\"wordCount\":581,\"publisher\":{\"@id\":\"https:\\\/\\\/hierostrasbourg.com\\\/#organization\"},\"inLanguage\":\"fr-FR\"},{\"@type\":\"WebPage\",\"@id\":\"https:\\\/\\\/hierostrasbourg.com\\\/index.php\\\/2023\\\/01\\\/24\\\/cadence-recrute-un-charge-dinformation-et-de-ressources-f-h\\\/\",\"url\":\"https:\\\/\\\/hierostrasbourg.com\\\/index.php\\\/2023\\\/01\\\/24\\\/cadence-recrute-un-charge-dinformation-et-de-ressources-f-h\\\/\",\"name\":\"CADENCE recrute un charg\u00e9 d'information et de ressources [F\\\/H] - HIERO STRASBOURG\",\"isPartOf\":{\"@id\":\"https:\\\/\\\/hierostrasbourg.com\\\/#website\"},\"datePublished\":\"2023-01-24T17:40:23+00:00\",\"breadcrumb\":{\"@id\":\"https:\\\/\\\/hierostrasbourg.com\\\/index.php\\\/2023\\\/01\\\/24\\\/cadence-recrute-un-charge-dinformation-et-de-ressources-f-h\\\/#breadcrumb\"},\"inLanguage\":\"fr-FR\",\"potentialAction\":[{\"@type\":\"ReadAction\",\"target\":[\"https:\\\/\\\/hierostrasbourg.com\\\/index.php\\\/2023\\\/01\\\/24\\\/cadence-recrute-un-charge-dinformation-et-de-ressources-f-h\\\/\"]}]},{\"@type\":\"BreadcrumbList\",\"@id\":\"https:\\\/\\\/hierostrasbourg.com\\\/index.php\\\/2023\\\/01\\\/24\\\/cadence-recrute-un-charge-dinformation-et-de-ressources-f-h\\\/#breadcrumb\",\"itemListElement\":[{\"@type\":\"ListItem\",\"position\":1,\"name\":\"Accueil\",\"item\":\"https:\\\/\\\/hierostrasbourg.com\\\/\"},{\"@type\":\"ListItem\",\"position\":2,\"name\":\"CADENCE recrute un charg\u00e9 d&#8217;information et de ressources [F\\\/H]\"}]},{\"@type\":\"WebSite\",\"@id\":\"https:\\\/\\\/hierostrasbourg.com\\\/#website\",\"url\":\"https:\\\/\\\/hierostrasbourg.com\\\/\",\"name\":\"HIERO STRASBOURG\",\"description\":\"Centre de Ressources Musiques Actuelles\",\"publisher\":{\"@id\":\"https:\\\/\\\/hierostrasbourg.com\\\/#organization\"},\"potentialAction\":[{\"@type\":\"SearchAction\",\"target\":{\"@type\":\"EntryPoint\",\"urlTemplate\":\"https:\\\/\\\/hierostrasbourg.com\\\/?s={search_term_string}\"},\"query-input\":{\"@type\":\"PropertyValueSpecification\",\"valueRequired\":true,\"valueName\":\"search_term_string\"}}],\"inLanguage\":\"fr-FR\"},{\"@type\":\"Organization\",\"@id\":\"https:\\\/\\\/hierostrasbourg.com\\\/#organization\",\"name\":\"F\u00e9d\u00e9ration Hi\u00e9ro Strasbourg\",\"url\":\"https:\\\/\\\/hierostrasbourg.com\\\/\",\"logo\":{\"@type\":\"ImageObject\",\"inLanguage\":\"fr-FR\",\"@id\":\"https:\\\/\\\/hierostrasbourg.com\\\/#\\\/schema\\\/logo\\\/image\\\/\",\"url\":\"https:\\\/\\\/hierostrasbourg.com\\\/wp-content\\\/uploads\\\/2026\\\/04\\\/logo-hiero-strasbourg.jpg\",\"contentUrl\":\"https:\\\/\\\/hierostrasbourg.com\\\/wp-content\\\/uploads\\\/2026\\\/04\\\/logo-hiero-strasbourg.jpg\",\"width\":204,\"height\":192,\"caption\":\"F\u00e9d\u00e9ration Hi\u00e9ro Strasbourg\"},\"image\":{\"@id\":\"https:\\\/\\\/hierostrasbourg.com\\\/#\\\/schema\\\/logo\\\/image\\\/\"},\"sameAs\":[\"https:\\\/\\\/www.facebook.com\\\/fedehierostrasbourg\",\"https:\\\/\\\/x.com\\\/hierostrasbourg\"]}]}<\/script>\n<!-- \/ Yoast SEO plugin. -->","yoast_head_json":{"title":"CADENCE recrute un charg\u00e9 d'information et de ressources [F\/H] - HIERO STRASBOURG","robots":{"index":"index","follow":"follow","max-snippet":"max-snippet:-1","max-image-preview":"max-image-preview:large","max-video-preview":"max-video-preview:-1"},"canonical":"https:\/\/hierostrasbourg.com\/index.php\/2023\/01\/24\/cadence-recrute-un-charge-dinformation-et-de-ressources-f-h\/","og_locale":"fr_FR","og_type":"article","og_title":"CADENCE recrute un charg\u00e9 d'information et de ressources [F\/H] - HIERO STRASBOURG","og_description":"Cadence est une association qui \u0153uvre pour le d\u00e9veloppement et la structuration des pratiques collectives de la musique en amateur par le soutien et l\u2019initiative de projets, la formation, l\u2019accompagnement, l\u2019observation et la mise en r\u00e9seau des acteurs du territoire r\u00e9gional. Le p\u00f4le musical intervient aupr\u00e8s d\u2019un large public, en de nombreux endroits o\u00f9 la musique peut se pratiquer collectivement. Son domaine d\u2019intervention se situe \u00e0 la crois\u00e9e des pratiques artistiques, de l\u2019\u00e9ducation artistique et culturelle et de l\u2019enseignement artistique. [&hellip;]","og_url":"https:\/\/hierostrasbourg.com\/index.php\/2023\/01\/24\/cadence-recrute-un-charge-dinformation-et-de-ressources-f-h\/","og_site_name":"HIERO STRASBOURG","article_publisher":"https:\/\/www.facebook.com\/fedehierostrasbourg","article_published_time":"2023-01-24T17:40:23+00:00","twitter_card":"summary_large_image","twitter_creator":"@hierostrasbourg","twitter_site":"@hierostrasbourg","twitter_misc":{"Dur\u00e9e de lecture estim\u00e9e":"3 minutes"},"schema":{"@context":"https:\/\/schema.org","@graph":[{"@type":"Article","@id":"https:\/\/hierostrasbourg.com\/index.php\/2023\/01\/24\/cadence-recrute-un-charge-dinformation-et-de-ressources-f-h\/#article","isPartOf":{"@id":"https:\/\/hierostrasbourg.com\/index.php\/2023\/01\/24\/cadence-recrute-un-charge-dinformation-et-de-ressources-f-h\/"},"author":{"name":"","@id":""},"headline":"CADENCE recrute un charg\u00e9 d&rsquo;information et de ressources [F\/H]","datePublished":"2023-01-24T17:40:23+00:00","mainEntityOfPage":{"@id":"https:\/\/hierostrasbourg.com\/index.php\/2023\/01\/24\/cadence-recrute-un-charge-dinformation-et-de-ressources-f-h\/"},"wordCount":581,"publisher":{"@id":"https:\/\/hierostrasbourg.com\/#organization"},"inLanguage":"fr-FR"},{"@type":"WebPage","@id":"https:\/\/hierostrasbourg.com\/index.php\/2023\/01\/24\/cadence-recrute-un-charge-dinformation-et-de-ressources-f-h\/","url":"https:\/\/hierostrasbourg.com\/index.php\/2023\/01\/24\/cadence-recrute-un-charge-dinformation-et-de-ressources-f-h\/","name":"CADENCE recrute un charg\u00e9 d'information et de ressources [F\/H] - HIERO STRASBOURG","isPartOf":{"@id":"https:\/\/hierostrasbourg.com\/#website"},"datePublished":"2023-01-24T17:40:23+00:00","breadcrumb":{"@id":"https:\/\/hierostrasbourg.com\/index.php\/2023\/01\/24\/cadence-recrute-un-charge-dinformation-et-de-ressources-f-h\/#breadcrumb"},"inLanguage":"fr-FR","potentialAction":[{"@type":"ReadAction","target":["https:\/\/hierostrasbourg.com\/index.php\/2023\/01\/24\/cadence-recrute-un-charge-dinformation-et-de-ressources-f-h\/"]}]},{"@type":"BreadcrumbList","@id":"https:\/\/hierostrasbourg.com\/index.php\/2023\/01\/24\/cadence-recrute-un-charge-dinformation-et-de-ressources-f-h\/#breadcrumb","itemListElement":[{"@type":"ListItem","position":1,"name":"Accueil","item":"https:\/\/hierostrasbourg.com\/"},{"@type":"ListItem","position":2,"name":"CADENCE recrute un charg\u00e9 d&#8217;information et de ressources [F\/H]"}]},{"@type":"WebSite","@id":"https:\/\/hierostrasbourg.com\/#website","url":"https:\/\/hierostrasbourg.com\/","name":"HIERO STRASBOURG","description":"Centre de Ressources Musiques Actuelles","publisher":{"@id":"https:\/\/hierostrasbourg.com\/#organization"},"potentialAction":[{"@type":"SearchAction","target":{"@type":"EntryPoint","urlTemplate":"https:\/\/hierostrasbourg.com\/?s={search_term_string}"},"query-input":{"@type":"PropertyValueSpecification","valueRequired":true,"valueName":"search_term_string"}}],"inLanguage":"fr-FR"},{"@type":"Organization","@id":"https:\/\/hierostrasbourg.com\/#organization","name":"F\u00e9d\u00e9ration Hi\u00e9ro Strasbourg","url":"https:\/\/hierostrasbourg.com\/","logo":{"@type":"ImageObject","inLanguage":"fr-FR","@id":"https:\/\/hierostrasbourg.com\/#\/schema\/logo\/image\/","url":"https:\/\/hierostrasbourg.com\/wp-content\/uploads\/2026\/04\/logo-hiero-strasbourg.jpg","contentUrl":"https:\/\/hierostrasbourg.com\/wp-content\/uploads\/2026\/04\/logo-hiero-strasbourg.jpg","width":204,"height":192,"caption":"F\u00e9d\u00e9ration Hi\u00e9ro Strasbourg"},"image":{"@id":"https:\/\/hierostrasbourg.com\/#\/schema\/logo\/image\/"},"sameAs":["https:\/\/www.facebook.com\/fedehierostrasbourg","https:\/\/x.com\/hierostrasbourg"]}]}},"_links":{"self":[{"href":"https:\/\/hierostrasbourg.com\/index.php\/wp-json\/wp\/v2\/posts\/4687","targetHints":{"allow":["GET"]}}],"collection":[{"href":"https:\/\/hierostrasbourg.com\/index.php\/wp-json\/wp\/v2\/posts"}],"about":[{"href":"https:\/\/hierostrasbourg.com\/index.php\/wp-json\/wp\/v2\/types\/post"}],"replies":[{"embeddable":true,"href":"https:\/\/hierostrasbourg.com\/index.php\/wp-json\/wp\/v2\/comments?post=4687"}],"version-history":[{"count":0,"href":"https:\/\/hierostrasbourg.com\/index.php\/wp-json\/wp\/v2\/posts\/4687\/revisions"}],"wp:attachment":[{"href":"https:\/\/hierostrasbourg.com\/index.php\/wp-json\/wp\/v2\/media?parent=4687"}],"wp:term":[{"taxonomy":"category","embeddable":true,"href":"https:\/\/hierostrasbourg.com\/index.php\/wp-json\/wp\/v2\/categories?post=4687"},{"taxonomy":"post_tag","embeddable":true,"href":"https:\/\/hierostrasbourg.com\/index.php\/wp-json\/wp\/v2\/tags?post=4687"}],"curies":[{"name":"wp","href":"https:\/\/api.w.org\/{rel}","templated":true}]}}