{"id":4685,"date":"2023-01-24T16:41:25","date_gmt":"2023-01-24T15:41:25","guid":{"rendered":"https:\/\/hierostrasbourg.com\/index.php\/2023\/01\/24\/lespace-110-illzach-recrute-un-secretaire-de-direction-charge-de-production-f-h-2\/"},"modified":"2023-01-24T16:41:25","modified_gmt":"2023-01-24T15:41:25","slug":"lespace-110-illzach-recrute-un-secretaire-de-direction-charge-de-production-f-h-2","status":"publish","type":"post","link":"https:\/\/hierostrasbourg.com\/index.php\/2023\/01\/24\/lespace-110-illzach-recrute-un-secretaire-de-direction-charge-de-production-f-h-2\/","title":{"rendered":"L&rsquo;ESPACE 110 [Illzach] recrute un secr\u00e9taire de direction \u2013 charg\u00e9 de production [F\/H]"},"content":{"rendered":"<p>Lieu de culture atypique et incontournable de l\u2019agglom\u00e9ration mulhousienne et de la r\u00e9gion Grand Est, l\u2019ESPACE 110 \u2013 Centre Culturel d\u2019Illzach fait preuve d\u2019une belle diversit\u00e9 en proposant :<\/p>\n<p>une saison culturelle pluridisciplinaire, des r\u00e9sidences d\u2019artistes, un espace d\u2019exposition ;<br \/>\n130 activit\u00e9s de loisirs pour enfants, adolescents et adultes, des accueils de loisirs, une \u00e9cole de musique ;<br \/>\nun festival international de la bande dessin\u00e9e B\u00e9d\u00e9cin\u00e9 ;<br \/>\nune biblioth\u00e8que disposant de plus de 15 000 r\u00e9f\u00e9rences. Lieu de vie, de convivialit\u00e9 et de cr\u00e9ation artistique, l\u2019ESPACE 110 s\u2019est donn\u00e9 pour mission de rendre la culture et les loisirs accessibles \u00e0 tous et d\u2019accompagner les artistes, notamment les compagnies du Grand Est.<\/p>\n<h2>DESCRIPTION DU POSTE\u00a0<strong><br \/><\/strong><\/h2>\n<p>Rattach\u00e9.e \u00e0 la direction, le\/la secr\u00e9taire de direction\/charg\u00e9.e de production, assiste le Pr\u00e9sident, le Directeur et la responsable du p\u00f4le administration \u2013 gestion dans des t\u00e2ches administratives de gestion courante. Assist\u00e9.e d\u2019un.e vacataire, il\/elle s\u2019occupe \u00e9galement de l\u2019accueil des artistes (production, diffusion, r\u00e9sidences, expositions).<\/p>\n<h2>MISSIONS\u00a0<strong><br \/><\/strong><\/h2>\n<p><strong>Secr\u00e9tariat de direction<\/strong><\/p>\n<p>G\u00e9rer l\u2019agenda, le standard et les courriels de la Direction;<br \/>\nAccompagner sur des t\u00e2ches administratives (r\u00e9daction de textes, de courriers, de dossiers, etc.);<br \/>\nG\u00e9rer la vie associative (convocations, PV, gestion liste membres, etc.);<br \/>\nG\u00e9rer les invitations et actualiser le fichier contacts de la structure.<\/p>\n<p><strong>Production \/ Diffusion<\/strong><\/p>\n<p>G\u00e9rer les contrats et recueillir les informations li\u00e9es \u00e0 la venue des artistes;<br \/>\n\u00a0G\u00e9rer et coordonner l\u2019accueil des compagnies (transports, repas, h\u00e9bergements, catering);<br \/>\nAider \u00e0 la diffusion des cr\u00e9ations accueillies, des productions et des coproductions.<\/p>\n<p><strong>Expositions<\/strong><\/p>\n<p>Mettre en place le calendrier technique li\u00e9 aux expositions (montage, exposition, d\u00e9montage);<br \/>\nG\u00e9rer le transports des oeuvres, l\u2019accrochage et les invitations aux vernissages.<\/p>\n<h2>COMP\u00c9TENCES REQUISES\u00a0<strong><br \/><\/strong><\/h2>\n<p>Dynamisme, enthousiasme, curiosit\u00e9 et diplomatie<br \/>\nAdaptabilit\u00e9, autonomie et efficacit\u00e9<br \/>\nDiscr\u00e9tion, confidentialit\u00e9 et neutralit\u00e9<br \/>\nBonne connaissance du monde culturel et associatif<br \/>\nTechnique de secr\u00e9tariat et d\u2019organisation<br \/>\nCapacit\u00e9 \u00e0 mener de front plusieurs actions, grande polyvalence<\/p>\n<h2>CONDITIONS D\u2019EXERCICE\u00a0<strong><br \/><\/strong><\/h2>\n<p>Travail en \u00e9quipe \/ travail week-ends et soir\u00e9es<br \/>\nMa\u00eetrise des logiciels de bureautique<br \/>\nPermis B<\/p>\n<h2>CONDITIONS D\u2019EMBAUCHE \/MODALIT\u00c9S<\/h2>\n<p>Contrat \u00e0 dur\u00e9e d\u00e9termin\u00e9 \u00e0 temps complet (remplacement cong\u00e9 de maternit\u00e9). Statut non cadre selon<br \/>\nla grille de la convention collective nationale \u00ab\u00c9clat\u00bb (Coefficient 290 \/ Groupe C). Poste bas\u00e9 \u00e0 Illzach.<br \/><strong>Prise de fonction au 15 f\u00e9vrier 2023<\/strong>.<\/p>\n<p><strong>Merci d\u2019adresser votre candidature (lettre de motivation + CV) par mail \u00e0 l\u2019adresse <\/strong><strong>direction@espace110.org<\/strong>, au plus tard le <strong>1er f\u00e9vrier<\/strong> 2023, \u00e0 l\u2019attention de Monsieur le Directeur de l\u2019ESPACE 110 \u2013 Centre Culturel d\u2019Illzach.<\/p>\n<p>L\u2019article <a href=\"https:\/\/popburo.fr\/lespace-110-illzach-recrute-un-secretaire-de-direction-charge-de-production-f-h\/\">L&rsquo;ESPACE 110 [Illzach] recrute un secr\u00e9taire de direction \u2013 charg\u00e9 de production [F\/H]<\/a> est apparu en premier sur <a href=\"https:\/\/popburo.fr\/\">POP B\u00dcRO<\/a>.<\/p>\n","protected":false},"excerpt":{"rendered":"<p>Lieu de culture atypique et incontournable de l\u2019agglom\u00e9ration mulhousienne et de la r\u00e9gion Grand Est, l\u2019ESPACE 110 \u2013 Centre Culturel d\u2019Illzach fait preuve d\u2019une belle diversit\u00e9 en proposant : une saison culturelle pluridisciplinaire, des r\u00e9sidences d\u2019artistes, un espace d\u2019exposition ; 130 activit\u00e9s de loisirs pour enfants, adolescents et adultes, des accueils de loisirs, une \u00e9cole de musique ; un festival international de la bande dessin\u00e9e B\u00e9d\u00e9cin\u00e9 ; une biblioth\u00e8que disposant de plus de 15 000 r\u00e9f\u00e9rences. Lieu de vie, de [&hellip;]<\/p>\n","protected":false},"author":0,"featured_media":0,"comment_status":"closed","ping_status":"open","sticky":false,"template":"","format":"standard","meta":{"footnotes":""},"categories":[1],"tags":[],"class_list":["post-4685","post","type-post","status-publish","format-standard","hentry","category-non-classe"],"yoast_head":"<!-- This site is optimized with the Yoast SEO plugin v27.5 - https:\/\/yoast.com\/product\/yoast-seo-wordpress\/ -->\n<title>L&#039;ESPACE 110 [Illzach] recrute un secr\u00e9taire de direction \u2013 charg\u00e9 de production [F\/H] - HIERO STRASBOURG<\/title>\n<meta name=\"robots\" content=\"index, follow, max-snippet:-1, max-image-preview:large, max-video-preview:-1\" \/>\n<link rel=\"canonical\" href=\"https:\/\/hierostrasbourg.com\/index.php\/2023\/01\/24\/lespace-110-illzach-recrute-un-secretaire-de-direction-charge-de-production-f-h-2\/\" \/>\n<meta property=\"og:locale\" content=\"fr_FR\" \/>\n<meta property=\"og:type\" content=\"article\" \/>\n<meta property=\"og:title\" content=\"L&#039;ESPACE 110 [Illzach] recrute un secr\u00e9taire de direction \u2013 charg\u00e9 de production [F\/H] - HIERO STRASBOURG\" \/>\n<meta property=\"og:description\" content=\"Lieu de culture atypique et incontournable de l\u2019agglom\u00e9ration mulhousienne et de la r\u00e9gion Grand Est, l\u2019ESPACE 110 \u2013 Centre Culturel d\u2019Illzach fait preuve d\u2019une belle diversit\u00e9 en proposant : une saison culturelle pluridisciplinaire, des r\u00e9sidences d\u2019artistes, un espace d\u2019exposition ; 130 activit\u00e9s de loisirs pour enfants, adolescents et adultes, des accueils de loisirs, une \u00e9cole de musique ; un festival international de la bande dessin\u00e9e B\u00e9d\u00e9cin\u00e9 ; une biblioth\u00e8que disposant de plus de 15 000 r\u00e9f\u00e9rences. Lieu de vie, de [&hellip;]\" \/>\n<meta property=\"og:url\" content=\"https:\/\/hierostrasbourg.com\/index.php\/2023\/01\/24\/lespace-110-illzach-recrute-un-secretaire-de-direction-charge-de-production-f-h-2\/\" \/>\n<meta property=\"og:site_name\" content=\"HIERO STRASBOURG\" \/>\n<meta property=\"article:publisher\" content=\"https:\/\/www.facebook.com\/fedehierostrasbourg\" \/>\n<meta property=\"article:published_time\" content=\"2023-01-24T15:41:25+00:00\" \/>\n<meta name=\"twitter:card\" content=\"summary_large_image\" \/>\n<meta name=\"twitter:creator\" content=\"@hierostrasbourg\" \/>\n<meta name=\"twitter:site\" content=\"@hierostrasbourg\" \/>\n<meta name=\"twitter:label1\" content=\"Dur\u00e9e de lecture estim\u00e9e\" \/>\n\t<meta name=\"twitter:data1\" content=\"2 minutes\" \/>\n<script type=\"application\/ld+json\" class=\"yoast-schema-graph\">{\"@context\":\"https:\\\/\\\/schema.org\",\"@graph\":[{\"@type\":\"Article\",\"@id\":\"https:\\\/\\\/hierostrasbourg.com\\\/index.php\\\/2023\\\/01\\\/24\\\/lespace-110-illzach-recrute-un-secretaire-de-direction-charge-de-production-f-h-2\\\/#article\",\"isPartOf\":{\"@id\":\"https:\\\/\\\/hierostrasbourg.com\\\/index.php\\\/2023\\\/01\\\/24\\\/lespace-110-illzach-recrute-un-secretaire-de-direction-charge-de-production-f-h-2\\\/\"},\"author\":{\"name\":\"\",\"@id\":\"\"},\"headline\":\"L&rsquo;ESPACE 110 [Illzach] recrute un secr\u00e9taire de direction \u2013 charg\u00e9 de production [F\\\/H]\",\"datePublished\":\"2023-01-24T15:41:25+00:00\",\"mainEntityOfPage\":{\"@id\":\"https:\\\/\\\/hierostrasbourg.com\\\/index.php\\\/2023\\\/01\\\/24\\\/lespace-110-illzach-recrute-un-secretaire-de-direction-charge-de-production-f-h-2\\\/\"},\"wordCount\":475,\"publisher\":{\"@id\":\"https:\\\/\\\/hierostrasbourg.com\\\/#organization\"},\"inLanguage\":\"fr-FR\"},{\"@type\":\"WebPage\",\"@id\":\"https:\\\/\\\/hierostrasbourg.com\\\/index.php\\\/2023\\\/01\\\/24\\\/lespace-110-illzach-recrute-un-secretaire-de-direction-charge-de-production-f-h-2\\\/\",\"url\":\"https:\\\/\\\/hierostrasbourg.com\\\/index.php\\\/2023\\\/01\\\/24\\\/lespace-110-illzach-recrute-un-secretaire-de-direction-charge-de-production-f-h-2\\\/\",\"name\":\"L'ESPACE 110 [Illzach] recrute un secr\u00e9taire de direction \u2013 charg\u00e9 de production [F\\\/H] - HIERO STRASBOURG\",\"isPartOf\":{\"@id\":\"https:\\\/\\\/hierostrasbourg.com\\\/#website\"},\"datePublished\":\"2023-01-24T15:41:25+00:00\",\"breadcrumb\":{\"@id\":\"https:\\\/\\\/hierostrasbourg.com\\\/index.php\\\/2023\\\/01\\\/24\\\/lespace-110-illzach-recrute-un-secretaire-de-direction-charge-de-production-f-h-2\\\/#breadcrumb\"},\"inLanguage\":\"fr-FR\",\"potentialAction\":[{\"@type\":\"ReadAction\",\"target\":[\"https:\\\/\\\/hierostrasbourg.com\\\/index.php\\\/2023\\\/01\\\/24\\\/lespace-110-illzach-recrute-un-secretaire-de-direction-charge-de-production-f-h-2\\\/\"]}]},{\"@type\":\"BreadcrumbList\",\"@id\":\"https:\\\/\\\/hierostrasbourg.com\\\/index.php\\\/2023\\\/01\\\/24\\\/lespace-110-illzach-recrute-un-secretaire-de-direction-charge-de-production-f-h-2\\\/#breadcrumb\",\"itemListElement\":[{\"@type\":\"ListItem\",\"position\":1,\"name\":\"Accueil\",\"item\":\"https:\\\/\\\/hierostrasbourg.com\\\/\"},{\"@type\":\"ListItem\",\"position\":2,\"name\":\"L&#8217;ESPACE 110 [Illzach] recrute un secr\u00e9taire de direction \u2013 charg\u00e9 de production [F\\\/H]\"}]},{\"@type\":\"WebSite\",\"@id\":\"https:\\\/\\\/hierostrasbourg.com\\\/#website\",\"url\":\"https:\\\/\\\/hierostrasbourg.com\\\/\",\"name\":\"HIERO STRASBOURG\",\"description\":\"Centre de Ressources Musiques Actuelles\",\"publisher\":{\"@id\":\"https:\\\/\\\/hierostrasbourg.com\\\/#organization\"},\"potentialAction\":[{\"@type\":\"SearchAction\",\"target\":{\"@type\":\"EntryPoint\",\"urlTemplate\":\"https:\\\/\\\/hierostrasbourg.com\\\/?s={search_term_string}\"},\"query-input\":{\"@type\":\"PropertyValueSpecification\",\"valueRequired\":true,\"valueName\":\"search_term_string\"}}],\"inLanguage\":\"fr-FR\"},{\"@type\":\"Organization\",\"@id\":\"https:\\\/\\\/hierostrasbourg.com\\\/#organization\",\"name\":\"F\u00e9d\u00e9ration Hi\u00e9ro Strasbourg\",\"url\":\"https:\\\/\\\/hierostrasbourg.com\\\/\",\"logo\":{\"@type\":\"ImageObject\",\"inLanguage\":\"fr-FR\",\"@id\":\"https:\\\/\\\/hierostrasbourg.com\\\/#\\\/schema\\\/logo\\\/image\\\/\",\"url\":\"https:\\\/\\\/hierostrasbourg.com\\\/wp-content\\\/uploads\\\/2026\\\/04\\\/logo-hiero-strasbourg.jpg\",\"contentUrl\":\"https:\\\/\\\/hierostrasbourg.com\\\/wp-content\\\/uploads\\\/2026\\\/04\\\/logo-hiero-strasbourg.jpg\",\"width\":204,\"height\":192,\"caption\":\"F\u00e9d\u00e9ration Hi\u00e9ro Strasbourg\"},\"image\":{\"@id\":\"https:\\\/\\\/hierostrasbourg.com\\\/#\\\/schema\\\/logo\\\/image\\\/\"},\"sameAs\":[\"https:\\\/\\\/www.facebook.com\\\/fedehierostrasbourg\",\"https:\\\/\\\/x.com\\\/hierostrasbourg\"]}]}<\/script>\n<!-- \/ Yoast SEO plugin. -->","yoast_head_json":{"title":"L'ESPACE 110 [Illzach] recrute un secr\u00e9taire de direction \u2013 charg\u00e9 de production [F\/H] - HIERO STRASBOURG","robots":{"index":"index","follow":"follow","max-snippet":"max-snippet:-1","max-image-preview":"max-image-preview:large","max-video-preview":"max-video-preview:-1"},"canonical":"https:\/\/hierostrasbourg.com\/index.php\/2023\/01\/24\/lespace-110-illzach-recrute-un-secretaire-de-direction-charge-de-production-f-h-2\/","og_locale":"fr_FR","og_type":"article","og_title":"L'ESPACE 110 [Illzach] recrute un secr\u00e9taire de direction \u2013 charg\u00e9 de production [F\/H] - HIERO STRASBOURG","og_description":"Lieu de culture atypique et incontournable de l\u2019agglom\u00e9ration mulhousienne et de la r\u00e9gion Grand Est, l\u2019ESPACE 110 \u2013 Centre Culturel d\u2019Illzach fait preuve d\u2019une belle diversit\u00e9 en proposant : une saison culturelle pluridisciplinaire, des r\u00e9sidences d\u2019artistes, un espace d\u2019exposition ; 130 activit\u00e9s de loisirs pour enfants, adolescents et adultes, des accueils de loisirs, une \u00e9cole de musique ; un festival international de la bande dessin\u00e9e B\u00e9d\u00e9cin\u00e9 ; une biblioth\u00e8que disposant de plus de 15 000 r\u00e9f\u00e9rences. Lieu de vie, de [&hellip;]","og_url":"https:\/\/hierostrasbourg.com\/index.php\/2023\/01\/24\/lespace-110-illzach-recrute-un-secretaire-de-direction-charge-de-production-f-h-2\/","og_site_name":"HIERO STRASBOURG","article_publisher":"https:\/\/www.facebook.com\/fedehierostrasbourg","article_published_time":"2023-01-24T15:41:25+00:00","twitter_card":"summary_large_image","twitter_creator":"@hierostrasbourg","twitter_site":"@hierostrasbourg","twitter_misc":{"Dur\u00e9e de lecture estim\u00e9e":"2 minutes"},"schema":{"@context":"https:\/\/schema.org","@graph":[{"@type":"Article","@id":"https:\/\/hierostrasbourg.com\/index.php\/2023\/01\/24\/lespace-110-illzach-recrute-un-secretaire-de-direction-charge-de-production-f-h-2\/#article","isPartOf":{"@id":"https:\/\/hierostrasbourg.com\/index.php\/2023\/01\/24\/lespace-110-illzach-recrute-un-secretaire-de-direction-charge-de-production-f-h-2\/"},"author":{"name":"","@id":""},"headline":"L&rsquo;ESPACE 110 [Illzach] recrute un secr\u00e9taire de direction \u2013 charg\u00e9 de production [F\/H]","datePublished":"2023-01-24T15:41:25+00:00","mainEntityOfPage":{"@id":"https:\/\/hierostrasbourg.com\/index.php\/2023\/01\/24\/lespace-110-illzach-recrute-un-secretaire-de-direction-charge-de-production-f-h-2\/"},"wordCount":475,"publisher":{"@id":"https:\/\/hierostrasbourg.com\/#organization"},"inLanguage":"fr-FR"},{"@type":"WebPage","@id":"https:\/\/hierostrasbourg.com\/index.php\/2023\/01\/24\/lespace-110-illzach-recrute-un-secretaire-de-direction-charge-de-production-f-h-2\/","url":"https:\/\/hierostrasbourg.com\/index.php\/2023\/01\/24\/lespace-110-illzach-recrute-un-secretaire-de-direction-charge-de-production-f-h-2\/","name":"L'ESPACE 110 [Illzach] recrute un secr\u00e9taire de direction \u2013 charg\u00e9 de production [F\/H] - HIERO STRASBOURG","isPartOf":{"@id":"https:\/\/hierostrasbourg.com\/#website"},"datePublished":"2023-01-24T15:41:25+00:00","breadcrumb":{"@id":"https:\/\/hierostrasbourg.com\/index.php\/2023\/01\/24\/lespace-110-illzach-recrute-un-secretaire-de-direction-charge-de-production-f-h-2\/#breadcrumb"},"inLanguage":"fr-FR","potentialAction":[{"@type":"ReadAction","target":["https:\/\/hierostrasbourg.com\/index.php\/2023\/01\/24\/lespace-110-illzach-recrute-un-secretaire-de-direction-charge-de-production-f-h-2\/"]}]},{"@type":"BreadcrumbList","@id":"https:\/\/hierostrasbourg.com\/index.php\/2023\/01\/24\/lespace-110-illzach-recrute-un-secretaire-de-direction-charge-de-production-f-h-2\/#breadcrumb","itemListElement":[{"@type":"ListItem","position":1,"name":"Accueil","item":"https:\/\/hierostrasbourg.com\/"},{"@type":"ListItem","position":2,"name":"L&#8217;ESPACE 110 [Illzach] recrute un secr\u00e9taire de direction \u2013 charg\u00e9 de production [F\/H]"}]},{"@type":"WebSite","@id":"https:\/\/hierostrasbourg.com\/#website","url":"https:\/\/hierostrasbourg.com\/","name":"HIERO STRASBOURG","description":"Centre de Ressources Musiques Actuelles","publisher":{"@id":"https:\/\/hierostrasbourg.com\/#organization"},"potentialAction":[{"@type":"SearchAction","target":{"@type":"EntryPoint","urlTemplate":"https:\/\/hierostrasbourg.com\/?s={search_term_string}"},"query-input":{"@type":"PropertyValueSpecification","valueRequired":true,"valueName":"search_term_string"}}],"inLanguage":"fr-FR"},{"@type":"Organization","@id":"https:\/\/hierostrasbourg.com\/#organization","name":"F\u00e9d\u00e9ration Hi\u00e9ro Strasbourg","url":"https:\/\/hierostrasbourg.com\/","logo":{"@type":"ImageObject","inLanguage":"fr-FR","@id":"https:\/\/hierostrasbourg.com\/#\/schema\/logo\/image\/","url":"https:\/\/hierostrasbourg.com\/wp-content\/uploads\/2026\/04\/logo-hiero-strasbourg.jpg","contentUrl":"https:\/\/hierostrasbourg.com\/wp-content\/uploads\/2026\/04\/logo-hiero-strasbourg.jpg","width":204,"height":192,"caption":"F\u00e9d\u00e9ration Hi\u00e9ro Strasbourg"},"image":{"@id":"https:\/\/hierostrasbourg.com\/#\/schema\/logo\/image\/"},"sameAs":["https:\/\/www.facebook.com\/fedehierostrasbourg","https:\/\/x.com\/hierostrasbourg"]}]}},"_links":{"self":[{"href":"https:\/\/hierostrasbourg.com\/index.php\/wp-json\/wp\/v2\/posts\/4685","targetHints":{"allow":["GET"]}}],"collection":[{"href":"https:\/\/hierostrasbourg.com\/index.php\/wp-json\/wp\/v2\/posts"}],"about":[{"href":"https:\/\/hierostrasbourg.com\/index.php\/wp-json\/wp\/v2\/types\/post"}],"replies":[{"embeddable":true,"href":"https:\/\/hierostrasbourg.com\/index.php\/wp-json\/wp\/v2\/comments?post=4685"}],"version-history":[{"count":0,"href":"https:\/\/hierostrasbourg.com\/index.php\/wp-json\/wp\/v2\/posts\/4685\/revisions"}],"wp:attachment":[{"href":"https:\/\/hierostrasbourg.com\/index.php\/wp-json\/wp\/v2\/media?parent=4685"}],"wp:term":[{"taxonomy":"category","embeddable":true,"href":"https:\/\/hierostrasbourg.com\/index.php\/wp-json\/wp\/v2\/categories?post=4685"},{"taxonomy":"post_tag","embeddable":true,"href":"https:\/\/hierostrasbourg.com\/index.php\/wp-json\/wp\/v2\/tags?post=4685"}],"curies":[{"name":"wp","href":"https:\/\/api.w.org\/{rel}","templated":true}]}}