{"id":4680,"date":"2023-01-23T17:40:22","date_gmt":"2023-01-23T16:40:22","guid":{"rendered":"https:\/\/hierostrasbourg.com\/index.php\/2023\/01\/23\/lorchestre-philharmonique-de-strasbourg-recrute-un-regisseur-general-f-h-4\/"},"modified":"2023-01-23T17:40:22","modified_gmt":"2023-01-23T16:40:22","slug":"lorchestre-philharmonique-de-strasbourg-recrute-un-regisseur-general-f-h-4","status":"publish","type":"post","link":"https:\/\/hierostrasbourg.com\/index.php\/2023\/01\/23\/lorchestre-philharmonique-de-strasbourg-recrute-un-regisseur-general-f-h-4\/","title":{"rendered":"L&rsquo;ORCHESTRE PHILHARMONIQUE DE STRASBOURG recrute un r\u00e9gisseur g\u00e9n\u00e9ral [F\/H]"},"content":{"rendered":"<p>L\u2019Orchestre philharmonique de Strasbourg compte parmi les formations majeures en France. Fort de 110 musiciens perp\u00e9tuant sa double tradition fran\u00e7aise et germanique, plac\u00e9 depuis septembre 2021 sous la direction musicale d\u2019Aziz Shokhakimov, il porte un projet ambitieux autour de la musique symphonique avec plus de 100 concerts par an et pas loin de 100\u00a0000 spectateurs. Outre son activit\u00e9 propre, il contribue \u00e0 la saison lyrique et chor\u00e9graphique de l\u2019Op\u00e9ra national du Rhin.<\/p>\n<p>Il place le d\u00e9veloppement des publics au c\u0153ur de son projet, notamment par des concerts d\u00e9centralis\u00e9s, des nouveaux formats de concerts et une large palette d\u2019actions culturelles \u00e0 destination de tous les publics. Il m\u00e8ne \u00e9galement une politique audiovisuelle active gr\u00e2ce \u00e0 de nombreux partenaires m\u00e9dias qui lui assurent une visibilit\u00e9 nationale et internationale.<\/p>\n<h2>Missions g\u00e9n\u00e9rales et responsabilit\u00e9s<\/h2>\n<p>Plac\u00e9 sous l\u2019autorit\u00e9 de la directrice de production, le-la r\u00e9gisseur.euse g\u00e9n\u00e9ral.e met en \u0153uvre, avec l\u2019\u00e9quipe de r\u00e9gie qu\u2019il-elle encadre, les moyens humains, logistiques et techniques n\u00e9cessaires \u00e0 la r\u00e9alisation des manifestations et activit\u00e9s produites par l\u2019Orchestre philharmonique \u00e0 Strasbourg et en d\u00e9placement<\/p>\n<h4>Activit\u00e9s<\/h4>\n<p>Le poste s\u2019articule autour de trois champs d\u2019intervention :<\/p>\n<p><strong>Mise en \u0153uvre technique et logistique, avec l\u2019\u00e9quipe de r\u00e9gie, de chaque production :<\/strong><\/p>\n<p>\u00e9tablir les fiches techniques<br \/>\nsuperviser l\u2019\u00e9tablissement des plans de sc\u00e8ne et l\u2019installation du plateau<br \/>\ncoordonner les prestataires ext\u00e9rieurs<br \/>\nsuperviser les aspects logistiques (location des instruments, transport du mat\u00e9riel, r\u00e9servation de v\u00e9hicules, etc.)<\/p>\n<p><strong>Gestion des musiciens \u00e0 partir du planning g\u00e9n\u00e9ral et dans le respect du r\u00e8glement int\u00e9rieur:<\/strong><\/p>\n<p>veiller \u00e0 la bonne r\u00e9partition des services des musiciens<br \/>\nidentifier les besoins en engagement des musiciens suppl\u00e9mententaires<br \/>\nsuivre les demandes de cong\u00e9s et d\u2019instruments sp\u00e9ciaux<\/p>\n<p><strong>Occupation du b\u00e2timent et gestion des biens de l\u2019Orchestre\u00a0:<\/strong><\/p>\n<p>assurer l\u2019interface avec le gestionnaire du b\u00e2timent\u00a0pour la maintenance des locaux<br \/>\nveiller au respect des r\u00e8gles en mati\u00e8re de s\u00e9curit\u00e9<br \/>\nsuperviser la gestion du parc instrumental, mobilier et v\u00e9hicule de l\u2019Orchestre<\/p>\n<p>Il-elle encadre, coordonne et \u00e9value l\u2019\u00e9quipe de r\u00e9gie (4 agents) et identifie les \u00e9ventuels besoins de techniciens.nes suppl\u00e9mentaires.<\/p>\n<p>Il-elle assure ponctuellement la fonction de r\u00e9gisseur d\u2019avance pour la r\u00e9gie des tourn\u00e9es.<\/p>\n<h2>Profil<\/h2>\n<p>Formation bac + 3 minimum (formation technique aux m\u00e9tiers des arts.), avec exp\u00e9rience similaire de minimum 3 ans au sein d\u2019un orchestre symphonique<br \/>\nConnaissance du cadre r\u00e9glementaire et technique de la r\u00e9gie d\u2019orchestre<br \/>\nMa\u00eetrise de l\u2019outil informatique (pack Office, logiciels sp\u00e9cifiques de gestion de r\u00e9gie : OPAS, Autocad, etc.)<br \/>\nPratique de l\u2019anglais ; la pratique de l\u2019allemand est un plus<br \/>\nSavoir f\u00e9d\u00e9rer une \u00e9quipe<br \/>\nCapacit\u00e9 de coordination, d\u2019anticipation et de maitrise de d\u00e9lais<br \/>\nCapacit\u00e9 \u00e0 prendre des initiatives appropri\u00e9es en situation d\u2019urgence<br \/>\nCapacit\u00e9 \u00e0 n\u00e9gocier<br \/>\nBonne capacit\u00e9 r\u00e9dactionnelle, d\u2019analyse et de synth\u00e8se<br \/>\nQualit\u00e9s relationnelles et sens de la diplomatie<\/p>\n<h2>Conditions d\u2019exercice<\/h2>\n<p>Poste \u00e0 temps complet (35h), horaires variables, travail fr\u00e9quent en soir\u00e9e et le week-end selon la programmation de l\u2019Orchestre, d\u00e9placements en France et \u00e0 l\u2019\u00e9tranger<\/p>\n<p>Type de recrutement\u00a0: fonctionnaire ou, \u00e0 d\u00e9faut, contractuel de droit public (CDD d\u2019une dur\u00e9e de 3 ans), cat\u00e9gorie A<\/p>\n<p><strong>Avantages li\u00e9s au poste :<\/strong><\/p>\n<p>T\u00e9l\u00e9travail possible avec versement forfait t\u00e9l\u00e9travail<br \/>\nParticipation de l\u2019Orchestre aux frais de transport et de repas au restaurant administratif<br \/>\nVersement forfait mobilit\u00e9 durable<br \/>\nParticipation de l\u2019Orchestre possible \u00e0 la couverture mutuelle<br \/>\nPrestations d\u2019action sociale propos\u00e9es par le CNAS<br \/>\nTarifs pr\u00e9f\u00e9rentiels pour certains \u00e9tablissements culturels et sportifs<\/p>\n<p>Pour postuler \u00e0 cette offre, merci d\u2019envoyer CV et lettre de motivation \u00e0 l\u2019adresse suivante : ops-rh@strasbourg.eu<\/p>\n<p>Format demand\u00e9\u00a0: NOM_Pr\u00e9nom_CV.pdf\u00a0; NOM_Pr\u00e9nom_LM.pdf<\/p>\n<p>Date de cl\u00f4ture\u00a0: 19 f\u00e9vrier 2023<\/p>\n<p>L\u2019article <a href=\"https:\/\/popburo.fr\/lorchestre-philharmonique-de-strasbourg-recrute-un-regisseur-general-f-h-3\/\">L&rsquo;ORCHESTRE PHILHARMONIQUE DE STRASBOURG recrute un r\u00e9gisseur g\u00e9n\u00e9ral [F\/H]<\/a> est apparu en premier sur <a href=\"https:\/\/popburo.fr\/\">POP B\u00dcRO<\/a>.<\/p>\n","protected":false},"excerpt":{"rendered":"<p>L\u2019Orchestre philharmonique de Strasbourg compte parmi les formations majeures en France. Fort de 110 musiciens perp\u00e9tuant sa double tradition fran\u00e7aise et germanique, plac\u00e9 depuis septembre 2021 sous la direction musicale d\u2019Aziz Shokhakimov, il porte un projet ambitieux autour de la musique symphonique avec plus de 100 concerts par an et pas loin de 100\u00a0000 spectateurs. Outre son activit\u00e9 propre, il contribue \u00e0 la saison lyrique et chor\u00e9graphique de l\u2019Op\u00e9ra national du Rhin. Il place le d\u00e9veloppement des publics au c\u0153ur [&hellip;]<\/p>\n","protected":false},"author":0,"featured_media":0,"comment_status":"closed","ping_status":"open","sticky":false,"template":"","format":"standard","meta":{"footnotes":""},"categories":[1],"tags":[],"class_list":["post-4680","post","type-post","status-publish","format-standard","hentry","category-non-classe"],"yoast_head":"<!-- This site is optimized with the Yoast SEO plugin v27.5 - https:\/\/yoast.com\/product\/yoast-seo-wordpress\/ -->\n<title>L&#039;ORCHESTRE PHILHARMONIQUE DE STRASBOURG recrute un r\u00e9gisseur g\u00e9n\u00e9ral [F\/H] - HIERO STRASBOURG<\/title>\n<meta name=\"robots\" content=\"index, follow, max-snippet:-1, max-image-preview:large, max-video-preview:-1\" \/>\n<link rel=\"canonical\" href=\"https:\/\/hierostrasbourg.com\/index.php\/2023\/01\/23\/lorchestre-philharmonique-de-strasbourg-recrute-un-regisseur-general-f-h-4\/\" \/>\n<meta property=\"og:locale\" content=\"fr_FR\" \/>\n<meta property=\"og:type\" content=\"article\" \/>\n<meta property=\"og:title\" content=\"L&#039;ORCHESTRE PHILHARMONIQUE DE STRASBOURG recrute un r\u00e9gisseur g\u00e9n\u00e9ral [F\/H] - HIERO STRASBOURG\" \/>\n<meta property=\"og:description\" content=\"L\u2019Orchestre philharmonique de Strasbourg compte parmi les formations majeures en France. Fort de 110 musiciens perp\u00e9tuant sa double tradition fran\u00e7aise et germanique, plac\u00e9 depuis septembre 2021 sous la direction musicale d\u2019Aziz Shokhakimov, il porte un projet ambitieux autour de la musique symphonique avec plus de 100 concerts par an et pas loin de 100\u00a0000 spectateurs. Outre son activit\u00e9 propre, il contribue \u00e0 la saison lyrique et chor\u00e9graphique de l\u2019Op\u00e9ra national du Rhin. Il place le d\u00e9veloppement des publics au c\u0153ur [&hellip;]\" \/>\n<meta property=\"og:url\" content=\"https:\/\/hierostrasbourg.com\/index.php\/2023\/01\/23\/lorchestre-philharmonique-de-strasbourg-recrute-un-regisseur-general-f-h-4\/\" \/>\n<meta property=\"og:site_name\" content=\"HIERO STRASBOURG\" \/>\n<meta property=\"article:publisher\" content=\"https:\/\/www.facebook.com\/fedehierostrasbourg\" \/>\n<meta property=\"article:published_time\" content=\"2023-01-23T16:40:22+00:00\" \/>\n<meta name=\"twitter:card\" content=\"summary_large_image\" \/>\n<meta name=\"twitter:creator\" content=\"@hierostrasbourg\" \/>\n<meta name=\"twitter:site\" content=\"@hierostrasbourg\" \/>\n<meta name=\"twitter:label1\" content=\"Dur\u00e9e de lecture estim\u00e9e\" \/>\n\t<meta name=\"twitter:data1\" content=\"3 minutes\" \/>\n<script type=\"application\/ld+json\" class=\"yoast-schema-graph\">{\"@context\":\"https:\\\/\\\/schema.org\",\"@graph\":[{\"@type\":\"Article\",\"@id\":\"https:\\\/\\\/hierostrasbourg.com\\\/index.php\\\/2023\\\/01\\\/23\\\/lorchestre-philharmonique-de-strasbourg-recrute-un-regisseur-general-f-h-4\\\/#article\",\"isPartOf\":{\"@id\":\"https:\\\/\\\/hierostrasbourg.com\\\/index.php\\\/2023\\\/01\\\/23\\\/lorchestre-philharmonique-de-strasbourg-recrute-un-regisseur-general-f-h-4\\\/\"},\"author\":{\"name\":\"\",\"@id\":\"\"},\"headline\":\"L&rsquo;ORCHESTRE PHILHARMONIQUE DE STRASBOURG recrute un r\u00e9gisseur g\u00e9n\u00e9ral [F\\\/H]\",\"datePublished\":\"2023-01-23T16:40:22+00:00\",\"mainEntityOfPage\":{\"@id\":\"https:\\\/\\\/hierostrasbourg.com\\\/index.php\\\/2023\\\/01\\\/23\\\/lorchestre-philharmonique-de-strasbourg-recrute-un-regisseur-general-f-h-4\\\/\"},\"wordCount\":699,\"publisher\":{\"@id\":\"https:\\\/\\\/hierostrasbourg.com\\\/#organization\"},\"inLanguage\":\"fr-FR\"},{\"@type\":\"WebPage\",\"@id\":\"https:\\\/\\\/hierostrasbourg.com\\\/index.php\\\/2023\\\/01\\\/23\\\/lorchestre-philharmonique-de-strasbourg-recrute-un-regisseur-general-f-h-4\\\/\",\"url\":\"https:\\\/\\\/hierostrasbourg.com\\\/index.php\\\/2023\\\/01\\\/23\\\/lorchestre-philharmonique-de-strasbourg-recrute-un-regisseur-general-f-h-4\\\/\",\"name\":\"L'ORCHESTRE PHILHARMONIQUE DE STRASBOURG recrute un r\u00e9gisseur g\u00e9n\u00e9ral [F\\\/H] - HIERO STRASBOURG\",\"isPartOf\":{\"@id\":\"https:\\\/\\\/hierostrasbourg.com\\\/#website\"},\"datePublished\":\"2023-01-23T16:40:22+00:00\",\"breadcrumb\":{\"@id\":\"https:\\\/\\\/hierostrasbourg.com\\\/index.php\\\/2023\\\/01\\\/23\\\/lorchestre-philharmonique-de-strasbourg-recrute-un-regisseur-general-f-h-4\\\/#breadcrumb\"},\"inLanguage\":\"fr-FR\",\"potentialAction\":[{\"@type\":\"ReadAction\",\"target\":[\"https:\\\/\\\/hierostrasbourg.com\\\/index.php\\\/2023\\\/01\\\/23\\\/lorchestre-philharmonique-de-strasbourg-recrute-un-regisseur-general-f-h-4\\\/\"]}]},{\"@type\":\"BreadcrumbList\",\"@id\":\"https:\\\/\\\/hierostrasbourg.com\\\/index.php\\\/2023\\\/01\\\/23\\\/lorchestre-philharmonique-de-strasbourg-recrute-un-regisseur-general-f-h-4\\\/#breadcrumb\",\"itemListElement\":[{\"@type\":\"ListItem\",\"position\":1,\"name\":\"Accueil\",\"item\":\"https:\\\/\\\/hierostrasbourg.com\\\/\"},{\"@type\":\"ListItem\",\"position\":2,\"name\":\"L&#8217;ORCHESTRE PHILHARMONIQUE DE STRASBOURG recrute un r\u00e9gisseur g\u00e9n\u00e9ral [F\\\/H]\"}]},{\"@type\":\"WebSite\",\"@id\":\"https:\\\/\\\/hierostrasbourg.com\\\/#website\",\"url\":\"https:\\\/\\\/hierostrasbourg.com\\\/\",\"name\":\"HIERO STRASBOURG\",\"description\":\"Centre de Ressources Musiques Actuelles\",\"publisher\":{\"@id\":\"https:\\\/\\\/hierostrasbourg.com\\\/#organization\"},\"potentialAction\":[{\"@type\":\"SearchAction\",\"target\":{\"@type\":\"EntryPoint\",\"urlTemplate\":\"https:\\\/\\\/hierostrasbourg.com\\\/?s={search_term_string}\"},\"query-input\":{\"@type\":\"PropertyValueSpecification\",\"valueRequired\":true,\"valueName\":\"search_term_string\"}}],\"inLanguage\":\"fr-FR\"},{\"@type\":\"Organization\",\"@id\":\"https:\\\/\\\/hierostrasbourg.com\\\/#organization\",\"name\":\"F\u00e9d\u00e9ration Hi\u00e9ro Strasbourg\",\"url\":\"https:\\\/\\\/hierostrasbourg.com\\\/\",\"logo\":{\"@type\":\"ImageObject\",\"inLanguage\":\"fr-FR\",\"@id\":\"https:\\\/\\\/hierostrasbourg.com\\\/#\\\/schema\\\/logo\\\/image\\\/\",\"url\":\"https:\\\/\\\/hierostrasbourg.com\\\/wp-content\\\/uploads\\\/2026\\\/04\\\/logo-hiero-strasbourg.jpg\",\"contentUrl\":\"https:\\\/\\\/hierostrasbourg.com\\\/wp-content\\\/uploads\\\/2026\\\/04\\\/logo-hiero-strasbourg.jpg\",\"width\":204,\"height\":192,\"caption\":\"F\u00e9d\u00e9ration Hi\u00e9ro Strasbourg\"},\"image\":{\"@id\":\"https:\\\/\\\/hierostrasbourg.com\\\/#\\\/schema\\\/logo\\\/image\\\/\"},\"sameAs\":[\"https:\\\/\\\/www.facebook.com\\\/fedehierostrasbourg\",\"https:\\\/\\\/x.com\\\/hierostrasbourg\"]}]}<\/script>\n<!-- \/ Yoast SEO plugin. -->","yoast_head_json":{"title":"L'ORCHESTRE PHILHARMONIQUE DE STRASBOURG recrute un r\u00e9gisseur g\u00e9n\u00e9ral [F\/H] - HIERO STRASBOURG","robots":{"index":"index","follow":"follow","max-snippet":"max-snippet:-1","max-image-preview":"max-image-preview:large","max-video-preview":"max-video-preview:-1"},"canonical":"https:\/\/hierostrasbourg.com\/index.php\/2023\/01\/23\/lorchestre-philharmonique-de-strasbourg-recrute-un-regisseur-general-f-h-4\/","og_locale":"fr_FR","og_type":"article","og_title":"L'ORCHESTRE PHILHARMONIQUE DE STRASBOURG recrute un r\u00e9gisseur g\u00e9n\u00e9ral [F\/H] - HIERO STRASBOURG","og_description":"L\u2019Orchestre philharmonique de Strasbourg compte parmi les formations majeures en France. Fort de 110 musiciens perp\u00e9tuant sa double tradition fran\u00e7aise et germanique, plac\u00e9 depuis septembre 2021 sous la direction musicale d\u2019Aziz Shokhakimov, il porte un projet ambitieux autour de la musique symphonique avec plus de 100 concerts par an et pas loin de 100\u00a0000 spectateurs. Outre son activit\u00e9 propre, il contribue \u00e0 la saison lyrique et chor\u00e9graphique de l\u2019Op\u00e9ra national du Rhin. Il place le d\u00e9veloppement des publics au c\u0153ur [&hellip;]","og_url":"https:\/\/hierostrasbourg.com\/index.php\/2023\/01\/23\/lorchestre-philharmonique-de-strasbourg-recrute-un-regisseur-general-f-h-4\/","og_site_name":"HIERO STRASBOURG","article_publisher":"https:\/\/www.facebook.com\/fedehierostrasbourg","article_published_time":"2023-01-23T16:40:22+00:00","twitter_card":"summary_large_image","twitter_creator":"@hierostrasbourg","twitter_site":"@hierostrasbourg","twitter_misc":{"Dur\u00e9e de lecture estim\u00e9e":"3 minutes"},"schema":{"@context":"https:\/\/schema.org","@graph":[{"@type":"Article","@id":"https:\/\/hierostrasbourg.com\/index.php\/2023\/01\/23\/lorchestre-philharmonique-de-strasbourg-recrute-un-regisseur-general-f-h-4\/#article","isPartOf":{"@id":"https:\/\/hierostrasbourg.com\/index.php\/2023\/01\/23\/lorchestre-philharmonique-de-strasbourg-recrute-un-regisseur-general-f-h-4\/"},"author":{"name":"","@id":""},"headline":"L&rsquo;ORCHESTRE PHILHARMONIQUE DE STRASBOURG recrute un r\u00e9gisseur g\u00e9n\u00e9ral [F\/H]","datePublished":"2023-01-23T16:40:22+00:00","mainEntityOfPage":{"@id":"https:\/\/hierostrasbourg.com\/index.php\/2023\/01\/23\/lorchestre-philharmonique-de-strasbourg-recrute-un-regisseur-general-f-h-4\/"},"wordCount":699,"publisher":{"@id":"https:\/\/hierostrasbourg.com\/#organization"},"inLanguage":"fr-FR"},{"@type":"WebPage","@id":"https:\/\/hierostrasbourg.com\/index.php\/2023\/01\/23\/lorchestre-philharmonique-de-strasbourg-recrute-un-regisseur-general-f-h-4\/","url":"https:\/\/hierostrasbourg.com\/index.php\/2023\/01\/23\/lorchestre-philharmonique-de-strasbourg-recrute-un-regisseur-general-f-h-4\/","name":"L'ORCHESTRE PHILHARMONIQUE DE STRASBOURG recrute un r\u00e9gisseur g\u00e9n\u00e9ral [F\/H] - HIERO STRASBOURG","isPartOf":{"@id":"https:\/\/hierostrasbourg.com\/#website"},"datePublished":"2023-01-23T16:40:22+00:00","breadcrumb":{"@id":"https:\/\/hierostrasbourg.com\/index.php\/2023\/01\/23\/lorchestre-philharmonique-de-strasbourg-recrute-un-regisseur-general-f-h-4\/#breadcrumb"},"inLanguage":"fr-FR","potentialAction":[{"@type":"ReadAction","target":["https:\/\/hierostrasbourg.com\/index.php\/2023\/01\/23\/lorchestre-philharmonique-de-strasbourg-recrute-un-regisseur-general-f-h-4\/"]}]},{"@type":"BreadcrumbList","@id":"https:\/\/hierostrasbourg.com\/index.php\/2023\/01\/23\/lorchestre-philharmonique-de-strasbourg-recrute-un-regisseur-general-f-h-4\/#breadcrumb","itemListElement":[{"@type":"ListItem","position":1,"name":"Accueil","item":"https:\/\/hierostrasbourg.com\/"},{"@type":"ListItem","position":2,"name":"L&#8217;ORCHESTRE PHILHARMONIQUE DE STRASBOURG recrute un r\u00e9gisseur g\u00e9n\u00e9ral [F\/H]"}]},{"@type":"WebSite","@id":"https:\/\/hierostrasbourg.com\/#website","url":"https:\/\/hierostrasbourg.com\/","name":"HIERO STRASBOURG","description":"Centre de Ressources Musiques Actuelles","publisher":{"@id":"https:\/\/hierostrasbourg.com\/#organization"},"potentialAction":[{"@type":"SearchAction","target":{"@type":"EntryPoint","urlTemplate":"https:\/\/hierostrasbourg.com\/?s={search_term_string}"},"query-input":{"@type":"PropertyValueSpecification","valueRequired":true,"valueName":"search_term_string"}}],"inLanguage":"fr-FR"},{"@type":"Organization","@id":"https:\/\/hierostrasbourg.com\/#organization","name":"F\u00e9d\u00e9ration Hi\u00e9ro Strasbourg","url":"https:\/\/hierostrasbourg.com\/","logo":{"@type":"ImageObject","inLanguage":"fr-FR","@id":"https:\/\/hierostrasbourg.com\/#\/schema\/logo\/image\/","url":"https:\/\/hierostrasbourg.com\/wp-content\/uploads\/2026\/04\/logo-hiero-strasbourg.jpg","contentUrl":"https:\/\/hierostrasbourg.com\/wp-content\/uploads\/2026\/04\/logo-hiero-strasbourg.jpg","width":204,"height":192,"caption":"F\u00e9d\u00e9ration Hi\u00e9ro Strasbourg"},"image":{"@id":"https:\/\/hierostrasbourg.com\/#\/schema\/logo\/image\/"},"sameAs":["https:\/\/www.facebook.com\/fedehierostrasbourg","https:\/\/x.com\/hierostrasbourg"]}]}},"_links":{"self":[{"href":"https:\/\/hierostrasbourg.com\/index.php\/wp-json\/wp\/v2\/posts\/4680","targetHints":{"allow":["GET"]}}],"collection":[{"href":"https:\/\/hierostrasbourg.com\/index.php\/wp-json\/wp\/v2\/posts"}],"about":[{"href":"https:\/\/hierostrasbourg.com\/index.php\/wp-json\/wp\/v2\/types\/post"}],"replies":[{"embeddable":true,"href":"https:\/\/hierostrasbourg.com\/index.php\/wp-json\/wp\/v2\/comments?post=4680"}],"version-history":[{"count":0,"href":"https:\/\/hierostrasbourg.com\/index.php\/wp-json\/wp\/v2\/posts\/4680\/revisions"}],"wp:attachment":[{"href":"https:\/\/hierostrasbourg.com\/index.php\/wp-json\/wp\/v2\/media?parent=4680"}],"wp:term":[{"taxonomy":"category","embeddable":true,"href":"https:\/\/hierostrasbourg.com\/index.php\/wp-json\/wp\/v2\/categories?post=4680"},{"taxonomy":"post_tag","embeddable":true,"href":"https:\/\/hierostrasbourg.com\/index.php\/wp-json\/wp\/v2\/tags?post=4680"}],"curies":[{"name":"wp","href":"https:\/\/api.w.org\/{rel}","templated":true}]}}