{"id":4655,"date":"2023-01-19T19:40:31","date_gmt":"2023-01-19T18:40:31","guid":{"rendered":"https:\/\/hierostrasbourg.com\/index.php\/2023\/01\/19\/graine-de-cirque-propose-un-stage-coordination-evenementielle-2\/"},"modified":"2023-01-19T19:40:31","modified_gmt":"2023-01-19T18:40:31","slug":"graine-de-cirque-propose-un-stage-coordination-evenementielle-2","status":"publish","type":"post","link":"https:\/\/hierostrasbourg.com\/index.php\/2023\/01\/19\/graine-de-cirque-propose-un-stage-coordination-evenementielle-2\/","title":{"rendered":"GRAINE DE CIRQUE propose un stage \u201ccoordination \u00e9v\u00e8nementielle\u201d"},"content":{"rendered":"<p><a href=\"https:\/\/musiquesactuelles.alsace\/graine-de-cirque-propose-un-stage-coordination-evenementielle\/\" title='GRAINE DE CIRQUE propose un stage \"coordination \u00e9v\u00e8nementielle\"'><\/a><\/p>\n<p>Graine de Cirque, est une association qui \u0153uvre pour la promotion des arts du cirque en Alsace depuis 1990. L\u2019association est avant tout une \u00e9cole de cirque, agr\u00e9\u00e9e par la F\u00e9d\u00e9ration Fran\u00e7aise des Ecoles de Cirque (F.F.E.C.), dont les actions sont multiples : cours annuels (enfants, ados et adultes) et stages vacances \u00e0 partir de 4 ans; intervention en milieu scolaire et accueil sous chapiteau ; cirque adapt\u00e9 \u00e0 destination des publics en situation de handicap ; accueil de compagnies [\u2026]<\/p>\n<p>L\u2019article <a href=\"https:\/\/musiquesactuelles.alsace\/graine-de-cirque-propose-un-stage-coordination-evenementielle\/\">GRAINE DE CIRQUE propose un stage \u201ccoordination \u00e9v\u00e8nementielle\u201d<\/a> est apparu en premier sur <a href=\"https:\/\/musiquesactuelles.alsace\/\">Musiques Actuelles en Alsace<\/a>.<\/p>\n<p>L\u2019article <a href=\"https:\/\/popburo.fr\/graine-de-cirque-propose-un-stage-coordination-evenementielle-2\/\">GRAINE DE CIRQUE propose un stage \u201ccoordination \u00e9v\u00e8nementielle\u201d<\/a> est apparu en premier sur <a href=\"https:\/\/popburo.fr\/\">POP B\u00dcRO<\/a>.<\/p>\n","protected":false},"excerpt":{"rendered":"<p>Graine de Cirque, est une association qui \u0153uvre pour la promotion des arts du cirque en Alsace depuis 1990. L\u2019association est avant tout une \u00e9cole de cirque, agr\u00e9\u00e9e par la F\u00e9d\u00e9ration Fran\u00e7aise des Ecoles de Cirque (F.F.E.C.), dont les actions sont multiples : cours annuels (enfants, ados et adultes) et stages vacances \u00e0 partir de 4 ans; intervention en milieu scolaire et accueil sous chapiteau ; cirque adapt\u00e9 \u00e0 destination des publics en situation de handicap ; accueil de compagnies [&hellip;]<\/p>\n","protected":false},"author":0,"featured_media":0,"comment_status":"closed","ping_status":"open","sticky":false,"template":"","format":"standard","meta":{"footnotes":""},"categories":[1],"tags":[],"class_list":["post-4655","post","type-post","status-publish","format-standard","hentry","category-non-classe"],"yoast_head":"<!-- This site is optimized with the Yoast SEO plugin v27.5 - https:\/\/yoast.com\/product\/yoast-seo-wordpress\/ -->\n<title>GRAINE DE CIRQUE propose un stage \u201ccoordination \u00e9v\u00e8nementielle\u201d - HIERO STRASBOURG<\/title>\n<meta name=\"robots\" content=\"index, follow, max-snippet:-1, max-image-preview:large, max-video-preview:-1\" \/>\n<link rel=\"canonical\" href=\"https:\/\/hierostrasbourg.com\/index.php\/2023\/01\/19\/graine-de-cirque-propose-un-stage-coordination-evenementielle-2\/\" \/>\n<meta property=\"og:locale\" content=\"fr_FR\" \/>\n<meta property=\"og:type\" content=\"article\" \/>\n<meta property=\"og:title\" content=\"GRAINE DE CIRQUE propose un stage \u201ccoordination \u00e9v\u00e8nementielle\u201d - HIERO STRASBOURG\" \/>\n<meta property=\"og:description\" content=\"Graine de Cirque, est une association qui \u0153uvre pour la promotion des arts du cirque en Alsace depuis 1990. L\u2019association est avant tout une \u00e9cole de cirque, agr\u00e9\u00e9e par la F\u00e9d\u00e9ration Fran\u00e7aise des Ecoles de Cirque (F.F.E.C.), dont les actions sont multiples : cours annuels (enfants, ados et adultes) et stages vacances \u00e0 partir de 4 ans; intervention en milieu scolaire et accueil sous chapiteau ; cirque adapt\u00e9 \u00e0 destination des publics en situation de handicap ; accueil de compagnies [&hellip;]\" \/>\n<meta property=\"og:url\" content=\"https:\/\/hierostrasbourg.com\/index.php\/2023\/01\/19\/graine-de-cirque-propose-un-stage-coordination-evenementielle-2\/\" \/>\n<meta property=\"og:site_name\" content=\"HIERO STRASBOURG\" \/>\n<meta property=\"article:publisher\" content=\"https:\/\/www.facebook.com\/fedehierostrasbourg\" \/>\n<meta property=\"article:published_time\" content=\"2023-01-19T18:40:31+00:00\" \/>\n<meta name=\"twitter:card\" content=\"summary_large_image\" \/>\n<meta name=\"twitter:creator\" content=\"@hierostrasbourg\" \/>\n<meta name=\"twitter:site\" content=\"@hierostrasbourg\" \/>\n<meta name=\"twitter:label1\" content=\"Dur\u00e9e de lecture estim\u00e9e\" \/>\n\t<meta name=\"twitter:data1\" content=\"1 minute\" \/>\n<script type=\"application\/ld+json\" class=\"yoast-schema-graph\">{\"@context\":\"https:\\\/\\\/schema.org\",\"@graph\":[{\"@type\":\"Article\",\"@id\":\"https:\\\/\\\/hierostrasbourg.com\\\/index.php\\\/2023\\\/01\\\/19\\\/graine-de-cirque-propose-un-stage-coordination-evenementielle-2\\\/#article\",\"isPartOf\":{\"@id\":\"https:\\\/\\\/hierostrasbourg.com\\\/index.php\\\/2023\\\/01\\\/19\\\/graine-de-cirque-propose-un-stage-coordination-evenementielle-2\\\/\"},\"author\":{\"name\":\"\",\"@id\":\"\"},\"headline\":\"GRAINE DE CIRQUE propose un stage \u201ccoordination \u00e9v\u00e8nementielle\u201d\",\"datePublished\":\"2023-01-19T18:40:31+00:00\",\"mainEntityOfPage\":{\"@id\":\"https:\\\/\\\/hierostrasbourg.com\\\/index.php\\\/2023\\\/01\\\/19\\\/graine-de-cirque-propose-un-stage-coordination-evenementielle-2\\\/\"},\"wordCount\":129,\"publisher\":{\"@id\":\"https:\\\/\\\/hierostrasbourg.com\\\/#organization\"},\"inLanguage\":\"fr-FR\"},{\"@type\":\"WebPage\",\"@id\":\"https:\\\/\\\/hierostrasbourg.com\\\/index.php\\\/2023\\\/01\\\/19\\\/graine-de-cirque-propose-un-stage-coordination-evenementielle-2\\\/\",\"url\":\"https:\\\/\\\/hierostrasbourg.com\\\/index.php\\\/2023\\\/01\\\/19\\\/graine-de-cirque-propose-un-stage-coordination-evenementielle-2\\\/\",\"name\":\"GRAINE DE CIRQUE propose un stage \u201ccoordination \u00e9v\u00e8nementielle\u201d - HIERO STRASBOURG\",\"isPartOf\":{\"@id\":\"https:\\\/\\\/hierostrasbourg.com\\\/#website\"},\"datePublished\":\"2023-01-19T18:40:31+00:00\",\"breadcrumb\":{\"@id\":\"https:\\\/\\\/hierostrasbourg.com\\\/index.php\\\/2023\\\/01\\\/19\\\/graine-de-cirque-propose-un-stage-coordination-evenementielle-2\\\/#breadcrumb\"},\"inLanguage\":\"fr-FR\",\"potentialAction\":[{\"@type\":\"ReadAction\",\"target\":[\"https:\\\/\\\/hierostrasbourg.com\\\/index.php\\\/2023\\\/01\\\/19\\\/graine-de-cirque-propose-un-stage-coordination-evenementielle-2\\\/\"]}]},{\"@type\":\"BreadcrumbList\",\"@id\":\"https:\\\/\\\/hierostrasbourg.com\\\/index.php\\\/2023\\\/01\\\/19\\\/graine-de-cirque-propose-un-stage-coordination-evenementielle-2\\\/#breadcrumb\",\"itemListElement\":[{\"@type\":\"ListItem\",\"position\":1,\"name\":\"Accueil\",\"item\":\"https:\\\/\\\/hierostrasbourg.com\\\/\"},{\"@type\":\"ListItem\",\"position\":2,\"name\":\"GRAINE DE CIRQUE propose un stage \u201ccoordination \u00e9v\u00e8nementielle\u201d\"}]},{\"@type\":\"WebSite\",\"@id\":\"https:\\\/\\\/hierostrasbourg.com\\\/#website\",\"url\":\"https:\\\/\\\/hierostrasbourg.com\\\/\",\"name\":\"HIERO STRASBOURG\",\"description\":\"Centre de Ressources Musiques Actuelles\",\"publisher\":{\"@id\":\"https:\\\/\\\/hierostrasbourg.com\\\/#organization\"},\"potentialAction\":[{\"@type\":\"SearchAction\",\"target\":{\"@type\":\"EntryPoint\",\"urlTemplate\":\"https:\\\/\\\/hierostrasbourg.com\\\/?s={search_term_string}\"},\"query-input\":{\"@type\":\"PropertyValueSpecification\",\"valueRequired\":true,\"valueName\":\"search_term_string\"}}],\"inLanguage\":\"fr-FR\"},{\"@type\":\"Organization\",\"@id\":\"https:\\\/\\\/hierostrasbourg.com\\\/#organization\",\"name\":\"F\u00e9d\u00e9ration Hi\u00e9ro Strasbourg\",\"url\":\"https:\\\/\\\/hierostrasbourg.com\\\/\",\"logo\":{\"@type\":\"ImageObject\",\"inLanguage\":\"fr-FR\",\"@id\":\"https:\\\/\\\/hierostrasbourg.com\\\/#\\\/schema\\\/logo\\\/image\\\/\",\"url\":\"https:\\\/\\\/hierostrasbourg.com\\\/wp-content\\\/uploads\\\/2026\\\/04\\\/logo-hiero-strasbourg.jpg\",\"contentUrl\":\"https:\\\/\\\/hierostrasbourg.com\\\/wp-content\\\/uploads\\\/2026\\\/04\\\/logo-hiero-strasbourg.jpg\",\"width\":204,\"height\":192,\"caption\":\"F\u00e9d\u00e9ration Hi\u00e9ro Strasbourg\"},\"image\":{\"@id\":\"https:\\\/\\\/hierostrasbourg.com\\\/#\\\/schema\\\/logo\\\/image\\\/\"},\"sameAs\":[\"https:\\\/\\\/www.facebook.com\\\/fedehierostrasbourg\",\"https:\\\/\\\/x.com\\\/hierostrasbourg\"]}]}<\/script>\n<!-- \/ Yoast SEO plugin. -->","yoast_head_json":{"title":"GRAINE DE CIRQUE propose un stage \u201ccoordination \u00e9v\u00e8nementielle\u201d - HIERO STRASBOURG","robots":{"index":"index","follow":"follow","max-snippet":"max-snippet:-1","max-image-preview":"max-image-preview:large","max-video-preview":"max-video-preview:-1"},"canonical":"https:\/\/hierostrasbourg.com\/index.php\/2023\/01\/19\/graine-de-cirque-propose-un-stage-coordination-evenementielle-2\/","og_locale":"fr_FR","og_type":"article","og_title":"GRAINE DE CIRQUE propose un stage \u201ccoordination \u00e9v\u00e8nementielle\u201d - HIERO STRASBOURG","og_description":"Graine de Cirque, est une association qui \u0153uvre pour la promotion des arts du cirque en Alsace depuis 1990. L\u2019association est avant tout une \u00e9cole de cirque, agr\u00e9\u00e9e par la F\u00e9d\u00e9ration Fran\u00e7aise des Ecoles de Cirque (F.F.E.C.), dont les actions sont multiples : cours annuels (enfants, ados et adultes) et stages vacances \u00e0 partir de 4 ans; intervention en milieu scolaire et accueil sous chapiteau ; cirque adapt\u00e9 \u00e0 destination des publics en situation de handicap ; accueil de compagnies [&hellip;]","og_url":"https:\/\/hierostrasbourg.com\/index.php\/2023\/01\/19\/graine-de-cirque-propose-un-stage-coordination-evenementielle-2\/","og_site_name":"HIERO STRASBOURG","article_publisher":"https:\/\/www.facebook.com\/fedehierostrasbourg","article_published_time":"2023-01-19T18:40:31+00:00","twitter_card":"summary_large_image","twitter_creator":"@hierostrasbourg","twitter_site":"@hierostrasbourg","twitter_misc":{"Dur\u00e9e de lecture estim\u00e9e":"1 minute"},"schema":{"@context":"https:\/\/schema.org","@graph":[{"@type":"Article","@id":"https:\/\/hierostrasbourg.com\/index.php\/2023\/01\/19\/graine-de-cirque-propose-un-stage-coordination-evenementielle-2\/#article","isPartOf":{"@id":"https:\/\/hierostrasbourg.com\/index.php\/2023\/01\/19\/graine-de-cirque-propose-un-stage-coordination-evenementielle-2\/"},"author":{"name":"","@id":""},"headline":"GRAINE DE CIRQUE propose un stage \u201ccoordination \u00e9v\u00e8nementielle\u201d","datePublished":"2023-01-19T18:40:31+00:00","mainEntityOfPage":{"@id":"https:\/\/hierostrasbourg.com\/index.php\/2023\/01\/19\/graine-de-cirque-propose-un-stage-coordination-evenementielle-2\/"},"wordCount":129,"publisher":{"@id":"https:\/\/hierostrasbourg.com\/#organization"},"inLanguage":"fr-FR"},{"@type":"WebPage","@id":"https:\/\/hierostrasbourg.com\/index.php\/2023\/01\/19\/graine-de-cirque-propose-un-stage-coordination-evenementielle-2\/","url":"https:\/\/hierostrasbourg.com\/index.php\/2023\/01\/19\/graine-de-cirque-propose-un-stage-coordination-evenementielle-2\/","name":"GRAINE DE CIRQUE propose un stage \u201ccoordination \u00e9v\u00e8nementielle\u201d - HIERO STRASBOURG","isPartOf":{"@id":"https:\/\/hierostrasbourg.com\/#website"},"datePublished":"2023-01-19T18:40:31+00:00","breadcrumb":{"@id":"https:\/\/hierostrasbourg.com\/index.php\/2023\/01\/19\/graine-de-cirque-propose-un-stage-coordination-evenementielle-2\/#breadcrumb"},"inLanguage":"fr-FR","potentialAction":[{"@type":"ReadAction","target":["https:\/\/hierostrasbourg.com\/index.php\/2023\/01\/19\/graine-de-cirque-propose-un-stage-coordination-evenementielle-2\/"]}]},{"@type":"BreadcrumbList","@id":"https:\/\/hierostrasbourg.com\/index.php\/2023\/01\/19\/graine-de-cirque-propose-un-stage-coordination-evenementielle-2\/#breadcrumb","itemListElement":[{"@type":"ListItem","position":1,"name":"Accueil","item":"https:\/\/hierostrasbourg.com\/"},{"@type":"ListItem","position":2,"name":"GRAINE DE CIRQUE propose un stage \u201ccoordination \u00e9v\u00e8nementielle\u201d"}]},{"@type":"WebSite","@id":"https:\/\/hierostrasbourg.com\/#website","url":"https:\/\/hierostrasbourg.com\/","name":"HIERO STRASBOURG","description":"Centre de Ressources Musiques Actuelles","publisher":{"@id":"https:\/\/hierostrasbourg.com\/#organization"},"potentialAction":[{"@type":"SearchAction","target":{"@type":"EntryPoint","urlTemplate":"https:\/\/hierostrasbourg.com\/?s={search_term_string}"},"query-input":{"@type":"PropertyValueSpecification","valueRequired":true,"valueName":"search_term_string"}}],"inLanguage":"fr-FR"},{"@type":"Organization","@id":"https:\/\/hierostrasbourg.com\/#organization","name":"F\u00e9d\u00e9ration Hi\u00e9ro Strasbourg","url":"https:\/\/hierostrasbourg.com\/","logo":{"@type":"ImageObject","inLanguage":"fr-FR","@id":"https:\/\/hierostrasbourg.com\/#\/schema\/logo\/image\/","url":"https:\/\/hierostrasbourg.com\/wp-content\/uploads\/2026\/04\/logo-hiero-strasbourg.jpg","contentUrl":"https:\/\/hierostrasbourg.com\/wp-content\/uploads\/2026\/04\/logo-hiero-strasbourg.jpg","width":204,"height":192,"caption":"F\u00e9d\u00e9ration Hi\u00e9ro Strasbourg"},"image":{"@id":"https:\/\/hierostrasbourg.com\/#\/schema\/logo\/image\/"},"sameAs":["https:\/\/www.facebook.com\/fedehierostrasbourg","https:\/\/x.com\/hierostrasbourg"]}]}},"_links":{"self":[{"href":"https:\/\/hierostrasbourg.com\/index.php\/wp-json\/wp\/v2\/posts\/4655","targetHints":{"allow":["GET"]}}],"collection":[{"href":"https:\/\/hierostrasbourg.com\/index.php\/wp-json\/wp\/v2\/posts"}],"about":[{"href":"https:\/\/hierostrasbourg.com\/index.php\/wp-json\/wp\/v2\/types\/post"}],"replies":[{"embeddable":true,"href":"https:\/\/hierostrasbourg.com\/index.php\/wp-json\/wp\/v2\/comments?post=4655"}],"version-history":[{"count":0,"href":"https:\/\/hierostrasbourg.com\/index.php\/wp-json\/wp\/v2\/posts\/4655\/revisions"}],"wp:attachment":[{"href":"https:\/\/hierostrasbourg.com\/index.php\/wp-json\/wp\/v2\/media?parent=4655"}],"wp:term":[{"taxonomy":"category","embeddable":true,"href":"https:\/\/hierostrasbourg.com\/index.php\/wp-json\/wp\/v2\/categories?post=4655"},{"taxonomy":"post_tag","embeddable":true,"href":"https:\/\/hierostrasbourg.com\/index.php\/wp-json\/wp\/v2\/tags?post=4655"}],"curies":[{"name":"wp","href":"https:\/\/api.w.org\/{rel}","templated":true}]}}