{"id":4653,"date":"2023-01-19T18:42:01","date_gmt":"2023-01-19T17:42:01","guid":{"rendered":"https:\/\/hierostrasbourg.com\/index.php\/2023\/01\/19\/graine-de-cirque-propose-un-stage-coordination-evenementielle\/"},"modified":"2023-01-19T18:42:01","modified_gmt":"2023-01-19T17:42:01","slug":"graine-de-cirque-propose-un-stage-coordination-evenementielle","status":"publish","type":"post","link":"https:\/\/hierostrasbourg.com\/index.php\/2023\/01\/19\/graine-de-cirque-propose-un-stage-coordination-evenementielle\/","title":{"rendered":"GRAINE DE CIRQUE propose un stage \u00ab\u00a0coordination \u00e9v\u00e8nementielle\u00a0\u00bb"},"content":{"rendered":"<p>Graine de Cirque, est une association qui \u0153uvre pour la promotion des arts du cirque en Alsace depuis 1990.<\/p>\n<p>L\u2019association est avant tout une \u00e9cole de cirque, agr\u00e9\u00e9e par la F\u00e9d\u00e9ration Fran\u00e7aise des Ecoles de Cirque (F.F.E.C.), dont les actions sont multiples : cours annuels (enfants, ados et adultes) et stages vacances \u00e0 partir de 4 ans; intervention en milieu scolaire et accueil sous chapiteau ; cirque adapt\u00e9 \u00e0 destination des publics en situation de handicap ; accueil de compagnies en r\u00e9sidence, programmation.<\/p>\n<p>A cela s\u2019ajoute plusieurs \u00e9v\u00e9nements qui rythment l\u2019ann\u00e9e :<\/p>\n<p>\u00ab No\u00ebl en Piste \u00bb, qui a lieu fin d\u00e9cembre, offre au grand public la possibilit\u00e9 de d\u00e9couvrir les cr\u00e9ations circassiennes actuelles au moment des f\u00eates de fin d\u2019ann\u00e9e ;<br \/>\nLes \u00ab Vendredis Oh ! Chapiteau \u00bb, qui sont des pistes ouvertes o\u00f9 se croisent artistes amateurs et professionnels ;<br \/>\nLe Cabaret de fin d\u2019ann\u00e9e, qui cl\u00f4t la saison au mois de juin avec les spectacles de fin d\u2019ann\u00e9e des \u00e9l\u00e8ves de l\u2019\u00e9cole, sous forme d\u2019un floril\u00e8ge de num\u00e9ros d\u2019artistes professionnels.<\/p>\n<p>Dans le cadre de ses nombreuses activit\u00e9s d\u2019enseignement et de diffusion, Graine de Cirque peut accueillir des stagiaires en 2023.<\/p>\n<h2>Missions<\/h2>\n<h4>EVENEMENTIEL<\/h4>\n<p>Participer \u00e0 l\u2019organisation des diff\u00e9rents temps forts du printemps \/ \u00e9t\u00e9 2023 de Graine de Cirque : partenariat avec le festival Pisteurs d\u2019Etoiles, Rencontres r\u00e9gionales des Ecoles de Cirque, Spectacles de fin d\u2019ann\u00e9e, Cabaret Cirqu\u2019Envol, Assembl\u00e9e G\u00e9n\u00e9rale de Graine de Cirque. Pour chacun de ces \u00e9v\u00e9nements, toujours sous l\u2019\u00e9gide des diff\u00e9rents permanents de l\u2019\u00e9quipe administrative et p\u00e9dagogique, il s\u2019agira, suivant les \u00e9v\u00e9nements, de participer et\/ou d\u2019assurer la logistique (plannings, r\u00e9servations, b\u00e9n\u00e9voles\u2026), l\u2019administration (budget pr\u00e9visionnel, mise en place d\u2019un syst\u00e8me de r\u00e9servation, d\u00e9claration GUSO, \u00e9changes avec les prestataires, demandes de subventions \u00e9ventuelles\u2026) ainsi que la communication (r\u00e9seaux sociaux, cr\u00e9ation de visuels, gestion des relations avec l\u2019imprimeur). Le but \u00e9tant d\u2019assurer une coordination g\u00e9n\u00e9rale de cet ensemble.<\/p>\n<h4>ADMINISTRATIF<\/h4>\n<p>Pr\u00e9paration de la saison 2023\/2024. En plus de g\u00e9rer la logistique des diff\u00e9rents \u00e9v\u00e9nements de fin d\u2019ann\u00e9e, Graine de Cirque d\u00e9die \u00e9galement la fin du printemps \u00e0 la mise en place de sa saison 2023\/2024. L\u2019association \u00e9tant avant tout une \u00e9cole de cirque, il s\u2019agit essentiellement de g\u00e9rer la mise en place des process d\u2019inscription pour les diff\u00e9rents publics avec qui nous travaillons (\u00e9l\u00e8ves des cours \u00e0 l\u2019ann\u00e9e, \u00e9l\u00e8ves des stages \u00e9t\u00e9 2023, \u00e9tablissements scolaires\u2026). Le\/la stagiaire sera ici amen\u00e9.e \u00e0 nous apporter son soutien pour la mise en \u0153uvre concr\u00e8te de ces diff\u00e9rents process d\u2019inscription. Cette mise en \u0153uvre se traduit dans plusieurs missions : construire les process d\u2019inscriptions, communiquer (communication web et papier autour de ces diff\u00e9rentes activit\u00e9s), soutien au secr\u00e9tariat pour le traitement des inscriptions\u2026<\/p>\n<h4>VIE COURANTE DE L\u2019ASSOCIATION<\/h4>\n<p>animation cirque, secr\u00e9tariat\u2026 Dans le cadre de son stage, l\u2019\u00e9tudiant sera amen\u00e9 \u00e0 participer aux activit\u00e9s quotidiennes de l\u2019association. Afin d\u2019appr\u00e9hender au mieux les enjeux li\u00e9s \u00e0 l\u2019activit\u00e9, il sera amen\u00e9 \u00e0 prendre part \u00e0 nos diff\u00e9rentes activit\u00e9s p\u00e9dagogiques (classes artistiques, cours loisirs, stages\u2026). L\u2019\u00e9tudiant sera \u00e9galement amen\u00e9 \u00e0 apporter son soutien au secr\u00e9tariat et \u00e0 l\u2019administration de Graine de Cirque lorsque le besoin se fera sentir.<\/p>\n<h2>Profil recherch\u00e9<\/h2>\n<p>\u00c9tudiant dans le secteur culturel \/ spectacle vivant : licence, licence professionnelle (ou \u00e9quivalent bac +3), Master 1 ou Master 2 ;<br \/>\nUne connaissance du r\u00e9seau culturel, au niveau r\u00e9gional et national serait appr\u00e9ci\u00e9e ;<br \/>\nMa\u00eetrise des outils informatiques : Pack office, Publisher et \/ ou \u00e9quivalent ;<br \/>\nAisance r\u00e9dactionnelle et relationnelle (en public et au t\u00e9l\u00e9phone) ;<br \/>\nRigueur, polyvalence, sens de l\u2019organisation et capacit\u00e9 de travail en autonomie, motivation.<\/p>\n<p>Date de prise de fonction : 21 f\u00e9vrier 2023<br \/>\nDate limite de candidature : 20\/02\/2023<\/p>\n<p>Stage gratifi\u00e9 \u00e0 hauteur de 4.05 \u20ac par heure<\/p>\n<p>Dur\u00e9e du stage : de 3 \u00e0 4 mois (f\u00e9vrier\/mars \u2013 juin), soit 400 \u00e0 500 h qui peuvent \u00eatre r\u00e9parties en fonction des missions et des disponibilit\u00e9s du stagiaire (lissage avec du temps partiel en d\u00e9but de stage par exemple), Stage donnant lieu \u00e0 gratification.<\/p>\n<p>D\u00e9but du stage : en fonction des disponibilit\u00e9s et des profils, au plus tard en mars 2023.<\/p>\n<p>Type de stage : temps plein ou approchant, possibilit\u00e9 d\u2019am\u00e9nagements selon les profils, avec des week-ends et une p\u00e9riode de haute activit\u00e9 en mai-juin.<\/p>\n<p>\nAPACA \u2013 Graine de Cirque<br \/>\n4 rue Jean Monnet<br \/>\nParc du Rhin<br \/>\nJardin des Deux Rives<br \/>\n67 000 Strasbourg<\/p>\n<p><a href=\"http:\/\/www.grainedecirque.fr\/\">www.grainedecirque.fr<\/a><\/p>\n<p>L\u2019article <a href=\"https:\/\/popburo.fr\/graine-de-cirque-propose-un-stage-coordination-evenementielle\/\">GRAINE DE CIRQUE propose un stage \u00ab\u00a0coordination \u00e9v\u00e8nementielle\u00a0\u00bb<\/a> est apparu en premier sur <a href=\"https:\/\/popburo.fr\/\">POP B\u00dcRO<\/a>.<\/p>\n","protected":false},"excerpt":{"rendered":"<p>Graine de Cirque, est une association qui \u0153uvre pour la promotion des arts du cirque en Alsace depuis 1990. L\u2019association est avant tout une \u00e9cole de cirque, agr\u00e9\u00e9e par la F\u00e9d\u00e9ration Fran\u00e7aise des Ecoles de Cirque (F.F.E.C.), dont les actions sont multiples : cours annuels (enfants, ados et adultes) et stages vacances \u00e0 partir de 4 ans; intervention en milieu scolaire et accueil sous chapiteau ; cirque adapt\u00e9 \u00e0 destination des publics en situation de handicap ; accueil de compagnies [&hellip;]<\/p>\n","protected":false},"author":0,"featured_media":0,"comment_status":"closed","ping_status":"open","sticky":false,"template":"","format":"standard","meta":{"footnotes":""},"categories":[1],"tags":[],"class_list":["post-4653","post","type-post","status-publish","format-standard","hentry","category-non-classe"],"yoast_head":"<!-- This site is optimized with the Yoast SEO plugin v27.5 - https:\/\/yoast.com\/product\/yoast-seo-wordpress\/ -->\n<title>GRAINE DE CIRQUE propose un stage &quot;coordination \u00e9v\u00e8nementielle&quot; - HIERO STRASBOURG<\/title>\n<meta name=\"robots\" content=\"index, follow, max-snippet:-1, max-image-preview:large, max-video-preview:-1\" \/>\n<link rel=\"canonical\" href=\"https:\/\/hierostrasbourg.com\/index.php\/2023\/01\/19\/graine-de-cirque-propose-un-stage-coordination-evenementielle\/\" \/>\n<meta property=\"og:locale\" content=\"fr_FR\" \/>\n<meta property=\"og:type\" content=\"article\" \/>\n<meta property=\"og:title\" content=\"GRAINE DE CIRQUE propose un stage &quot;coordination \u00e9v\u00e8nementielle&quot; - HIERO STRASBOURG\" \/>\n<meta property=\"og:description\" content=\"Graine de Cirque, est une association qui \u0153uvre pour la promotion des arts du cirque en Alsace depuis 1990. L\u2019association est avant tout une \u00e9cole de cirque, agr\u00e9\u00e9e par la F\u00e9d\u00e9ration Fran\u00e7aise des Ecoles de Cirque (F.F.E.C.), dont les actions sont multiples : cours annuels (enfants, ados et adultes) et stages vacances \u00e0 partir de 4 ans; intervention en milieu scolaire et accueil sous chapiteau ; cirque adapt\u00e9 \u00e0 destination des publics en situation de handicap ; accueil de compagnies [&hellip;]\" \/>\n<meta property=\"og:url\" content=\"https:\/\/hierostrasbourg.com\/index.php\/2023\/01\/19\/graine-de-cirque-propose-un-stage-coordination-evenementielle\/\" \/>\n<meta property=\"og:site_name\" content=\"HIERO STRASBOURG\" \/>\n<meta property=\"article:publisher\" content=\"https:\/\/www.facebook.com\/fedehierostrasbourg\" \/>\n<meta property=\"article:published_time\" content=\"2023-01-19T17:42:01+00:00\" \/>\n<meta name=\"twitter:card\" content=\"summary_large_image\" \/>\n<meta name=\"twitter:creator\" content=\"@hierostrasbourg\" \/>\n<meta name=\"twitter:site\" content=\"@hierostrasbourg\" \/>\n<meta name=\"twitter:label1\" content=\"Dur\u00e9e de lecture estim\u00e9e\" \/>\n\t<meta name=\"twitter:data1\" content=\"4 minutes\" \/>\n<script type=\"application\/ld+json\" class=\"yoast-schema-graph\">{\"@context\":\"https:\\\/\\\/schema.org\",\"@graph\":[{\"@type\":\"Article\",\"@id\":\"https:\\\/\\\/hierostrasbourg.com\\\/index.php\\\/2023\\\/01\\\/19\\\/graine-de-cirque-propose-un-stage-coordination-evenementielle\\\/#article\",\"isPartOf\":{\"@id\":\"https:\\\/\\\/hierostrasbourg.com\\\/index.php\\\/2023\\\/01\\\/19\\\/graine-de-cirque-propose-un-stage-coordination-evenementielle\\\/\"},\"author\":{\"name\":\"\",\"@id\":\"\"},\"headline\":\"GRAINE DE CIRQUE propose un stage \u00ab\u00a0coordination \u00e9v\u00e8nementielle\u00a0\u00bb\",\"datePublished\":\"2023-01-19T17:42:01+00:00\",\"mainEntityOfPage\":{\"@id\":\"https:\\\/\\\/hierostrasbourg.com\\\/index.php\\\/2023\\\/01\\\/19\\\/graine-de-cirque-propose-un-stage-coordination-evenementielle\\\/\"},\"wordCount\":803,\"publisher\":{\"@id\":\"https:\\\/\\\/hierostrasbourg.com\\\/#organization\"},\"inLanguage\":\"fr-FR\"},{\"@type\":\"WebPage\",\"@id\":\"https:\\\/\\\/hierostrasbourg.com\\\/index.php\\\/2023\\\/01\\\/19\\\/graine-de-cirque-propose-un-stage-coordination-evenementielle\\\/\",\"url\":\"https:\\\/\\\/hierostrasbourg.com\\\/index.php\\\/2023\\\/01\\\/19\\\/graine-de-cirque-propose-un-stage-coordination-evenementielle\\\/\",\"name\":\"GRAINE DE CIRQUE propose un stage \\\"coordination \u00e9v\u00e8nementielle\\\" - HIERO STRASBOURG\",\"isPartOf\":{\"@id\":\"https:\\\/\\\/hierostrasbourg.com\\\/#website\"},\"datePublished\":\"2023-01-19T17:42:01+00:00\",\"breadcrumb\":{\"@id\":\"https:\\\/\\\/hierostrasbourg.com\\\/index.php\\\/2023\\\/01\\\/19\\\/graine-de-cirque-propose-un-stage-coordination-evenementielle\\\/#breadcrumb\"},\"inLanguage\":\"fr-FR\",\"potentialAction\":[{\"@type\":\"ReadAction\",\"target\":[\"https:\\\/\\\/hierostrasbourg.com\\\/index.php\\\/2023\\\/01\\\/19\\\/graine-de-cirque-propose-un-stage-coordination-evenementielle\\\/\"]}]},{\"@type\":\"BreadcrumbList\",\"@id\":\"https:\\\/\\\/hierostrasbourg.com\\\/index.php\\\/2023\\\/01\\\/19\\\/graine-de-cirque-propose-un-stage-coordination-evenementielle\\\/#breadcrumb\",\"itemListElement\":[{\"@type\":\"ListItem\",\"position\":1,\"name\":\"Accueil\",\"item\":\"https:\\\/\\\/hierostrasbourg.com\\\/\"},{\"@type\":\"ListItem\",\"position\":2,\"name\":\"GRAINE DE CIRQUE propose un stage &#8220;coordination \u00e9v\u00e8nementielle&#8221;\"}]},{\"@type\":\"WebSite\",\"@id\":\"https:\\\/\\\/hierostrasbourg.com\\\/#website\",\"url\":\"https:\\\/\\\/hierostrasbourg.com\\\/\",\"name\":\"HIERO STRASBOURG\",\"description\":\"Centre de Ressources Musiques Actuelles\",\"publisher\":{\"@id\":\"https:\\\/\\\/hierostrasbourg.com\\\/#organization\"},\"potentialAction\":[{\"@type\":\"SearchAction\",\"target\":{\"@type\":\"EntryPoint\",\"urlTemplate\":\"https:\\\/\\\/hierostrasbourg.com\\\/?s={search_term_string}\"},\"query-input\":{\"@type\":\"PropertyValueSpecification\",\"valueRequired\":true,\"valueName\":\"search_term_string\"}}],\"inLanguage\":\"fr-FR\"},{\"@type\":\"Organization\",\"@id\":\"https:\\\/\\\/hierostrasbourg.com\\\/#organization\",\"name\":\"F\u00e9d\u00e9ration Hi\u00e9ro Strasbourg\",\"url\":\"https:\\\/\\\/hierostrasbourg.com\\\/\",\"logo\":{\"@type\":\"ImageObject\",\"inLanguage\":\"fr-FR\",\"@id\":\"https:\\\/\\\/hierostrasbourg.com\\\/#\\\/schema\\\/logo\\\/image\\\/\",\"url\":\"https:\\\/\\\/hierostrasbourg.com\\\/wp-content\\\/uploads\\\/2026\\\/04\\\/logo-hiero-strasbourg.jpg\",\"contentUrl\":\"https:\\\/\\\/hierostrasbourg.com\\\/wp-content\\\/uploads\\\/2026\\\/04\\\/logo-hiero-strasbourg.jpg\",\"width\":204,\"height\":192,\"caption\":\"F\u00e9d\u00e9ration Hi\u00e9ro Strasbourg\"},\"image\":{\"@id\":\"https:\\\/\\\/hierostrasbourg.com\\\/#\\\/schema\\\/logo\\\/image\\\/\"},\"sameAs\":[\"https:\\\/\\\/www.facebook.com\\\/fedehierostrasbourg\",\"https:\\\/\\\/x.com\\\/hierostrasbourg\"]}]}<\/script>\n<!-- \/ Yoast SEO plugin. -->","yoast_head_json":{"title":"GRAINE DE CIRQUE propose un stage \"coordination \u00e9v\u00e8nementielle\" - HIERO STRASBOURG","robots":{"index":"index","follow":"follow","max-snippet":"max-snippet:-1","max-image-preview":"max-image-preview:large","max-video-preview":"max-video-preview:-1"},"canonical":"https:\/\/hierostrasbourg.com\/index.php\/2023\/01\/19\/graine-de-cirque-propose-un-stage-coordination-evenementielle\/","og_locale":"fr_FR","og_type":"article","og_title":"GRAINE DE CIRQUE propose un stage \"coordination \u00e9v\u00e8nementielle\" - HIERO STRASBOURG","og_description":"Graine de Cirque, est une association qui \u0153uvre pour la promotion des arts du cirque en Alsace depuis 1990. L\u2019association est avant tout une \u00e9cole de cirque, agr\u00e9\u00e9e par la F\u00e9d\u00e9ration Fran\u00e7aise des Ecoles de Cirque (F.F.E.C.), dont les actions sont multiples : cours annuels (enfants, ados et adultes) et stages vacances \u00e0 partir de 4 ans; intervention en milieu scolaire et accueil sous chapiteau ; cirque adapt\u00e9 \u00e0 destination des publics en situation de handicap ; accueil de compagnies [&hellip;]","og_url":"https:\/\/hierostrasbourg.com\/index.php\/2023\/01\/19\/graine-de-cirque-propose-un-stage-coordination-evenementielle\/","og_site_name":"HIERO STRASBOURG","article_publisher":"https:\/\/www.facebook.com\/fedehierostrasbourg","article_published_time":"2023-01-19T17:42:01+00:00","twitter_card":"summary_large_image","twitter_creator":"@hierostrasbourg","twitter_site":"@hierostrasbourg","twitter_misc":{"Dur\u00e9e de lecture estim\u00e9e":"4 minutes"},"schema":{"@context":"https:\/\/schema.org","@graph":[{"@type":"Article","@id":"https:\/\/hierostrasbourg.com\/index.php\/2023\/01\/19\/graine-de-cirque-propose-un-stage-coordination-evenementielle\/#article","isPartOf":{"@id":"https:\/\/hierostrasbourg.com\/index.php\/2023\/01\/19\/graine-de-cirque-propose-un-stage-coordination-evenementielle\/"},"author":{"name":"","@id":""},"headline":"GRAINE DE CIRQUE propose un stage \u00ab\u00a0coordination \u00e9v\u00e8nementielle\u00a0\u00bb","datePublished":"2023-01-19T17:42:01+00:00","mainEntityOfPage":{"@id":"https:\/\/hierostrasbourg.com\/index.php\/2023\/01\/19\/graine-de-cirque-propose-un-stage-coordination-evenementielle\/"},"wordCount":803,"publisher":{"@id":"https:\/\/hierostrasbourg.com\/#organization"},"inLanguage":"fr-FR"},{"@type":"WebPage","@id":"https:\/\/hierostrasbourg.com\/index.php\/2023\/01\/19\/graine-de-cirque-propose-un-stage-coordination-evenementielle\/","url":"https:\/\/hierostrasbourg.com\/index.php\/2023\/01\/19\/graine-de-cirque-propose-un-stage-coordination-evenementielle\/","name":"GRAINE DE CIRQUE propose un stage \"coordination \u00e9v\u00e8nementielle\" - HIERO STRASBOURG","isPartOf":{"@id":"https:\/\/hierostrasbourg.com\/#website"},"datePublished":"2023-01-19T17:42:01+00:00","breadcrumb":{"@id":"https:\/\/hierostrasbourg.com\/index.php\/2023\/01\/19\/graine-de-cirque-propose-un-stage-coordination-evenementielle\/#breadcrumb"},"inLanguage":"fr-FR","potentialAction":[{"@type":"ReadAction","target":["https:\/\/hierostrasbourg.com\/index.php\/2023\/01\/19\/graine-de-cirque-propose-un-stage-coordination-evenementielle\/"]}]},{"@type":"BreadcrumbList","@id":"https:\/\/hierostrasbourg.com\/index.php\/2023\/01\/19\/graine-de-cirque-propose-un-stage-coordination-evenementielle\/#breadcrumb","itemListElement":[{"@type":"ListItem","position":1,"name":"Accueil","item":"https:\/\/hierostrasbourg.com\/"},{"@type":"ListItem","position":2,"name":"GRAINE DE CIRQUE propose un stage &#8220;coordination \u00e9v\u00e8nementielle&#8221;"}]},{"@type":"WebSite","@id":"https:\/\/hierostrasbourg.com\/#website","url":"https:\/\/hierostrasbourg.com\/","name":"HIERO STRASBOURG","description":"Centre de Ressources Musiques Actuelles","publisher":{"@id":"https:\/\/hierostrasbourg.com\/#organization"},"potentialAction":[{"@type":"SearchAction","target":{"@type":"EntryPoint","urlTemplate":"https:\/\/hierostrasbourg.com\/?s={search_term_string}"},"query-input":{"@type":"PropertyValueSpecification","valueRequired":true,"valueName":"search_term_string"}}],"inLanguage":"fr-FR"},{"@type":"Organization","@id":"https:\/\/hierostrasbourg.com\/#organization","name":"F\u00e9d\u00e9ration Hi\u00e9ro Strasbourg","url":"https:\/\/hierostrasbourg.com\/","logo":{"@type":"ImageObject","inLanguage":"fr-FR","@id":"https:\/\/hierostrasbourg.com\/#\/schema\/logo\/image\/","url":"https:\/\/hierostrasbourg.com\/wp-content\/uploads\/2026\/04\/logo-hiero-strasbourg.jpg","contentUrl":"https:\/\/hierostrasbourg.com\/wp-content\/uploads\/2026\/04\/logo-hiero-strasbourg.jpg","width":204,"height":192,"caption":"F\u00e9d\u00e9ration Hi\u00e9ro Strasbourg"},"image":{"@id":"https:\/\/hierostrasbourg.com\/#\/schema\/logo\/image\/"},"sameAs":["https:\/\/www.facebook.com\/fedehierostrasbourg","https:\/\/x.com\/hierostrasbourg"]}]}},"_links":{"self":[{"href":"https:\/\/hierostrasbourg.com\/index.php\/wp-json\/wp\/v2\/posts\/4653","targetHints":{"allow":["GET"]}}],"collection":[{"href":"https:\/\/hierostrasbourg.com\/index.php\/wp-json\/wp\/v2\/posts"}],"about":[{"href":"https:\/\/hierostrasbourg.com\/index.php\/wp-json\/wp\/v2\/types\/post"}],"replies":[{"embeddable":true,"href":"https:\/\/hierostrasbourg.com\/index.php\/wp-json\/wp\/v2\/comments?post=4653"}],"version-history":[{"count":0,"href":"https:\/\/hierostrasbourg.com\/index.php\/wp-json\/wp\/v2\/posts\/4653\/revisions"}],"wp:attachment":[{"href":"https:\/\/hierostrasbourg.com\/index.php\/wp-json\/wp\/v2\/media?parent=4653"}],"wp:term":[{"taxonomy":"category","embeddable":true,"href":"https:\/\/hierostrasbourg.com\/index.php\/wp-json\/wp\/v2\/categories?post=4653"},{"taxonomy":"post_tag","embeddable":true,"href":"https:\/\/hierostrasbourg.com\/index.php\/wp-json\/wp\/v2\/tags?post=4653"}],"curies":[{"name":"wp","href":"https:\/\/api.w.org\/{rel}","templated":true}]}}