{"id":4635,"date":"2023-01-16T20:41:15","date_gmt":"2023-01-16T19:41:15","guid":{"rendered":"https:\/\/hierostrasbourg.com\/index.php\/2023\/01\/16\/spectacle-vivant-2023-lannee-de-tous-les-dangers-pour-le-secteur-public\/"},"modified":"2023-01-16T20:41:15","modified_gmt":"2023-01-16T19:41:15","slug":"spectacle-vivant-2023-lannee-de-tous-les-dangers-pour-le-secteur-public","status":"publish","type":"post","link":"https:\/\/hierostrasbourg.com\/index.php\/2023\/01\/16\/spectacle-vivant-2023-lannee-de-tous-les-dangers-pour-le-secteur-public\/","title":{"rendered":"Spectacle vivant : 2023 l\u2019ann\u00e9e de tous les dangers pour le secteur public"},"content":{"rendered":"<p><a href=\"https:\/\/musiquesactuelles.alsace\/spectacle-vivant-2023-lannee-de-tous-les-dangers-pour-le-secteur-public\/\" title=\"Spectacle vivant : 2023 l\u2019ann\u00e9e de tous les dangers pour le secteur public\"><\/a><\/p>\n<p>A l\u2019occasion des Biennales internationales du spectacle vivant (BIS) 2023, \u00e0 Nantes, les 11 et 12 janvier, les repr\u00e9sentants des sc\u00e8nes publiques ont \u00e9voqu\u00e9 la multiplication des menaces qui p\u00e8sent sur leurs institutions. Les professionnels exhortent les \u00e9lus \u00e0 entrer avec eux dans une discussion sur l\u2019avenir du secteur. Source \/ Lire la suite : Spectacle vivant : 2023 l\u2019ann\u00e9e de tous les dangers pour le secteur public<\/p>\n<p>L\u2019article <a href=\"https:\/\/musiquesactuelles.alsace\/spectacle-vivant-2023-lannee-de-tous-les-dangers-pour-le-secteur-public\/\">Spectacle vivant : 2023 l\u2019ann\u00e9e de tous les dangers pour le secteur public<\/a> est apparu en premier sur <a href=\"https:\/\/musiquesactuelles.alsace\/\">Musiques Actuelles en Alsace<\/a>.<\/p>\n<p>L\u2019article <a href=\"https:\/\/popburo.fr\/spectacle-vivant-2023-lannee-de-tous-les-dangers-pour-le-secteur-public\/\">Spectacle vivant : 2023 l\u2019ann\u00e9e de tous les dangers pour le secteur public<\/a> est apparu en premier sur <a href=\"https:\/\/popburo.fr\/\">POP B\u00dcRO<\/a>.<\/p>\n","protected":false},"excerpt":{"rendered":"<p>A l\u2019occasion des Biennales internationales du spectacle vivant (BIS) 2023, \u00e0 Nantes, les 11 et 12 janvier, les repr\u00e9sentants des sc\u00e8nes publiques ont \u00e9voqu\u00e9 la multiplication des menaces qui p\u00e8sent sur leurs institutions. Les professionnels exhortent les \u00e9lus \u00e0 entrer avec eux dans une discussion sur l\u2019avenir du secteur. Source \/ Lire la suite : Spectacle vivant : 2023 l\u2019ann\u00e9e de tous les dangers pour le secteur public L\u2019article Spectacle vivant : 2023 l\u2019ann\u00e9e de tous les dangers pour le [&hellip;]<\/p>\n","protected":false},"author":0,"featured_media":0,"comment_status":"closed","ping_status":"open","sticky":false,"template":"","format":"standard","meta":{"footnotes":""},"categories":[1],"tags":[],"class_list":["post-4635","post","type-post","status-publish","format-standard","hentry","category-non-classe"],"yoast_head":"<!-- This site is optimized with the Yoast SEO plugin v27.5 - https:\/\/yoast.com\/product\/yoast-seo-wordpress\/ -->\n<title>Spectacle vivant : 2023 l\u2019ann\u00e9e de tous les dangers pour le secteur public - HIERO STRASBOURG<\/title>\n<meta name=\"robots\" content=\"index, follow, max-snippet:-1, max-image-preview:large, max-video-preview:-1\" \/>\n<link rel=\"canonical\" href=\"https:\/\/hierostrasbourg.com\/index.php\/2023\/01\/16\/spectacle-vivant-2023-lannee-de-tous-les-dangers-pour-le-secteur-public\/\" \/>\n<meta property=\"og:locale\" content=\"fr_FR\" \/>\n<meta property=\"og:type\" content=\"article\" \/>\n<meta property=\"og:title\" content=\"Spectacle vivant : 2023 l\u2019ann\u00e9e de tous les dangers pour le secteur public - HIERO STRASBOURG\" \/>\n<meta property=\"og:description\" content=\"A l\u2019occasion des Biennales internationales du spectacle vivant (BIS) 2023, \u00e0 Nantes, les 11 et 12 janvier, les repr\u00e9sentants des sc\u00e8nes publiques ont \u00e9voqu\u00e9 la multiplication des menaces qui p\u00e8sent sur leurs institutions. Les professionnels exhortent les \u00e9lus \u00e0 entrer avec eux dans une discussion sur l\u2019avenir du secteur. Source \/ Lire la suite : Spectacle vivant : 2023 l\u2019ann\u00e9e de tous les dangers pour le secteur public L\u2019article Spectacle vivant : 2023 l\u2019ann\u00e9e de tous les dangers pour le [&hellip;]\" \/>\n<meta property=\"og:url\" content=\"https:\/\/hierostrasbourg.com\/index.php\/2023\/01\/16\/spectacle-vivant-2023-lannee-de-tous-les-dangers-pour-le-secteur-public\/\" \/>\n<meta property=\"og:site_name\" content=\"HIERO STRASBOURG\" \/>\n<meta property=\"article:publisher\" content=\"https:\/\/www.facebook.com\/fedehierostrasbourg\" \/>\n<meta property=\"article:published_time\" content=\"2023-01-16T19:41:15+00:00\" \/>\n<meta name=\"twitter:card\" content=\"summary_large_image\" \/>\n<meta name=\"twitter:creator\" content=\"@hierostrasbourg\" \/>\n<meta name=\"twitter:site\" content=\"@hierostrasbourg\" \/>\n<meta name=\"twitter:label1\" content=\"Dur\u00e9e de lecture estim\u00e9e\" \/>\n\t<meta name=\"twitter:data1\" content=\"1 minute\" \/>\n<script type=\"application\/ld+json\" class=\"yoast-schema-graph\">{\"@context\":\"https:\\\/\\\/schema.org\",\"@graph\":[{\"@type\":\"Article\",\"@id\":\"https:\\\/\\\/hierostrasbourg.com\\\/index.php\\\/2023\\\/01\\\/16\\\/spectacle-vivant-2023-lannee-de-tous-les-dangers-pour-le-secteur-public\\\/#article\",\"isPartOf\":{\"@id\":\"https:\\\/\\\/hierostrasbourg.com\\\/index.php\\\/2023\\\/01\\\/16\\\/spectacle-vivant-2023-lannee-de-tous-les-dangers-pour-le-secteur-public\\\/\"},\"author\":{\"name\":\"\",\"@id\":\"\"},\"headline\":\"Spectacle vivant : 2023 l\u2019ann\u00e9e de tous les dangers pour le secteur public\",\"datePublished\":\"2023-01-16T19:41:15+00:00\",\"mainEntityOfPage\":{\"@id\":\"https:\\\/\\\/hierostrasbourg.com\\\/index.php\\\/2023\\\/01\\\/16\\\/spectacle-vivant-2023-lannee-de-tous-les-dangers-pour-le-secteur-public\\\/\"},\"wordCount\":126,\"publisher\":{\"@id\":\"https:\\\/\\\/hierostrasbourg.com\\\/#organization\"},\"inLanguage\":\"fr-FR\"},{\"@type\":\"WebPage\",\"@id\":\"https:\\\/\\\/hierostrasbourg.com\\\/index.php\\\/2023\\\/01\\\/16\\\/spectacle-vivant-2023-lannee-de-tous-les-dangers-pour-le-secteur-public\\\/\",\"url\":\"https:\\\/\\\/hierostrasbourg.com\\\/index.php\\\/2023\\\/01\\\/16\\\/spectacle-vivant-2023-lannee-de-tous-les-dangers-pour-le-secteur-public\\\/\",\"name\":\"Spectacle vivant : 2023 l\u2019ann\u00e9e de tous les dangers pour le secteur public - HIERO STRASBOURG\",\"isPartOf\":{\"@id\":\"https:\\\/\\\/hierostrasbourg.com\\\/#website\"},\"datePublished\":\"2023-01-16T19:41:15+00:00\",\"breadcrumb\":{\"@id\":\"https:\\\/\\\/hierostrasbourg.com\\\/index.php\\\/2023\\\/01\\\/16\\\/spectacle-vivant-2023-lannee-de-tous-les-dangers-pour-le-secteur-public\\\/#breadcrumb\"},\"inLanguage\":\"fr-FR\",\"potentialAction\":[{\"@type\":\"ReadAction\",\"target\":[\"https:\\\/\\\/hierostrasbourg.com\\\/index.php\\\/2023\\\/01\\\/16\\\/spectacle-vivant-2023-lannee-de-tous-les-dangers-pour-le-secteur-public\\\/\"]}]},{\"@type\":\"BreadcrumbList\",\"@id\":\"https:\\\/\\\/hierostrasbourg.com\\\/index.php\\\/2023\\\/01\\\/16\\\/spectacle-vivant-2023-lannee-de-tous-les-dangers-pour-le-secteur-public\\\/#breadcrumb\",\"itemListElement\":[{\"@type\":\"ListItem\",\"position\":1,\"name\":\"Accueil\",\"item\":\"https:\\\/\\\/hierostrasbourg.com\\\/\"},{\"@type\":\"ListItem\",\"position\":2,\"name\":\"Spectacle vivant : 2023 l\u2019ann\u00e9e de tous les dangers pour le secteur public\"}]},{\"@type\":\"WebSite\",\"@id\":\"https:\\\/\\\/hierostrasbourg.com\\\/#website\",\"url\":\"https:\\\/\\\/hierostrasbourg.com\\\/\",\"name\":\"HIERO STRASBOURG\",\"description\":\"Centre de Ressources Musiques Actuelles\",\"publisher\":{\"@id\":\"https:\\\/\\\/hierostrasbourg.com\\\/#organization\"},\"potentialAction\":[{\"@type\":\"SearchAction\",\"target\":{\"@type\":\"EntryPoint\",\"urlTemplate\":\"https:\\\/\\\/hierostrasbourg.com\\\/?s={search_term_string}\"},\"query-input\":{\"@type\":\"PropertyValueSpecification\",\"valueRequired\":true,\"valueName\":\"search_term_string\"}}],\"inLanguage\":\"fr-FR\"},{\"@type\":\"Organization\",\"@id\":\"https:\\\/\\\/hierostrasbourg.com\\\/#organization\",\"name\":\"F\u00e9d\u00e9ration Hi\u00e9ro Strasbourg\",\"url\":\"https:\\\/\\\/hierostrasbourg.com\\\/\",\"logo\":{\"@type\":\"ImageObject\",\"inLanguage\":\"fr-FR\",\"@id\":\"https:\\\/\\\/hierostrasbourg.com\\\/#\\\/schema\\\/logo\\\/image\\\/\",\"url\":\"https:\\\/\\\/hierostrasbourg.com\\\/wp-content\\\/uploads\\\/2026\\\/04\\\/logo-hiero-strasbourg.jpg\",\"contentUrl\":\"https:\\\/\\\/hierostrasbourg.com\\\/wp-content\\\/uploads\\\/2026\\\/04\\\/logo-hiero-strasbourg.jpg\",\"width\":204,\"height\":192,\"caption\":\"F\u00e9d\u00e9ration Hi\u00e9ro Strasbourg\"},\"image\":{\"@id\":\"https:\\\/\\\/hierostrasbourg.com\\\/#\\\/schema\\\/logo\\\/image\\\/\"},\"sameAs\":[\"https:\\\/\\\/www.facebook.com\\\/fedehierostrasbourg\",\"https:\\\/\\\/x.com\\\/hierostrasbourg\"]}]}<\/script>\n<!-- \/ Yoast SEO plugin. -->","yoast_head_json":{"title":"Spectacle vivant : 2023 l\u2019ann\u00e9e de tous les dangers pour le secteur public - HIERO STRASBOURG","robots":{"index":"index","follow":"follow","max-snippet":"max-snippet:-1","max-image-preview":"max-image-preview:large","max-video-preview":"max-video-preview:-1"},"canonical":"https:\/\/hierostrasbourg.com\/index.php\/2023\/01\/16\/spectacle-vivant-2023-lannee-de-tous-les-dangers-pour-le-secteur-public\/","og_locale":"fr_FR","og_type":"article","og_title":"Spectacle vivant : 2023 l\u2019ann\u00e9e de tous les dangers pour le secteur public - HIERO STRASBOURG","og_description":"A l\u2019occasion des Biennales internationales du spectacle vivant (BIS) 2023, \u00e0 Nantes, les 11 et 12 janvier, les repr\u00e9sentants des sc\u00e8nes publiques ont \u00e9voqu\u00e9 la multiplication des menaces qui p\u00e8sent sur leurs institutions. Les professionnels exhortent les \u00e9lus \u00e0 entrer avec eux dans une discussion sur l\u2019avenir du secteur. Source \/ Lire la suite : Spectacle vivant : 2023 l\u2019ann\u00e9e de tous les dangers pour le secteur public L\u2019article Spectacle vivant : 2023 l\u2019ann\u00e9e de tous les dangers pour le [&hellip;]","og_url":"https:\/\/hierostrasbourg.com\/index.php\/2023\/01\/16\/spectacle-vivant-2023-lannee-de-tous-les-dangers-pour-le-secteur-public\/","og_site_name":"HIERO STRASBOURG","article_publisher":"https:\/\/www.facebook.com\/fedehierostrasbourg","article_published_time":"2023-01-16T19:41:15+00:00","twitter_card":"summary_large_image","twitter_creator":"@hierostrasbourg","twitter_site":"@hierostrasbourg","twitter_misc":{"Dur\u00e9e de lecture estim\u00e9e":"1 minute"},"schema":{"@context":"https:\/\/schema.org","@graph":[{"@type":"Article","@id":"https:\/\/hierostrasbourg.com\/index.php\/2023\/01\/16\/spectacle-vivant-2023-lannee-de-tous-les-dangers-pour-le-secteur-public\/#article","isPartOf":{"@id":"https:\/\/hierostrasbourg.com\/index.php\/2023\/01\/16\/spectacle-vivant-2023-lannee-de-tous-les-dangers-pour-le-secteur-public\/"},"author":{"name":"","@id":""},"headline":"Spectacle vivant : 2023 l\u2019ann\u00e9e de tous les dangers pour le secteur public","datePublished":"2023-01-16T19:41:15+00:00","mainEntityOfPage":{"@id":"https:\/\/hierostrasbourg.com\/index.php\/2023\/01\/16\/spectacle-vivant-2023-lannee-de-tous-les-dangers-pour-le-secteur-public\/"},"wordCount":126,"publisher":{"@id":"https:\/\/hierostrasbourg.com\/#organization"},"inLanguage":"fr-FR"},{"@type":"WebPage","@id":"https:\/\/hierostrasbourg.com\/index.php\/2023\/01\/16\/spectacle-vivant-2023-lannee-de-tous-les-dangers-pour-le-secteur-public\/","url":"https:\/\/hierostrasbourg.com\/index.php\/2023\/01\/16\/spectacle-vivant-2023-lannee-de-tous-les-dangers-pour-le-secteur-public\/","name":"Spectacle vivant : 2023 l\u2019ann\u00e9e de tous les dangers pour le secteur public - HIERO STRASBOURG","isPartOf":{"@id":"https:\/\/hierostrasbourg.com\/#website"},"datePublished":"2023-01-16T19:41:15+00:00","breadcrumb":{"@id":"https:\/\/hierostrasbourg.com\/index.php\/2023\/01\/16\/spectacle-vivant-2023-lannee-de-tous-les-dangers-pour-le-secteur-public\/#breadcrumb"},"inLanguage":"fr-FR","potentialAction":[{"@type":"ReadAction","target":["https:\/\/hierostrasbourg.com\/index.php\/2023\/01\/16\/spectacle-vivant-2023-lannee-de-tous-les-dangers-pour-le-secteur-public\/"]}]},{"@type":"BreadcrumbList","@id":"https:\/\/hierostrasbourg.com\/index.php\/2023\/01\/16\/spectacle-vivant-2023-lannee-de-tous-les-dangers-pour-le-secteur-public\/#breadcrumb","itemListElement":[{"@type":"ListItem","position":1,"name":"Accueil","item":"https:\/\/hierostrasbourg.com\/"},{"@type":"ListItem","position":2,"name":"Spectacle vivant : 2023 l\u2019ann\u00e9e de tous les dangers pour le secteur public"}]},{"@type":"WebSite","@id":"https:\/\/hierostrasbourg.com\/#website","url":"https:\/\/hierostrasbourg.com\/","name":"HIERO STRASBOURG","description":"Centre de Ressources Musiques Actuelles","publisher":{"@id":"https:\/\/hierostrasbourg.com\/#organization"},"potentialAction":[{"@type":"SearchAction","target":{"@type":"EntryPoint","urlTemplate":"https:\/\/hierostrasbourg.com\/?s={search_term_string}"},"query-input":{"@type":"PropertyValueSpecification","valueRequired":true,"valueName":"search_term_string"}}],"inLanguage":"fr-FR"},{"@type":"Organization","@id":"https:\/\/hierostrasbourg.com\/#organization","name":"F\u00e9d\u00e9ration Hi\u00e9ro Strasbourg","url":"https:\/\/hierostrasbourg.com\/","logo":{"@type":"ImageObject","inLanguage":"fr-FR","@id":"https:\/\/hierostrasbourg.com\/#\/schema\/logo\/image\/","url":"https:\/\/hierostrasbourg.com\/wp-content\/uploads\/2026\/04\/logo-hiero-strasbourg.jpg","contentUrl":"https:\/\/hierostrasbourg.com\/wp-content\/uploads\/2026\/04\/logo-hiero-strasbourg.jpg","width":204,"height":192,"caption":"F\u00e9d\u00e9ration Hi\u00e9ro Strasbourg"},"image":{"@id":"https:\/\/hierostrasbourg.com\/#\/schema\/logo\/image\/"},"sameAs":["https:\/\/www.facebook.com\/fedehierostrasbourg","https:\/\/x.com\/hierostrasbourg"]}]}},"_links":{"self":[{"href":"https:\/\/hierostrasbourg.com\/index.php\/wp-json\/wp\/v2\/posts\/4635","targetHints":{"allow":["GET"]}}],"collection":[{"href":"https:\/\/hierostrasbourg.com\/index.php\/wp-json\/wp\/v2\/posts"}],"about":[{"href":"https:\/\/hierostrasbourg.com\/index.php\/wp-json\/wp\/v2\/types\/post"}],"replies":[{"embeddable":true,"href":"https:\/\/hierostrasbourg.com\/index.php\/wp-json\/wp\/v2\/comments?post=4635"}],"version-history":[{"count":0,"href":"https:\/\/hierostrasbourg.com\/index.php\/wp-json\/wp\/v2\/posts\/4635\/revisions"}],"wp:attachment":[{"href":"https:\/\/hierostrasbourg.com\/index.php\/wp-json\/wp\/v2\/media?parent=4635"}],"wp:term":[{"taxonomy":"category","embeddable":true,"href":"https:\/\/hierostrasbourg.com\/index.php\/wp-json\/wp\/v2\/categories?post=4635"},{"taxonomy":"post_tag","embeddable":true,"href":"https:\/\/hierostrasbourg.com\/index.php\/wp-json\/wp\/v2\/tags?post=4635"}],"curies":[{"name":"wp","href":"https:\/\/api.w.org\/{rel}","templated":true}]}}