{"id":4633,"date":"2023-01-16T17:41:16","date_gmt":"2023-01-16T16:41:16","guid":{"rendered":"https:\/\/hierostrasbourg.com\/index.php\/2023\/01\/16\/le-bilan-des-festivals-de-lannee-2022-lannee-de-reprise\/"},"modified":"2023-01-16T17:41:16","modified_gmt":"2023-01-16T16:41:16","slug":"le-bilan-des-festivals-de-lannee-2022-lannee-de-reprise","status":"publish","type":"post","link":"https:\/\/hierostrasbourg.com\/index.php\/2023\/01\/16\/le-bilan-des-festivals-de-lannee-2022-lannee-de-reprise\/","title":{"rendered":"Le bilan des festivals de l\u2019ann\u00e9e 2022 : l\u2019ann\u00e9e de reprise"},"content":{"rendered":"<p><a href=\"https:\/\/musiquesactuelles.alsace\/le-bilan-des-festivals-de-lannee-2022-lannee-de-reprise\/\" title=\"Le bilan des festivals de l\u2019ann\u00e9e 2022 : l\u2019ann\u00e9e de reprise\"><\/a><\/p>\n<p>Pour la septi\u00e8me ann\u00e9e cons\u00e9cutive, l\u2019\u00e9quipe de Tous les Festivals propose son bilan annuel des festivals. Apr\u00e8s une version \u201climit\u00e9e\u201d en 2021, retour d\u2019un bilan classique qui m\u00eale les chiffres de fr\u00e9quentation et une vaste consultation sur la sant\u00e9 du secteur apr\u00e8s une ann\u00e9e dite \u201cde reprise\u201d marqu\u00e9e par le grand retour des \u00e9v\u00e9nements dans leurs formats ordinaires, ou magnifi\u00e9s, de nouveaux enjeux et des difficult\u00e9s qui interrogent plus que jamais le mod\u00e8le du live dans l\u2019Hexagone, et au-del\u00e0. Source [\u2026]<\/p>\n<p>L\u2019article <a href=\"https:\/\/musiquesactuelles.alsace\/le-bilan-des-festivals-de-lannee-2022-lannee-de-reprise\/\">Le bilan des festivals de l\u2019ann\u00e9e 2022 : l\u2019ann\u00e9e de reprise<\/a> est apparu en premier sur <a href=\"https:\/\/musiquesactuelles.alsace\/\">Musiques Actuelles en Alsace<\/a>.<\/p>\n<p>L\u2019article <a href=\"https:\/\/popburo.fr\/le-bilan-des-festivals-de-lannee-2022-lannee-de-reprise\/\">Le bilan des festivals de l\u2019ann\u00e9e 2022 : l\u2019ann\u00e9e de reprise<\/a> est apparu en premier sur <a href=\"https:\/\/popburo.fr\/\">POP B\u00dcRO<\/a>.<\/p>\n","protected":false},"excerpt":{"rendered":"<p>Pour la septi\u00e8me ann\u00e9e cons\u00e9cutive, l\u2019\u00e9quipe de Tous les Festivals propose son bilan annuel des festivals. Apr\u00e8s une version \u201climit\u00e9e\u201d en 2021, retour d\u2019un bilan classique qui m\u00eale les chiffres de fr\u00e9quentation et une vaste consultation sur la sant\u00e9 du secteur apr\u00e8s une ann\u00e9e dite \u201cde reprise\u201d marqu\u00e9e par le grand retour des \u00e9v\u00e9nements dans leurs formats ordinaires, ou magnifi\u00e9s, de nouveaux enjeux et des difficult\u00e9s qui interrogent plus que jamais le mod\u00e8le du live dans l\u2019Hexagone, et au-del\u00e0. Source [&hellip;]<\/p>\n","protected":false},"author":0,"featured_media":0,"comment_status":"closed","ping_status":"open","sticky":false,"template":"","format":"standard","meta":{"footnotes":""},"categories":[1],"tags":[],"class_list":["post-4633","post","type-post","status-publish","format-standard","hentry","category-non-classe"],"yoast_head":"<!-- This site is optimized with the Yoast SEO plugin v27.5 - https:\/\/yoast.com\/product\/yoast-seo-wordpress\/ -->\n<title>Le bilan des festivals de l\u2019ann\u00e9e 2022 : l\u2019ann\u00e9e de reprise - HIERO STRASBOURG<\/title>\n<meta name=\"robots\" content=\"index, follow, max-snippet:-1, max-image-preview:large, max-video-preview:-1\" \/>\n<link rel=\"canonical\" href=\"https:\/\/hierostrasbourg.com\/index.php\/2023\/01\/16\/le-bilan-des-festivals-de-lannee-2022-lannee-de-reprise\/\" \/>\n<meta property=\"og:locale\" content=\"fr_FR\" \/>\n<meta property=\"og:type\" content=\"article\" \/>\n<meta property=\"og:title\" content=\"Le bilan des festivals de l\u2019ann\u00e9e 2022 : l\u2019ann\u00e9e de reprise - HIERO STRASBOURG\" \/>\n<meta property=\"og:description\" content=\"Pour la septi\u00e8me ann\u00e9e cons\u00e9cutive, l\u2019\u00e9quipe de Tous les Festivals propose son bilan annuel des festivals. Apr\u00e8s une version \u201climit\u00e9e\u201d en 2021, retour d\u2019un bilan classique qui m\u00eale les chiffres de fr\u00e9quentation et une vaste consultation sur la sant\u00e9 du secteur apr\u00e8s une ann\u00e9e dite \u201cde reprise\u201d marqu\u00e9e par le grand retour des \u00e9v\u00e9nements dans leurs formats ordinaires, ou magnifi\u00e9s, de nouveaux enjeux et des difficult\u00e9s qui interrogent plus que jamais le mod\u00e8le du live dans l\u2019Hexagone, et au-del\u00e0. Source [&hellip;]\" \/>\n<meta property=\"og:url\" content=\"https:\/\/hierostrasbourg.com\/index.php\/2023\/01\/16\/le-bilan-des-festivals-de-lannee-2022-lannee-de-reprise\/\" \/>\n<meta property=\"og:site_name\" content=\"HIERO STRASBOURG\" \/>\n<meta property=\"article:publisher\" content=\"https:\/\/www.facebook.com\/fedehierostrasbourg\" \/>\n<meta property=\"article:published_time\" content=\"2023-01-16T16:41:16+00:00\" \/>\n<meta name=\"twitter:card\" content=\"summary_large_image\" \/>\n<meta name=\"twitter:creator\" content=\"@hierostrasbourg\" \/>\n<meta name=\"twitter:site\" content=\"@hierostrasbourg\" \/>\n<meta name=\"twitter:label1\" content=\"Dur\u00e9e de lecture estim\u00e9e\" \/>\n\t<meta name=\"twitter:data1\" content=\"1 minute\" \/>\n<script type=\"application\/ld+json\" class=\"yoast-schema-graph\">{\"@context\":\"https:\\\/\\\/schema.org\",\"@graph\":[{\"@type\":\"Article\",\"@id\":\"https:\\\/\\\/hierostrasbourg.com\\\/index.php\\\/2023\\\/01\\\/16\\\/le-bilan-des-festivals-de-lannee-2022-lannee-de-reprise\\\/#article\",\"isPartOf\":{\"@id\":\"https:\\\/\\\/hierostrasbourg.com\\\/index.php\\\/2023\\\/01\\\/16\\\/le-bilan-des-festivals-de-lannee-2022-lannee-de-reprise\\\/\"},\"author\":{\"name\":\"\",\"@id\":\"\"},\"headline\":\"Le bilan des festivals de l\u2019ann\u00e9e 2022 : l\u2019ann\u00e9e de reprise\",\"datePublished\":\"2023-01-16T16:41:16+00:00\",\"mainEntityOfPage\":{\"@id\":\"https:\\\/\\\/hierostrasbourg.com\\\/index.php\\\/2023\\\/01\\\/16\\\/le-bilan-des-festivals-de-lannee-2022-lannee-de-reprise\\\/\"},\"wordCount\":156,\"publisher\":{\"@id\":\"https:\\\/\\\/hierostrasbourg.com\\\/#organization\"},\"inLanguage\":\"fr-FR\"},{\"@type\":\"WebPage\",\"@id\":\"https:\\\/\\\/hierostrasbourg.com\\\/index.php\\\/2023\\\/01\\\/16\\\/le-bilan-des-festivals-de-lannee-2022-lannee-de-reprise\\\/\",\"url\":\"https:\\\/\\\/hierostrasbourg.com\\\/index.php\\\/2023\\\/01\\\/16\\\/le-bilan-des-festivals-de-lannee-2022-lannee-de-reprise\\\/\",\"name\":\"Le bilan des festivals de l\u2019ann\u00e9e 2022 : l\u2019ann\u00e9e de reprise - HIERO STRASBOURG\",\"isPartOf\":{\"@id\":\"https:\\\/\\\/hierostrasbourg.com\\\/#website\"},\"datePublished\":\"2023-01-16T16:41:16+00:00\",\"breadcrumb\":{\"@id\":\"https:\\\/\\\/hierostrasbourg.com\\\/index.php\\\/2023\\\/01\\\/16\\\/le-bilan-des-festivals-de-lannee-2022-lannee-de-reprise\\\/#breadcrumb\"},\"inLanguage\":\"fr-FR\",\"potentialAction\":[{\"@type\":\"ReadAction\",\"target\":[\"https:\\\/\\\/hierostrasbourg.com\\\/index.php\\\/2023\\\/01\\\/16\\\/le-bilan-des-festivals-de-lannee-2022-lannee-de-reprise\\\/\"]}]},{\"@type\":\"BreadcrumbList\",\"@id\":\"https:\\\/\\\/hierostrasbourg.com\\\/index.php\\\/2023\\\/01\\\/16\\\/le-bilan-des-festivals-de-lannee-2022-lannee-de-reprise\\\/#breadcrumb\",\"itemListElement\":[{\"@type\":\"ListItem\",\"position\":1,\"name\":\"Accueil\",\"item\":\"https:\\\/\\\/hierostrasbourg.com\\\/\"},{\"@type\":\"ListItem\",\"position\":2,\"name\":\"Le bilan des festivals de l\u2019ann\u00e9e 2022 : l\u2019ann\u00e9e de reprise\"}]},{\"@type\":\"WebSite\",\"@id\":\"https:\\\/\\\/hierostrasbourg.com\\\/#website\",\"url\":\"https:\\\/\\\/hierostrasbourg.com\\\/\",\"name\":\"HIERO STRASBOURG\",\"description\":\"Centre de Ressources Musiques Actuelles\",\"publisher\":{\"@id\":\"https:\\\/\\\/hierostrasbourg.com\\\/#organization\"},\"potentialAction\":[{\"@type\":\"SearchAction\",\"target\":{\"@type\":\"EntryPoint\",\"urlTemplate\":\"https:\\\/\\\/hierostrasbourg.com\\\/?s={search_term_string}\"},\"query-input\":{\"@type\":\"PropertyValueSpecification\",\"valueRequired\":true,\"valueName\":\"search_term_string\"}}],\"inLanguage\":\"fr-FR\"},{\"@type\":\"Organization\",\"@id\":\"https:\\\/\\\/hierostrasbourg.com\\\/#organization\",\"name\":\"F\u00e9d\u00e9ration Hi\u00e9ro Strasbourg\",\"url\":\"https:\\\/\\\/hierostrasbourg.com\\\/\",\"logo\":{\"@type\":\"ImageObject\",\"inLanguage\":\"fr-FR\",\"@id\":\"https:\\\/\\\/hierostrasbourg.com\\\/#\\\/schema\\\/logo\\\/image\\\/\",\"url\":\"https:\\\/\\\/hierostrasbourg.com\\\/wp-content\\\/uploads\\\/2026\\\/04\\\/logo-hiero-strasbourg.jpg\",\"contentUrl\":\"https:\\\/\\\/hierostrasbourg.com\\\/wp-content\\\/uploads\\\/2026\\\/04\\\/logo-hiero-strasbourg.jpg\",\"width\":204,\"height\":192,\"caption\":\"F\u00e9d\u00e9ration Hi\u00e9ro Strasbourg\"},\"image\":{\"@id\":\"https:\\\/\\\/hierostrasbourg.com\\\/#\\\/schema\\\/logo\\\/image\\\/\"},\"sameAs\":[\"https:\\\/\\\/www.facebook.com\\\/fedehierostrasbourg\",\"https:\\\/\\\/x.com\\\/hierostrasbourg\"]}]}<\/script>\n<!-- \/ Yoast SEO plugin. -->","yoast_head_json":{"title":"Le bilan des festivals de l\u2019ann\u00e9e 2022 : l\u2019ann\u00e9e de reprise - HIERO STRASBOURG","robots":{"index":"index","follow":"follow","max-snippet":"max-snippet:-1","max-image-preview":"max-image-preview:large","max-video-preview":"max-video-preview:-1"},"canonical":"https:\/\/hierostrasbourg.com\/index.php\/2023\/01\/16\/le-bilan-des-festivals-de-lannee-2022-lannee-de-reprise\/","og_locale":"fr_FR","og_type":"article","og_title":"Le bilan des festivals de l\u2019ann\u00e9e 2022 : l\u2019ann\u00e9e de reprise - HIERO STRASBOURG","og_description":"Pour la septi\u00e8me ann\u00e9e cons\u00e9cutive, l\u2019\u00e9quipe de Tous les Festivals propose son bilan annuel des festivals. Apr\u00e8s une version \u201climit\u00e9e\u201d en 2021, retour d\u2019un bilan classique qui m\u00eale les chiffres de fr\u00e9quentation et une vaste consultation sur la sant\u00e9 du secteur apr\u00e8s une ann\u00e9e dite \u201cde reprise\u201d marqu\u00e9e par le grand retour des \u00e9v\u00e9nements dans leurs formats ordinaires, ou magnifi\u00e9s, de nouveaux enjeux et des difficult\u00e9s qui interrogent plus que jamais le mod\u00e8le du live dans l\u2019Hexagone, et au-del\u00e0. Source [&hellip;]","og_url":"https:\/\/hierostrasbourg.com\/index.php\/2023\/01\/16\/le-bilan-des-festivals-de-lannee-2022-lannee-de-reprise\/","og_site_name":"HIERO STRASBOURG","article_publisher":"https:\/\/www.facebook.com\/fedehierostrasbourg","article_published_time":"2023-01-16T16:41:16+00:00","twitter_card":"summary_large_image","twitter_creator":"@hierostrasbourg","twitter_site":"@hierostrasbourg","twitter_misc":{"Dur\u00e9e de lecture estim\u00e9e":"1 minute"},"schema":{"@context":"https:\/\/schema.org","@graph":[{"@type":"Article","@id":"https:\/\/hierostrasbourg.com\/index.php\/2023\/01\/16\/le-bilan-des-festivals-de-lannee-2022-lannee-de-reprise\/#article","isPartOf":{"@id":"https:\/\/hierostrasbourg.com\/index.php\/2023\/01\/16\/le-bilan-des-festivals-de-lannee-2022-lannee-de-reprise\/"},"author":{"name":"","@id":""},"headline":"Le bilan des festivals de l\u2019ann\u00e9e 2022 : l\u2019ann\u00e9e de reprise","datePublished":"2023-01-16T16:41:16+00:00","mainEntityOfPage":{"@id":"https:\/\/hierostrasbourg.com\/index.php\/2023\/01\/16\/le-bilan-des-festivals-de-lannee-2022-lannee-de-reprise\/"},"wordCount":156,"publisher":{"@id":"https:\/\/hierostrasbourg.com\/#organization"},"inLanguage":"fr-FR"},{"@type":"WebPage","@id":"https:\/\/hierostrasbourg.com\/index.php\/2023\/01\/16\/le-bilan-des-festivals-de-lannee-2022-lannee-de-reprise\/","url":"https:\/\/hierostrasbourg.com\/index.php\/2023\/01\/16\/le-bilan-des-festivals-de-lannee-2022-lannee-de-reprise\/","name":"Le bilan des festivals de l\u2019ann\u00e9e 2022 : l\u2019ann\u00e9e de reprise - HIERO STRASBOURG","isPartOf":{"@id":"https:\/\/hierostrasbourg.com\/#website"},"datePublished":"2023-01-16T16:41:16+00:00","breadcrumb":{"@id":"https:\/\/hierostrasbourg.com\/index.php\/2023\/01\/16\/le-bilan-des-festivals-de-lannee-2022-lannee-de-reprise\/#breadcrumb"},"inLanguage":"fr-FR","potentialAction":[{"@type":"ReadAction","target":["https:\/\/hierostrasbourg.com\/index.php\/2023\/01\/16\/le-bilan-des-festivals-de-lannee-2022-lannee-de-reprise\/"]}]},{"@type":"BreadcrumbList","@id":"https:\/\/hierostrasbourg.com\/index.php\/2023\/01\/16\/le-bilan-des-festivals-de-lannee-2022-lannee-de-reprise\/#breadcrumb","itemListElement":[{"@type":"ListItem","position":1,"name":"Accueil","item":"https:\/\/hierostrasbourg.com\/"},{"@type":"ListItem","position":2,"name":"Le bilan des festivals de l\u2019ann\u00e9e 2022 : l\u2019ann\u00e9e de reprise"}]},{"@type":"WebSite","@id":"https:\/\/hierostrasbourg.com\/#website","url":"https:\/\/hierostrasbourg.com\/","name":"HIERO STRASBOURG","description":"Centre de Ressources Musiques Actuelles","publisher":{"@id":"https:\/\/hierostrasbourg.com\/#organization"},"potentialAction":[{"@type":"SearchAction","target":{"@type":"EntryPoint","urlTemplate":"https:\/\/hierostrasbourg.com\/?s={search_term_string}"},"query-input":{"@type":"PropertyValueSpecification","valueRequired":true,"valueName":"search_term_string"}}],"inLanguage":"fr-FR"},{"@type":"Organization","@id":"https:\/\/hierostrasbourg.com\/#organization","name":"F\u00e9d\u00e9ration Hi\u00e9ro Strasbourg","url":"https:\/\/hierostrasbourg.com\/","logo":{"@type":"ImageObject","inLanguage":"fr-FR","@id":"https:\/\/hierostrasbourg.com\/#\/schema\/logo\/image\/","url":"https:\/\/hierostrasbourg.com\/wp-content\/uploads\/2026\/04\/logo-hiero-strasbourg.jpg","contentUrl":"https:\/\/hierostrasbourg.com\/wp-content\/uploads\/2026\/04\/logo-hiero-strasbourg.jpg","width":204,"height":192,"caption":"F\u00e9d\u00e9ration Hi\u00e9ro Strasbourg"},"image":{"@id":"https:\/\/hierostrasbourg.com\/#\/schema\/logo\/image\/"},"sameAs":["https:\/\/www.facebook.com\/fedehierostrasbourg","https:\/\/x.com\/hierostrasbourg"]}]}},"_links":{"self":[{"href":"https:\/\/hierostrasbourg.com\/index.php\/wp-json\/wp\/v2\/posts\/4633","targetHints":{"allow":["GET"]}}],"collection":[{"href":"https:\/\/hierostrasbourg.com\/index.php\/wp-json\/wp\/v2\/posts"}],"about":[{"href":"https:\/\/hierostrasbourg.com\/index.php\/wp-json\/wp\/v2\/types\/post"}],"replies":[{"embeddable":true,"href":"https:\/\/hierostrasbourg.com\/index.php\/wp-json\/wp\/v2\/comments?post=4633"}],"version-history":[{"count":0,"href":"https:\/\/hierostrasbourg.com\/index.php\/wp-json\/wp\/v2\/posts\/4633\/revisions"}],"wp:attachment":[{"href":"https:\/\/hierostrasbourg.com\/index.php\/wp-json\/wp\/v2\/media?parent=4633"}],"wp:term":[{"taxonomy":"category","embeddable":true,"href":"https:\/\/hierostrasbourg.com\/index.php\/wp-json\/wp\/v2\/categories?post=4633"},{"taxonomy":"post_tag","embeddable":true,"href":"https:\/\/hierostrasbourg.com\/index.php\/wp-json\/wp\/v2\/tags?post=4633"}],"curies":[{"name":"wp","href":"https:\/\/api.w.org\/{rel}","templated":true}]}}